{"id":36590,"date":"2026-03-08T16:41:48","date_gmt":"2026-03-08T15:41:48","guid":{"rendered":"https:\/\/veritasinfo.org\/?p=36590"},"modified":"2026-03-08T16:41:48","modified_gmt":"2026-03-08T15:41:48","slug":"tramp-ne-iskljucuje-mogucnost-rasporedjivanja-americkih-trupa-u-iranu","status":"publish","type":"post","link":"https:\/\/veritasinfo.org\/?p=36590&lang=sr","title":{"rendered":"Tramp ne isklju\u010duje moguc\u0301nost raspore\u0111ivanja ameri\u010dkih trupa u Iranu"},"content":{"rendered":"<p>Pri\u0161tina, 8. mart 2026. 16:38<\/p>\n<p>Predsednik SAD Donald Tramp je u subotu ponudio samo nejasan opis \u0161ta je mislio pod svojim zahtevom za bezuslovnom predajom sada\u0161njeg iranskog re\u017eima, dok je ostavio otvorenom moguc\u0301nost raspore\u0111ivanja ameri\u010dkih trupa na terenu.<\/p>\n<p>\u201eRekao sam bezuslovno. To je kada pla\u010du \u201estri\u010de\u201c ili kada vi\u0161e ne mogu da se bore i nema nikoga da pla\u010de \u201estri\u010de\u201c \u2013 i to bi se moglo dogoditi\u201c, rekao je Tramp, izve\u0161tava Gardijan.<\/p>\n<p>\u201eNismo razgovarali o tome\u201c, rekao je Tramp. \u201eU nekom trenutku verovatno hoc\u0301emo. To bi bila sjajna stvar. Trenutno ih uni\u0161tavamo. Nismo to nastavili, ali to je ne\u0161to \u0161to bismo mogli da uradimo kasnije. Ne bismo to sada uradili.\u201c<\/p>\n<p>Tramp u subotu nije dao nikakvu izjavu o tome koliko dugo o\u010dekuje da c\u0301e rat trajati, rekav\u0161i da ne zna. \u201e\u0160ta god da je potrebno\u201c, odgovorio je Tramp novinarima, iako je kasnije rat opisao kao \u201ekratki izlet\u201c.<\/p>\n","protected":false},"excerpt":{"rendered":"<p>Pri\u0161tina, 8. mart 2026. 16:38 Predsednik SAD Donald Tramp je u subotu ponudio samo nejasan opis \u0161ta je mislio pod svojim zahtevom za bezuslovnom predajom<\/p>\n","protected":false},"author":7,"featured_media":36588,"comment_status":"open","ping_status":"open","sticky":false,"template":"","format":"standard","meta":{"footnotes":""},"categories":[74],"tags":[],"class_list":["post-36590","post","type-post","status-publish","format-standard","has-post-thumbnail","hentry","category-svet"],"yoast_head":"<!-- This site is optimized with the Yoast SEO plugin v25.3.1 - https:\/\/yoast.com\/wordpress\/plugins\/seo\/ -->\n<title>Tramp ne isklju\u010duje moguc\u0301nost raspore\u0111ivanja ameri\u010dkih trupa u Iranu -<\/title>\n<meta name=\"robots\" content=\"index, follow, max-snippet:-1, max-image-preview:large, max-video-preview:-1\" \/>\n<link rel=\"canonical\" href=\"https:\/\/veritasinfo.org\/?p=36590&lang=sr\" \/>\n<meta property=\"og:locale\" content=\"en_US\" \/>\n<meta property=\"og:type\" content=\"article\" \/>\n<meta property=\"og:title\" content=\"Tramp ne isklju\u010duje moguc\u0301nost raspore\u0111ivanja ameri\u010dkih trupa u Iranu -\" \/>\n<meta property=\"og:description\" content=\"Pri\u0161tina, 8. mart 2026. 16:38 Predsednik SAD Donald Tramp je u subotu ponudio samo nejasan opis \u0161ta je mislio pod svojim zahtevom za bezuslovnom predajom\" \/>\n<meta property=\"og:url\" content=\"https:\/\/veritasinfo.org\/?p=36590&amp;lang=sr\" \/>\n<meta property=\"article:published_time\" content=\"2026-03-08T15:41:48+00:00\" \/>\n<meta property=\"og:image\" content=\"https:\/\/veritasinfo.org\/wp-content\/uploads\/2026\/03\/gettyimages-2194420718-67d9b4e326598.jpg\" \/>\n\t<meta property=\"og:image:width\" content=\"640\" \/>\n\t<meta property=\"og:image:height\" content=\"640\" \/>\n\t<meta property=\"og:image:type\" content=\"image\/jpeg\" \/>\n<meta name=\"author\" content=\"US6\" \/>\n<meta name=\"twitter:card\" content=\"summary_large_image\" \/>\n<meta name=\"twitter:label1\" content=\"Written by\" \/>\n\t<meta name=\"twitter:data1\" content=\"US6\" \/>\n\t<meta name=\"twitter:label2\" content=\"Est. reading time\" \/>\n\t<meta name=\"twitter:data2\" content=\"1 minute\" \/>\n<script type=\"application\/ld+json\" class=\"yoast-schema-graph\">{\"@context\":\"https:\/\/schema.org\",\"@graph\":[{\"@type\":\"WebPage\",\"@id\":\"https:\/\/veritasinfo.org\/?p=36590&lang=sr\",\"url\":\"https:\/\/veritasinfo.org\/?p=36590&lang=sr\",\"name\":\"Tramp ne isklju\u010duje moguc\u0301nost raspore\u0111ivanja ameri\u010dkih trupa u Iranu -\",\"isPartOf\":{\"@id\":\"https:\/\/veritasinfo.org\/#website\"},\"primaryImageOfPage\":{\"@id\":\"https:\/\/veritasinfo.org\/?p=36590&lang=sr#primaryimage\"},\"image\":{\"@id\":\"https:\/\/veritasinfo.org\/?p=36590&lang=sr#primaryimage\"},\"thumbnailUrl\":\"https:\/\/veritasinfo.org\/wp-content\/uploads\/2026\/03\/gettyimages-2194420718-67d9b4e326598.jpg\",\"datePublished\":\"2026-03-08T15:41:48+00:00\",\"author\":{\"@id\":\"https:\/\/veritasinfo.org\/#\/schema\/person\/fe199eede04c3937362892b7444747cc\"},\"breadcrumb\":{\"@id\":\"https:\/\/veritasinfo.org\/?p=36590&lang=sr#breadcrumb\"},\"inLanguage\":\"en-US\",\"potentialAction\":[{\"@type\":\"ReadAction\",\"target\":[\"https:\/\/veritasinfo.org\/?p=36590&lang=sr\"]}]},{\"@type\":\"ImageObject\",\"inLanguage\":\"en-US\",\"@id\":\"https:\/\/veritasinfo.org\/?p=36590&lang=sr#primaryimage\",\"url\":\"https:\/\/veritasinfo.org\/wp-content\/uploads\/2026\/03\/gettyimages-2194420718-67d9b4e326598.jpg\",\"contentUrl\":\"https:\/\/veritasinfo.org\/wp-content\/uploads\/2026\/03\/gettyimages-2194420718-67d9b4e326598.jpg\",\"width\":640,\"height\":640},{\"@type\":\"BreadcrumbList\",\"@id\":\"https:\/\/veritasinfo.org\/?p=36590&lang=sr#breadcrumb\",\"itemListElement\":[{\"@type\":\"ListItem\",\"position\":1,\"name\":\"Home\",\"item\":\"https:\/\/veritasinfo.org\/\"},{\"@type\":\"ListItem\",\"position\":2,\"name\":\"Tramp ne isklju\u010duje moguc\u0301nost raspore\u0111ivanja ameri\u010dkih trupa u Iranu\"}]},{\"@type\":\"WebSite\",\"@id\":\"https:\/\/veritasinfo.org\/#website\",\"url\":\"https:\/\/veritasinfo.org\/\",\"name\":\"\",\"description\":\"\",\"potentialAction\":[{\"@type\":\"SearchAction\",\"target\":{\"@type\":\"EntryPoint\",\"urlTemplate\":\"https:\/\/veritasinfo.org\/?s={search_term_string}\"},\"query-input\":{\"@type\":\"PropertyValueSpecification\",\"valueRequired\":true,\"valueName\":\"search_term_string\"}}],\"inLanguage\":\"en-US\"},{\"@type\":\"Person\",\"@id\":\"https:\/\/veritasinfo.org\/#\/schema\/person\/fe199eede04c3937362892b7444747cc\",\"name\":\"US6\",\"image\":{\"@type\":\"ImageObject\",\"inLanguage\":\"en-US\",\"@id\":\"https:\/\/veritasinfo.org\/#\/schema\/person\/image\/\",\"url\":\"https:\/\/secure.gravatar.com\/avatar\/cb16c3c31c9d23b9b8c705964598220b3014e42ff51eb540ff23cefa3ae8c15f?s=96&d=mm&r=g\",\"contentUrl\":\"https:\/\/secure.gravatar.com\/avatar\/cb16c3c31c9d23b9b8c705964598220b3014e42ff51eb540ff23cefa3ae8c15f?s=96&d=mm&r=g\",\"caption\":\"US6\"},\"url\":\"https:\/\/veritasinfo.org\/?author=7\"}]}<\/script>\n<!-- \/ Yoast SEO plugin. -->","yoast_head_json":{"title":"Tramp ne isklju\u010duje moguc\u0301nost raspore\u0111ivanja ameri\u010dkih trupa u Iranu -","robots":{"index":"index","follow":"follow","max-snippet":"max-snippet:-1","max-image-preview":"max-image-preview:large","max-video-preview":"max-video-preview:-1"},"canonical":"https:\/\/veritasinfo.org\/?p=36590&lang=sr","og_locale":"en_US","og_type":"article","og_title":"Tramp ne isklju\u010duje moguc\u0301nost raspore\u0111ivanja ameri\u010dkih trupa u Iranu -","og_description":"Pri\u0161tina, 8. mart 2026. 16:38 Predsednik SAD Donald Tramp je u subotu ponudio samo nejasan opis \u0161ta je mislio pod svojim zahtevom za bezuslovnom predajom","og_url":"https:\/\/veritasinfo.org\/?p=36590&lang=sr","article_published_time":"2026-03-08T15:41:48+00:00","og_image":[{"width":640,"height":640,"url":"https:\/\/veritasinfo.org\/wp-content\/uploads\/2026\/03\/gettyimages-2194420718-67d9b4e326598.jpg","type":"image\/jpeg"}],"author":"US6","twitter_card":"summary_large_image","twitter_misc":{"Written by":"US6","Est. reading time":"1 minute"},"schema":{"@context":"https:\/\/schema.org","@graph":[{"@type":"WebPage","@id":"https:\/\/veritasinfo.org\/?p=36590&lang=sr","url":"https:\/\/veritasinfo.org\/?p=36590&lang=sr","name":"Tramp ne isklju\u010duje moguc\u0301nost raspore\u0111ivanja ameri\u010dkih trupa u Iranu -","isPartOf":{"@id":"https:\/\/veritasinfo.org\/#website"},"primaryImageOfPage":{"@id":"https:\/\/veritasinfo.org\/?p=36590&lang=sr#primaryimage"},"image":{"@id":"https:\/\/veritasinfo.org\/?p=36590&lang=sr#primaryimage"},"thumbnailUrl":"https:\/\/veritasinfo.org\/wp-content\/uploads\/2026\/03\/gettyimages-2194420718-67d9b4e326598.jpg","datePublished":"2026-03-08T15:41:48+00:00","author":{"@id":"https:\/\/veritasinfo.org\/#\/schema\/person\/fe199eede04c3937362892b7444747cc"},"breadcrumb":{"@id":"https:\/\/veritasinfo.org\/?p=36590&lang=sr#breadcrumb"},"inLanguage":"en-US","potentialAction":[{"@type":"ReadAction","target":["https:\/\/veritasinfo.org\/?p=36590&lang=sr"]}]},{"@type":"ImageObject","inLanguage":"en-US","@id":"https:\/\/veritasinfo.org\/?p=36590&lang=sr#primaryimage","url":"https:\/\/veritasinfo.org\/wp-content\/uploads\/2026\/03\/gettyimages-2194420718-67d9b4e326598.jpg","contentUrl":"https:\/\/veritasinfo.org\/wp-content\/uploads\/2026\/03\/gettyimages-2194420718-67d9b4e326598.jpg","width":640,"height":640},{"@type":"BreadcrumbList","@id":"https:\/\/veritasinfo.org\/?p=36590&lang=sr#breadcrumb","itemListElement":[{"@type":"ListItem","position":1,"name":"Home","item":"https:\/\/veritasinfo.org\/"},{"@type":"ListItem","position":2,"name":"Tramp ne isklju\u010duje moguc\u0301nost raspore\u0111ivanja ameri\u010dkih trupa u Iranu"}]},{"@type":"WebSite","@id":"https:\/\/veritasinfo.org\/#website","url":"https:\/\/veritasinfo.org\/","name":"","description":"","potentialAction":[{"@type":"SearchAction","target":{"@type":"EntryPoint","urlTemplate":"https:\/\/veritasinfo.org\/?s={search_term_string}"},"query-input":{"@type":"PropertyValueSpecification","valueRequired":true,"valueName":"search_term_string"}}],"inLanguage":"en-US"},{"@type":"Person","@id":"https:\/\/veritasinfo.org\/#\/schema\/person\/fe199eede04c3937362892b7444747cc","name":"US6","image":{"@type":"ImageObject","inLanguage":"en-US","@id":"https:\/\/veritasinfo.org\/#\/schema\/person\/image\/","url":"https:\/\/secure.gravatar.com\/avatar\/cb16c3c31c9d23b9b8c705964598220b3014e42ff51eb540ff23cefa3ae8c15f?s=96&d=mm&r=g","contentUrl":"https:\/\/secure.gravatar.com\/avatar\/cb16c3c31c9d23b9b8c705964598220b3014e42ff51eb540ff23cefa3ae8c15f?s=96&d=mm&r=g","caption":"US6"},"url":"https:\/\/veritasinfo.org\/?author=7"}]}},"featured_image_urls":{"full":["https:\/\/veritasinfo.org\/wp-content\/uploads\/2026\/03\/gettyimages-2194420718-67d9b4e326598.jpg",640,640,false],"thumbnail":["https:\/\/veritasinfo.org\/wp-content\/uploads\/2026\/03\/gettyimages-2194420718-67d9b4e326598-150x150.jpg",150,150,true],"medium":["https:\/\/veritasinfo.org\/wp-content\/uploads\/2026\/03\/gettyimages-2194420718-67d9b4e326598-300x300.jpg",300,300,true],"medium_large":["https:\/\/veritasinfo.org\/wp-content\/uploads\/2026\/03\/gettyimages-2194420718-67d9b4e326598.jpg",640,640,false],"large":["https:\/\/veritasinfo.org\/wp-content\/uploads\/2026\/03\/gettyimages-2194420718-67d9b4e326598.jpg",640,640,false],"1536x1536":["https:\/\/veritasinfo.org\/wp-content\/uploads\/2026\/03\/gettyimages-2194420718-67d9b4e326598.jpg",640,640,false],"2048x2048":["https:\/\/veritasinfo.org\/wp-content\/uploads\/2026\/03\/gettyimages-2194420718-67d9b4e326598.jpg",640,640,false],"kreeti-slider-full":["https:\/\/veritasinfo.org\/wp-content\/uploads\/2026\/03\/gettyimages-2194420718-67d9b4e326598.jpg",640,640,false],"kreeti-featured":["https:\/\/veritasinfo.org\/wp-content\/uploads\/2026\/03\/gettyimages-2194420718-67d9b4e326598.jpg",640,640,false],"kreeti-medium":["https:\/\/veritasinfo.org\/wp-content\/uploads\/2026\/03\/gettyimages-2194420718-67d9b4e326598.jpg",530,530,false],"kreeti-medium-square":["https:\/\/veritasinfo.org\/wp-content\/uploads\/2026\/03\/gettyimages-2194420718-67d9b4e326598.jpg",350,350,false]},"author_info":{"info":["US6"]},"category_info":"<a href=\"https:\/\/veritasinfo.org\/?cat=74&#038;lang=sr\" rel=\"category\">Svet<\/a>","tag_info":"Svet","comment_count":"0","_links":{"self":[{"href":"https:\/\/veritasinfo.org\/index.php?rest_route=\/wp\/v2\/posts\/36590","targetHints":{"allow":["GET"]}}],"collection":[{"href":"https:\/\/veritasinfo.org\/index.php?rest_route=\/wp\/v2\/posts"}],"about":[{"href":"https:\/\/veritasinfo.org\/index.php?rest_route=\/wp\/v2\/types\/post"}],"author":[{"embeddable":true,"href":"https:\/\/veritasinfo.org\/index.php?rest_route=\/wp\/v2\/users\/7"}],"replies":[{"embeddable":true,"href":"https:\/\/veritasinfo.org\/index.php?rest_route=%2Fwp%2Fv2%2Fcomments&post=36590"}],"version-history":[{"count":1,"href":"https:\/\/veritasinfo.org\/index.php?rest_route=\/wp\/v2\/posts\/36590\/revisions"}],"predecessor-version":[{"id":36591,"href":"https:\/\/veritasinfo.org\/index.php?rest_route=\/wp\/v2\/posts\/36590\/revisions\/36591"}],"wp:featuredmedia":[{"embeddable":true,"href":"https:\/\/veritasinfo.org\/index.php?rest_route=\/wp\/v2\/media\/36588"}],"wp:attachment":[{"href":"https:\/\/veritasinfo.org\/index.php?rest_route=%2Fwp%2Fv2%2Fmedia&parent=36590"}],"wp:term":[{"taxonomy":"category","embeddable":true,"href":"https:\/\/veritasinfo.org\/index.php?rest_route=%2Fwp%2Fv2%2Fcategories&post=36590"},{"taxonomy":"post_tag","embeddable":true,"href":"https:\/\/veritasinfo.org\/index.php?rest_route=%2Fwp%2Fv2%2Ftags&post=36590"}],"curies":[{"name":"wp","href":"https:\/\/api.w.org\/{rel}","templated":true}]}}