{"id":36581,"date":"2026-03-08T15:16:05","date_gmt":"2026-03-08T14:16:05","guid":{"rendered":"https:\/\/veritasinfo.org\/?p=36581"},"modified":"2026-03-08T15:16:05","modified_gmt":"2026-03-08T14:16:05","slug":"asambleja-parlamentare-e-nato-s-publikon-mesazhin-e-osmanit-kur-grate-udheheqin-shoqerite-behen-me-te-forta","status":"publish","type":"post","link":"https:\/\/veritasinfo.org\/?p=36581","title":{"rendered":"Asambleja Parlamentare e NATO-s publikon mesazhin e Osmanit: Kur grat\u00eb udh\u00ebheqin, shoq\u00ebrit\u00eb b\u00ebhen m\u00eb t\u00eb forta"},"content":{"rendered":"<p>Prishtin\u00eb, 8 mars 2026 15:14<\/p>\n<p>Presidentja Vjosa Osmani ka uruar Dit\u00ebn Nd\u00ebrkomb\u00ebtare t\u00eb Gruas.<\/p>\n<p>Asambleja Parlamentare e NATO-s ka publikuar nj\u00eb videomesazh t\u00eb Osmanit, ku ajo thot\u00eb se trash\u00ebgimia e grave vazhdon ta udh\u00ebheq\u00eb rrug\u00ebn demokratike t\u00eb Kosov\u00ebs.<\/p>\n<p>Osmani thot\u00eb se rruga e Kosov\u00ebs drejt liris\u00eb nuk u shkrua vet\u00ebm nga burrat, por edhe nga grat\u00eb q\u00eb udh\u00ebhoq\u00ebn rezistenc\u00ebn paq\u00ebsore.<\/p>\n<p>\u201cTrash\u00ebgimia e tyre vazhdon t\u00eb udh\u00ebheq\u00eb rrug\u00ebn ton\u00eb demokratike. Nga kjo histori kemi nxjerr\u00eb nj\u00eb m\u00ebsim t\u00eb p\u00ebrhersh\u00ebm: nj\u00eb proces paqeje q\u00eb p\u00ebrjashton grat\u00eb nuk mund t\u00eb ket\u00eb sukses t\u00eb v\u00ebrtet\u00eb. Nj\u00eb sistem sigurie i krijuar pa z\u00ebrat e grave nuk mund t\u00eb q\u00ebndroj\u00eb. Nj\u00eb rend demokratik q\u00eb l\u00eb grat\u00eb pas mbetet i paplot\u00eb. Grat\u00eb nuk jan\u00eb v\u00ebzhguese t\u00eb progresit. Ato jan\u00eb drejtueset e tij, nga jeta publike dhe politike, te forcat e siguris\u00eb, diplomacia, ekonomia dhe biznesi. P\u00ebrvoja na ka treguar se kur grat\u00eb marrin pjes\u00eb plot\u00ebsisht, shoq\u00ebrit\u00eb b\u00ebhen m\u00eb t\u00eb drejta, m\u00eb t\u00eb forta dhe m\u00eb t\u00eb pasura\u201d, \u00ebsht\u00eb shprehur ajo.<\/p>\n<p>Osmani shtoi se \u201cz\u00ebrat e grave nuk duhet kurr\u00eb t\u00eb heshtin as injorohen\u201d.<\/p>\n<p>\u201cLidershipi i tyre nuk duhet trajtuar si opsional dhe pabarazia nuk duhet pranuar si status quo. Sepse kur grat\u00eb udh\u00ebheqin, shoq\u00ebrit\u00eb b\u00ebhen gjithmon\u00eb m\u00eb t\u00eb forta. Kur barazia \u00ebsht\u00eb reale, paqja b\u00ebhet m\u00eb e q\u00ebndrueshme. E ardhmja p\u00ebr t\u00eb cil\u00ebn aspirojm\u00eb \u00ebsht\u00eb nj\u00eb e ardhme ku \u00e7do ambicie e gruas njihet si legjitime, kontributi i saj vler\u00ebsohet dhe lidershipi i saj kuptohet p\u00ebr at\u00eb q\u00eb \u00ebsht\u00eb me t\u00eb v\u00ebrtet\u00eb, i domosdosh\u00ebm\u201d, thot\u00eb ajo.<\/p>\n","protected":false},"excerpt":{"rendered":"<p>Prishtin\u00eb, 8 mars 2026 15:14 Presidentja Vjosa Osmani ka uruar Dit\u00ebn Nd\u00ebrkomb\u00ebtare t\u00eb Gruas. Asambleja Parlamentare e NATO-s ka publikuar nj\u00eb videomesazh t\u00eb Osmanit, ku<\/p>\n","protected":false},"author":7,"featured_media":36582,"comment_status":"open","ping_status":"open","sticky":false,"template":"","format":"standard","meta":{"footnotes":""},"categories":[60],"tags":[],"class_list":["post-36581","post","type-post","status-publish","format-standard","has-post-thumbnail","hentry","category-shoqerore-sq"],"yoast_head":"<!-- This site is optimized with the Yoast SEO plugin v25.3.1 - https:\/\/yoast.com\/wordpress\/plugins\/seo\/ -->\n<title>Asambleja Parlamentare e NATO-s publikon mesazhin e Osmanit: Kur grat\u00eb udh\u00ebheqin, shoq\u00ebrit\u00eb b\u00ebhen m\u00eb t\u00eb forta -<\/title>\n<meta name=\"robots\" content=\"index, follow, max-snippet:-1, max-image-preview:large, max-video-preview:-1\" \/>\n<link rel=\"canonical\" href=\"https:\/\/veritasinfo.org\/?p=36581\" \/>\n<meta property=\"og:locale\" content=\"en_US\" \/>\n<meta property=\"og:type\" content=\"article\" \/>\n<meta property=\"og:title\" content=\"Asambleja Parlamentare e NATO-s publikon mesazhin e Osmanit: Kur grat\u00eb udh\u00ebheqin, shoq\u00ebrit\u00eb b\u00ebhen m\u00eb t\u00eb forta -\" \/>\n<meta property=\"og:description\" content=\"Prishtin\u00eb, 8 mars 2026 15:14 Presidentja Vjosa Osmani ka uruar Dit\u00ebn Nd\u00ebrkomb\u00ebtare t\u00eb Gruas. Asambleja Parlamentare e NATO-s ka publikuar nj\u00eb videomesazh t\u00eb Osmanit, ku\" \/>\n<meta property=\"og:url\" content=\"https:\/\/veritasinfo.org\/?p=36581\" \/>\n<meta property=\"article:published_time\" content=\"2026-03-08T14:16:05+00:00\" \/>\n<meta property=\"og:image\" content=\"https:\/\/veritasinfo.org\/wp-content\/uploads\/2026\/03\/1-31.jpg\" \/>\n\t<meta property=\"og:image:width\" content=\"639\" \/>\n\t<meta property=\"og:image:height\" content=\"365\" \/>\n\t<meta property=\"og:image:type\" content=\"image\/jpeg\" \/>\n<meta name=\"author\" content=\"US6\" \/>\n<meta name=\"twitter:card\" content=\"summary_large_image\" \/>\n<meta name=\"twitter:label1\" content=\"Written by\" \/>\n\t<meta name=\"twitter:data1\" content=\"US6\" \/>\n\t<meta name=\"twitter:label2\" content=\"Est. reading time\" \/>\n\t<meta name=\"twitter:data2\" content=\"2 minutes\" \/>\n<script type=\"application\/ld+json\" class=\"yoast-schema-graph\">{\"@context\":\"https:\/\/schema.org\",\"@graph\":[{\"@type\":\"WebPage\",\"@id\":\"https:\/\/veritasinfo.org\/?p=36581\",\"url\":\"https:\/\/veritasinfo.org\/?p=36581\",\"name\":\"Asambleja Parlamentare e NATO-s publikon mesazhin e Osmanit: Kur grat\u00eb udh\u00ebheqin, shoq\u00ebrit\u00eb b\u00ebhen m\u00eb t\u00eb forta -\",\"isPartOf\":{\"@id\":\"https:\/\/veritasinfo.org\/#website\"},\"primaryImageOfPage\":{\"@id\":\"https:\/\/veritasinfo.org\/?p=36581#primaryimage\"},\"image\":{\"@id\":\"https:\/\/veritasinfo.org\/?p=36581#primaryimage\"},\"thumbnailUrl\":\"https:\/\/veritasinfo.org\/wp-content\/uploads\/2026\/03\/1-31.jpg\",\"datePublished\":\"2026-03-08T14:16:05+00:00\",\"author\":{\"@id\":\"https:\/\/veritasinfo.org\/#\/schema\/person\/fe199eede04c3937362892b7444747cc\"},\"breadcrumb\":{\"@id\":\"https:\/\/veritasinfo.org\/?p=36581#breadcrumb\"},\"inLanguage\":\"en-US\",\"potentialAction\":[{\"@type\":\"ReadAction\",\"target\":[\"https:\/\/veritasinfo.org\/?p=36581\"]}]},{\"@type\":\"ImageObject\",\"inLanguage\":\"en-US\",\"@id\":\"https:\/\/veritasinfo.org\/?p=36581#primaryimage\",\"url\":\"https:\/\/veritasinfo.org\/wp-content\/uploads\/2026\/03\/1-31.jpg\",\"contentUrl\":\"https:\/\/veritasinfo.org\/wp-content\/uploads\/2026\/03\/1-31.jpg\",\"width\":639,\"height\":365},{\"@type\":\"BreadcrumbList\",\"@id\":\"https:\/\/veritasinfo.org\/?p=36581#breadcrumb\",\"itemListElement\":[{\"@type\":\"ListItem\",\"position\":1,\"name\":\"Home\",\"item\":\"https:\/\/veritasinfo.org\/\"},{\"@type\":\"ListItem\",\"position\":2,\"name\":\"Asambleja Parlamentare e NATO-s publikon mesazhin e Osmanit: Kur grat\u00eb udh\u00ebheqin, shoq\u00ebrit\u00eb b\u00ebhen m\u00eb t\u00eb forta\"}]},{\"@type\":\"WebSite\",\"@id\":\"https:\/\/veritasinfo.org\/#website\",\"url\":\"https:\/\/veritasinfo.org\/\",\"name\":\"\",\"description\":\"\",\"potentialAction\":[{\"@type\":\"SearchAction\",\"target\":{\"@type\":\"EntryPoint\",\"urlTemplate\":\"https:\/\/veritasinfo.org\/?s={search_term_string}\"},\"query-input\":{\"@type\":\"PropertyValueSpecification\",\"valueRequired\":true,\"valueName\":\"search_term_string\"}}],\"inLanguage\":\"en-US\"},{\"@type\":\"Person\",\"@id\":\"https:\/\/veritasinfo.org\/#\/schema\/person\/fe199eede04c3937362892b7444747cc\",\"name\":\"US6\",\"image\":{\"@type\":\"ImageObject\",\"inLanguage\":\"en-US\",\"@id\":\"https:\/\/veritasinfo.org\/#\/schema\/person\/image\/\",\"url\":\"https:\/\/secure.gravatar.com\/avatar\/cb16c3c31c9d23b9b8c705964598220b3014e42ff51eb540ff23cefa3ae8c15f?s=96&d=mm&r=g\",\"contentUrl\":\"https:\/\/secure.gravatar.com\/avatar\/cb16c3c31c9d23b9b8c705964598220b3014e42ff51eb540ff23cefa3ae8c15f?s=96&d=mm&r=g\",\"caption\":\"US6\"},\"url\":\"https:\/\/veritasinfo.org\/?author=7\"}]}<\/script>\n<!-- \/ Yoast SEO plugin. -->","yoast_head_json":{"title":"Asambleja Parlamentare e NATO-s publikon mesazhin e Osmanit: Kur grat\u00eb udh\u00ebheqin, shoq\u00ebrit\u00eb b\u00ebhen m\u00eb t\u00eb forta -","robots":{"index":"index","follow":"follow","max-snippet":"max-snippet:-1","max-image-preview":"max-image-preview:large","max-video-preview":"max-video-preview:-1"},"canonical":"https:\/\/veritasinfo.org\/?p=36581","og_locale":"en_US","og_type":"article","og_title":"Asambleja Parlamentare e NATO-s publikon mesazhin e Osmanit: Kur grat\u00eb udh\u00ebheqin, shoq\u00ebrit\u00eb b\u00ebhen m\u00eb t\u00eb forta -","og_description":"Prishtin\u00eb, 8 mars 2026 15:14 Presidentja Vjosa Osmani ka uruar Dit\u00ebn Nd\u00ebrkomb\u00ebtare t\u00eb Gruas. Asambleja Parlamentare e NATO-s ka publikuar nj\u00eb videomesazh t\u00eb Osmanit, ku","og_url":"https:\/\/veritasinfo.org\/?p=36581","article_published_time":"2026-03-08T14:16:05+00:00","og_image":[{"width":639,"height":365,"url":"https:\/\/veritasinfo.org\/wp-content\/uploads\/2026\/03\/1-31.jpg","type":"image\/jpeg"}],"author":"US6","twitter_card":"summary_large_image","twitter_misc":{"Written by":"US6","Est. reading time":"2 minutes"},"schema":{"@context":"https:\/\/schema.org","@graph":[{"@type":"WebPage","@id":"https:\/\/veritasinfo.org\/?p=36581","url":"https:\/\/veritasinfo.org\/?p=36581","name":"Asambleja Parlamentare e NATO-s publikon mesazhin e Osmanit: Kur grat\u00eb udh\u00ebheqin, shoq\u00ebrit\u00eb b\u00ebhen m\u00eb t\u00eb forta -","isPartOf":{"@id":"https:\/\/veritasinfo.org\/#website"},"primaryImageOfPage":{"@id":"https:\/\/veritasinfo.org\/?p=36581#primaryimage"},"image":{"@id":"https:\/\/veritasinfo.org\/?p=36581#primaryimage"},"thumbnailUrl":"https:\/\/veritasinfo.org\/wp-content\/uploads\/2026\/03\/1-31.jpg","datePublished":"2026-03-08T14:16:05+00:00","author":{"@id":"https:\/\/veritasinfo.org\/#\/schema\/person\/fe199eede04c3937362892b7444747cc"},"breadcrumb":{"@id":"https:\/\/veritasinfo.org\/?p=36581#breadcrumb"},"inLanguage":"en-US","potentialAction":[{"@type":"ReadAction","target":["https:\/\/veritasinfo.org\/?p=36581"]}]},{"@type":"ImageObject","inLanguage":"en-US","@id":"https:\/\/veritasinfo.org\/?p=36581#primaryimage","url":"https:\/\/veritasinfo.org\/wp-content\/uploads\/2026\/03\/1-31.jpg","contentUrl":"https:\/\/veritasinfo.org\/wp-content\/uploads\/2026\/03\/1-31.jpg","width":639,"height":365},{"@type":"BreadcrumbList","@id":"https:\/\/veritasinfo.org\/?p=36581#breadcrumb","itemListElement":[{"@type":"ListItem","position":1,"name":"Home","item":"https:\/\/veritasinfo.org\/"},{"@type":"ListItem","position":2,"name":"Asambleja Parlamentare e NATO-s publikon mesazhin e Osmanit: Kur grat\u00eb udh\u00ebheqin, shoq\u00ebrit\u00eb b\u00ebhen m\u00eb t\u00eb forta"}]},{"@type":"WebSite","@id":"https:\/\/veritasinfo.org\/#website","url":"https:\/\/veritasinfo.org\/","name":"","description":"","potentialAction":[{"@type":"SearchAction","target":{"@type":"EntryPoint","urlTemplate":"https:\/\/veritasinfo.org\/?s={search_term_string}"},"query-input":{"@type":"PropertyValueSpecification","valueRequired":true,"valueName":"search_term_string"}}],"inLanguage":"en-US"},{"@type":"Person","@id":"https:\/\/veritasinfo.org\/#\/schema\/person\/fe199eede04c3937362892b7444747cc","name":"US6","image":{"@type":"ImageObject","inLanguage":"en-US","@id":"https:\/\/veritasinfo.org\/#\/schema\/person\/image\/","url":"https:\/\/secure.gravatar.com\/avatar\/cb16c3c31c9d23b9b8c705964598220b3014e42ff51eb540ff23cefa3ae8c15f?s=96&d=mm&r=g","contentUrl":"https:\/\/secure.gravatar.com\/avatar\/cb16c3c31c9d23b9b8c705964598220b3014e42ff51eb540ff23cefa3ae8c15f?s=96&d=mm&r=g","caption":"US6"},"url":"https:\/\/veritasinfo.org\/?author=7"}]}},"featured_image_urls":{"full":["https:\/\/veritasinfo.org\/wp-content\/uploads\/2026\/03\/1-31.jpg",639,365,false],"thumbnail":["https:\/\/veritasinfo.org\/wp-content\/uploads\/2026\/03\/1-31-150x150.jpg",150,150,true],"medium":["https:\/\/veritasinfo.org\/wp-content\/uploads\/2026\/03\/1-31-300x171.jpg",300,171,true],"medium_large":["https:\/\/veritasinfo.org\/wp-content\/uploads\/2026\/03\/1-31.jpg",639,365,false],"large":["https:\/\/veritasinfo.org\/wp-content\/uploads\/2026\/03\/1-31.jpg",639,365,false],"1536x1536":["https:\/\/veritasinfo.org\/wp-content\/uploads\/2026\/03\/1-31.jpg",639,365,false],"2048x2048":["https:\/\/veritasinfo.org\/wp-content\/uploads\/2026\/03\/1-31.jpg",639,365,false],"kreeti-slider-full":["https:\/\/veritasinfo.org\/wp-content\/uploads\/2026\/03\/1-31.jpg",639,365,false],"kreeti-featured":["https:\/\/veritasinfo.org\/wp-content\/uploads\/2026\/03\/1-31.jpg",639,365,false],"kreeti-medium":["https:\/\/veritasinfo.org\/wp-content\/uploads\/2026\/03\/1-31.jpg",639,365,false],"kreeti-medium-square":["https:\/\/veritasinfo.org\/wp-content\/uploads\/2026\/03\/1-31.jpg",350,200,false]},"author_info":{"info":["US6"]},"category_info":"<a href=\"https:\/\/veritasinfo.org\/?cat=60\" rel=\"category\">Shoq\u00ebrore<\/a>","tag_info":"Shoq\u00ebrore","comment_count":"0","_links":{"self":[{"href":"https:\/\/veritasinfo.org\/index.php?rest_route=\/wp\/v2\/posts\/36581","targetHints":{"allow":["GET"]}}],"collection":[{"href":"https:\/\/veritasinfo.org\/index.php?rest_route=\/wp\/v2\/posts"}],"about":[{"href":"https:\/\/veritasinfo.org\/index.php?rest_route=\/wp\/v2\/types\/post"}],"author":[{"embeddable":true,"href":"https:\/\/veritasinfo.org\/index.php?rest_route=\/wp\/v2\/users\/7"}],"replies":[{"embeddable":true,"href":"https:\/\/veritasinfo.org\/index.php?rest_route=%2Fwp%2Fv2%2Fcomments&post=36581"}],"version-history":[{"count":1,"href":"https:\/\/veritasinfo.org\/index.php?rest_route=\/wp\/v2\/posts\/36581\/revisions"}],"predecessor-version":[{"id":36583,"href":"https:\/\/veritasinfo.org\/index.php?rest_route=\/wp\/v2\/posts\/36581\/revisions\/36583"}],"wp:featuredmedia":[{"embeddable":true,"href":"https:\/\/veritasinfo.org\/index.php?rest_route=\/wp\/v2\/media\/36582"}],"wp:attachment":[{"href":"https:\/\/veritasinfo.org\/index.php?rest_route=%2Fwp%2Fv2%2Fmedia&parent=36581"}],"wp:term":[{"taxonomy":"category","embeddable":true,"href":"https:\/\/veritasinfo.org\/index.php?rest_route=%2Fwp%2Fv2%2Fcategories&post=36581"},{"taxonomy":"post_tag","embeddable":true,"href":"https:\/\/veritasinfo.org\/index.php?rest_route=%2Fwp%2Fv2%2Ftags&post=36581"}],"curies":[{"name":"wp","href":"https:\/\/api.w.org\/{rel}","templated":true}]}}