{"id":36575,"date":"2026-03-08T15:10:57","date_gmt":"2026-03-08T14:10:57","guid":{"rendered":"https:\/\/veritasinfo.org\/?p=36575"},"modified":"2026-03-08T15:10:57","modified_gmt":"2026-03-08T14:10:57","slug":"kurti-grate-po-i-fuqizojme-permes-punesimit-e-mbeshtetjes-ekonomike","status":"publish","type":"post","link":"https:\/\/veritasinfo.org\/?p=36575","title":{"rendered":"Kurti: Grat\u00eb po i fuqizojm\u00eb p\u00ebrmes pun\u00ebsimit e mb\u00ebshtetjes ekonomike"},"content":{"rendered":"<p>Prishtin\u00eb, 8 mars 2026 15:09<\/p>\n<p style=\"font-weight: 400;\">Kryeministri i vendit Albin Kurti, ka uruar grat\u00eb m\u00eb 8 Mars, me rastin e Dit\u00ebs Nd\u00ebrkomb\u00ebtare t\u00eb Gruas. Kryeministri Kurti ka th\u00ebn\u00eb se n\u00eb Kosov\u00eb grat\u00eb po fuqizohen p\u00ebrmes pun\u00ebsimit e mb\u00ebshtetjes ekonomike.<\/p>\n<p style=\"font-weight: 400;\">Kurti ka theksuar se angazhimi p\u00ebr barazin\u00eb po vazhdon ashtu si\u00e7 \u00ebsht\u00eb edhe tema e Dit\u00ebs Nd\u00ebrkomb\u00ebtare t\u00eb Gruas k\u00ebt\u00eb vit &#8220;T\u00eb drejta. Drejt\u00ebsi. Veprim&#8221;.<\/p>\n<p><span lang=\"SQ\">\u201cN\u00eb Kosov\u00eb po fuqizojm\u00eb grat\u00eb p\u00ebrmes pun\u00ebsimit, mb\u00ebshtetjes ekonomike, rritjes s\u00eb pjes\u00ebmarrjes s\u00eb tyre n\u00eb vendimmarrje dhe luft\u00ebs kund\u00ebr dhun\u00ebs me baz\u00eb gjinore. Mbi 12 mij\u00eb gra t\u00eb mb\u00ebshtetura n\u00eb pun\u00ebsim, rritje e pron\u00ebsis\u00eb s\u00eb grave dhe mekanizma m\u00eb t\u00eb fort\u00eb mbrojtjeje jan\u00eb hapa konkret drejt barazis\u00eb n\u00eb vendin ton\u00eb, ashtu q\u00eb<\/span><span lang=\"SQ\">\u00a0\u00a0<\/span><span lang=\"SQ\">t\u00eb drejtat e grave mos t\u00eb mbeten vet\u00ebm n\u00eb ligje dhe deklarata \u2013 por t\u00eb garantohen me drejt\u00ebsi reale, n\u00eb jet\u00ebn e p\u00ebrditshme kolektive, n\u00eb p\u00ebrvoj\u00ebn individuale t\u00eb secil\u00ebs\u201d, thuhet n\u00eb postimin e Kurtit n\u00eb Facebook.<\/span><\/p>\n","protected":false},"excerpt":{"rendered":"<p>Prishtin\u00eb, 8 mars 2026 15:09 Kryeministri i vendit Albin Kurti, ka uruar grat\u00eb m\u00eb 8 Mars, me rastin e Dit\u00ebs Nd\u00ebrkomb\u00ebtare t\u00eb Gruas. Kryeministri Kurti<\/p>\n","protected":false},"author":7,"featured_media":36576,"comment_status":"open","ping_status":"open","sticky":false,"template":"","format":"standard","meta":{"footnotes":""},"categories":[60],"tags":[],"class_list":["post-36575","post","type-post","status-publish","format-standard","has-post-thumbnail","hentry","category-shoqerore-sq"],"yoast_head":"<!-- This site is optimized with the Yoast SEO plugin v25.3.1 - https:\/\/yoast.com\/wordpress\/plugins\/seo\/ -->\n<title>Kurti: Grat\u00eb po i fuqizojm\u00eb p\u00ebrmes pun\u00ebsimit e mb\u00ebshtetjes ekonomike -<\/title>\n<meta name=\"robots\" content=\"index, follow, max-snippet:-1, max-image-preview:large, max-video-preview:-1\" \/>\n<link rel=\"canonical\" href=\"https:\/\/veritasinfo.org\/?p=36575\" \/>\n<meta property=\"og:locale\" content=\"en_US\" \/>\n<meta property=\"og:type\" content=\"article\" \/>\n<meta property=\"og:title\" content=\"Kurti: Grat\u00eb po i fuqizojm\u00eb p\u00ebrmes pun\u00ebsimit e mb\u00ebshtetjes ekonomike -\" \/>\n<meta property=\"og:description\" content=\"Prishtin\u00eb, 8 mars 2026 15:09 Kryeministri i vendit Albin Kurti, ka uruar grat\u00eb m\u00eb 8 Mars, me rastin e Dit\u00ebs Nd\u00ebrkomb\u00ebtare t\u00eb Gruas. Kryeministri Kurti\" \/>\n<meta property=\"og:url\" content=\"https:\/\/veritasinfo.org\/?p=36575\" \/>\n<meta property=\"article:published_time\" content=\"2026-03-08T14:10:57+00:00\" \/>\n<meta property=\"og:image\" content=\"https:\/\/veritasinfo.org\/wp-content\/uploads\/2026\/03\/2-10.jpg\" \/>\n\t<meta property=\"og:image:width\" content=\"671\" \/>\n\t<meta property=\"og:image:height\" content=\"434\" \/>\n\t<meta property=\"og:image:type\" content=\"image\/jpeg\" \/>\n<meta name=\"author\" content=\"US6\" \/>\n<meta name=\"twitter:card\" content=\"summary_large_image\" \/>\n<meta name=\"twitter:label1\" content=\"Written by\" \/>\n\t<meta name=\"twitter:data1\" content=\"US6\" \/>\n\t<meta name=\"twitter:label2\" content=\"Est. reading time\" \/>\n\t<meta name=\"twitter:data2\" content=\"1 minute\" \/>\n<script type=\"application\/ld+json\" class=\"yoast-schema-graph\">{\"@context\":\"https:\/\/schema.org\",\"@graph\":[{\"@type\":\"WebPage\",\"@id\":\"https:\/\/veritasinfo.org\/?p=36575\",\"url\":\"https:\/\/veritasinfo.org\/?p=36575\",\"name\":\"Kurti: Grat\u00eb po i fuqizojm\u00eb p\u00ebrmes pun\u00ebsimit e mb\u00ebshtetjes ekonomike -\",\"isPartOf\":{\"@id\":\"https:\/\/veritasinfo.org\/#website\"},\"primaryImageOfPage\":{\"@id\":\"https:\/\/veritasinfo.org\/?p=36575#primaryimage\"},\"image\":{\"@id\":\"https:\/\/veritasinfo.org\/?p=36575#primaryimage\"},\"thumbnailUrl\":\"https:\/\/veritasinfo.org\/wp-content\/uploads\/2026\/03\/2-10.jpg\",\"datePublished\":\"2026-03-08T14:10:57+00:00\",\"author\":{\"@id\":\"https:\/\/veritasinfo.org\/#\/schema\/person\/fe199eede04c3937362892b7444747cc\"},\"breadcrumb\":{\"@id\":\"https:\/\/veritasinfo.org\/?p=36575#breadcrumb\"},\"inLanguage\":\"en-US\",\"potentialAction\":[{\"@type\":\"ReadAction\",\"target\":[\"https:\/\/veritasinfo.org\/?p=36575\"]}]},{\"@type\":\"ImageObject\",\"inLanguage\":\"en-US\",\"@id\":\"https:\/\/veritasinfo.org\/?p=36575#primaryimage\",\"url\":\"https:\/\/veritasinfo.org\/wp-content\/uploads\/2026\/03\/2-10.jpg\",\"contentUrl\":\"https:\/\/veritasinfo.org\/wp-content\/uploads\/2026\/03\/2-10.jpg\",\"width\":671,\"height\":434},{\"@type\":\"BreadcrumbList\",\"@id\":\"https:\/\/veritasinfo.org\/?p=36575#breadcrumb\",\"itemListElement\":[{\"@type\":\"ListItem\",\"position\":1,\"name\":\"Home\",\"item\":\"https:\/\/veritasinfo.org\/\"},{\"@type\":\"ListItem\",\"position\":2,\"name\":\"Kurti: Grat\u00eb po i fuqizojm\u00eb p\u00ebrmes pun\u00ebsimit e mb\u00ebshtetjes ekonomike\"}]},{\"@type\":\"WebSite\",\"@id\":\"https:\/\/veritasinfo.org\/#website\",\"url\":\"https:\/\/veritasinfo.org\/\",\"name\":\"\",\"description\":\"\",\"potentialAction\":[{\"@type\":\"SearchAction\",\"target\":{\"@type\":\"EntryPoint\",\"urlTemplate\":\"https:\/\/veritasinfo.org\/?s={search_term_string}\"},\"query-input\":{\"@type\":\"PropertyValueSpecification\",\"valueRequired\":true,\"valueName\":\"search_term_string\"}}],\"inLanguage\":\"en-US\"},{\"@type\":\"Person\",\"@id\":\"https:\/\/veritasinfo.org\/#\/schema\/person\/fe199eede04c3937362892b7444747cc\",\"name\":\"US6\",\"image\":{\"@type\":\"ImageObject\",\"inLanguage\":\"en-US\",\"@id\":\"https:\/\/veritasinfo.org\/#\/schema\/person\/image\/\",\"url\":\"https:\/\/secure.gravatar.com\/avatar\/cb16c3c31c9d23b9b8c705964598220b3014e42ff51eb540ff23cefa3ae8c15f?s=96&d=mm&r=g\",\"contentUrl\":\"https:\/\/secure.gravatar.com\/avatar\/cb16c3c31c9d23b9b8c705964598220b3014e42ff51eb540ff23cefa3ae8c15f?s=96&d=mm&r=g\",\"caption\":\"US6\"},\"url\":\"https:\/\/veritasinfo.org\/?author=7\"}]}<\/script>\n<!-- \/ Yoast SEO plugin. -->","yoast_head_json":{"title":"Kurti: Grat\u00eb po i fuqizojm\u00eb p\u00ebrmes pun\u00ebsimit e mb\u00ebshtetjes ekonomike -","robots":{"index":"index","follow":"follow","max-snippet":"max-snippet:-1","max-image-preview":"max-image-preview:large","max-video-preview":"max-video-preview:-1"},"canonical":"https:\/\/veritasinfo.org\/?p=36575","og_locale":"en_US","og_type":"article","og_title":"Kurti: Grat\u00eb po i fuqizojm\u00eb p\u00ebrmes pun\u00ebsimit e mb\u00ebshtetjes ekonomike -","og_description":"Prishtin\u00eb, 8 mars 2026 15:09 Kryeministri i vendit Albin Kurti, ka uruar grat\u00eb m\u00eb 8 Mars, me rastin e Dit\u00ebs Nd\u00ebrkomb\u00ebtare t\u00eb Gruas. Kryeministri Kurti","og_url":"https:\/\/veritasinfo.org\/?p=36575","article_published_time":"2026-03-08T14:10:57+00:00","og_image":[{"width":671,"height":434,"url":"https:\/\/veritasinfo.org\/wp-content\/uploads\/2026\/03\/2-10.jpg","type":"image\/jpeg"}],"author":"US6","twitter_card":"summary_large_image","twitter_misc":{"Written by":"US6","Est. reading time":"1 minute"},"schema":{"@context":"https:\/\/schema.org","@graph":[{"@type":"WebPage","@id":"https:\/\/veritasinfo.org\/?p=36575","url":"https:\/\/veritasinfo.org\/?p=36575","name":"Kurti: Grat\u00eb po i fuqizojm\u00eb p\u00ebrmes pun\u00ebsimit e mb\u00ebshtetjes ekonomike -","isPartOf":{"@id":"https:\/\/veritasinfo.org\/#website"},"primaryImageOfPage":{"@id":"https:\/\/veritasinfo.org\/?p=36575#primaryimage"},"image":{"@id":"https:\/\/veritasinfo.org\/?p=36575#primaryimage"},"thumbnailUrl":"https:\/\/veritasinfo.org\/wp-content\/uploads\/2026\/03\/2-10.jpg","datePublished":"2026-03-08T14:10:57+00:00","author":{"@id":"https:\/\/veritasinfo.org\/#\/schema\/person\/fe199eede04c3937362892b7444747cc"},"breadcrumb":{"@id":"https:\/\/veritasinfo.org\/?p=36575#breadcrumb"},"inLanguage":"en-US","potentialAction":[{"@type":"ReadAction","target":["https:\/\/veritasinfo.org\/?p=36575"]}]},{"@type":"ImageObject","inLanguage":"en-US","@id":"https:\/\/veritasinfo.org\/?p=36575#primaryimage","url":"https:\/\/veritasinfo.org\/wp-content\/uploads\/2026\/03\/2-10.jpg","contentUrl":"https:\/\/veritasinfo.org\/wp-content\/uploads\/2026\/03\/2-10.jpg","width":671,"height":434},{"@type":"BreadcrumbList","@id":"https:\/\/veritasinfo.org\/?p=36575#breadcrumb","itemListElement":[{"@type":"ListItem","position":1,"name":"Home","item":"https:\/\/veritasinfo.org\/"},{"@type":"ListItem","position":2,"name":"Kurti: Grat\u00eb po i fuqizojm\u00eb p\u00ebrmes pun\u00ebsimit e mb\u00ebshtetjes ekonomike"}]},{"@type":"WebSite","@id":"https:\/\/veritasinfo.org\/#website","url":"https:\/\/veritasinfo.org\/","name":"","description":"","potentialAction":[{"@type":"SearchAction","target":{"@type":"EntryPoint","urlTemplate":"https:\/\/veritasinfo.org\/?s={search_term_string}"},"query-input":{"@type":"PropertyValueSpecification","valueRequired":true,"valueName":"search_term_string"}}],"inLanguage":"en-US"},{"@type":"Person","@id":"https:\/\/veritasinfo.org\/#\/schema\/person\/fe199eede04c3937362892b7444747cc","name":"US6","image":{"@type":"ImageObject","inLanguage":"en-US","@id":"https:\/\/veritasinfo.org\/#\/schema\/person\/image\/","url":"https:\/\/secure.gravatar.com\/avatar\/cb16c3c31c9d23b9b8c705964598220b3014e42ff51eb540ff23cefa3ae8c15f?s=96&d=mm&r=g","contentUrl":"https:\/\/secure.gravatar.com\/avatar\/cb16c3c31c9d23b9b8c705964598220b3014e42ff51eb540ff23cefa3ae8c15f?s=96&d=mm&r=g","caption":"US6"},"url":"https:\/\/veritasinfo.org\/?author=7"}]}},"featured_image_urls":{"full":["https:\/\/veritasinfo.org\/wp-content\/uploads\/2026\/03\/2-10.jpg",671,434,false],"thumbnail":["https:\/\/veritasinfo.org\/wp-content\/uploads\/2026\/03\/2-10-150x150.jpg",150,150,true],"medium":["https:\/\/veritasinfo.org\/wp-content\/uploads\/2026\/03\/2-10-300x194.jpg",300,194,true],"medium_large":["https:\/\/veritasinfo.org\/wp-content\/uploads\/2026\/03\/2-10.jpg",640,414,false],"large":["https:\/\/veritasinfo.org\/wp-content\/uploads\/2026\/03\/2-10.jpg",640,414,false],"1536x1536":["https:\/\/veritasinfo.org\/wp-content\/uploads\/2026\/03\/2-10.jpg",671,434,false],"2048x2048":["https:\/\/veritasinfo.org\/wp-content\/uploads\/2026\/03\/2-10.jpg",671,434,false],"kreeti-slider-full":["https:\/\/veritasinfo.org\/wp-content\/uploads\/2026\/03\/2-10.jpg",671,434,false],"kreeti-featured":["https:\/\/veritasinfo.org\/wp-content\/uploads\/2026\/03\/2-10.jpg",671,434,false],"kreeti-medium":["https:\/\/veritasinfo.org\/wp-content\/uploads\/2026\/03\/2-10.jpg",671,434,false],"kreeti-medium-square":["https:\/\/veritasinfo.org\/wp-content\/uploads\/2026\/03\/2-10.jpg",350,226,false]},"author_info":{"info":["US6"]},"category_info":"<a href=\"https:\/\/veritasinfo.org\/?cat=60\" rel=\"category\">Shoq\u00ebrore<\/a>","tag_info":"Shoq\u00ebrore","comment_count":"0","_links":{"self":[{"href":"https:\/\/veritasinfo.org\/index.php?rest_route=\/wp\/v2\/posts\/36575","targetHints":{"allow":["GET"]}}],"collection":[{"href":"https:\/\/veritasinfo.org\/index.php?rest_route=\/wp\/v2\/posts"}],"about":[{"href":"https:\/\/veritasinfo.org\/index.php?rest_route=\/wp\/v2\/types\/post"}],"author":[{"embeddable":true,"href":"https:\/\/veritasinfo.org\/index.php?rest_route=\/wp\/v2\/users\/7"}],"replies":[{"embeddable":true,"href":"https:\/\/veritasinfo.org\/index.php?rest_route=%2Fwp%2Fv2%2Fcomments&post=36575"}],"version-history":[{"count":1,"href":"https:\/\/veritasinfo.org\/index.php?rest_route=\/wp\/v2\/posts\/36575\/revisions"}],"predecessor-version":[{"id":36577,"href":"https:\/\/veritasinfo.org\/index.php?rest_route=\/wp\/v2\/posts\/36575\/revisions\/36577"}],"wp:featuredmedia":[{"embeddable":true,"href":"https:\/\/veritasinfo.org\/index.php?rest_route=\/wp\/v2\/media\/36576"}],"wp:attachment":[{"href":"https:\/\/veritasinfo.org\/index.php?rest_route=%2Fwp%2Fv2%2Fmedia&parent=36575"}],"wp:term":[{"taxonomy":"category","embeddable":true,"href":"https:\/\/veritasinfo.org\/index.php?rest_route=%2Fwp%2Fv2%2Fcategories&post=36575"},{"taxonomy":"post_tag","embeddable":true,"href":"https:\/\/veritasinfo.org\/index.php?rest_route=%2Fwp%2Fv2%2Ftags&post=36575"}],"curies":[{"name":"wp","href":"https:\/\/api.w.org\/{rel}","templated":true}]}}