{"id":36570,"date":"2026-03-08T11:45:25","date_gmt":"2026-03-08T10:45:25","guid":{"rendered":"https:\/\/veritasinfo.org\/?p=36570"},"modified":"2026-03-08T12:11:43","modified_gmt":"2026-03-08T11:11:43","slug":"vuloviqi-e-perdori-objektin-e-iber-lepencit-per-vite-me-radhe-pa-kompensim-kurse-tani-e-paraqet-ankandin-si-presion-politik","status":"publish","type":"post","link":"https:\/\/veritasinfo.org\/?p=36570","title":{"rendered":"Vuloviqi e p\u00ebrdori objektin e \u201cIb\u00ebr Lepencit\u201d p\u00ebr vite me radh\u00eb pa kompensim, kurse tani e paraqet ankandin si presion politik"},"content":{"rendered":"<p>Zubin Potok, 08 mars 2026 11:44<\/p>\n<p>Nd\u00ebrtesa, e cila \u00ebsht\u00eb p\u00ebrdorur p\u00ebr vite me radh\u00eb nga kompania &#8220;Kolashin prevoz&#8221;, pronar i s\u00eb cil\u00ebs \u00ebsht\u00eb S\u00ebrgjan Vuloviqi, an\u00ebtar i lart\u00eb i List\u00ebs Serbe, u nxor n\u00eb ankand publik, pasi pronari ligjor i &#8220;Ib\u00ebr Lepencit&#8221; vendosi ta ofroj\u00eb pron\u00ebn me qira sipas procedur\u00ebs s\u00eb rregullt.<\/p>\n<p>Sipas informacioneve t\u00eb siguruara nga \u201cVeritasinfo\u201d, hap\u00ebsira e p\u00ebrdorur p\u00ebr parkimin e autobus\u00ebve dhe kryerjen e aktiviteteve t\u00eb lidhura me biznesin e kompanis\u00eb &#8220;Kolashin prevoz&#8221;, Vuloviqi e ka p\u00ebrdorur at\u00eb pa asnj\u00eb kompensim p\u00ebr 15 vjet.<\/p>\n<p>Brenda ambienteve ka disa autobus\u00eb, automjete sh\u00ebrbimi dhe pajisje q\u00eb p\u00ebrdoren n\u00eb operacionet e p\u00ebrditshme t\u00eb k\u00ebsaj kompanie transporti. Pavar\u00ebsisht faktit se \u00ebsht\u00eb nj\u00eb marr\u00ebdh\u00ebnie juridike pron\u00ebsore midis pronarit t\u00eb nd\u00ebrtes\u00ebs dhe p\u00ebrdoruesit t\u00eb hap\u00ebsir\u00ebs, Vuloviqi po p\u00ebrpiqet ta paraqes\u00eb procedur\u00ebn e ankandit si nj\u00eb form\u00eb tjet\u00ebr t\u00eb presionit politik mbi serb\u00ebt n\u00eb Kosov\u00eb.<\/p>\n<p>Megjithat\u00eb, bashk\u00ebbiseduesit nga Zubin Potoku t\u00eb informuar p\u00ebr k\u00ebt\u00eb rast pohojn\u00eb se nj\u00eb interpretim i till\u00eb nuk ka baz\u00eb as fakte. Sipas tyre, pronari i nd\u00ebrtes\u00ebs nuk ka marr\u00eb kompensim p\u00ebr p\u00ebrdorimin e hap\u00ebsir\u00ebs p\u00ebr vite me radh\u00eb, prandaj vendosi ta ofroj\u00eb pron\u00ebn n\u00eb nj\u00eb ankand publik. &#8220;\u00cbsht\u00eb nj\u00eb \u00e7\u00ebshtje thjesht pron\u00ebsore. N\u00ebse dikush ka p\u00ebrdorur nj\u00eb objekt privat p\u00ebr vite me radh\u00eb pa paguar qira, \u00ebsht\u00eb normale q\u00eb pronari t\u00eb k\u00ebrkoj\u00eb nj\u00eb m\u00ebnyr\u00eb p\u00ebr t\u00eb mbrojtur pron\u00ebn e tij&#8221;, tha p\u00ebr portalin &#8220;Veritasinfo&#8221; nj\u00eb nga bashk\u00ebbiseduesit i njohur me rastin.<\/p>\n<p>\u00c7\u00ebshtja hap gjithashtu \u00e7\u00ebshtjen m\u00eb t\u00eb gjer\u00eb t\u00eb pozicionit t\u00eb privilegjuar t\u00eb zyrtar\u00ebve t\u00eb caktuar politik\u00eb vendas q\u00eb nj\u00ebkoh\u00ebsisht kryejn\u00eb pun\u00eb private, nd\u00ebrsa mosmarr\u00ebveshjet q\u00eb rrjedhin nga marr\u00ebdh\u00ebnie t\u00eb tilla shpesh paraqiten n\u00eb publik si t\u00eb motivuara politikisht ose etnikisht.<\/p>\n","protected":false},"excerpt":{"rendered":"<p>Zubin Potok, 08 mars 2026 11:44 Nd\u00ebrtesa, e cila \u00ebsht\u00eb p\u00ebrdorur p\u00ebr vite me radh\u00eb nga kompania &#8220;Kolashin prevoz&#8221;, pronar i s\u00eb cil\u00ebs \u00ebsht\u00eb S\u00ebrgjan<\/p>\n","protected":false},"author":7,"featured_media":36571,"comment_status":"open","ping_status":"open","sticky":false,"template":"","format":"standard","meta":{"footnotes":""},"categories":[58],"tags":[],"class_list":["post-36570","post","type-post","status-publish","format-standard","has-post-thumbnail","hentry","category-politike-sq"],"yoast_head":"<!-- This site is optimized with the Yoast SEO plugin v25.3.1 - https:\/\/yoast.com\/wordpress\/plugins\/seo\/ -->\n<title>Vuloviqi e p\u00ebrdori objektin e \u201cIb\u00ebr Lepencit\u201d p\u00ebr vite me radh\u00eb pa kompensim, kurse tani e paraqet ankandin si presion politik -<\/title>\n<meta name=\"robots\" content=\"index, follow, max-snippet:-1, max-image-preview:large, max-video-preview:-1\" \/>\n<link rel=\"canonical\" href=\"https:\/\/veritasinfo.org\/?p=36570\" \/>\n<meta property=\"og:locale\" content=\"en_US\" \/>\n<meta property=\"og:type\" content=\"article\" \/>\n<meta property=\"og:title\" content=\"Vuloviqi e p\u00ebrdori objektin e \u201cIb\u00ebr Lepencit\u201d p\u00ebr vite me radh\u00eb pa kompensim, kurse tani e paraqet ankandin si presion politik -\" \/>\n<meta property=\"og:description\" content=\"Zubin Potok, 08 mars 2026 11:44 Nd\u00ebrtesa, e cila \u00ebsht\u00eb p\u00ebrdorur p\u00ebr vite me radh\u00eb nga kompania &#8220;Kolashin prevoz&#8221;, pronar i s\u00eb cil\u00ebs \u00ebsht\u00eb S\u00ebrgjan\" \/>\n<meta property=\"og:url\" content=\"https:\/\/veritasinfo.org\/?p=36570\" \/>\n<meta property=\"article:published_time\" content=\"2026-03-08T10:45:25+00:00\" \/>\n<meta property=\"article:modified_time\" content=\"2026-03-08T11:11:43+00:00\" \/>\n<meta property=\"og:image\" content=\"https:\/\/veritasinfo.org\/wp-content\/uploads\/2026\/03\/1000081469-scaled.jpg\" \/>\n\t<meta property=\"og:image:width\" content=\"2560\" \/>\n\t<meta property=\"og:image:height\" content=\"1152\" \/>\n\t<meta property=\"og:image:type\" content=\"image\/jpeg\" \/>\n<meta name=\"author\" content=\"US6\" \/>\n<meta name=\"twitter:card\" content=\"summary_large_image\" \/>\n<meta name=\"twitter:label1\" content=\"Written by\" \/>\n\t<meta name=\"twitter:data1\" content=\"US6\" \/>\n\t<meta name=\"twitter:label2\" content=\"Est. reading time\" \/>\n\t<meta name=\"twitter:data2\" content=\"2 minutes\" \/>\n<script type=\"application\/ld+json\" class=\"yoast-schema-graph\">{\"@context\":\"https:\/\/schema.org\",\"@graph\":[{\"@type\":\"WebPage\",\"@id\":\"https:\/\/veritasinfo.org\/?p=36570\",\"url\":\"https:\/\/veritasinfo.org\/?p=36570\",\"name\":\"Vuloviqi e p\u00ebrdori objektin e \u201cIb\u00ebr Lepencit\u201d p\u00ebr vite me radh\u00eb pa kompensim, kurse tani e paraqet ankandin si presion politik -\",\"isPartOf\":{\"@id\":\"https:\/\/veritasinfo.org\/#website\"},\"primaryImageOfPage\":{\"@id\":\"https:\/\/veritasinfo.org\/?p=36570#primaryimage\"},\"image\":{\"@id\":\"https:\/\/veritasinfo.org\/?p=36570#primaryimage\"},\"thumbnailUrl\":\"https:\/\/veritasinfo.org\/wp-content\/uploads\/2026\/03\/1000081469-scaled.jpg\",\"datePublished\":\"2026-03-08T10:45:25+00:00\",\"dateModified\":\"2026-03-08T11:11:43+00:00\",\"author\":{\"@id\":\"https:\/\/veritasinfo.org\/#\/schema\/person\/fe199eede04c3937362892b7444747cc\"},\"breadcrumb\":{\"@id\":\"https:\/\/veritasinfo.org\/?p=36570#breadcrumb\"},\"inLanguage\":\"en-US\",\"potentialAction\":[{\"@type\":\"ReadAction\",\"target\":[\"https:\/\/veritasinfo.org\/?p=36570\"]}]},{\"@type\":\"ImageObject\",\"inLanguage\":\"en-US\",\"@id\":\"https:\/\/veritasinfo.org\/?p=36570#primaryimage\",\"url\":\"https:\/\/veritasinfo.org\/wp-content\/uploads\/2026\/03\/1000081469-scaled.jpg\",\"contentUrl\":\"https:\/\/veritasinfo.org\/wp-content\/uploads\/2026\/03\/1000081469-scaled.jpg\",\"width\":2560,\"height\":1152},{\"@type\":\"BreadcrumbList\",\"@id\":\"https:\/\/veritasinfo.org\/?p=36570#breadcrumb\",\"itemListElement\":[{\"@type\":\"ListItem\",\"position\":1,\"name\":\"Home\",\"item\":\"https:\/\/veritasinfo.org\/\"},{\"@type\":\"ListItem\",\"position\":2,\"name\":\"Vuloviqi e p\u00ebrdori objektin e \u201cIb\u00ebr Lepencit\u201d p\u00ebr vite me radh\u00eb pa kompensim, kurse tani e paraqet ankandin si presion politik\"}]},{\"@type\":\"WebSite\",\"@id\":\"https:\/\/veritasinfo.org\/#website\",\"url\":\"https:\/\/veritasinfo.org\/\",\"name\":\"\",\"description\":\"\",\"potentialAction\":[{\"@type\":\"SearchAction\",\"target\":{\"@type\":\"EntryPoint\",\"urlTemplate\":\"https:\/\/veritasinfo.org\/?s={search_term_string}\"},\"query-input\":{\"@type\":\"PropertyValueSpecification\",\"valueRequired\":true,\"valueName\":\"search_term_string\"}}],\"inLanguage\":\"en-US\"},{\"@type\":\"Person\",\"@id\":\"https:\/\/veritasinfo.org\/#\/schema\/person\/fe199eede04c3937362892b7444747cc\",\"name\":\"US6\",\"image\":{\"@type\":\"ImageObject\",\"inLanguage\":\"en-US\",\"@id\":\"https:\/\/veritasinfo.org\/#\/schema\/person\/image\/\",\"url\":\"https:\/\/secure.gravatar.com\/avatar\/cb16c3c31c9d23b9b8c705964598220b3014e42ff51eb540ff23cefa3ae8c15f?s=96&d=mm&r=g\",\"contentUrl\":\"https:\/\/secure.gravatar.com\/avatar\/cb16c3c31c9d23b9b8c705964598220b3014e42ff51eb540ff23cefa3ae8c15f?s=96&d=mm&r=g\",\"caption\":\"US6\"},\"url\":\"https:\/\/veritasinfo.org\/?author=7\"}]}<\/script>\n<!-- \/ Yoast SEO plugin. -->","yoast_head_json":{"title":"Vuloviqi e p\u00ebrdori objektin e \u201cIb\u00ebr Lepencit\u201d p\u00ebr vite me radh\u00eb pa kompensim, kurse tani e paraqet ankandin si presion politik -","robots":{"index":"index","follow":"follow","max-snippet":"max-snippet:-1","max-image-preview":"max-image-preview:large","max-video-preview":"max-video-preview:-1"},"canonical":"https:\/\/veritasinfo.org\/?p=36570","og_locale":"en_US","og_type":"article","og_title":"Vuloviqi e p\u00ebrdori objektin e \u201cIb\u00ebr Lepencit\u201d p\u00ebr vite me radh\u00eb pa kompensim, kurse tani e paraqet ankandin si presion politik -","og_description":"Zubin Potok, 08 mars 2026 11:44 Nd\u00ebrtesa, e cila \u00ebsht\u00eb p\u00ebrdorur p\u00ebr vite me radh\u00eb nga kompania &#8220;Kolashin prevoz&#8221;, pronar i s\u00eb cil\u00ebs \u00ebsht\u00eb S\u00ebrgjan","og_url":"https:\/\/veritasinfo.org\/?p=36570","article_published_time":"2026-03-08T10:45:25+00:00","article_modified_time":"2026-03-08T11:11:43+00:00","og_image":[{"width":2560,"height":1152,"url":"https:\/\/veritasinfo.org\/wp-content\/uploads\/2026\/03\/1000081469-scaled.jpg","type":"image\/jpeg"}],"author":"US6","twitter_card":"summary_large_image","twitter_misc":{"Written by":"US6","Est. reading time":"2 minutes"},"schema":{"@context":"https:\/\/schema.org","@graph":[{"@type":"WebPage","@id":"https:\/\/veritasinfo.org\/?p=36570","url":"https:\/\/veritasinfo.org\/?p=36570","name":"Vuloviqi e p\u00ebrdori objektin e \u201cIb\u00ebr Lepencit\u201d p\u00ebr vite me radh\u00eb pa kompensim, kurse tani e paraqet ankandin si presion politik -","isPartOf":{"@id":"https:\/\/veritasinfo.org\/#website"},"primaryImageOfPage":{"@id":"https:\/\/veritasinfo.org\/?p=36570#primaryimage"},"image":{"@id":"https:\/\/veritasinfo.org\/?p=36570#primaryimage"},"thumbnailUrl":"https:\/\/veritasinfo.org\/wp-content\/uploads\/2026\/03\/1000081469-scaled.jpg","datePublished":"2026-03-08T10:45:25+00:00","dateModified":"2026-03-08T11:11:43+00:00","author":{"@id":"https:\/\/veritasinfo.org\/#\/schema\/person\/fe199eede04c3937362892b7444747cc"},"breadcrumb":{"@id":"https:\/\/veritasinfo.org\/?p=36570#breadcrumb"},"inLanguage":"en-US","potentialAction":[{"@type":"ReadAction","target":["https:\/\/veritasinfo.org\/?p=36570"]}]},{"@type":"ImageObject","inLanguage":"en-US","@id":"https:\/\/veritasinfo.org\/?p=36570#primaryimage","url":"https:\/\/veritasinfo.org\/wp-content\/uploads\/2026\/03\/1000081469-scaled.jpg","contentUrl":"https:\/\/veritasinfo.org\/wp-content\/uploads\/2026\/03\/1000081469-scaled.jpg","width":2560,"height":1152},{"@type":"BreadcrumbList","@id":"https:\/\/veritasinfo.org\/?p=36570#breadcrumb","itemListElement":[{"@type":"ListItem","position":1,"name":"Home","item":"https:\/\/veritasinfo.org\/"},{"@type":"ListItem","position":2,"name":"Vuloviqi e p\u00ebrdori objektin e \u201cIb\u00ebr Lepencit\u201d p\u00ebr vite me radh\u00eb pa kompensim, kurse tani e paraqet ankandin si presion politik"}]},{"@type":"WebSite","@id":"https:\/\/veritasinfo.org\/#website","url":"https:\/\/veritasinfo.org\/","name":"","description":"","potentialAction":[{"@type":"SearchAction","target":{"@type":"EntryPoint","urlTemplate":"https:\/\/veritasinfo.org\/?s={search_term_string}"},"query-input":{"@type":"PropertyValueSpecification","valueRequired":true,"valueName":"search_term_string"}}],"inLanguage":"en-US"},{"@type":"Person","@id":"https:\/\/veritasinfo.org\/#\/schema\/person\/fe199eede04c3937362892b7444747cc","name":"US6","image":{"@type":"ImageObject","inLanguage":"en-US","@id":"https:\/\/veritasinfo.org\/#\/schema\/person\/image\/","url":"https:\/\/secure.gravatar.com\/avatar\/cb16c3c31c9d23b9b8c705964598220b3014e42ff51eb540ff23cefa3ae8c15f?s=96&d=mm&r=g","contentUrl":"https:\/\/secure.gravatar.com\/avatar\/cb16c3c31c9d23b9b8c705964598220b3014e42ff51eb540ff23cefa3ae8c15f?s=96&d=mm&r=g","caption":"US6"},"url":"https:\/\/veritasinfo.org\/?author=7"}]}},"featured_image_urls":{"full":["https:\/\/veritasinfo.org\/wp-content\/uploads\/2026\/03\/1000081469-scaled.jpg",2560,1152,false],"thumbnail":["https:\/\/veritasinfo.org\/wp-content\/uploads\/2026\/03\/1000081469-150x150.jpg",150,150,true],"medium":["https:\/\/veritasinfo.org\/wp-content\/uploads\/2026\/03\/1000081469-300x135.jpg",300,135,true],"medium_large":["https:\/\/veritasinfo.org\/wp-content\/uploads\/2026\/03\/1000081469-768x345.jpg",640,288,true],"large":["https:\/\/veritasinfo.org\/wp-content\/uploads\/2026\/03\/1000081469-1024x461.jpg",640,288,true],"1536x1536":["https:\/\/veritasinfo.org\/wp-content\/uploads\/2026\/03\/1000081469-1536x691.jpg",1536,691,true],"2048x2048":["https:\/\/veritasinfo.org\/wp-content\/uploads\/2026\/03\/1000081469-2048x921.jpg",2048,921,true],"kreeti-slider-full":["https:\/\/veritasinfo.org\/wp-content\/uploads\/2026\/03\/1000081469-scaled.jpg",1280,576,false],"kreeti-featured":["https:\/\/veritasinfo.org\/wp-content\/uploads\/2026\/03\/1000081469-scaled.jpg",1024,461,false],"kreeti-medium":["https:\/\/veritasinfo.org\/wp-content\/uploads\/2026\/03\/1000081469-scaled.jpg",720,324,false],"kreeti-medium-square":["https:\/\/veritasinfo.org\/wp-content\/uploads\/2026\/03\/1000081469-scaled.jpg",350,158,false]},"author_info":{"info":["US6"]},"category_info":"<a href=\"https:\/\/veritasinfo.org\/?cat=58\" rel=\"category\">Politik\u00eb<\/a>","tag_info":"Politik\u00eb","comment_count":"0","_links":{"self":[{"href":"https:\/\/veritasinfo.org\/index.php?rest_route=\/wp\/v2\/posts\/36570","targetHints":{"allow":["GET"]}}],"collection":[{"href":"https:\/\/veritasinfo.org\/index.php?rest_route=\/wp\/v2\/posts"}],"about":[{"href":"https:\/\/veritasinfo.org\/index.php?rest_route=\/wp\/v2\/types\/post"}],"author":[{"embeddable":true,"href":"https:\/\/veritasinfo.org\/index.php?rest_route=\/wp\/v2\/users\/7"}],"replies":[{"embeddable":true,"href":"https:\/\/veritasinfo.org\/index.php?rest_route=%2Fwp%2Fv2%2Fcomments&post=36570"}],"version-history":[{"count":1,"href":"https:\/\/veritasinfo.org\/index.php?rest_route=\/wp\/v2\/posts\/36570\/revisions"}],"predecessor-version":[{"id":36572,"href":"https:\/\/veritasinfo.org\/index.php?rest_route=\/wp\/v2\/posts\/36570\/revisions\/36572"}],"wp:featuredmedia":[{"embeddable":true,"href":"https:\/\/veritasinfo.org\/index.php?rest_route=\/wp\/v2\/media\/36571"}],"wp:attachment":[{"href":"https:\/\/veritasinfo.org\/index.php?rest_route=%2Fwp%2Fv2%2Fmedia&parent=36570"}],"wp:term":[{"taxonomy":"category","embeddable":true,"href":"https:\/\/veritasinfo.org\/index.php?rest_route=%2Fwp%2Fv2%2Fcategories&post=36570"},{"taxonomy":"post_tag","embeddable":true,"href":"https:\/\/veritasinfo.org\/index.php?rest_route=%2Fwp%2Fv2%2Ftags&post=36570"}],"curies":[{"name":"wp","href":"https:\/\/api.w.org\/{rel}","templated":true}]}}