{"id":36550,"date":"2026-03-08T09:12:06","date_gmt":"2026-03-08T08:12:06","guid":{"rendered":"https:\/\/veritasinfo.org\/?p=36550"},"modified":"2026-03-08T09:12:06","modified_gmt":"2026-03-08T08:12:06","slug":"verifikohet-respektimi-i-afatit-tremujor-per-veturat-me-targa-te-huaja","status":"publish","type":"post","link":"https:\/\/veritasinfo.org\/?p=36550","title":{"rendered":"Verifikohet respektimi i afatit tremujor p\u00ebr veturat me targa t\u00eb huaja"},"content":{"rendered":"<p>Prishtin\u00eb, 8 mars 2026 09:10<\/p>\n<p>Zbatimi i ploti i rregullave p\u00ebr qarkullim t\u00eb automjeteve me targa t\u00eb huaja, si pas ligjit n\u00eb fuqi, kufizon q\u00ebndrimin e Kosov\u00ebs vet\u00ebm tre muaj.<\/p>\n<p>Shtetasit e huaj n\u00eb Kosov\u00eb kan\u00eb t\u00eb drejt\u00eb t\u00eb vozitin vet\u00ebm tre muaj me targa t\u00eb huaja n\u00eb baz\u00eb t\u00eb legislacionit n\u00eb fuqi. Zyrtar\u00ebt t\u00eb dogan\u00ebs bashk\u00eb me policin\u00eb e Kosov\u00ebs kan\u00eb dal\u00eb n\u00eb teren dhe po verifikojn\u00eb veturat a jan\u00eb duke respektuar k\u00ebt\u00eb ligj.<\/p>\n<p>Por verifikimet nuk ndalen vet\u00ebm te koh\u00ebgjatja e q\u00ebndrimit. Zyrtar\u00ebt po kontrollojn\u00eb n\u00ebse pronari apo vozit\u00ebsi i automjetit me targa t\u00eb huaja \u00ebsht\u00eb shtetas i Kosov\u00ebs dhe n\u00ebse posedon leje q\u00ebndrimi n\u00eb ndonj\u00eb shtet tjet\u00ebr. N\u00eb fokus jan\u00eb edhe veturat q\u00eb qarkullojn\u00eb pa targa.<\/p>\n<p>\u201cNe bashk\u00eb me disa ekipe anti-kontraband\u00eb t\u00eb dogan\u00ebs e Kosov\u00ebs dhe me policin\u00eb e Kosov\u00ebs, kemi vendosur disa pika kontrolli n\u00eb qytetin e Prishtin\u00ebs p\u00ebr t\u00eb realizuar kontroll lidhur me qarkullimin e automjeteve me targa t\u00eb huaja. Si p\u00ebr ato q\u00eb e te kalojn\u00eb tre mujorin e q\u00ebndrimit n\u00eb Kosov\u00eb, Si p\u00ebr ato q\u00eb vozit\u00ebn nga shtetasit e Kosov\u00ebs pa autorizim apo pa leje q\u00ebndrim t\u00eb vend\u00ebve t\u00eb tjera\u201d, tha p\u00ebr RTK, Artjan Gjonbalaj, udh\u00ebheq\u00ebs i Nj\u00ebsitit Antikontraband\u00eb.<\/p>\n<p>Vet\u00ebm n\u00eb nj\u00eb pik\u00eb kontrolli, brenda pak minutash, zyrtar\u00ebt doganor sekuestrojn\u00eb tri vetura q\u00eb po qarkullojn\u00eb jasht\u00eb.<\/p>\n<p>\u201cSi e keni par\u00eb, brenda disa minutash n\u00eb tri pikat e kontrollit i sekuestruam tri vetura. I kemi sjell\u00eb k\u00ebtu n\u00eb terminalin doganor n\u00eb Prishtin\u00eb dhe aksioni vazhdon edhe tutje. Do t\u00eb vazhdoj edhe me dit\u00ebt n\u00eb vijim\u201d, tha ai.<\/p>\n<p>Nj\u00eb vetura i konfiskua edhe nj\u00eb qytetari t\u00eb Kosov\u00ebs i cili po voziste automjetin me targa t\u00eb Shqip\u00ebris\u00eb n\u00eb kund\u00ebrshtim me ligjin n\u00eb fuqi.<\/p>\n<p>\u201cShtetasi i Kosov\u00ebs vozit automjetin i regjistruar n\u00eb Shqip\u00ebri, nj\u00ebkoh\u00ebsisht pyet edhe bashk\u00eb biznes n\u00eb Kosov\u00eb\u201d, tha ai.<\/p>\n<p>Gjat\u00eb k\u00ebtij aksioni, zyrtar\u00ebt doganor u a shpjeguan shofer\u00ebve edhe dispozitat ligjore t\u00eb cilat p\u00ebrcaktojn\u00eb se nj\u00eb vetur\u00eb me targa t\u00eb huaja mund t\u00eb q\u00ebndroj n\u00eb Kosov\u00eb vet\u00ebm tre muaj<\/p>\n","protected":false},"excerpt":{"rendered":"<p>Prishtin\u00eb, 8 mars 2026 09:10 Zbatimi i ploti i rregullave p\u00ebr qarkullim t\u00eb automjeteve me targa t\u00eb huaja, si pas ligjit n\u00eb fuqi, kufizon q\u00ebndrimin<\/p>\n","protected":false},"author":7,"featured_media":36551,"comment_status":"open","ping_status":"open","sticky":false,"template":"","format":"standard","meta":{"footnotes":""},"categories":[60],"tags":[],"class_list":["post-36550","post","type-post","status-publish","format-standard","has-post-thumbnail","hentry","category-shoqerore-sq"],"yoast_head":"<!-- This site is optimized with the Yoast SEO plugin v25.3.1 - https:\/\/yoast.com\/wordpress\/plugins\/seo\/ -->\n<title>Verifikohet respektimi i afatit tremujor p\u00ebr veturat me targa t\u00eb huaja -<\/title>\n<meta name=\"robots\" content=\"index, follow, max-snippet:-1, max-image-preview:large, max-video-preview:-1\" \/>\n<link rel=\"canonical\" href=\"https:\/\/veritasinfo.org\/?p=36550\" \/>\n<meta property=\"og:locale\" content=\"en_US\" \/>\n<meta property=\"og:type\" content=\"article\" \/>\n<meta property=\"og:title\" content=\"Verifikohet respektimi i afatit tremujor p\u00ebr veturat me targa t\u00eb huaja -\" \/>\n<meta property=\"og:description\" content=\"Prishtin\u00eb, 8 mars 2026 09:10 Zbatimi i ploti i rregullave p\u00ebr qarkullim t\u00eb automjeteve me targa t\u00eb huaja, si pas ligjit n\u00eb fuqi, kufizon q\u00ebndrimin\" \/>\n<meta property=\"og:url\" content=\"https:\/\/veritasinfo.org\/?p=36550\" \/>\n<meta property=\"article:published_time\" content=\"2026-03-08T08:12:06+00:00\" \/>\n<meta property=\"og:image\" content=\"https:\/\/veritasinfo.org\/wp-content\/uploads\/2026\/03\/policia-2.jpg\" \/>\n\t<meta property=\"og:image:width\" content=\"851\" \/>\n\t<meta property=\"og:image:height\" content=\"536\" \/>\n\t<meta property=\"og:image:type\" content=\"image\/jpeg\" \/>\n<meta name=\"author\" content=\"US6\" \/>\n<meta name=\"twitter:card\" content=\"summary_large_image\" \/>\n<meta name=\"twitter:label1\" content=\"Written by\" \/>\n\t<meta name=\"twitter:data1\" content=\"US6\" \/>\n\t<meta name=\"twitter:label2\" content=\"Est. reading time\" \/>\n\t<meta name=\"twitter:data2\" content=\"2 minutes\" \/>\n<script type=\"application\/ld+json\" class=\"yoast-schema-graph\">{\"@context\":\"https:\/\/schema.org\",\"@graph\":[{\"@type\":\"WebPage\",\"@id\":\"https:\/\/veritasinfo.org\/?p=36550\",\"url\":\"https:\/\/veritasinfo.org\/?p=36550\",\"name\":\"Verifikohet respektimi i afatit tremujor p\u00ebr veturat me targa t\u00eb huaja -\",\"isPartOf\":{\"@id\":\"https:\/\/veritasinfo.org\/#website\"},\"primaryImageOfPage\":{\"@id\":\"https:\/\/veritasinfo.org\/?p=36550#primaryimage\"},\"image\":{\"@id\":\"https:\/\/veritasinfo.org\/?p=36550#primaryimage\"},\"thumbnailUrl\":\"https:\/\/veritasinfo.org\/wp-content\/uploads\/2026\/03\/policia-2.jpg\",\"datePublished\":\"2026-03-08T08:12:06+00:00\",\"author\":{\"@id\":\"https:\/\/veritasinfo.org\/#\/schema\/person\/fe199eede04c3937362892b7444747cc\"},\"breadcrumb\":{\"@id\":\"https:\/\/veritasinfo.org\/?p=36550#breadcrumb\"},\"inLanguage\":\"en-US\",\"potentialAction\":[{\"@type\":\"ReadAction\",\"target\":[\"https:\/\/veritasinfo.org\/?p=36550\"]}]},{\"@type\":\"ImageObject\",\"inLanguage\":\"en-US\",\"@id\":\"https:\/\/veritasinfo.org\/?p=36550#primaryimage\",\"url\":\"https:\/\/veritasinfo.org\/wp-content\/uploads\/2026\/03\/policia-2.jpg\",\"contentUrl\":\"https:\/\/veritasinfo.org\/wp-content\/uploads\/2026\/03\/policia-2.jpg\",\"width\":851,\"height\":536},{\"@type\":\"BreadcrumbList\",\"@id\":\"https:\/\/veritasinfo.org\/?p=36550#breadcrumb\",\"itemListElement\":[{\"@type\":\"ListItem\",\"position\":1,\"name\":\"Home\",\"item\":\"https:\/\/veritasinfo.org\/\"},{\"@type\":\"ListItem\",\"position\":2,\"name\":\"Verifikohet respektimi i afatit tremujor p\u00ebr veturat me targa t\u00eb huaja\"}]},{\"@type\":\"WebSite\",\"@id\":\"https:\/\/veritasinfo.org\/#website\",\"url\":\"https:\/\/veritasinfo.org\/\",\"name\":\"\",\"description\":\"\",\"potentialAction\":[{\"@type\":\"SearchAction\",\"target\":{\"@type\":\"EntryPoint\",\"urlTemplate\":\"https:\/\/veritasinfo.org\/?s={search_term_string}\"},\"query-input\":{\"@type\":\"PropertyValueSpecification\",\"valueRequired\":true,\"valueName\":\"search_term_string\"}}],\"inLanguage\":\"en-US\"},{\"@type\":\"Person\",\"@id\":\"https:\/\/veritasinfo.org\/#\/schema\/person\/fe199eede04c3937362892b7444747cc\",\"name\":\"US6\",\"image\":{\"@type\":\"ImageObject\",\"inLanguage\":\"en-US\",\"@id\":\"https:\/\/veritasinfo.org\/#\/schema\/person\/image\/\",\"url\":\"https:\/\/secure.gravatar.com\/avatar\/cb16c3c31c9d23b9b8c705964598220b3014e42ff51eb540ff23cefa3ae8c15f?s=96&d=mm&r=g\",\"contentUrl\":\"https:\/\/secure.gravatar.com\/avatar\/cb16c3c31c9d23b9b8c705964598220b3014e42ff51eb540ff23cefa3ae8c15f?s=96&d=mm&r=g\",\"caption\":\"US6\"},\"url\":\"https:\/\/veritasinfo.org\/?author=7\"}]}<\/script>\n<!-- \/ Yoast SEO plugin. -->","yoast_head_json":{"title":"Verifikohet respektimi i afatit tremujor p\u00ebr veturat me targa t\u00eb huaja -","robots":{"index":"index","follow":"follow","max-snippet":"max-snippet:-1","max-image-preview":"max-image-preview:large","max-video-preview":"max-video-preview:-1"},"canonical":"https:\/\/veritasinfo.org\/?p=36550","og_locale":"en_US","og_type":"article","og_title":"Verifikohet respektimi i afatit tremujor p\u00ebr veturat me targa t\u00eb huaja -","og_description":"Prishtin\u00eb, 8 mars 2026 09:10 Zbatimi i ploti i rregullave p\u00ebr qarkullim t\u00eb automjeteve me targa t\u00eb huaja, si pas ligjit n\u00eb fuqi, kufizon q\u00ebndrimin","og_url":"https:\/\/veritasinfo.org\/?p=36550","article_published_time":"2026-03-08T08:12:06+00:00","og_image":[{"width":851,"height":536,"url":"https:\/\/veritasinfo.org\/wp-content\/uploads\/2026\/03\/policia-2.jpg","type":"image\/jpeg"}],"author":"US6","twitter_card":"summary_large_image","twitter_misc":{"Written by":"US6","Est. reading time":"2 minutes"},"schema":{"@context":"https:\/\/schema.org","@graph":[{"@type":"WebPage","@id":"https:\/\/veritasinfo.org\/?p=36550","url":"https:\/\/veritasinfo.org\/?p=36550","name":"Verifikohet respektimi i afatit tremujor p\u00ebr veturat me targa t\u00eb huaja -","isPartOf":{"@id":"https:\/\/veritasinfo.org\/#website"},"primaryImageOfPage":{"@id":"https:\/\/veritasinfo.org\/?p=36550#primaryimage"},"image":{"@id":"https:\/\/veritasinfo.org\/?p=36550#primaryimage"},"thumbnailUrl":"https:\/\/veritasinfo.org\/wp-content\/uploads\/2026\/03\/policia-2.jpg","datePublished":"2026-03-08T08:12:06+00:00","author":{"@id":"https:\/\/veritasinfo.org\/#\/schema\/person\/fe199eede04c3937362892b7444747cc"},"breadcrumb":{"@id":"https:\/\/veritasinfo.org\/?p=36550#breadcrumb"},"inLanguage":"en-US","potentialAction":[{"@type":"ReadAction","target":["https:\/\/veritasinfo.org\/?p=36550"]}]},{"@type":"ImageObject","inLanguage":"en-US","@id":"https:\/\/veritasinfo.org\/?p=36550#primaryimage","url":"https:\/\/veritasinfo.org\/wp-content\/uploads\/2026\/03\/policia-2.jpg","contentUrl":"https:\/\/veritasinfo.org\/wp-content\/uploads\/2026\/03\/policia-2.jpg","width":851,"height":536},{"@type":"BreadcrumbList","@id":"https:\/\/veritasinfo.org\/?p=36550#breadcrumb","itemListElement":[{"@type":"ListItem","position":1,"name":"Home","item":"https:\/\/veritasinfo.org\/"},{"@type":"ListItem","position":2,"name":"Verifikohet respektimi i afatit tremujor p\u00ebr veturat me targa t\u00eb huaja"}]},{"@type":"WebSite","@id":"https:\/\/veritasinfo.org\/#website","url":"https:\/\/veritasinfo.org\/","name":"","description":"","potentialAction":[{"@type":"SearchAction","target":{"@type":"EntryPoint","urlTemplate":"https:\/\/veritasinfo.org\/?s={search_term_string}"},"query-input":{"@type":"PropertyValueSpecification","valueRequired":true,"valueName":"search_term_string"}}],"inLanguage":"en-US"},{"@type":"Person","@id":"https:\/\/veritasinfo.org\/#\/schema\/person\/fe199eede04c3937362892b7444747cc","name":"US6","image":{"@type":"ImageObject","inLanguage":"en-US","@id":"https:\/\/veritasinfo.org\/#\/schema\/person\/image\/","url":"https:\/\/secure.gravatar.com\/avatar\/cb16c3c31c9d23b9b8c705964598220b3014e42ff51eb540ff23cefa3ae8c15f?s=96&d=mm&r=g","contentUrl":"https:\/\/secure.gravatar.com\/avatar\/cb16c3c31c9d23b9b8c705964598220b3014e42ff51eb540ff23cefa3ae8c15f?s=96&d=mm&r=g","caption":"US6"},"url":"https:\/\/veritasinfo.org\/?author=7"}]}},"featured_image_urls":{"full":["https:\/\/veritasinfo.org\/wp-content\/uploads\/2026\/03\/policia-2.jpg",851,536,false],"thumbnail":["https:\/\/veritasinfo.org\/wp-content\/uploads\/2026\/03\/policia-2-150x150.jpg",150,150,true],"medium":["https:\/\/veritasinfo.org\/wp-content\/uploads\/2026\/03\/policia-2-300x189.jpg",300,189,true],"medium_large":["https:\/\/veritasinfo.org\/wp-content\/uploads\/2026\/03\/policia-2-768x484.jpg",640,403,true],"large":["https:\/\/veritasinfo.org\/wp-content\/uploads\/2026\/03\/policia-2.jpg",640,403,false],"1536x1536":["https:\/\/veritasinfo.org\/wp-content\/uploads\/2026\/03\/policia-2.jpg",851,536,false],"2048x2048":["https:\/\/veritasinfo.org\/wp-content\/uploads\/2026\/03\/policia-2.jpg",851,536,false],"kreeti-slider-full":["https:\/\/veritasinfo.org\/wp-content\/uploads\/2026\/03\/policia-2.jpg",851,536,false],"kreeti-featured":["https:\/\/veritasinfo.org\/wp-content\/uploads\/2026\/03\/policia-2.jpg",851,536,false],"kreeti-medium":["https:\/\/veritasinfo.org\/wp-content\/uploads\/2026\/03\/policia-2.jpg",720,453,false],"kreeti-medium-square":["https:\/\/veritasinfo.org\/wp-content\/uploads\/2026\/03\/policia-2.jpg",350,220,false]},"author_info":{"info":["US6"]},"category_info":"<a href=\"https:\/\/veritasinfo.org\/?cat=60\" rel=\"category\">Shoq\u00ebrore<\/a>","tag_info":"Shoq\u00ebrore","comment_count":"0","_links":{"self":[{"href":"https:\/\/veritasinfo.org\/index.php?rest_route=\/wp\/v2\/posts\/36550","targetHints":{"allow":["GET"]}}],"collection":[{"href":"https:\/\/veritasinfo.org\/index.php?rest_route=\/wp\/v2\/posts"}],"about":[{"href":"https:\/\/veritasinfo.org\/index.php?rest_route=\/wp\/v2\/types\/post"}],"author":[{"embeddable":true,"href":"https:\/\/veritasinfo.org\/index.php?rest_route=\/wp\/v2\/users\/7"}],"replies":[{"embeddable":true,"href":"https:\/\/veritasinfo.org\/index.php?rest_route=%2Fwp%2Fv2%2Fcomments&post=36550"}],"version-history":[{"count":1,"href":"https:\/\/veritasinfo.org\/index.php?rest_route=\/wp\/v2\/posts\/36550\/revisions"}],"predecessor-version":[{"id":36552,"href":"https:\/\/veritasinfo.org\/index.php?rest_route=\/wp\/v2\/posts\/36550\/revisions\/36552"}],"wp:featuredmedia":[{"embeddable":true,"href":"https:\/\/veritasinfo.org\/index.php?rest_route=\/wp\/v2\/media\/36551"}],"wp:attachment":[{"href":"https:\/\/veritasinfo.org\/index.php?rest_route=%2Fwp%2Fv2%2Fmedia&parent=36550"}],"wp:term":[{"taxonomy":"category","embeddable":true,"href":"https:\/\/veritasinfo.org\/index.php?rest_route=%2Fwp%2Fv2%2Fcategories&post=36550"},{"taxonomy":"post_tag","embeddable":true,"href":"https:\/\/veritasinfo.org\/index.php?rest_route=%2Fwp%2Fv2%2Ftags&post=36550"}],"curies":[{"name":"wp","href":"https:\/\/api.w.org\/{rel}","templated":true}]}}