{"id":36530,"date":"2026-03-07T18:34:50","date_gmt":"2026-03-07T17:34:50","guid":{"rendered":"https:\/\/veritasinfo.org\/?p=36530"},"modified":"2026-03-07T18:34:50","modified_gmt":"2026-03-07T17:34:50","slug":"apeli-anulon-aktvendimin-e-themelores-per-lirimin-e-te-dyshuarve-per-transportin-e-1-mln-eurove","status":"publish","type":"post","link":"https:\/\/veritasinfo.org\/?p=36530","title":{"rendered":"Apeli anulon aktvendimin e Themelores p\u00ebr lirimin e t\u00eb dyshuarve p\u00ebr transportin e 1 mln eurove"},"content":{"rendered":"<p>Prishtin\u00eb, 7 mars 2026 18:33<\/p>\n<p>Gjykata e Apelit e ka anuluar aktvendimin e Gjykat\u00ebs Themelore n\u00eb Prishtin\u00eb ndaj tre t\u00eb pandehurve t\u00eb akuzuar p\u00ebr transportin e 1 milion eurove, t\u00eb cilat u kap\u00ebn n\u00eb pik\u00ebkalimin kufitar n\u00eb Merdar. \u00c7\u00ebshtja tani \u00ebsht\u00eb kthyer n\u00eb rivendosje.<\/p>\n<p>Kolegji i Apelit ka gjetur se aktvendimi i ankimuar \u00ebsht\u00eb i p\u00ebrfshir\u00eb n\u00eb shkelje esenciale t\u00eb dispozitave t\u00eb procedur\u00ebs penale, shkelje q\u00eb nd\u00ebrlidhet me zbatimin e gabuar t\u00eb dispozit\u00ebs materiale, p\u00ebr shkak se gjykata e shkall\u00ebs s\u00eb par\u00eb, me rastin e refuzimit t\u00eb k\u00ebrkes\u00ebs s\u00eb Prokuroris\u00eb Speciale p\u00ebr caktimin e mas\u00ebs s\u00eb paraburgimit, nuk ka dh\u00ebn\u00eb arsye t\u00eb mjaftueshme se si ka ardhur n\u00eb p\u00ebrfundim lidhur me mosekzistimin e dyshimit t\u00eb bazuar.<\/p>\n<p>Po ashtu, ka gjetur tutje se arsyetimi i aktvendimit t\u00eb ankimuar rezulton t\u00eb jet\u00eb i p\u00ebrgjith\u00ebsuar, i paqart\u00eb dhe n\u00eb disa pjes\u00eb edhe kontradiktor.<\/p>\n<p>\u201cGjykata Themelore n\u00eb Prishtin\u00eb &#8211; Departamenti Special, me aktvendimin PPPS.nr.10\/2026, i dat\u00ebs 27.02.2026, ndaj t\u00eb pandehurve: E.A., A.K. dhe A.L., p\u00ebr shkak t\u00eb vepr\u00ebs penale Shp\u00ebrlarja e parave nga neni 302, lidhur me nenin 31 t\u00eb KPRK-s\u00eb, lidhur me nenin 56 par.1 pika 1.1 t\u00eb ligjit p\u00ebr Parandalimin e Pastrimit t\u00eb Parave dhe Luftimit e Financimit t\u00eb Terrorizmit, e ka refuzuar k\u00ebrkes\u00ebn e Prokuroris\u00eb Speciale t\u00eb Republik\u00ebs s\u00eb Kosov\u00ebs p\u00ebr caktimin e mas\u00ebs s\u00eb paraburgimit dhe t\u00eb nj\u00ebjtit i ka liruar menj\u00ebher\u00eb p\u00ebr t\u2019u mbrojtur n\u00eb liri nga data 27.02.2026\u201d, thuhet n\u00eb vendimin e Apelit.<\/p>\n<p>Prokuroria Speciale ishte ankuar pasi Themelorja refuzoi k\u00ebrkes\u00ebn p\u00ebr paraburgim t\u00eb tre t\u00eb dyshuarve, duke i liruar. N\u00eb arsyetimin e Themelores thuhej se nuk ka pasur as prova minimale p\u00ebr vepr\u00ebn p\u00ebr t\u00eb cil\u00ebn akuzohen.<\/p>\n<p>T\u00eb dyshuarit u kap\u00ebn duke transportuar 1 milion eurot e padeklaruara t\u00eb fshehura n\u00eb nj\u00eb hap\u00ebsir\u00eb t\u00eb modifikuar n\u00eb dyshemen\u00eb e nj\u00eb minibusi. E.A. po drejtonte mjetin. Nj\u00ebri prej t\u00eb dyshuarve, A.K., ishte polic n\u00eb Tiran\u00eb q\u00eb u suspendua pas arrestimit.<\/p>\n<p>N\u00eb brendi t\u00eb minibusit jan\u00eb gjetur 18 pako me para, t\u00eb p\u00ebrb\u00ebra nga bank\u00ebnora t\u00eb ndryshme prej 10, 20, 50, 100 deri n\u00eb 200 euro.<\/p>\n<p>&nbsp;<\/p>\n","protected":false},"excerpt":{"rendered":"<p>Prishtin\u00eb, 7 mars 2026 18:33 Gjykata e Apelit e ka anuluar aktvendimin e Gjykat\u00ebs Themelore n\u00eb Prishtin\u00eb ndaj tre t\u00eb pandehurve t\u00eb akuzuar p\u00ebr transportin<\/p>\n","protected":false},"author":7,"featured_media":36531,"comment_status":"open","ping_status":"open","sticky":false,"template":"","format":"standard","meta":{"footnotes":""},"categories":[60],"tags":[],"class_list":["post-36530","post","type-post","status-publish","format-standard","has-post-thumbnail","hentry","category-shoqerore-sq"],"yoast_head":"<!-- This site is optimized with the Yoast SEO plugin v25.3.1 - https:\/\/yoast.com\/wordpress\/plugins\/seo\/ -->\n<title>Apeli anulon aktvendimin e Themelores p\u00ebr lirimin e t\u00eb dyshuarve p\u00ebr transportin e 1 mln eurove -<\/title>\n<meta name=\"robots\" content=\"index, follow, max-snippet:-1, max-image-preview:large, max-video-preview:-1\" \/>\n<link rel=\"canonical\" href=\"https:\/\/veritasinfo.org\/?p=36530\" \/>\n<meta property=\"og:locale\" content=\"en_US\" \/>\n<meta property=\"og:type\" content=\"article\" \/>\n<meta property=\"og:title\" content=\"Apeli anulon aktvendimin e Themelores p\u00ebr lirimin e t\u00eb dyshuarve p\u00ebr transportin e 1 mln eurove -\" \/>\n<meta property=\"og:description\" content=\"Prishtin\u00eb, 7 mars 2026 18:33 Gjykata e Apelit e ka anuluar aktvendimin e Gjykat\u00ebs Themelore n\u00eb Prishtin\u00eb ndaj tre t\u00eb pandehurve t\u00eb akuzuar p\u00ebr transportin\" \/>\n<meta property=\"og:url\" content=\"https:\/\/veritasinfo.org\/?p=36530\" \/>\n<meta property=\"article:published_time\" content=\"2026-03-07T17:34:50+00:00\" \/>\n<meta property=\"og:image\" content=\"https:\/\/veritasinfo.org\/wp-content\/uploads\/2026\/03\/1-26.jpg\" \/>\n\t<meta property=\"og:image:width\" content=\"560\" \/>\n\t<meta property=\"og:image:height\" content=\"300\" \/>\n\t<meta property=\"og:image:type\" content=\"image\/jpeg\" \/>\n<meta name=\"author\" content=\"US6\" \/>\n<meta name=\"twitter:card\" content=\"summary_large_image\" \/>\n<meta name=\"twitter:label1\" content=\"Written by\" \/>\n\t<meta name=\"twitter:data1\" content=\"US6\" \/>\n\t<meta name=\"twitter:label2\" content=\"Est. reading time\" \/>\n\t<meta name=\"twitter:data2\" content=\"2 minutes\" \/>\n<script type=\"application\/ld+json\" class=\"yoast-schema-graph\">{\"@context\":\"https:\/\/schema.org\",\"@graph\":[{\"@type\":\"WebPage\",\"@id\":\"https:\/\/veritasinfo.org\/?p=36530\",\"url\":\"https:\/\/veritasinfo.org\/?p=36530\",\"name\":\"Apeli anulon aktvendimin e Themelores p\u00ebr lirimin e t\u00eb dyshuarve p\u00ebr transportin e 1 mln eurove -\",\"isPartOf\":{\"@id\":\"https:\/\/veritasinfo.org\/#website\"},\"primaryImageOfPage\":{\"@id\":\"https:\/\/veritasinfo.org\/?p=36530#primaryimage\"},\"image\":{\"@id\":\"https:\/\/veritasinfo.org\/?p=36530#primaryimage\"},\"thumbnailUrl\":\"https:\/\/veritasinfo.org\/wp-content\/uploads\/2026\/03\/1-26.jpg\",\"datePublished\":\"2026-03-07T17:34:50+00:00\",\"author\":{\"@id\":\"https:\/\/veritasinfo.org\/#\/schema\/person\/fe199eede04c3937362892b7444747cc\"},\"breadcrumb\":{\"@id\":\"https:\/\/veritasinfo.org\/?p=36530#breadcrumb\"},\"inLanguage\":\"en-US\",\"potentialAction\":[{\"@type\":\"ReadAction\",\"target\":[\"https:\/\/veritasinfo.org\/?p=36530\"]}]},{\"@type\":\"ImageObject\",\"inLanguage\":\"en-US\",\"@id\":\"https:\/\/veritasinfo.org\/?p=36530#primaryimage\",\"url\":\"https:\/\/veritasinfo.org\/wp-content\/uploads\/2026\/03\/1-26.jpg\",\"contentUrl\":\"https:\/\/veritasinfo.org\/wp-content\/uploads\/2026\/03\/1-26.jpg\",\"width\":560,\"height\":300},{\"@type\":\"BreadcrumbList\",\"@id\":\"https:\/\/veritasinfo.org\/?p=36530#breadcrumb\",\"itemListElement\":[{\"@type\":\"ListItem\",\"position\":1,\"name\":\"Home\",\"item\":\"https:\/\/veritasinfo.org\/\"},{\"@type\":\"ListItem\",\"position\":2,\"name\":\"Apeli anulon aktvendimin e Themelores p\u00ebr lirimin e t\u00eb dyshuarve p\u00ebr transportin e 1 mln eurove\"}]},{\"@type\":\"WebSite\",\"@id\":\"https:\/\/veritasinfo.org\/#website\",\"url\":\"https:\/\/veritasinfo.org\/\",\"name\":\"\",\"description\":\"\",\"potentialAction\":[{\"@type\":\"SearchAction\",\"target\":{\"@type\":\"EntryPoint\",\"urlTemplate\":\"https:\/\/veritasinfo.org\/?s={search_term_string}\"},\"query-input\":{\"@type\":\"PropertyValueSpecification\",\"valueRequired\":true,\"valueName\":\"search_term_string\"}}],\"inLanguage\":\"en-US\"},{\"@type\":\"Person\",\"@id\":\"https:\/\/veritasinfo.org\/#\/schema\/person\/fe199eede04c3937362892b7444747cc\",\"name\":\"US6\",\"image\":{\"@type\":\"ImageObject\",\"inLanguage\":\"en-US\",\"@id\":\"https:\/\/veritasinfo.org\/#\/schema\/person\/image\/\",\"url\":\"https:\/\/secure.gravatar.com\/avatar\/cb16c3c31c9d23b9b8c705964598220b3014e42ff51eb540ff23cefa3ae8c15f?s=96&d=mm&r=g\",\"contentUrl\":\"https:\/\/secure.gravatar.com\/avatar\/cb16c3c31c9d23b9b8c705964598220b3014e42ff51eb540ff23cefa3ae8c15f?s=96&d=mm&r=g\",\"caption\":\"US6\"},\"url\":\"https:\/\/veritasinfo.org\/?author=7\"}]}<\/script>\n<!-- \/ Yoast SEO plugin. -->","yoast_head_json":{"title":"Apeli anulon aktvendimin e Themelores p\u00ebr lirimin e t\u00eb dyshuarve p\u00ebr transportin e 1 mln eurove -","robots":{"index":"index","follow":"follow","max-snippet":"max-snippet:-1","max-image-preview":"max-image-preview:large","max-video-preview":"max-video-preview:-1"},"canonical":"https:\/\/veritasinfo.org\/?p=36530","og_locale":"en_US","og_type":"article","og_title":"Apeli anulon aktvendimin e Themelores p\u00ebr lirimin e t\u00eb dyshuarve p\u00ebr transportin e 1 mln eurove -","og_description":"Prishtin\u00eb, 7 mars 2026 18:33 Gjykata e Apelit e ka anuluar aktvendimin e Gjykat\u00ebs Themelore n\u00eb Prishtin\u00eb ndaj tre t\u00eb pandehurve t\u00eb akuzuar p\u00ebr transportin","og_url":"https:\/\/veritasinfo.org\/?p=36530","article_published_time":"2026-03-07T17:34:50+00:00","og_image":[{"width":560,"height":300,"url":"https:\/\/veritasinfo.org\/wp-content\/uploads\/2026\/03\/1-26.jpg","type":"image\/jpeg"}],"author":"US6","twitter_card":"summary_large_image","twitter_misc":{"Written by":"US6","Est. reading time":"2 minutes"},"schema":{"@context":"https:\/\/schema.org","@graph":[{"@type":"WebPage","@id":"https:\/\/veritasinfo.org\/?p=36530","url":"https:\/\/veritasinfo.org\/?p=36530","name":"Apeli anulon aktvendimin e Themelores p\u00ebr lirimin e t\u00eb dyshuarve p\u00ebr transportin e 1 mln eurove -","isPartOf":{"@id":"https:\/\/veritasinfo.org\/#website"},"primaryImageOfPage":{"@id":"https:\/\/veritasinfo.org\/?p=36530#primaryimage"},"image":{"@id":"https:\/\/veritasinfo.org\/?p=36530#primaryimage"},"thumbnailUrl":"https:\/\/veritasinfo.org\/wp-content\/uploads\/2026\/03\/1-26.jpg","datePublished":"2026-03-07T17:34:50+00:00","author":{"@id":"https:\/\/veritasinfo.org\/#\/schema\/person\/fe199eede04c3937362892b7444747cc"},"breadcrumb":{"@id":"https:\/\/veritasinfo.org\/?p=36530#breadcrumb"},"inLanguage":"en-US","potentialAction":[{"@type":"ReadAction","target":["https:\/\/veritasinfo.org\/?p=36530"]}]},{"@type":"ImageObject","inLanguage":"en-US","@id":"https:\/\/veritasinfo.org\/?p=36530#primaryimage","url":"https:\/\/veritasinfo.org\/wp-content\/uploads\/2026\/03\/1-26.jpg","contentUrl":"https:\/\/veritasinfo.org\/wp-content\/uploads\/2026\/03\/1-26.jpg","width":560,"height":300},{"@type":"BreadcrumbList","@id":"https:\/\/veritasinfo.org\/?p=36530#breadcrumb","itemListElement":[{"@type":"ListItem","position":1,"name":"Home","item":"https:\/\/veritasinfo.org\/"},{"@type":"ListItem","position":2,"name":"Apeli anulon aktvendimin e Themelores p\u00ebr lirimin e t\u00eb dyshuarve p\u00ebr transportin e 1 mln eurove"}]},{"@type":"WebSite","@id":"https:\/\/veritasinfo.org\/#website","url":"https:\/\/veritasinfo.org\/","name":"","description":"","potentialAction":[{"@type":"SearchAction","target":{"@type":"EntryPoint","urlTemplate":"https:\/\/veritasinfo.org\/?s={search_term_string}"},"query-input":{"@type":"PropertyValueSpecification","valueRequired":true,"valueName":"search_term_string"}}],"inLanguage":"en-US"},{"@type":"Person","@id":"https:\/\/veritasinfo.org\/#\/schema\/person\/fe199eede04c3937362892b7444747cc","name":"US6","image":{"@type":"ImageObject","inLanguage":"en-US","@id":"https:\/\/veritasinfo.org\/#\/schema\/person\/image\/","url":"https:\/\/secure.gravatar.com\/avatar\/cb16c3c31c9d23b9b8c705964598220b3014e42ff51eb540ff23cefa3ae8c15f?s=96&d=mm&r=g","contentUrl":"https:\/\/secure.gravatar.com\/avatar\/cb16c3c31c9d23b9b8c705964598220b3014e42ff51eb540ff23cefa3ae8c15f?s=96&d=mm&r=g","caption":"US6"},"url":"https:\/\/veritasinfo.org\/?author=7"}]}},"featured_image_urls":{"full":["https:\/\/veritasinfo.org\/wp-content\/uploads\/2026\/03\/1-26.jpg",560,300,false],"thumbnail":["https:\/\/veritasinfo.org\/wp-content\/uploads\/2026\/03\/1-26-150x150.jpg",150,150,true],"medium":["https:\/\/veritasinfo.org\/wp-content\/uploads\/2026\/03\/1-26-300x161.jpg",300,161,true],"medium_large":["https:\/\/veritasinfo.org\/wp-content\/uploads\/2026\/03\/1-26.jpg",560,300,false],"large":["https:\/\/veritasinfo.org\/wp-content\/uploads\/2026\/03\/1-26.jpg",560,300,false],"1536x1536":["https:\/\/veritasinfo.org\/wp-content\/uploads\/2026\/03\/1-26.jpg",560,300,false],"2048x2048":["https:\/\/veritasinfo.org\/wp-content\/uploads\/2026\/03\/1-26.jpg",560,300,false],"kreeti-slider-full":["https:\/\/veritasinfo.org\/wp-content\/uploads\/2026\/03\/1-26.jpg",560,300,false],"kreeti-featured":["https:\/\/veritasinfo.org\/wp-content\/uploads\/2026\/03\/1-26.jpg",560,300,false],"kreeti-medium":["https:\/\/veritasinfo.org\/wp-content\/uploads\/2026\/03\/1-26.jpg",560,300,false],"kreeti-medium-square":["https:\/\/veritasinfo.org\/wp-content\/uploads\/2026\/03\/1-26.jpg",350,188,false]},"author_info":{"info":["US6"]},"category_info":"<a href=\"https:\/\/veritasinfo.org\/?cat=60\" rel=\"category\">Shoq\u00ebrore<\/a>","tag_info":"Shoq\u00ebrore","comment_count":"0","_links":{"self":[{"href":"https:\/\/veritasinfo.org\/index.php?rest_route=\/wp\/v2\/posts\/36530","targetHints":{"allow":["GET"]}}],"collection":[{"href":"https:\/\/veritasinfo.org\/index.php?rest_route=\/wp\/v2\/posts"}],"about":[{"href":"https:\/\/veritasinfo.org\/index.php?rest_route=\/wp\/v2\/types\/post"}],"author":[{"embeddable":true,"href":"https:\/\/veritasinfo.org\/index.php?rest_route=\/wp\/v2\/users\/7"}],"replies":[{"embeddable":true,"href":"https:\/\/veritasinfo.org\/index.php?rest_route=%2Fwp%2Fv2%2Fcomments&post=36530"}],"version-history":[{"count":1,"href":"https:\/\/veritasinfo.org\/index.php?rest_route=\/wp\/v2\/posts\/36530\/revisions"}],"predecessor-version":[{"id":36532,"href":"https:\/\/veritasinfo.org\/index.php?rest_route=\/wp\/v2\/posts\/36530\/revisions\/36532"}],"wp:featuredmedia":[{"embeddable":true,"href":"https:\/\/veritasinfo.org\/index.php?rest_route=\/wp\/v2\/media\/36531"}],"wp:attachment":[{"href":"https:\/\/veritasinfo.org\/index.php?rest_route=%2Fwp%2Fv2%2Fmedia&parent=36530"}],"wp:term":[{"taxonomy":"category","embeddable":true,"href":"https:\/\/veritasinfo.org\/index.php?rest_route=%2Fwp%2Fv2%2Fcategories&post=36530"},{"taxonomy":"post_tag","embeddable":true,"href":"https:\/\/veritasinfo.org\/index.php?rest_route=%2Fwp%2Fv2%2Ftags&post=36530"}],"curies":[{"name":"wp","href":"https:\/\/api.w.org\/{rel}","templated":true}]}}