{"id":36512,"date":"2026-03-07T15:21:44","date_gmt":"2026-03-07T14:21:44","guid":{"rendered":"https:\/\/veritasinfo.org\/?p=36512"},"modified":"2026-03-07T15:21:44","modified_gmt":"2026-03-07T14:21:44","slug":"prokuroria-propozon-konfiskimin-e-prones-ne-matican-ne-vlere-mbi-34-milione-euro-detaje","status":"publish","type":"post","link":"https:\/\/veritasinfo.org\/?p=36512","title":{"rendered":"Prokuroria propozon konfiskimin e pron\u00ebs n\u00eb Mati\u00e7an n\u00eb vler\u00eb mbi 34 milion\u00eb euro, detaje"},"content":{"rendered":"<p>Prishtin\u00eb 7 Mars 2026 15:21<\/p>\n<p>Prokuroria Speciale ka propozuar konfiskimin e pron\u00ebs s\u00eb paluajtshme n\u00eb Mati\u00e7an t\u00eb Prishtin\u00ebs me sip\u00ebrfaqe prej 131,888 metra katror\u00eb.<\/p>\n<p>N\u00eb aktakuz\u00ebn PSRK ka propozuar q\u00eb Bahtir Vitij\u00ebs t\u2019i konfiskohet prona me sip\u00ebrfaqe 131,888 metra katror\u00eb n\u00eb Mati\u00e7an, Komuna e Prishtin\u00ebs, n\u00eb vler\u00eb prej 34 milion\u00eb e 490 mij\u00eb e 400 euro.<\/p>\n<p>N\u00eb aktakuz\u00eb thuhet se nga 20 maji deri m\u00eb 28 dhjetor 2022, Vitija me vet\u00ebdije kishte paraqitur n\u00eb m\u00ebnyr\u00eb t\u00eb q\u00ebllimshme dokument me p\u00ebrmbajtje t\u00eb rreme, konkretisht aktvendimin me num\u00ebr 3173 t\u00eb dat\u00ebs 07.05.1970.<\/p>\n<p>Aktvendimin, Vitija e kishte paraqitur si t\u00eb form\u00ebs s\u00eb prer\u00eb me dat\u00eb 16 qershor 1970, duke pretenduar se ishte l\u00ebshuar nga Komisioni p\u00ebr Shqyrtimin e Marr\u00ebdh\u00ebnieve Pron\u00ebsore t\u00eb krijuara nga uzurpimi n\u00eb pron\u00ebsi shoq\u00ebrore, me q\u00ebllim regjistrimin e pron\u00ebs s\u00eb paluajtshme.<\/p>\n<p>Prona n\u00eb fjal\u00eb ishte e evidentuar n\u00eb pron\u00ebsi t\u00eb Komun\u00ebs s\u00eb Prishtin\u00ebs, p\u00ebrkat\u00ebsisht n\u00eb nj\u00ebsin\u00eb kadastrale num\u00ebr 156-0, n\u00eb zon\u00ebn kadastrale Mati\u00e7an, me sip\u00ebrfaqe prej 131,888 m\u00b2, nd\u00ebrsa m\u00eb pas ishte regjistruar n\u00eb em\u00ebr t\u00eb tij n\u00eb regjistrin kadastral t\u00eb Komun\u00ebs s\u00eb Prishtin\u00ebs.<\/p>\n<p>Vitija, pasi i ishte refuzuar p\u00ebr her\u00eb t\u00eb dyt\u00eb regjistrimi i pron\u00ebs p\u00ebrmes aktvendimit nr. 011-463-2\/2042\/22 t\u00eb dat\u00ebs 16 dhjetor 2022 nga Drejtoria e Kadastrit e Komun\u00ebs s\u00eb Prishtin\u00ebs, kishte paraqitur ankes\u00eb m\u00eb 20 dhjetor 2022 n\u00eb organin e shkall\u00ebs s\u00eb dyt\u00eb \u2013 Agjencin\u00eb Kadastrale t\u00eb Kosov\u00ebs.<\/p>\n<p>Sipas aktakuz\u00ebs, ai i kishte v\u00ebn\u00eb n\u00eb lajthim zyrtar\u00ebt e k\u00ebtij institucioni, t\u00eb cil\u00ebt duke e konsideruar aktvendimin nr. 3173 si dokument t\u00eb v\u00ebrtet\u00eb, m\u00eb 28 dhjetor 2022 kishin nxjerr\u00eb aktvendimin nr. 03\/1122\/22, p\u00ebrmes t\u00eb cilit kishin urdh\u00ebruar Drejtorin\u00eb e Kadastrit q\u00eb t\u00eb b\u00ebj\u00eb regjistrimin e paluajtshm\u00ebris\u00eb n\u00eb zon\u00ebn kadastrale Mati\u00e7an, me sip\u00ebrfaqe 131,888 metra katror\u00eb, n\u00eb em\u00ebr t\u00eb Vitij\u00ebs.<\/p>\n<p>Sipas prokuroris\u00eb, ky veprim ka rezultuar me legalizimin e p\u00ebrmbajtjes s\u00eb pav\u00ebrtet\u00eb n\u00eb dokument publik, konkretisht n\u00eb regjistrin kadastral.<\/p>\n<p>P\u00ebr k\u00ebto veprime, Vitija ngarkohet p\u00ebr vepr\u00ebn penale \u201cLegalizimi i p\u00ebrmbajtjes s\u00eb rreme\u201d nga neni 395, paragrafi 1 i Kodit Penal t\u00eb Republik\u00ebs s\u00eb Kosov\u00ebs.<\/p>\n<p>N\u00eb aktakuz\u00eb \u00ebsht\u00eb theksuar se Vitija ka vdekur, por prokurori ka vler\u00ebsuar se p\u00ebrderisa e drejta pron\u00ebsore \u00ebsht\u00eb fituar n\u00eb m\u00ebnyr\u00eb kund\u00ebrligjshme, ajo nuk g\u00ebzon mbrojtje nga ligjet vendore dhe nd\u00ebrkomb\u00ebtare, p\u00ebrfshir\u00eb edhe direktivat e Bashkimit Evropian.<\/p>\n<p>Sipas prokuroris\u00eb, konfiskimi i pron\u00ebs \u00ebsht\u00eb n\u00eb funksion t\u00eb mbrojtjes s\u00eb interesit publik. Procedura penale po vijohet n\u00eb baz\u00eb t\u00eb Ligjit p\u00ebr Kompetencat e Zgjeruara, konkretisht nenit 20, i cili p\u00ebrcakton se procedura mund t\u00eb vazhdoj\u00eb me q\u00ebllim konfiskimin e p\u00ebrfitimeve materiale ose mjeteve t\u00eb p\u00ebrdorura p\u00ebr kryerjen e vepr\u00ebs penale.<\/p>\n<p>Gjykimi p\u00ebr k\u00ebt\u00eb rast po zhvillohet n\u00eb Gjykat\u00ebn Themelore n\u00eb Prishtin\u00eb, n\u00eb kuad\u00ebr t\u00eb Departamentit Special, nd\u00ebrsa seanca pritet t\u00eb mbahet m\u00eb 13 mars 2026.<\/p>\n","protected":false},"excerpt":{"rendered":"<p>Prishtin\u00eb 7 Mars 2026 15:21 Prokuroria Speciale ka propozuar konfiskimin e pron\u00ebs s\u00eb paluajtshme n\u00eb Mati\u00e7an t\u00eb Prishtin\u00ebs me sip\u00ebrfaqe prej 131,888 metra katror\u00eb. N\u00eb<\/p>\n","protected":false},"author":6,"featured_media":36514,"comment_status":"open","ping_status":"open","sticky":false,"template":"","format":"standard","meta":{"footnotes":""},"categories":[60],"tags":[],"class_list":["post-36512","post","type-post","status-publish","format-standard","has-post-thumbnail","hentry","category-shoqerore-sq"],"yoast_head":"<!-- This site is optimized with the Yoast SEO plugin v25.3.1 - https:\/\/yoast.com\/wordpress\/plugins\/seo\/ -->\n<title>Prokuroria propozon konfiskimin e pron\u00ebs n\u00eb Mati\u00e7an n\u00eb vler\u00eb mbi 34 milion\u00eb euro, detaje -<\/title>\n<meta name=\"robots\" content=\"index, follow, max-snippet:-1, max-image-preview:large, max-video-preview:-1\" \/>\n<link rel=\"canonical\" href=\"https:\/\/veritasinfo.org\/?p=36512\" \/>\n<meta property=\"og:locale\" content=\"en_US\" \/>\n<meta property=\"og:type\" content=\"article\" \/>\n<meta property=\"og:title\" content=\"Prokuroria propozon konfiskimin e pron\u00ebs n\u00eb Mati\u00e7an n\u00eb vler\u00eb mbi 34 milion\u00eb euro, detaje -\" \/>\n<meta property=\"og:description\" content=\"Prishtin\u00eb 7 Mars 2026 15:21 Prokuroria Speciale ka propozuar konfiskimin e pron\u00ebs s\u00eb paluajtshme n\u00eb Mati\u00e7an t\u00eb Prishtin\u00ebs me sip\u00ebrfaqe prej 131,888 metra katror\u00eb. N\u00eb\" \/>\n<meta property=\"og:url\" content=\"https:\/\/veritasinfo.org\/?p=36512\" \/>\n<meta property=\"article:published_time\" content=\"2026-03-07T14:21:44+00:00\" \/>\n<meta property=\"og:image\" content=\"https:\/\/veritasinfo.org\/wp-content\/uploads\/2026\/03\/Ndalohet-i-dyshuari-per-krime-lufte-kunder-popullsise-civile-Prokuroria-Speciale-jep-detaje-insajderi.org_.jpg\" \/>\n\t<meta property=\"og:image:width\" content=\"900\" \/>\n\t<meta property=\"og:image:height\" content=\"486\" \/>\n\t<meta property=\"og:image:type\" content=\"image\/jpeg\" \/>\n<meta name=\"author\" content=\"US5\" \/>\n<meta name=\"twitter:card\" content=\"summary_large_image\" \/>\n<meta name=\"twitter:label1\" content=\"Written by\" \/>\n\t<meta name=\"twitter:data1\" content=\"US5\" \/>\n\t<meta name=\"twitter:label2\" content=\"Est. reading time\" \/>\n\t<meta name=\"twitter:data2\" content=\"2 minutes\" \/>\n<script type=\"application\/ld+json\" class=\"yoast-schema-graph\">{\"@context\":\"https:\/\/schema.org\",\"@graph\":[{\"@type\":\"WebPage\",\"@id\":\"https:\/\/veritasinfo.org\/?p=36512\",\"url\":\"https:\/\/veritasinfo.org\/?p=36512\",\"name\":\"Prokuroria propozon konfiskimin e pron\u00ebs n\u00eb Mati\u00e7an n\u00eb vler\u00eb mbi 34 milion\u00eb euro, detaje -\",\"isPartOf\":{\"@id\":\"https:\/\/veritasinfo.org\/#website\"},\"primaryImageOfPage\":{\"@id\":\"https:\/\/veritasinfo.org\/?p=36512#primaryimage\"},\"image\":{\"@id\":\"https:\/\/veritasinfo.org\/?p=36512#primaryimage\"},\"thumbnailUrl\":\"https:\/\/veritasinfo.org\/wp-content\/uploads\/2026\/03\/Ndalohet-i-dyshuari-per-krime-lufte-kunder-popullsise-civile-Prokuroria-Speciale-jep-detaje-insajderi.org_.jpg\",\"datePublished\":\"2026-03-07T14:21:44+00:00\",\"author\":{\"@id\":\"https:\/\/veritasinfo.org\/#\/schema\/person\/bc442336e35414d04494ab8fb45db4c6\"},\"breadcrumb\":{\"@id\":\"https:\/\/veritasinfo.org\/?p=36512#breadcrumb\"},\"inLanguage\":\"en-US\",\"potentialAction\":[{\"@type\":\"ReadAction\",\"target\":[\"https:\/\/veritasinfo.org\/?p=36512\"]}]},{\"@type\":\"ImageObject\",\"inLanguage\":\"en-US\",\"@id\":\"https:\/\/veritasinfo.org\/?p=36512#primaryimage\",\"url\":\"https:\/\/veritasinfo.org\/wp-content\/uploads\/2026\/03\/Ndalohet-i-dyshuari-per-krime-lufte-kunder-popullsise-civile-Prokuroria-Speciale-jep-detaje-insajderi.org_.jpg\",\"contentUrl\":\"https:\/\/veritasinfo.org\/wp-content\/uploads\/2026\/03\/Ndalohet-i-dyshuari-per-krime-lufte-kunder-popullsise-civile-Prokuroria-Speciale-jep-detaje-insajderi.org_.jpg\",\"width\":900,\"height\":486},{\"@type\":\"BreadcrumbList\",\"@id\":\"https:\/\/veritasinfo.org\/?p=36512#breadcrumb\",\"itemListElement\":[{\"@type\":\"ListItem\",\"position\":1,\"name\":\"Home\",\"item\":\"https:\/\/veritasinfo.org\/\"},{\"@type\":\"ListItem\",\"position\":2,\"name\":\"Prokuroria propozon konfiskimin e pron\u00ebs n\u00eb Mati\u00e7an n\u00eb vler\u00eb mbi 34 milion\u00eb euro, detaje\"}]},{\"@type\":\"WebSite\",\"@id\":\"https:\/\/veritasinfo.org\/#website\",\"url\":\"https:\/\/veritasinfo.org\/\",\"name\":\"\",\"description\":\"\",\"potentialAction\":[{\"@type\":\"SearchAction\",\"target\":{\"@type\":\"EntryPoint\",\"urlTemplate\":\"https:\/\/veritasinfo.org\/?s={search_term_string}\"},\"query-input\":{\"@type\":\"PropertyValueSpecification\",\"valueRequired\":true,\"valueName\":\"search_term_string\"}}],\"inLanguage\":\"en-US\"},{\"@type\":\"Person\",\"@id\":\"https:\/\/veritasinfo.org\/#\/schema\/person\/bc442336e35414d04494ab8fb45db4c6\",\"name\":\"US5\",\"image\":{\"@type\":\"ImageObject\",\"inLanguage\":\"en-US\",\"@id\":\"https:\/\/veritasinfo.org\/#\/schema\/person\/image\/\",\"url\":\"https:\/\/secure.gravatar.com\/avatar\/16a61e7272a0c5d001121ebb9e60e925d5816e4ac1e443ed3e640d9a6ae55d0c?s=96&d=mm&r=g\",\"contentUrl\":\"https:\/\/secure.gravatar.com\/avatar\/16a61e7272a0c5d001121ebb9e60e925d5816e4ac1e443ed3e640d9a6ae55d0c?s=96&d=mm&r=g\",\"caption\":\"US5\"},\"url\":\"https:\/\/veritasinfo.org\/?author=6\"}]}<\/script>\n<!-- \/ Yoast SEO plugin. -->","yoast_head_json":{"title":"Prokuroria propozon konfiskimin e pron\u00ebs n\u00eb Mati\u00e7an n\u00eb vler\u00eb mbi 34 milion\u00eb euro, detaje -","robots":{"index":"index","follow":"follow","max-snippet":"max-snippet:-1","max-image-preview":"max-image-preview:large","max-video-preview":"max-video-preview:-1"},"canonical":"https:\/\/veritasinfo.org\/?p=36512","og_locale":"en_US","og_type":"article","og_title":"Prokuroria propozon konfiskimin e pron\u00ebs n\u00eb Mati\u00e7an n\u00eb vler\u00eb mbi 34 milion\u00eb euro, detaje -","og_description":"Prishtin\u00eb 7 Mars 2026 15:21 Prokuroria Speciale ka propozuar konfiskimin e pron\u00ebs s\u00eb paluajtshme n\u00eb Mati\u00e7an t\u00eb Prishtin\u00ebs me sip\u00ebrfaqe prej 131,888 metra katror\u00eb. N\u00eb","og_url":"https:\/\/veritasinfo.org\/?p=36512","article_published_time":"2026-03-07T14:21:44+00:00","og_image":[{"width":900,"height":486,"url":"https:\/\/veritasinfo.org\/wp-content\/uploads\/2026\/03\/Ndalohet-i-dyshuari-per-krime-lufte-kunder-popullsise-civile-Prokuroria-Speciale-jep-detaje-insajderi.org_.jpg","type":"image\/jpeg"}],"author":"US5","twitter_card":"summary_large_image","twitter_misc":{"Written by":"US5","Est. reading time":"2 minutes"},"schema":{"@context":"https:\/\/schema.org","@graph":[{"@type":"WebPage","@id":"https:\/\/veritasinfo.org\/?p=36512","url":"https:\/\/veritasinfo.org\/?p=36512","name":"Prokuroria propozon konfiskimin e pron\u00ebs n\u00eb Mati\u00e7an n\u00eb vler\u00eb mbi 34 milion\u00eb euro, detaje -","isPartOf":{"@id":"https:\/\/veritasinfo.org\/#website"},"primaryImageOfPage":{"@id":"https:\/\/veritasinfo.org\/?p=36512#primaryimage"},"image":{"@id":"https:\/\/veritasinfo.org\/?p=36512#primaryimage"},"thumbnailUrl":"https:\/\/veritasinfo.org\/wp-content\/uploads\/2026\/03\/Ndalohet-i-dyshuari-per-krime-lufte-kunder-popullsise-civile-Prokuroria-Speciale-jep-detaje-insajderi.org_.jpg","datePublished":"2026-03-07T14:21:44+00:00","author":{"@id":"https:\/\/veritasinfo.org\/#\/schema\/person\/bc442336e35414d04494ab8fb45db4c6"},"breadcrumb":{"@id":"https:\/\/veritasinfo.org\/?p=36512#breadcrumb"},"inLanguage":"en-US","potentialAction":[{"@type":"ReadAction","target":["https:\/\/veritasinfo.org\/?p=36512"]}]},{"@type":"ImageObject","inLanguage":"en-US","@id":"https:\/\/veritasinfo.org\/?p=36512#primaryimage","url":"https:\/\/veritasinfo.org\/wp-content\/uploads\/2026\/03\/Ndalohet-i-dyshuari-per-krime-lufte-kunder-popullsise-civile-Prokuroria-Speciale-jep-detaje-insajderi.org_.jpg","contentUrl":"https:\/\/veritasinfo.org\/wp-content\/uploads\/2026\/03\/Ndalohet-i-dyshuari-per-krime-lufte-kunder-popullsise-civile-Prokuroria-Speciale-jep-detaje-insajderi.org_.jpg","width":900,"height":486},{"@type":"BreadcrumbList","@id":"https:\/\/veritasinfo.org\/?p=36512#breadcrumb","itemListElement":[{"@type":"ListItem","position":1,"name":"Home","item":"https:\/\/veritasinfo.org\/"},{"@type":"ListItem","position":2,"name":"Prokuroria propozon konfiskimin e pron\u00ebs n\u00eb Mati\u00e7an n\u00eb vler\u00eb mbi 34 milion\u00eb euro, detaje"}]},{"@type":"WebSite","@id":"https:\/\/veritasinfo.org\/#website","url":"https:\/\/veritasinfo.org\/","name":"","description":"","potentialAction":[{"@type":"SearchAction","target":{"@type":"EntryPoint","urlTemplate":"https:\/\/veritasinfo.org\/?s={search_term_string}"},"query-input":{"@type":"PropertyValueSpecification","valueRequired":true,"valueName":"search_term_string"}}],"inLanguage":"en-US"},{"@type":"Person","@id":"https:\/\/veritasinfo.org\/#\/schema\/person\/bc442336e35414d04494ab8fb45db4c6","name":"US5","image":{"@type":"ImageObject","inLanguage":"en-US","@id":"https:\/\/veritasinfo.org\/#\/schema\/person\/image\/","url":"https:\/\/secure.gravatar.com\/avatar\/16a61e7272a0c5d001121ebb9e60e925d5816e4ac1e443ed3e640d9a6ae55d0c?s=96&d=mm&r=g","contentUrl":"https:\/\/secure.gravatar.com\/avatar\/16a61e7272a0c5d001121ebb9e60e925d5816e4ac1e443ed3e640d9a6ae55d0c?s=96&d=mm&r=g","caption":"US5"},"url":"https:\/\/veritasinfo.org\/?author=6"}]}},"featured_image_urls":{"full":["https:\/\/veritasinfo.org\/wp-content\/uploads\/2026\/03\/Ndalohet-i-dyshuari-per-krime-lufte-kunder-popullsise-civile-Prokuroria-Speciale-jep-detaje-insajderi.org_.jpg",900,486,false],"thumbnail":["https:\/\/veritasinfo.org\/wp-content\/uploads\/2026\/03\/Ndalohet-i-dyshuari-per-krime-lufte-kunder-popullsise-civile-Prokuroria-Speciale-jep-detaje-insajderi.org_-150x150.jpg",150,150,true],"medium":["https:\/\/veritasinfo.org\/wp-content\/uploads\/2026\/03\/Ndalohet-i-dyshuari-per-krime-lufte-kunder-popullsise-civile-Prokuroria-Speciale-jep-detaje-insajderi.org_-300x162.jpg",300,162,true],"medium_large":["https:\/\/veritasinfo.org\/wp-content\/uploads\/2026\/03\/Ndalohet-i-dyshuari-per-krime-lufte-kunder-popullsise-civile-Prokuroria-Speciale-jep-detaje-insajderi.org_-768x415.jpg",640,346,true],"large":["https:\/\/veritasinfo.org\/wp-content\/uploads\/2026\/03\/Ndalohet-i-dyshuari-per-krime-lufte-kunder-popullsise-civile-Prokuroria-Speciale-jep-detaje-insajderi.org_.jpg",640,346,false],"1536x1536":["https:\/\/veritasinfo.org\/wp-content\/uploads\/2026\/03\/Ndalohet-i-dyshuari-per-krime-lufte-kunder-popullsise-civile-Prokuroria-Speciale-jep-detaje-insajderi.org_.jpg",900,486,false],"2048x2048":["https:\/\/veritasinfo.org\/wp-content\/uploads\/2026\/03\/Ndalohet-i-dyshuari-per-krime-lufte-kunder-popullsise-civile-Prokuroria-Speciale-jep-detaje-insajderi.org_.jpg",900,486,false],"kreeti-slider-full":["https:\/\/veritasinfo.org\/wp-content\/uploads\/2026\/03\/Ndalohet-i-dyshuari-per-krime-lufte-kunder-popullsise-civile-Prokuroria-Speciale-jep-detaje-insajderi.org_.jpg",900,486,false],"kreeti-featured":["https:\/\/veritasinfo.org\/wp-content\/uploads\/2026\/03\/Ndalohet-i-dyshuari-per-krime-lufte-kunder-popullsise-civile-Prokuroria-Speciale-jep-detaje-insajderi.org_.jpg",900,486,false],"kreeti-medium":["https:\/\/veritasinfo.org\/wp-content\/uploads\/2026\/03\/Ndalohet-i-dyshuari-per-krime-lufte-kunder-popullsise-civile-Prokuroria-Speciale-jep-detaje-insajderi.org_.jpg",720,389,false],"kreeti-medium-square":["https:\/\/veritasinfo.org\/wp-content\/uploads\/2026\/03\/Ndalohet-i-dyshuari-per-krime-lufte-kunder-popullsise-civile-Prokuroria-Speciale-jep-detaje-insajderi.org_.jpg",350,189,false]},"author_info":{"info":["US5"]},"category_info":"<a href=\"https:\/\/veritasinfo.org\/?cat=60\" rel=\"category\">Shoq\u00ebrore<\/a>","tag_info":"Shoq\u00ebrore","comment_count":"0","_links":{"self":[{"href":"https:\/\/veritasinfo.org\/index.php?rest_route=\/wp\/v2\/posts\/36512","targetHints":{"allow":["GET"]}}],"collection":[{"href":"https:\/\/veritasinfo.org\/index.php?rest_route=\/wp\/v2\/posts"}],"about":[{"href":"https:\/\/veritasinfo.org\/index.php?rest_route=\/wp\/v2\/types\/post"}],"author":[{"embeddable":true,"href":"https:\/\/veritasinfo.org\/index.php?rest_route=\/wp\/v2\/users\/6"}],"replies":[{"embeddable":true,"href":"https:\/\/veritasinfo.org\/index.php?rest_route=%2Fwp%2Fv2%2Fcomments&post=36512"}],"version-history":[{"count":2,"href":"https:\/\/veritasinfo.org\/index.php?rest_route=\/wp\/v2\/posts\/36512\/revisions"}],"predecessor-version":[{"id":36515,"href":"https:\/\/veritasinfo.org\/index.php?rest_route=\/wp\/v2\/posts\/36512\/revisions\/36515"}],"wp:featuredmedia":[{"embeddable":true,"href":"https:\/\/veritasinfo.org\/index.php?rest_route=\/wp\/v2\/media\/36514"}],"wp:attachment":[{"href":"https:\/\/veritasinfo.org\/index.php?rest_route=%2Fwp%2Fv2%2Fmedia&parent=36512"}],"wp:term":[{"taxonomy":"category","embeddable":true,"href":"https:\/\/veritasinfo.org\/index.php?rest_route=%2Fwp%2Fv2%2Fcategories&post=36512"},{"taxonomy":"post_tag","embeddable":true,"href":"https:\/\/veritasinfo.org\/index.php?rest_route=%2Fwp%2Fv2%2Ftags&post=36512"}],"curies":[{"name":"wp","href":"https:\/\/api.w.org\/{rel}","templated":true}]}}