{"id":3648,"date":"2025-07-13T15:16:32","date_gmt":"2025-07-13T13:16:32","guid":{"rendered":"https:\/\/veritasinfo.org\/?p=3648"},"modified":"2025-07-13T15:16:32","modified_gmt":"2025-07-13T13:16:32","slug":"zyrtari-i-larte-i-dash-it-njoftohet-nga-komandanti-i-kfor-it-per-sigurine-ne-kosove-dhe-rajon","status":"publish","type":"post","link":"https:\/\/veritasinfo.org\/?p=3648","title":{"rendered":"Zyrtari i lart\u00eb i DASH-it njoftohet nga Komandanti i KFOR-it p\u00ebr sigurin\u00eb n\u00eb Kosov\u00eb dhe rajon"},"content":{"rendered":"<p>Prishtin\u00eb, 13 Korrik 2025<\/p>\n<p><strong>KFOR ka njoftuar se komandanti Enrico Barduani \u00ebsht\u00eb takuar me Zyrtarin e Lart\u00eb t\u00eb DASH\u2019it p\u00ebr \u00c7\u00ebshtje Evropiane dhe Euroaziatike, Brendan Hanrahan.<\/strong><\/p>\n<p>Hanrahan ka qen\u00eb i shoq\u00ebruar nga e Ngarkuara me Pun\u00eb n\u00eb Ambasad\u00ebn Amerikane, Anu Prattipati.<\/p>\n<p>KFOR thot\u00eb se Barduani ka dh\u00ebn\u00eb nj\u00eb p\u00ebrdit\u00ebsim p\u00ebr situat\u00ebn e siguris\u00eb n\u00eb Kosov\u00eb dhe rajon.<\/p>\n<p>\u201cGjeneralmajor Barduani dha nj\u00eb p\u00ebrdit\u00ebsim p\u00ebr situat\u00ebn e siguris\u00eb n\u00eb Kosov\u00eb dhe n\u00eb rajon dhe p\u00ebr p\u00ebrpjekjet e KFOR-it. Ai n\u00ebnvizoi angazhimin e q\u00ebndruesh\u00ebm t\u00eb KFOR-it p\u00ebr t\u00eb kontribuar n\u00eb sigurin\u00eb e q\u00ebndrueshme anemban\u00eb Kosov\u00ebs. Ai p\u00ebrsh\u00ebndeti gjithashtu kontributin e gjat\u00eb dhe t\u00eb vazhduesh\u00ebm t\u00eb SHBA n\u00eb p\u00ebrpjekjet e KFOR-it dhe stabilitetin rajonal.\u201d<\/p>\n<div class=\"code-block code-block-7\"><ins id=\"revive-0-3\" data-revive-zoneid=\"218\" data-revive-id=\"6d10792d7a3e9a00328e01545b0215e5\" data-revive-seq=\"3\" data-revive-loaded=\"1\"><\/p>\n<div id=\"beacon_fea76a55b5\"><img decoding=\"async\" src=\"https:\/\/ads2.indeksonline.net\/www\/delivery\/lg.php?bannerid=0&amp;campaignid=0&amp;zoneid=218&amp;loc=https%3A%2F%2Findeksonline.net%2Fzyrtari-i-larte-i-dash-it-njoftohet-nga-komandanti-i-kfor-it-per-sigurine-ne-kosove-dhe-rajon%2F&amp;cb=fea76a55b5\" alt=\"\" width=\"0\" height=\"0\" \/><\/div>\n<p><\/ins><\/div>\n<p>&nbsp;<\/p>\n","protected":false},"excerpt":{"rendered":"<p>Prishtin\u00eb, 13 Korrik 2025 KFOR ka njoftuar se komandanti Enrico Barduani \u00ebsht\u00eb takuar me Zyrtarin e Lart\u00eb t\u00eb DASH\u2019it p\u00ebr \u00c7\u00ebshtje Evropiane dhe Euroaziatike, Brendan<\/p>\n","protected":false},"author":1,"featured_media":3649,"comment_status":"open","ping_status":"open","sticky":false,"template":"","format":"standard","meta":{"footnotes":""},"categories":[60],"tags":[],"class_list":["post-3648","post","type-post","status-publish","format-standard","has-post-thumbnail","hentry","category-shoqerore-sq"],"yoast_head":"<!-- This site is optimized with the Yoast SEO plugin v25.3.1 - https:\/\/yoast.com\/wordpress\/plugins\/seo\/ -->\n<title>Zyrtari i lart\u00eb i DASH-it njoftohet nga Komandanti i KFOR-it p\u00ebr sigurin\u00eb n\u00eb Kosov\u00eb dhe rajon -<\/title>\n<meta name=\"robots\" content=\"index, follow, max-snippet:-1, max-image-preview:large, max-video-preview:-1\" \/>\n<link rel=\"canonical\" href=\"https:\/\/veritasinfo.org\/?p=3648\" \/>\n<meta property=\"og:locale\" content=\"en_US\" \/>\n<meta property=\"og:type\" content=\"article\" \/>\n<meta property=\"og:title\" content=\"Zyrtari i lart\u00eb i DASH-it njoftohet nga Komandanti i KFOR-it p\u00ebr sigurin\u00eb n\u00eb Kosov\u00eb dhe rajon -\" \/>\n<meta property=\"og:description\" content=\"Prishtin\u00eb, 13 Korrik 2025 KFOR ka njoftuar se komandanti Enrico Barduani \u00ebsht\u00eb takuar me Zyrtarin e Lart\u00eb t\u00eb DASH\u2019it p\u00ebr \u00c7\u00ebshtje Evropiane dhe Euroaziatike, Brendan\" \/>\n<meta property=\"og:url\" content=\"https:\/\/veritasinfo.org\/?p=3648\" \/>\n<meta property=\"article:published_time\" content=\"2025-07-13T13:16:32+00:00\" \/>\n<meta property=\"og:image\" content=\"https:\/\/veritasinfo.org\/wp-content\/uploads\/2025\/07\/IMG_2038.jpeg\" \/>\n\t<meta property=\"og:image:width\" content=\"1280\" \/>\n\t<meta property=\"og:image:height\" content=\"852\" \/>\n\t<meta property=\"og:image:type\" content=\"image\/jpeg\" \/>\n<meta name=\"author\" content=\"admin\" \/>\n<meta name=\"twitter:card\" content=\"summary_large_image\" \/>\n<meta name=\"twitter:label1\" content=\"Written by\" \/>\n\t<meta name=\"twitter:data1\" content=\"admin\" \/>\n\t<meta name=\"twitter:label2\" content=\"Est. reading time\" \/>\n\t<meta name=\"twitter:data2\" content=\"1 minute\" \/>\n<script type=\"application\/ld+json\" class=\"yoast-schema-graph\">{\"@context\":\"https:\/\/schema.org\",\"@graph\":[{\"@type\":\"WebPage\",\"@id\":\"https:\/\/veritasinfo.org\/?p=3648\",\"url\":\"https:\/\/veritasinfo.org\/?p=3648\",\"name\":\"Zyrtari i lart\u00eb i DASH-it njoftohet nga Komandanti i KFOR-it p\u00ebr sigurin\u00eb n\u00eb Kosov\u00eb dhe rajon -\",\"isPartOf\":{\"@id\":\"https:\/\/veritasinfo.org\/#website\"},\"primaryImageOfPage\":{\"@id\":\"https:\/\/veritasinfo.org\/?p=3648#primaryimage\"},\"image\":{\"@id\":\"https:\/\/veritasinfo.org\/?p=3648#primaryimage\"},\"thumbnailUrl\":\"https:\/\/veritasinfo.org\/wp-content\/uploads\/2025\/07\/IMG_2038.jpeg\",\"datePublished\":\"2025-07-13T13:16:32+00:00\",\"author\":{\"@id\":\"https:\/\/veritasinfo.org\/#\/schema\/person\/7701f8c088bece422266b100a712374f\"},\"breadcrumb\":{\"@id\":\"https:\/\/veritasinfo.org\/?p=3648#breadcrumb\"},\"inLanguage\":\"en-US\",\"potentialAction\":[{\"@type\":\"ReadAction\",\"target\":[\"https:\/\/veritasinfo.org\/?p=3648\"]}]},{\"@type\":\"ImageObject\",\"inLanguage\":\"en-US\",\"@id\":\"https:\/\/veritasinfo.org\/?p=3648#primaryimage\",\"url\":\"https:\/\/veritasinfo.org\/wp-content\/uploads\/2025\/07\/IMG_2038.jpeg\",\"contentUrl\":\"https:\/\/veritasinfo.org\/wp-content\/uploads\/2025\/07\/IMG_2038.jpeg\",\"width\":1280,\"height\":852},{\"@type\":\"BreadcrumbList\",\"@id\":\"https:\/\/veritasinfo.org\/?p=3648#breadcrumb\",\"itemListElement\":[{\"@type\":\"ListItem\",\"position\":1,\"name\":\"Home\",\"item\":\"https:\/\/veritasinfo.org\/\"},{\"@type\":\"ListItem\",\"position\":2,\"name\":\"Zyrtari i lart\u00eb i DASH-it njoftohet nga Komandanti i KFOR-it p\u00ebr sigurin\u00eb n\u00eb Kosov\u00eb dhe rajon\"}]},{\"@type\":\"WebSite\",\"@id\":\"https:\/\/veritasinfo.org\/#website\",\"url\":\"https:\/\/veritasinfo.org\/\",\"name\":\"\",\"description\":\"\",\"potentialAction\":[{\"@type\":\"SearchAction\",\"target\":{\"@type\":\"EntryPoint\",\"urlTemplate\":\"https:\/\/veritasinfo.org\/?s={search_term_string}\"},\"query-input\":{\"@type\":\"PropertyValueSpecification\",\"valueRequired\":true,\"valueName\":\"search_term_string\"}}],\"inLanguage\":\"en-US\"},{\"@type\":\"Person\",\"@id\":\"https:\/\/veritasinfo.org\/#\/schema\/person\/7701f8c088bece422266b100a712374f\",\"name\":\"admin\",\"image\":{\"@type\":\"ImageObject\",\"inLanguage\":\"en-US\",\"@id\":\"https:\/\/veritasinfo.org\/#\/schema\/person\/image\/\",\"url\":\"https:\/\/secure.gravatar.com\/avatar\/ea53aa3bf6c9a12d5fde8ce4deff43fef3885ae33cf60184161a50d6987cfd2f?s=96&d=mm&r=g\",\"contentUrl\":\"https:\/\/secure.gravatar.com\/avatar\/ea53aa3bf6c9a12d5fde8ce4deff43fef3885ae33cf60184161a50d6987cfd2f?s=96&d=mm&r=g\",\"caption\":\"admin\"},\"sameAs\":[\"https:\/\/veritasinfo.org\"],\"url\":\"https:\/\/veritasinfo.org\/?author=1\"}]}<\/script>\n<!-- \/ Yoast SEO plugin. -->","yoast_head_json":{"title":"Zyrtari i lart\u00eb i DASH-it njoftohet nga Komandanti i KFOR-it p\u00ebr sigurin\u00eb n\u00eb Kosov\u00eb dhe rajon -","robots":{"index":"index","follow":"follow","max-snippet":"max-snippet:-1","max-image-preview":"max-image-preview:large","max-video-preview":"max-video-preview:-1"},"canonical":"https:\/\/veritasinfo.org\/?p=3648","og_locale":"en_US","og_type":"article","og_title":"Zyrtari i lart\u00eb i DASH-it njoftohet nga Komandanti i KFOR-it p\u00ebr sigurin\u00eb n\u00eb Kosov\u00eb dhe rajon -","og_description":"Prishtin\u00eb, 13 Korrik 2025 KFOR ka njoftuar se komandanti Enrico Barduani \u00ebsht\u00eb takuar me Zyrtarin e Lart\u00eb t\u00eb DASH\u2019it p\u00ebr \u00c7\u00ebshtje Evropiane dhe Euroaziatike, Brendan","og_url":"https:\/\/veritasinfo.org\/?p=3648","article_published_time":"2025-07-13T13:16:32+00:00","og_image":[{"width":1280,"height":852,"url":"https:\/\/veritasinfo.org\/wp-content\/uploads\/2025\/07\/IMG_2038.jpeg","type":"image\/jpeg"}],"author":"admin","twitter_card":"summary_large_image","twitter_misc":{"Written by":"admin","Est. reading time":"1 minute"},"schema":{"@context":"https:\/\/schema.org","@graph":[{"@type":"WebPage","@id":"https:\/\/veritasinfo.org\/?p=3648","url":"https:\/\/veritasinfo.org\/?p=3648","name":"Zyrtari i lart\u00eb i DASH-it njoftohet nga Komandanti i KFOR-it p\u00ebr sigurin\u00eb n\u00eb Kosov\u00eb dhe rajon -","isPartOf":{"@id":"https:\/\/veritasinfo.org\/#website"},"primaryImageOfPage":{"@id":"https:\/\/veritasinfo.org\/?p=3648#primaryimage"},"image":{"@id":"https:\/\/veritasinfo.org\/?p=3648#primaryimage"},"thumbnailUrl":"https:\/\/veritasinfo.org\/wp-content\/uploads\/2025\/07\/IMG_2038.jpeg","datePublished":"2025-07-13T13:16:32+00:00","author":{"@id":"https:\/\/veritasinfo.org\/#\/schema\/person\/7701f8c088bece422266b100a712374f"},"breadcrumb":{"@id":"https:\/\/veritasinfo.org\/?p=3648#breadcrumb"},"inLanguage":"en-US","potentialAction":[{"@type":"ReadAction","target":["https:\/\/veritasinfo.org\/?p=3648"]}]},{"@type":"ImageObject","inLanguage":"en-US","@id":"https:\/\/veritasinfo.org\/?p=3648#primaryimage","url":"https:\/\/veritasinfo.org\/wp-content\/uploads\/2025\/07\/IMG_2038.jpeg","contentUrl":"https:\/\/veritasinfo.org\/wp-content\/uploads\/2025\/07\/IMG_2038.jpeg","width":1280,"height":852},{"@type":"BreadcrumbList","@id":"https:\/\/veritasinfo.org\/?p=3648#breadcrumb","itemListElement":[{"@type":"ListItem","position":1,"name":"Home","item":"https:\/\/veritasinfo.org\/"},{"@type":"ListItem","position":2,"name":"Zyrtari i lart\u00eb i DASH-it njoftohet nga Komandanti i KFOR-it p\u00ebr sigurin\u00eb n\u00eb Kosov\u00eb dhe rajon"}]},{"@type":"WebSite","@id":"https:\/\/veritasinfo.org\/#website","url":"https:\/\/veritasinfo.org\/","name":"","description":"","potentialAction":[{"@type":"SearchAction","target":{"@type":"EntryPoint","urlTemplate":"https:\/\/veritasinfo.org\/?s={search_term_string}"},"query-input":{"@type":"PropertyValueSpecification","valueRequired":true,"valueName":"search_term_string"}}],"inLanguage":"en-US"},{"@type":"Person","@id":"https:\/\/veritasinfo.org\/#\/schema\/person\/7701f8c088bece422266b100a712374f","name":"admin","image":{"@type":"ImageObject","inLanguage":"en-US","@id":"https:\/\/veritasinfo.org\/#\/schema\/person\/image\/","url":"https:\/\/secure.gravatar.com\/avatar\/ea53aa3bf6c9a12d5fde8ce4deff43fef3885ae33cf60184161a50d6987cfd2f?s=96&d=mm&r=g","contentUrl":"https:\/\/secure.gravatar.com\/avatar\/ea53aa3bf6c9a12d5fde8ce4deff43fef3885ae33cf60184161a50d6987cfd2f?s=96&d=mm&r=g","caption":"admin"},"sameAs":["https:\/\/veritasinfo.org"],"url":"https:\/\/veritasinfo.org\/?author=1"}]}},"featured_image_urls":{"full":["https:\/\/veritasinfo.org\/wp-content\/uploads\/2025\/07\/IMG_2038.jpeg",1280,852,false],"thumbnail":["https:\/\/veritasinfo.org\/wp-content\/uploads\/2025\/07\/IMG_2038-150x150.jpeg",150,150,true],"medium":["https:\/\/veritasinfo.org\/wp-content\/uploads\/2025\/07\/IMG_2038-300x200.jpeg",300,200,true],"medium_large":["https:\/\/veritasinfo.org\/wp-content\/uploads\/2025\/07\/IMG_2038-768x511.jpeg",640,426,true],"large":["https:\/\/veritasinfo.org\/wp-content\/uploads\/2025\/07\/IMG_2038-1024x682.jpeg",640,426,true],"1536x1536":["https:\/\/veritasinfo.org\/wp-content\/uploads\/2025\/07\/IMG_2038.jpeg",1280,852,false],"2048x2048":["https:\/\/veritasinfo.org\/wp-content\/uploads\/2025\/07\/IMG_2038.jpeg",1280,852,false],"kreeti-slider-full":["https:\/\/veritasinfo.org\/wp-content\/uploads\/2025\/07\/IMG_2038.jpeg",1082,720,false],"kreeti-featured":["https:\/\/veritasinfo.org\/wp-content\/uploads\/2025\/07\/IMG_2038.jpeg",1024,682,false],"kreeti-medium":["https:\/\/veritasinfo.org\/wp-content\/uploads\/2025\/07\/IMG_2038.jpeg",720,479,false],"kreeti-medium-square":["https:\/\/veritasinfo.org\/wp-content\/uploads\/2025\/07\/IMG_2038.jpeg",350,233,false]},"author_info":{"info":["admin"]},"category_info":"<a href=\"https:\/\/veritasinfo.org\/?cat=60\" rel=\"category\">Shoq\u00ebrore<\/a>","tag_info":"Shoq\u00ebrore","comment_count":"0","_links":{"self":[{"href":"https:\/\/veritasinfo.org\/index.php?rest_route=\/wp\/v2\/posts\/3648","targetHints":{"allow":["GET"]}}],"collection":[{"href":"https:\/\/veritasinfo.org\/index.php?rest_route=\/wp\/v2\/posts"}],"about":[{"href":"https:\/\/veritasinfo.org\/index.php?rest_route=\/wp\/v2\/types\/post"}],"author":[{"embeddable":true,"href":"https:\/\/veritasinfo.org\/index.php?rest_route=\/wp\/v2\/users\/1"}],"replies":[{"embeddable":true,"href":"https:\/\/veritasinfo.org\/index.php?rest_route=%2Fwp%2Fv2%2Fcomments&post=3648"}],"version-history":[{"count":1,"href":"https:\/\/veritasinfo.org\/index.php?rest_route=\/wp\/v2\/posts\/3648\/revisions"}],"predecessor-version":[{"id":3650,"href":"https:\/\/veritasinfo.org\/index.php?rest_route=\/wp\/v2\/posts\/3648\/revisions\/3650"}],"wp:featuredmedia":[{"embeddable":true,"href":"https:\/\/veritasinfo.org\/index.php?rest_route=\/wp\/v2\/media\/3649"}],"wp:attachment":[{"href":"https:\/\/veritasinfo.org\/index.php?rest_route=%2Fwp%2Fv2%2Fmedia&parent=3648"}],"wp:term":[{"taxonomy":"category","embeddable":true,"href":"https:\/\/veritasinfo.org\/index.php?rest_route=%2Fwp%2Fv2%2Fcategories&post=3648"},{"taxonomy":"post_tag","embeddable":true,"href":"https:\/\/veritasinfo.org\/index.php?rest_route=%2Fwp%2Fv2%2Ftags&post=3648"}],"curies":[{"name":"wp","href":"https:\/\/api.w.org\/{rel}","templated":true}]}}