{"id":36467,"date":"2026-03-07T12:15:21","date_gmt":"2026-03-07T11:15:21","guid":{"rendered":"https:\/\/veritasinfo.org\/?p=36467"},"modified":"2026-03-07T12:15:21","modified_gmt":"2026-03-07T11:15:21","slug":"muja-bashkepunimi-me-gjermanine-kyc-per-zhvillimin-e-sektorit-bujqesor","status":"publish","type":"post","link":"https:\/\/veritasinfo.org\/?p=36467","title":{"rendered":"Muja: Bashk\u00ebpunimi me Gjermanin\u00eb, ky\u00e7 p\u00ebr zhvillimin e sektorit bujq\u00ebsor"},"content":{"rendered":"<p>Prishtin\u00eb 7 Mars 2026 12:14<\/p>\n<p>Ministri i Ministris\u00eb s\u00eb Bujq\u00ebsis\u00eb, Pylltaris\u00eb dhe Zhvillimit Rural t\u00eb Kosov\u00ebs, Armend Muja, ka pritur n\u00eb takim p\u00ebrfaq\u00ebsues t\u00eb Republika Federale e Gjermanis\u00eb, duke p\u00ebrfshir\u00eb Daniel Alker nga Ambasada gjermane n\u00eb Kosov\u00eb, si dhe p\u00ebrfaq\u00ebsues t\u00eb GIZ, me t\u00eb cil\u00ebt ka diskutuar p\u00ebr zhvillimin e sektorit t\u00eb bujq\u00ebsis\u00eb n\u00eb vend.<\/p>\n<p>Gjat\u00eb takimit u bisedua p\u00ebr objektivat strategjike t\u00eb ministris\u00eb, p\u00ebr modernizimin e sektorit bujq\u00ebsor dhe p\u00ebrkrahjen e fermer\u00ebve, si dhe p\u00ebr mund\u00ebsit\u00eb e realizimit t\u00eb projekteve t\u00eb reja q\u00eb synojn\u00eb rritjen e prodhimit dhe zhvillimin ekonomik t\u00eb zonave rurale n\u00eb Kosov\u00eb.<\/p>\n<p>Muja theksoi se bashk\u00ebpunimi me Gjermanin\u00eb do t\u00eb fokusohet ve\u00e7an\u00ebrisht n\u00eb prodhimin e frutave, perimeve dhe hortikultur\u00ebs, fusha t\u00eb cilat kan\u00eb potencial t\u00eb madh p\u00ebr rritjen e konkurrueshm\u00ebris\u00eb s\u00eb bujq\u00ebsis\u00eb vendore. Ai po ashtu njoftoi p\u00ebr zhvillimet dhe programet aktuale bujq\u00ebsore q\u00eb synojn\u00eb rritjen e efikasitetit t\u00eb sektorit dhe forcimin e kapaciteteve<\/p>\n<p>Nj\u00eb nd\u00ebr prioritetet e ministris\u00eb, sipas Muja, mbetet rritja e nivelit t\u00eb siguris\u00eb dhe cil\u00ebsis\u00eb s\u00eb ushqimit, p\u00ebr t\u00eb cil\u00ebn ai k\u00ebrkoi mb\u00ebshtetje dhe ekspertiz\u00eb nga partner\u00ebt gjerman\u00eb p\u00ebr avancimin e standardeve dhe mekanizmave q\u00eb garantojn\u00eb produkte ushqimore t\u00eb sigurta p\u00ebr qytetar\u00ebt.<\/p>\n<p>N\u00eb fund, ministri Muja ka shprehur fal\u00ebnderime p\u00ebr mb\u00ebshtetjen e vazhdueshme t\u00eb Gjermania ndaj Kosov\u00ebs, duke vler\u00ebsuar partneritetin dhe bashk\u00ebpunimin strategjik mes dy vendeve n\u00eb sektorin e bujq\u00ebsis\u00eb.<\/p>\n","protected":false},"excerpt":{"rendered":"<p>Prishtin\u00eb 7 Mars 2026 12:14 Ministri i Ministris\u00eb s\u00eb Bujq\u00ebsis\u00eb, Pylltaris\u00eb dhe Zhvillimit Rural t\u00eb Kosov\u00ebs, Armend Muja, ka pritur n\u00eb takim p\u00ebrfaq\u00ebsues t\u00eb Republika<\/p>\n","protected":false},"author":6,"featured_media":36469,"comment_status":"open","ping_status":"open","sticky":false,"template":"","format":"standard","meta":{"footnotes":""},"categories":[60],"tags":[],"class_list":["post-36467","post","type-post","status-publish","format-standard","has-post-thumbnail","hentry","category-shoqerore-sq"],"yoast_head":"<!-- This site is optimized with the Yoast SEO plugin v25.3.1 - https:\/\/yoast.com\/wordpress\/plugins\/seo\/ -->\n<title>Muja: Bashk\u00ebpunimi me Gjermanin\u00eb, ky\u00e7 p\u00ebr zhvillimin e sektorit bujq\u00ebsor -<\/title>\n<meta name=\"robots\" content=\"index, follow, max-snippet:-1, max-image-preview:large, max-video-preview:-1\" \/>\n<link rel=\"canonical\" href=\"https:\/\/veritasinfo.org\/?p=36467\" \/>\n<meta property=\"og:locale\" content=\"en_US\" \/>\n<meta property=\"og:type\" content=\"article\" \/>\n<meta property=\"og:title\" content=\"Muja: Bashk\u00ebpunimi me Gjermanin\u00eb, ky\u00e7 p\u00ebr zhvillimin e sektorit bujq\u00ebsor -\" \/>\n<meta property=\"og:description\" content=\"Prishtin\u00eb 7 Mars 2026 12:14 Ministri i Ministris\u00eb s\u00eb Bujq\u00ebsis\u00eb, Pylltaris\u00eb dhe Zhvillimit Rural t\u00eb Kosov\u00ebs, Armend Muja, ka pritur n\u00eb takim p\u00ebrfaq\u00ebsues t\u00eb Republika\" \/>\n<meta property=\"og:url\" content=\"https:\/\/veritasinfo.org\/?p=36467\" \/>\n<meta property=\"article:published_time\" content=\"2026-03-07T11:15:21+00:00\" \/>\n<meta property=\"og:image\" content=\"https:\/\/veritasinfo.org\/wp-content\/uploads\/2026\/03\/719155-vncAwqhjIf.jpg\" \/>\n\t<meta property=\"og:image:width\" content=\"780\" \/>\n\t<meta property=\"og:image:height\" content=\"500\" \/>\n\t<meta property=\"og:image:type\" content=\"image\/jpeg\" \/>\n<meta name=\"author\" content=\"US5\" \/>\n<meta name=\"twitter:card\" content=\"summary_large_image\" \/>\n<meta name=\"twitter:label1\" content=\"Written by\" \/>\n\t<meta name=\"twitter:data1\" content=\"US5\" \/>\n\t<meta name=\"twitter:label2\" content=\"Est. reading time\" \/>\n\t<meta name=\"twitter:data2\" content=\"1 minute\" \/>\n<script type=\"application\/ld+json\" class=\"yoast-schema-graph\">{\"@context\":\"https:\/\/schema.org\",\"@graph\":[{\"@type\":\"WebPage\",\"@id\":\"https:\/\/veritasinfo.org\/?p=36467\",\"url\":\"https:\/\/veritasinfo.org\/?p=36467\",\"name\":\"Muja: Bashk\u00ebpunimi me Gjermanin\u00eb, ky\u00e7 p\u00ebr zhvillimin e sektorit bujq\u00ebsor -\",\"isPartOf\":{\"@id\":\"https:\/\/veritasinfo.org\/#website\"},\"primaryImageOfPage\":{\"@id\":\"https:\/\/veritasinfo.org\/?p=36467#primaryimage\"},\"image\":{\"@id\":\"https:\/\/veritasinfo.org\/?p=36467#primaryimage\"},\"thumbnailUrl\":\"https:\/\/veritasinfo.org\/wp-content\/uploads\/2026\/03\/719155-vncAwqhjIf.jpg\",\"datePublished\":\"2026-03-07T11:15:21+00:00\",\"author\":{\"@id\":\"https:\/\/veritasinfo.org\/#\/schema\/person\/bc442336e35414d04494ab8fb45db4c6\"},\"breadcrumb\":{\"@id\":\"https:\/\/veritasinfo.org\/?p=36467#breadcrumb\"},\"inLanguage\":\"en-US\",\"potentialAction\":[{\"@type\":\"ReadAction\",\"target\":[\"https:\/\/veritasinfo.org\/?p=36467\"]}]},{\"@type\":\"ImageObject\",\"inLanguage\":\"en-US\",\"@id\":\"https:\/\/veritasinfo.org\/?p=36467#primaryimage\",\"url\":\"https:\/\/veritasinfo.org\/wp-content\/uploads\/2026\/03\/719155-vncAwqhjIf.jpg\",\"contentUrl\":\"https:\/\/veritasinfo.org\/wp-content\/uploads\/2026\/03\/719155-vncAwqhjIf.jpg\",\"width\":780,\"height\":500},{\"@type\":\"BreadcrumbList\",\"@id\":\"https:\/\/veritasinfo.org\/?p=36467#breadcrumb\",\"itemListElement\":[{\"@type\":\"ListItem\",\"position\":1,\"name\":\"Home\",\"item\":\"https:\/\/veritasinfo.org\/\"},{\"@type\":\"ListItem\",\"position\":2,\"name\":\"Muja: Bashk\u00ebpunimi me Gjermanin\u00eb, ky\u00e7 p\u00ebr zhvillimin e sektorit bujq\u00ebsor\"}]},{\"@type\":\"WebSite\",\"@id\":\"https:\/\/veritasinfo.org\/#website\",\"url\":\"https:\/\/veritasinfo.org\/\",\"name\":\"\",\"description\":\"\",\"potentialAction\":[{\"@type\":\"SearchAction\",\"target\":{\"@type\":\"EntryPoint\",\"urlTemplate\":\"https:\/\/veritasinfo.org\/?s={search_term_string}\"},\"query-input\":{\"@type\":\"PropertyValueSpecification\",\"valueRequired\":true,\"valueName\":\"search_term_string\"}}],\"inLanguage\":\"en-US\"},{\"@type\":\"Person\",\"@id\":\"https:\/\/veritasinfo.org\/#\/schema\/person\/bc442336e35414d04494ab8fb45db4c6\",\"name\":\"US5\",\"image\":{\"@type\":\"ImageObject\",\"inLanguage\":\"en-US\",\"@id\":\"https:\/\/veritasinfo.org\/#\/schema\/person\/image\/\",\"url\":\"https:\/\/secure.gravatar.com\/avatar\/16a61e7272a0c5d001121ebb9e60e925d5816e4ac1e443ed3e640d9a6ae55d0c?s=96&d=mm&r=g\",\"contentUrl\":\"https:\/\/secure.gravatar.com\/avatar\/16a61e7272a0c5d001121ebb9e60e925d5816e4ac1e443ed3e640d9a6ae55d0c?s=96&d=mm&r=g\",\"caption\":\"US5\"},\"url\":\"https:\/\/veritasinfo.org\/?author=6\"}]}<\/script>\n<!-- \/ Yoast SEO plugin. -->","yoast_head_json":{"title":"Muja: Bashk\u00ebpunimi me Gjermanin\u00eb, ky\u00e7 p\u00ebr zhvillimin e sektorit bujq\u00ebsor -","robots":{"index":"index","follow":"follow","max-snippet":"max-snippet:-1","max-image-preview":"max-image-preview:large","max-video-preview":"max-video-preview:-1"},"canonical":"https:\/\/veritasinfo.org\/?p=36467","og_locale":"en_US","og_type":"article","og_title":"Muja: Bashk\u00ebpunimi me Gjermanin\u00eb, ky\u00e7 p\u00ebr zhvillimin e sektorit bujq\u00ebsor -","og_description":"Prishtin\u00eb 7 Mars 2026 12:14 Ministri i Ministris\u00eb s\u00eb Bujq\u00ebsis\u00eb, Pylltaris\u00eb dhe Zhvillimit Rural t\u00eb Kosov\u00ebs, Armend Muja, ka pritur n\u00eb takim p\u00ebrfaq\u00ebsues t\u00eb Republika","og_url":"https:\/\/veritasinfo.org\/?p=36467","article_published_time":"2026-03-07T11:15:21+00:00","og_image":[{"width":780,"height":500,"url":"https:\/\/veritasinfo.org\/wp-content\/uploads\/2026\/03\/719155-vncAwqhjIf.jpg","type":"image\/jpeg"}],"author":"US5","twitter_card":"summary_large_image","twitter_misc":{"Written by":"US5","Est. reading time":"1 minute"},"schema":{"@context":"https:\/\/schema.org","@graph":[{"@type":"WebPage","@id":"https:\/\/veritasinfo.org\/?p=36467","url":"https:\/\/veritasinfo.org\/?p=36467","name":"Muja: Bashk\u00ebpunimi me Gjermanin\u00eb, ky\u00e7 p\u00ebr zhvillimin e sektorit bujq\u00ebsor -","isPartOf":{"@id":"https:\/\/veritasinfo.org\/#website"},"primaryImageOfPage":{"@id":"https:\/\/veritasinfo.org\/?p=36467#primaryimage"},"image":{"@id":"https:\/\/veritasinfo.org\/?p=36467#primaryimage"},"thumbnailUrl":"https:\/\/veritasinfo.org\/wp-content\/uploads\/2026\/03\/719155-vncAwqhjIf.jpg","datePublished":"2026-03-07T11:15:21+00:00","author":{"@id":"https:\/\/veritasinfo.org\/#\/schema\/person\/bc442336e35414d04494ab8fb45db4c6"},"breadcrumb":{"@id":"https:\/\/veritasinfo.org\/?p=36467#breadcrumb"},"inLanguage":"en-US","potentialAction":[{"@type":"ReadAction","target":["https:\/\/veritasinfo.org\/?p=36467"]}]},{"@type":"ImageObject","inLanguage":"en-US","@id":"https:\/\/veritasinfo.org\/?p=36467#primaryimage","url":"https:\/\/veritasinfo.org\/wp-content\/uploads\/2026\/03\/719155-vncAwqhjIf.jpg","contentUrl":"https:\/\/veritasinfo.org\/wp-content\/uploads\/2026\/03\/719155-vncAwqhjIf.jpg","width":780,"height":500},{"@type":"BreadcrumbList","@id":"https:\/\/veritasinfo.org\/?p=36467#breadcrumb","itemListElement":[{"@type":"ListItem","position":1,"name":"Home","item":"https:\/\/veritasinfo.org\/"},{"@type":"ListItem","position":2,"name":"Muja: Bashk\u00ebpunimi me Gjermanin\u00eb, ky\u00e7 p\u00ebr zhvillimin e sektorit bujq\u00ebsor"}]},{"@type":"WebSite","@id":"https:\/\/veritasinfo.org\/#website","url":"https:\/\/veritasinfo.org\/","name":"","description":"","potentialAction":[{"@type":"SearchAction","target":{"@type":"EntryPoint","urlTemplate":"https:\/\/veritasinfo.org\/?s={search_term_string}"},"query-input":{"@type":"PropertyValueSpecification","valueRequired":true,"valueName":"search_term_string"}}],"inLanguage":"en-US"},{"@type":"Person","@id":"https:\/\/veritasinfo.org\/#\/schema\/person\/bc442336e35414d04494ab8fb45db4c6","name":"US5","image":{"@type":"ImageObject","inLanguage":"en-US","@id":"https:\/\/veritasinfo.org\/#\/schema\/person\/image\/","url":"https:\/\/secure.gravatar.com\/avatar\/16a61e7272a0c5d001121ebb9e60e925d5816e4ac1e443ed3e640d9a6ae55d0c?s=96&d=mm&r=g","contentUrl":"https:\/\/secure.gravatar.com\/avatar\/16a61e7272a0c5d001121ebb9e60e925d5816e4ac1e443ed3e640d9a6ae55d0c?s=96&d=mm&r=g","caption":"US5"},"url":"https:\/\/veritasinfo.org\/?author=6"}]}},"featured_image_urls":{"full":["https:\/\/veritasinfo.org\/wp-content\/uploads\/2026\/03\/719155-vncAwqhjIf.jpg",780,500,false],"thumbnail":["https:\/\/veritasinfo.org\/wp-content\/uploads\/2026\/03\/719155-vncAwqhjIf-150x150.jpg",150,150,true],"medium":["https:\/\/veritasinfo.org\/wp-content\/uploads\/2026\/03\/719155-vncAwqhjIf-300x192.jpg",300,192,true],"medium_large":["https:\/\/veritasinfo.org\/wp-content\/uploads\/2026\/03\/719155-vncAwqhjIf-768x492.jpg",640,410,true],"large":["https:\/\/veritasinfo.org\/wp-content\/uploads\/2026\/03\/719155-vncAwqhjIf.jpg",640,410,false],"1536x1536":["https:\/\/veritasinfo.org\/wp-content\/uploads\/2026\/03\/719155-vncAwqhjIf.jpg",780,500,false],"2048x2048":["https:\/\/veritasinfo.org\/wp-content\/uploads\/2026\/03\/719155-vncAwqhjIf.jpg",780,500,false],"kreeti-slider-full":["https:\/\/veritasinfo.org\/wp-content\/uploads\/2026\/03\/719155-vncAwqhjIf.jpg",780,500,false],"kreeti-featured":["https:\/\/veritasinfo.org\/wp-content\/uploads\/2026\/03\/719155-vncAwqhjIf.jpg",780,500,false],"kreeti-medium":["https:\/\/veritasinfo.org\/wp-content\/uploads\/2026\/03\/719155-vncAwqhjIf.jpg",720,462,false],"kreeti-medium-square":["https:\/\/veritasinfo.org\/wp-content\/uploads\/2026\/03\/719155-vncAwqhjIf.jpg",350,224,false]},"author_info":{"info":["US5"]},"category_info":"<a href=\"https:\/\/veritasinfo.org\/?cat=60\" rel=\"category\">Shoq\u00ebrore<\/a>","tag_info":"Shoq\u00ebrore","comment_count":"0","_links":{"self":[{"href":"https:\/\/veritasinfo.org\/index.php?rest_route=\/wp\/v2\/posts\/36467","targetHints":{"allow":["GET"]}}],"collection":[{"href":"https:\/\/veritasinfo.org\/index.php?rest_route=\/wp\/v2\/posts"}],"about":[{"href":"https:\/\/veritasinfo.org\/index.php?rest_route=\/wp\/v2\/types\/post"}],"author":[{"embeddable":true,"href":"https:\/\/veritasinfo.org\/index.php?rest_route=\/wp\/v2\/users\/6"}],"replies":[{"embeddable":true,"href":"https:\/\/veritasinfo.org\/index.php?rest_route=%2Fwp%2Fv2%2Fcomments&post=36467"}],"version-history":[{"count":2,"href":"https:\/\/veritasinfo.org\/index.php?rest_route=\/wp\/v2\/posts\/36467\/revisions"}],"predecessor-version":[{"id":36470,"href":"https:\/\/veritasinfo.org\/index.php?rest_route=\/wp\/v2\/posts\/36467\/revisions\/36470"}],"wp:featuredmedia":[{"embeddable":true,"href":"https:\/\/veritasinfo.org\/index.php?rest_route=\/wp\/v2\/media\/36469"}],"wp:attachment":[{"href":"https:\/\/veritasinfo.org\/index.php?rest_route=%2Fwp%2Fv2%2Fmedia&parent=36467"}],"wp:term":[{"taxonomy":"category","embeddable":true,"href":"https:\/\/veritasinfo.org\/index.php?rest_route=%2Fwp%2Fv2%2Fcategories&post=36467"},{"taxonomy":"post_tag","embeddable":true,"href":"https:\/\/veritasinfo.org\/index.php?rest_route=%2Fwp%2Fv2%2Ftags&post=36467"}],"curies":[{"name":"wp","href":"https:\/\/api.w.org\/{rel}","templated":true}]}}