{"id":3645,"date":"2025-07-13T15:11:28","date_gmt":"2025-07-13T13:11:28","guid":{"rendered":"https:\/\/veritasinfo.org\/?p=3645"},"modified":"2025-07-13T15:17:43","modified_gmt":"2025-07-13T13:17:43","slug":"3645","status":"publish","type":"post","link":"https:\/\/veritasinfo.org\/?p=3645&lang=sr","title":{"rendered":"Nema\u010dki poslanik kritikuje \u0107utanje o Albancima u Srbiji i podr\u017eava \u010dlanstvo Kosova u SE"},"content":{"rendered":"<p>Berlin, 13. jul 2025.<\/p>\n<p>Poslanik nema\u010dkog Bundestaga iz SPD-a, Adis Ahmetovi\u0107, govorio je za DW o nedostatku pa\u017enje prema Albancima u ju\u017enoj Srbiji, o se\u0107anju na genocid u Srebrenici, kao i o podr\u0161ci koju pru\u017ea Kosovu u procesu evropskih integracija.<\/p>\n<p>G. Ahmetovi\u0107u, u petak ste odr\u017eali govor u Bundestagu povodom Dana se\u0107anja na Srebrenicu. Li\u010dno ste pogo\u0111eni ratom u Bosni \u2013 posmrtni ostaci va\u0161eg dede prona\u0111eni su u masovnoj grobnici i identifikovani tek 2016. godine. Kako ste do\u017eiveli ovu debatu?<\/p>\n<p>Ahmetovi\u0107: Veoma sam zahvalan \u0161to je u nema\u010dkom Bundestagu odr\u017eana dogovorena debata o ovom doga\u0111aju. Nismo obele\u017eili samo 30. godi\u0161njicu genocida u Srebrenici, ve\u0107 smo po prvi put obele\u017eili i Me\u0111unarodni dan se\u0107anja na ovaj zlo\u010din. Pro\u0161le godine je nema\u010dka vlada, u saradnji sa Ruandom, uspela da obezbedi ve\u0107inu u Generalnoj skup\u0161tini UN da se ovaj dan proglasi me\u0111unarodnim danom se\u0107anja. Ova debata je bila neophodna. I 30 godina kasnije, jo\u0161 uvek postoje politi\u010dki akteri na Zapadnom Balkanu \u2013 u Bosni i Hercegovini, ali i u Beogradu \u2013 koji negiraju genocid, poku\u0161avaju da iskrive istoriju i veli\u010daju ratne zlo\u010dince poput Ratka Mladi\u0107a i Radovana Karad\u017ei\u0107a. To je neprihvatljivo. Imamo odgovornost \u2013 prema \u017ertvama, njihovim porodicama i celom regionu.<\/p>\n<p>Srebrenica je bila genocid na evropskom tlu. Koje pouke se mogu izvu\u0107i za sada\u0161nju situaciju na Zapadnom Balkanu \u2013 posebno u Kosovu?<\/p>\n<p>Ahmetovi\u0107: Moramo pa\u017eljivo i kontinuirano pratiti situaciju na Zapadnom Balkanu. Politika prema Balkanu ne sme biti stvar trenutnih interesa \u2013 ona mora biti trajni deo na\u0161e spoljne politike. Zato redovno pratim razvoj doga\u0111aja u regionu \u2013 u Albaniji, Srbiji i na Kosovu. Na\u0161 cilj je stabilnost regiona. Za Kosovo to konkretno zna\u010di: \u017eelimo da ova zemlja postane \u010dlanica Saveta Evrope \u0161to je pre mogu\u0107e \u2013 da je do SPD-a, to bi se dogodilo ju\u010de, a ne sutra. Srebrenica nas svakodnevno podse\u0107a da Zapadni Balkan nije periferija, ve\u0107 centralni deo Evrope. Mnogi ljudi sa Balkana danas \u017eive u Nema\u010dkoj, dobro su integrisani i nema\u010dki su dr\u017eavljani. I to nas obavezuje. Region mora biti sastavni deo na\u0161e spoljne i bezbednosne politike \u2013 i to je stvarnost pod ovom vladom, naro\u010dito kada je re\u010d o Kosovu.<\/p>\n<p>Prema na\u0161im informacijama, u Bundestagu je bilo poku\u0161aja da se usvoji rezolucija o Srebrenici. Za\u0161to ta inicijativa nije uspela?<\/p>\n<p>Ahmetovi\u0107: Mogu sa sigurno\u0161\u0107u re\u0107i da smo danas uspeli dostojanstveno da obele\u017eimo Me\u0111unarodni dan genocida u Srebrenici \u2013 na na\u010din i u okviru koji odgovara ozbiljnosti ove teme. Odr\u017eao sam li\u010dno govor i stavio simboli\u010dan cvet se\u0107anja na rever sakoa \u2013 kao jasan znak solidarnosti. Jo\u0161 jedan sna\u017ean signal bila je prisutnost dvojice pre\u017eivelih genocida. Pored ambasadora Bosne, prisutan je bio i ambasador Kosova, moj politi\u010dki partner Faruk Ajeti \u2013 diplomata koji ovde u Nema\u010dkoj radi odli\u010dan posao. Tako\u0111e \u017eelim da naglasim: poslani\u010dka grupa SPD-a u Bundestagu usvojila je sopstveni stav povodom 30-godi\u0161njice i Prvog me\u0111unarodnog dana se\u0107anja na Srebrenicu \u2013 i to jednoglasno. To je bio samo po\u010detak. Slede\u0107e godine dolazi drugi dan se\u0107anja \u2013 zatim tre\u0107i, \u010detvrti \u2013 i mi \u0107emo poja\u010dati i unaprediti na\u0161e anga\u017eovanje.<\/p>\n<p>Pomenuli ste Savet Evrope. Postoji li konkretan plan da se \u010dlanstvo Kosova stavi na dnevni red Komiteta ministara?<\/p>\n<p>Ahmetovi\u0107: Ne mogu da navedem konkretan datum, jer bi to bilo neodgovorno. Ali kao portparol za spoljnu politiku poslani\u010dke grupe SPD \u2013 zajedno sa kolegom Frankom \u0160vabeom \u2013 u\u010dini\u0107emo sve da ostanemo na na\u0161em kursu. \u017delimo da Kosovo postane \u010dlanica Saveta Evrope. Bili smo razo\u010darani \u0161to to nije postignuto u pro\u0161lom sazivu, iako je postojala strate\u0161ka prilika. Da je bilo vi\u0161e pritiska, mo\u017eda bi se dogodilo. Ipak, ne smemo da odustanemo. Na jubileju Saveta Evrope u Bundestagu jasno sam rekao: Moja \u017eelja je da Kosovo, ova mlada demokratija, \u0161to pre postane punopravna \u010dlanica \u2013 da je do nas iz SPD-a, bilo bi to ju\u010de, a ne sutra.<\/p>\n<p>Na koga je trebalo izvr\u0161iti ve\u0107i pritisak pro\u0161le godine?<\/p>\n<p>Ahmetovi\u0107: Nema\u010dka vlada je trebalo da izvr\u0161i ve\u0107i pritisak na dr\u017eave \u010dlanice Saveta Evrope. Neke zemlje su bile protiv. Ali Nema\u010dka danas ima ve\u0107u te\u017einu u Evropi \u2013 i treba da delujemo sa samopouzdanjem, ali i sa ponizno\u0161\u0107u. Kao SPD \u0107emo se pobrinuti da vlada bude aktivnija po tom pitanju. Ministar spoljnih poslova g. Vadeful je i sam rekao da Kosovo treba da postane stalna \u010dlanica Saveta Evrope. Podseti\u0107emo ga na to obe\u0107anje \u2013 i ocenjiva\u0107emo ga prema tome.<\/p>\n<p>Jo\u0161 jedna garancija mira je \u010dlanstvo u EU. Albanija i Crna Gora se nadaju \u010dlanstvu do 2030. godine. Da li je to realno? I \u010desto \u010dujemo o \u201easociranom \u010dlanstvu\u201c. \u0160ta se podrazumeva pod tim pojmom?<\/p>\n<p>Ahmetovi\u0107: Jedna od najve\u0107ih pouka iz genocida u Srebrenici je: proces integracije \u0161est zemalja Zapadnog Balkana koje jo\u0161 nisu \u010dlanice EU mora ozbiljno da se ubrza. Ako \u017eelimo stabilnost i trajnu bezbednost u regionu, te zemlje \u2013 uklju\u010duju\u0107i i Kosovo \u2013 moraju imati realnu, transparentnu i iskrenu perspektivu \u010dlanstva. I jo\u0161 ne\u0161to: \u010dlanstvo u NATO-u je jednako va\u017eno kao i u EU. Obe dimenzije \u2013 politi\u010dka integracija i kolektivna bezbednost \u2013 usko su povezane. Bez bezbednosti nema ni\u010dega. Ljudi nisu napustili Balkan devedesetih zbog boljeg posla. Pobe\u0107i su zbog rata, progona, proterivanja i zlo\u010dina. Da se to nikada vi\u0161e ne ponovi, potrebna je trajna uklju\u010denost u EU i NATO. Ne mogu da ka\u017eem kada \u0107e se to desiti. Ali mogu da vam obe\u0107am: kao predstavnik SPD-a za spoljnu politiku, da\u0107u sve od sebe da ta perspektiva postane stvarna. Tako\u0111e je istina da same dr\u017eave \u2013 Kosovo, Bosna i Hercegovina, Srbija, Crna Gora, Albanija i Severna Makedonija \u2013 moraju da obave svoje \u201edoma\u0107e zadatke\u201c. Odgovornost je obostrana.<\/p>\n","protected":false},"excerpt":{"rendered":"<p>Berlin, 13. jul 2025. Poslanik nema\u010dkog Bundestaga iz SPD-a, Adis Ahmetovi\u0107, govorio je za DW o nedostatku pa\u017enje prema Albancima u ju\u017enoj Srbiji, o se\u0107anju<\/p>\n","protected":false},"author":1,"featured_media":3642,"comment_status":"open","ping_status":"open","sticky":false,"template":"","format":"standard","meta":{"footnotes":""},"categories":[28],"tags":[],"class_list":["post-3645","post","type-post","status-publish","format-standard","has-post-thumbnail","hentry","category-politika"],"yoast_head":"<!-- This site is optimized with the Yoast SEO plugin v25.3.1 - https:\/\/yoast.com\/wordpress\/plugins\/seo\/ -->\n<title>Nema\u010dki poslanik kritikuje \u0107utanje o Albancima u Srbiji i podr\u017eava \u010dlanstvo Kosova u SE -<\/title>\n<meta name=\"robots\" content=\"index, follow, max-snippet:-1, max-image-preview:large, max-video-preview:-1\" \/>\n<link rel=\"canonical\" href=\"https:\/\/veritasinfo.org\/?p=3645&lang=sr\" \/>\n<meta property=\"og:locale\" content=\"en_US\" \/>\n<meta property=\"og:type\" content=\"article\" \/>\n<meta property=\"og:title\" content=\"Nema\u010dki poslanik kritikuje \u0107utanje o Albancima u Srbiji i podr\u017eava \u010dlanstvo Kosova u SE -\" \/>\n<meta property=\"og:description\" content=\"Berlin, 13. jul 2025. Poslanik nema\u010dkog Bundestaga iz SPD-a, Adis Ahmetovi\u0107, govorio je za DW o nedostatku pa\u017enje prema Albancima u ju\u017enoj Srbiji, o se\u0107anju\" \/>\n<meta property=\"og:url\" content=\"https:\/\/veritasinfo.org\/?p=3645&amp;lang=sr\" \/>\n<meta property=\"article:published_time\" content=\"2025-07-13T13:11:28+00:00\" \/>\n<meta property=\"article:modified_time\" content=\"2025-07-13T13:17:43+00:00\" \/>\n<meta property=\"og:image\" content=\"https:\/\/veritasinfo.org\/wp-content\/uploads\/2025\/07\/IMG_2037.webp\" \/>\n\t<meta property=\"og:image:width\" content=\"624\" \/>\n\t<meta property=\"og:image:height\" content=\"296\" \/>\n\t<meta property=\"og:image:type\" content=\"image\/webp\" \/>\n<meta name=\"author\" content=\"admin\" \/>\n<meta name=\"twitter:card\" content=\"summary_large_image\" \/>\n<meta name=\"twitter:label1\" content=\"Written by\" \/>\n\t<meta name=\"twitter:data1\" content=\"admin\" \/>\n\t<meta name=\"twitter:label2\" content=\"Est. reading time\" \/>\n\t<meta name=\"twitter:data2\" content=\"5 minutes\" \/>\n<script type=\"application\/ld+json\" class=\"yoast-schema-graph\">{\"@context\":\"https:\/\/schema.org\",\"@graph\":[{\"@type\":\"WebPage\",\"@id\":\"https:\/\/veritasinfo.org\/?p=3645&lang=sr\",\"url\":\"https:\/\/veritasinfo.org\/?p=3645&lang=sr\",\"name\":\"Nema\u010dki poslanik kritikuje \u0107utanje o Albancima u Srbiji i podr\u017eava \u010dlanstvo Kosova u SE -\",\"isPartOf\":{\"@id\":\"https:\/\/veritasinfo.org\/#website\"},\"primaryImageOfPage\":{\"@id\":\"https:\/\/veritasinfo.org\/?p=3645&lang=sr#primaryimage\"},\"image\":{\"@id\":\"https:\/\/veritasinfo.org\/?p=3645&lang=sr#primaryimage\"},\"thumbnailUrl\":\"https:\/\/veritasinfo.org\/wp-content\/uploads\/2025\/07\/IMG_2037.webp\",\"datePublished\":\"2025-07-13T13:11:28+00:00\",\"dateModified\":\"2025-07-13T13:17:43+00:00\",\"author\":{\"@id\":\"https:\/\/veritasinfo.org\/#\/schema\/person\/7701f8c088bece422266b100a712374f\"},\"breadcrumb\":{\"@id\":\"https:\/\/veritasinfo.org\/?p=3645&lang=sr#breadcrumb\"},\"inLanguage\":\"en-US\",\"potentialAction\":[{\"@type\":\"ReadAction\",\"target\":[\"https:\/\/veritasinfo.org\/?p=3645&lang=sr\"]}]},{\"@type\":\"ImageObject\",\"inLanguage\":\"en-US\",\"@id\":\"https:\/\/veritasinfo.org\/?p=3645&lang=sr#primaryimage\",\"url\":\"https:\/\/veritasinfo.org\/wp-content\/uploads\/2025\/07\/IMG_2037.webp\",\"contentUrl\":\"https:\/\/veritasinfo.org\/wp-content\/uploads\/2025\/07\/IMG_2037.webp\",\"width\":624,\"height\":296},{\"@type\":\"BreadcrumbList\",\"@id\":\"https:\/\/veritasinfo.org\/?p=3645&lang=sr#breadcrumb\",\"itemListElement\":[{\"@type\":\"ListItem\",\"position\":1,\"name\":\"Home\",\"item\":\"https:\/\/veritasinfo.org\/\"},{\"@type\":\"ListItem\",\"position\":2,\"name\":\"Nema\u010dki poslanik kritikuje \u0107utanje o Albancima u Srbiji i podr\u017eava \u010dlanstvo Kosova u SE\"}]},{\"@type\":\"WebSite\",\"@id\":\"https:\/\/veritasinfo.org\/#website\",\"url\":\"https:\/\/veritasinfo.org\/\",\"name\":\"\",\"description\":\"\",\"potentialAction\":[{\"@type\":\"SearchAction\",\"target\":{\"@type\":\"EntryPoint\",\"urlTemplate\":\"https:\/\/veritasinfo.org\/?s={search_term_string}\"},\"query-input\":{\"@type\":\"PropertyValueSpecification\",\"valueRequired\":true,\"valueName\":\"search_term_string\"}}],\"inLanguage\":\"en-US\"},{\"@type\":\"Person\",\"@id\":\"https:\/\/veritasinfo.org\/#\/schema\/person\/7701f8c088bece422266b100a712374f\",\"name\":\"admin\",\"image\":{\"@type\":\"ImageObject\",\"inLanguage\":\"en-US\",\"@id\":\"https:\/\/veritasinfo.org\/#\/schema\/person\/image\/\",\"url\":\"https:\/\/secure.gravatar.com\/avatar\/ea53aa3bf6c9a12d5fde8ce4deff43fef3885ae33cf60184161a50d6987cfd2f?s=96&d=mm&r=g\",\"contentUrl\":\"https:\/\/secure.gravatar.com\/avatar\/ea53aa3bf6c9a12d5fde8ce4deff43fef3885ae33cf60184161a50d6987cfd2f?s=96&d=mm&r=g\",\"caption\":\"admin\"},\"sameAs\":[\"https:\/\/veritasinfo.org\"],\"url\":\"https:\/\/veritasinfo.org\/?author=1\"}]}<\/script>\n<!-- \/ Yoast SEO plugin. -->","yoast_head_json":{"title":"Nema\u010dki poslanik kritikuje \u0107utanje o Albancima u Srbiji i podr\u017eava \u010dlanstvo Kosova u SE -","robots":{"index":"index","follow":"follow","max-snippet":"max-snippet:-1","max-image-preview":"max-image-preview:large","max-video-preview":"max-video-preview:-1"},"canonical":"https:\/\/veritasinfo.org\/?p=3645&lang=sr","og_locale":"en_US","og_type":"article","og_title":"Nema\u010dki poslanik kritikuje \u0107utanje o Albancima u Srbiji i podr\u017eava \u010dlanstvo Kosova u SE -","og_description":"Berlin, 13. jul 2025. Poslanik nema\u010dkog Bundestaga iz SPD-a, Adis Ahmetovi\u0107, govorio je za DW o nedostatku pa\u017enje prema Albancima u ju\u017enoj Srbiji, o se\u0107anju","og_url":"https:\/\/veritasinfo.org\/?p=3645&lang=sr","article_published_time":"2025-07-13T13:11:28+00:00","article_modified_time":"2025-07-13T13:17:43+00:00","og_image":[{"width":624,"height":296,"url":"https:\/\/veritasinfo.org\/wp-content\/uploads\/2025\/07\/IMG_2037.webp","type":"image\/webp"}],"author":"admin","twitter_card":"summary_large_image","twitter_misc":{"Written by":"admin","Est. reading time":"5 minutes"},"schema":{"@context":"https:\/\/schema.org","@graph":[{"@type":"WebPage","@id":"https:\/\/veritasinfo.org\/?p=3645&lang=sr","url":"https:\/\/veritasinfo.org\/?p=3645&lang=sr","name":"Nema\u010dki poslanik kritikuje \u0107utanje o Albancima u Srbiji i podr\u017eava \u010dlanstvo Kosova u SE -","isPartOf":{"@id":"https:\/\/veritasinfo.org\/#website"},"primaryImageOfPage":{"@id":"https:\/\/veritasinfo.org\/?p=3645&lang=sr#primaryimage"},"image":{"@id":"https:\/\/veritasinfo.org\/?p=3645&lang=sr#primaryimage"},"thumbnailUrl":"https:\/\/veritasinfo.org\/wp-content\/uploads\/2025\/07\/IMG_2037.webp","datePublished":"2025-07-13T13:11:28+00:00","dateModified":"2025-07-13T13:17:43+00:00","author":{"@id":"https:\/\/veritasinfo.org\/#\/schema\/person\/7701f8c088bece422266b100a712374f"},"breadcrumb":{"@id":"https:\/\/veritasinfo.org\/?p=3645&lang=sr#breadcrumb"},"inLanguage":"en-US","potentialAction":[{"@type":"ReadAction","target":["https:\/\/veritasinfo.org\/?p=3645&lang=sr"]}]},{"@type":"ImageObject","inLanguage":"en-US","@id":"https:\/\/veritasinfo.org\/?p=3645&lang=sr#primaryimage","url":"https:\/\/veritasinfo.org\/wp-content\/uploads\/2025\/07\/IMG_2037.webp","contentUrl":"https:\/\/veritasinfo.org\/wp-content\/uploads\/2025\/07\/IMG_2037.webp","width":624,"height":296},{"@type":"BreadcrumbList","@id":"https:\/\/veritasinfo.org\/?p=3645&lang=sr#breadcrumb","itemListElement":[{"@type":"ListItem","position":1,"name":"Home","item":"https:\/\/veritasinfo.org\/"},{"@type":"ListItem","position":2,"name":"Nema\u010dki poslanik kritikuje \u0107utanje o Albancima u Srbiji i podr\u017eava \u010dlanstvo Kosova u SE"}]},{"@type":"WebSite","@id":"https:\/\/veritasinfo.org\/#website","url":"https:\/\/veritasinfo.org\/","name":"","description":"","potentialAction":[{"@type":"SearchAction","target":{"@type":"EntryPoint","urlTemplate":"https:\/\/veritasinfo.org\/?s={search_term_string}"},"query-input":{"@type":"PropertyValueSpecification","valueRequired":true,"valueName":"search_term_string"}}],"inLanguage":"en-US"},{"@type":"Person","@id":"https:\/\/veritasinfo.org\/#\/schema\/person\/7701f8c088bece422266b100a712374f","name":"admin","image":{"@type":"ImageObject","inLanguage":"en-US","@id":"https:\/\/veritasinfo.org\/#\/schema\/person\/image\/","url":"https:\/\/secure.gravatar.com\/avatar\/ea53aa3bf6c9a12d5fde8ce4deff43fef3885ae33cf60184161a50d6987cfd2f?s=96&d=mm&r=g","contentUrl":"https:\/\/secure.gravatar.com\/avatar\/ea53aa3bf6c9a12d5fde8ce4deff43fef3885ae33cf60184161a50d6987cfd2f?s=96&d=mm&r=g","caption":"admin"},"sameAs":["https:\/\/veritasinfo.org"],"url":"https:\/\/veritasinfo.org\/?author=1"}]}},"featured_image_urls":{"full":["https:\/\/veritasinfo.org\/wp-content\/uploads\/2025\/07\/IMG_2037.webp",624,296,false],"thumbnail":["https:\/\/veritasinfo.org\/wp-content\/uploads\/2025\/07\/IMG_2037-150x150.webp",150,150,true],"medium":["https:\/\/veritasinfo.org\/wp-content\/uploads\/2025\/07\/IMG_2037-300x142.webp",300,142,true],"medium_large":["https:\/\/veritasinfo.org\/wp-content\/uploads\/2025\/07\/IMG_2037.webp",624,296,false],"large":["https:\/\/veritasinfo.org\/wp-content\/uploads\/2025\/07\/IMG_2037.webp",624,296,false],"1536x1536":["https:\/\/veritasinfo.org\/wp-content\/uploads\/2025\/07\/IMG_2037.webp",624,296,false],"2048x2048":["https:\/\/veritasinfo.org\/wp-content\/uploads\/2025\/07\/IMG_2037.webp",624,296,false],"kreeti-slider-full":["https:\/\/veritasinfo.org\/wp-content\/uploads\/2025\/07\/IMG_2037.webp",624,296,false],"kreeti-featured":["https:\/\/veritasinfo.org\/wp-content\/uploads\/2025\/07\/IMG_2037.webp",624,296,false],"kreeti-medium":["https:\/\/veritasinfo.org\/wp-content\/uploads\/2025\/07\/IMG_2037.webp",624,296,false],"kreeti-medium-square":["https:\/\/veritasinfo.org\/wp-content\/uploads\/2025\/07\/IMG_2037.webp",350,166,false]},"author_info":{"info":["admin"]},"category_info":"<a href=\"https:\/\/veritasinfo.org\/?cat=28&#038;lang=sr\" rel=\"category\">Politika<\/a>","tag_info":"Politika","comment_count":"0","_links":{"self":[{"href":"https:\/\/veritasinfo.org\/index.php?rest_route=\/wp\/v2\/posts\/3645","targetHints":{"allow":["GET"]}}],"collection":[{"href":"https:\/\/veritasinfo.org\/index.php?rest_route=\/wp\/v2\/posts"}],"about":[{"href":"https:\/\/veritasinfo.org\/index.php?rest_route=\/wp\/v2\/types\/post"}],"author":[{"embeddable":true,"href":"https:\/\/veritasinfo.org\/index.php?rest_route=\/wp\/v2\/users\/1"}],"replies":[{"embeddable":true,"href":"https:\/\/veritasinfo.org\/index.php?rest_route=%2Fwp%2Fv2%2Fcomments&post=3645"}],"version-history":[{"count":2,"href":"https:\/\/veritasinfo.org\/index.php?rest_route=\/wp\/v2\/posts\/3645\/revisions"}],"predecessor-version":[{"id":3651,"href":"https:\/\/veritasinfo.org\/index.php?rest_route=\/wp\/v2\/posts\/3645\/revisions\/3651"}],"wp:featuredmedia":[{"embeddable":true,"href":"https:\/\/veritasinfo.org\/index.php?rest_route=\/wp\/v2\/media\/3642"}],"wp:attachment":[{"href":"https:\/\/veritasinfo.org\/index.php?rest_route=%2Fwp%2Fv2%2Fmedia&parent=3645"}],"wp:term":[{"taxonomy":"category","embeddable":true,"href":"https:\/\/veritasinfo.org\/index.php?rest_route=%2Fwp%2Fv2%2Fcategories&post=3645"},{"taxonomy":"post_tag","embeddable":true,"href":"https:\/\/veritasinfo.org\/index.php?rest_route=%2Fwp%2Fv2%2Ftags&post=3645"}],"curies":[{"name":"wp","href":"https:\/\/api.w.org\/{rel}","templated":true}]}}