{"id":3641,"date":"2025-07-13T15:02:39","date_gmt":"2025-07-13T13:02:39","guid":{"rendered":"https:\/\/veritasinfo.org\/?p=3641"},"modified":"2025-07-13T15:02:39","modified_gmt":"2025-07-13T13:02:39","slug":"deputeti-gjerman-kritikon-heshtjen-per-shqiptaret-ne-serbi-dhe-mbeshtet-anetaresimin-e-kosoves-ne-kie","status":"publish","type":"post","link":"https:\/\/veritasinfo.org\/?p=3641","title":{"rendered":"Deputeti gjerman kritikon heshtjen p\u00ebr shqiptar\u00ebt n\u00eb Serbi dhe mb\u00ebshtet an\u00ebtar\u00ebsimin e Kosov\u00ebs n\u00eb KiE"},"content":{"rendered":"<p>Berlin, 13 Korrik 2025<\/p>\n<p><strong>Deputeti i Bundestagut nga SPD, Adis Ahmetoviq, ka folur p\u00ebr DW rreth munges\u00ebs s\u00eb v\u00ebmendjes p\u00ebr shqiptar\u00ebt n\u00eb Serbin\u00eb e Jugut, p\u00ebrkujtimit t\u00eb gjenocidit t\u00eb Srebrenic\u00ebs, si dhe p\u00ebr mb\u00ebshtetjen q\u00eb i jep Kosov\u00ebs n\u00eb procesin e integrimeve evropiane.<\/strong><\/p>\n<p>Z. Ahmetoviq t\u00eb premten ju mbajt\u00ebt n\u00eb Bundestag nj\u00eb fjalim me rastin e dit\u00ebs p\u00ebrkujtimore t\u00eb Srebrenic\u00ebs. Ju jeni i prekur personalisht nga Lufta e Bosnj\u00ebs, eshtrat e gjyshit tuaj u gjet\u00ebn n\u00eb nj\u00eb varr masiv dhe u identifikuan vet\u00ebm n\u00eb vitin 2016. Si e p\u00ebrjetuat k\u00ebt\u00eb debat?<\/p>\n<p><em>Ahmetoviq<\/em>: Jam shum\u00eb mir\u00ebnjoh\u00ebs q\u00eb n\u00eb Bundestagun gjerman u zhvillua nj\u00eb debat i dakorduar p\u00ebr k\u00ebt\u00eb ngjarje. Nuk p\u00ebrkujtuam vet\u00ebm 30-vjetorin e gjenocidit t\u00eb Srebrenic\u00ebs, por p\u00ebr her\u00eb t\u00eb par\u00eb edhe Dit\u00ebn Nd\u00ebrkomb\u00ebtare t\u00eb Kujtimit p\u00ebr k\u00ebt\u00eb krim. Vitin e kaluar, qeveria gjermane, n\u00eb bashk\u00ebpunim me Ruand\u00ebn, arriti t\u00eb fitoj\u00eb shumic\u00ebn n\u00eb Asamblen\u00eb e P\u00ebrgjithshme t\u00eb OKB-s\u00eb p\u00ebr ta shpallur k\u00ebt\u00eb dit\u00eb si dit\u00eb nd\u00ebrkomb\u00ebtare p\u00ebrkujtimore. Ky debat ishte i domosdosh\u00ebm. Edhe pas 30 vitesh ka ende aktor\u00eb politik\u00eb n\u00eb Ballkanin Per\u00ebndimor \u2013 n\u00eb Bosnje e Hercegovin\u00eb, por edhe n\u00eb Beograd \u2013 q\u00eb mohojn\u00eb gjenocidin, p\u00ebrpiqen t\u00eb shtremb\u00ebrojn\u00eb historin\u00eb dhe glorifikojn\u00eb kriminel\u00eb lufte si Ratko Mladi\u0107 apo Radovan Karad\u017ei\u0107. Kjo \u00ebsht\u00eb e papranueshme. Kemi p\u00ebrgjegj\u00ebsi \u2013 ndaj viktimave, familjar\u00ebve t\u00eb tyre dhe gjith\u00eb rajonit.<\/p>\n<p>Srebrenica ishte nj\u00eb gjenocid n\u00eb tok\u00ebn evropiane. \u00c7far\u00eb m\u00ebsimesh mund t\u00eb nxirren nga kjo p\u00ebr situat\u00ebn aktuale n\u00eb Ballkanin Per\u00ebndimor \u2013 ve\u00e7an\u00ebrisht n\u00eb Kosov\u00eb?<\/p>\n<p><em>Ahmetoviq:\u00a0<\/em>Ne duhet ta ndjekim nga af\u00ebr dhe vazhdimisht situat\u00ebn n\u00eb Ballkanin Per\u00ebndimor. Politika p\u00ebr Ballkanin nuk mund t\u00eb jet\u00eb \u00e7\u00ebshtje konjukturash \u2013 ajo duhet t\u00eb jet\u00eb pjes\u00eb e p\u00ebrhershme e agjend\u00ebs s\u00eb politik\u00ebs son\u00eb t\u00eb jashtme. Prandaj, un\u00eb ndjek rregullisht zhvillimet n\u00eb rajon, n\u00eb Shqip\u00ebri, Serbi dhe n\u00eb Kosov\u00eb. Q\u00ebllimi yn\u00eb \u00ebsht\u00eb stabiliteti n\u00eb rajon. P\u00ebr Kosov\u00ebn, kjo do t\u00eb thot\u00eb konkretisht: ne duam q\u00eb ky vend t\u00eb b\u00ebhet an\u00ebtar i K\u00ebshillit t\u00eb Evrop\u00ebs sa m\u00eb shpejt q\u00eb t\u00eb jet\u00eb e mundur \u2013 n\u00ebse do t\u00eb varej nga SPD, m\u00eb mir\u00eb dje sesa nes\u00ebr. Srebrenica na kujton \u00e7do dit\u00eb, se Ballkani Per\u00ebndimor nuk \u00ebsht\u00eb periferi, por pjes\u00eb qendrore e Evrop\u00ebs. Shum\u00eb njer\u00ebz nga Ballkani jetojn\u00eb sot n\u00eb Gjermani, jan\u00eb t\u00eb integruar shum\u00eb mir\u00eb dhe jan\u00eb shtetas gjerman\u00eb. Edhe kjo na obligon. Rajoni duhet t\u00eb jet\u00eb pjes\u00eb p\u00ebrb\u00ebr\u00ebse e politikave tona t\u00eb jashtme dhe t\u00eb siguris\u00eb \u2013 dhe ky \u00ebsht\u00eb realitet n\u00ebn k\u00ebt\u00eb qeveri, ve\u00e7an\u00ebrisht sa i p\u00ebrket Kosov\u00ebs.<\/p>\n<p>Sipas informacioneve tona, n\u00eb Bundestag ka pasur nj\u00eb p\u00ebrpjekje p\u00ebr t\u00eb miratuar nj\u00eb rezolut\u00eb p\u00ebr Srebrenic\u00ebn. P\u00ebrse d\u00ebshtoi kjo nism\u00eb?<\/p>\n<p><em>Ahmetoviq:\u00a0<\/em>Mund t\u00eb them me siguri se sot kemi arritur ta p\u00ebrkujtojm\u00eb Dit\u00ebn Nd\u00ebrkomb\u00ebtare t\u00eb Gjenocidit n\u00eb Srebrenic\u00eb n\u00eb nj\u00eb form\u00eb t\u00eb denj\u00eb \u2013 me p\u00ebrmasa dhe n\u00eb nj\u00eb kuad\u00ebr q\u00eb i p\u00ebrgjigjet seriozitetit t\u00eb k\u00ebsaj \u00e7\u00ebshtjeje. Un\u00eb mbajta nj\u00eb fjalim personalisht dhe vendosa lulen p\u00ebrkujtimore t\u00eb Srebrenic\u00ebs n\u00eb jak\u00ebn e xhaket\u00ebs \u2013 si nj\u00eb shenj\u00eb t\u00eb qart\u00eb solidariteti. Nj\u00eb shenj\u00eb tjet\u00ebr e fort\u00eb ishte prania e dy t\u00eb mbijetuarve t\u00eb gjenocidit. Krahas ambasadorit t\u00eb Bosnj\u00ebs, ishte i pranish\u00ebm edhe ambasadori i Kosov\u00ebs, partneri im politik Faruk Ajeti \u2013 nj\u00eb diplomat q\u00eb b\u00ebn nj\u00eb pun\u00eb t\u00eb shk\u00eblqyer k\u00ebtu n\u00eb Gjermani. Dua t\u00eb theksoj gjithashtu: Grupi parlamentar i SPD-s\u00eb n\u00eb Bundestag ka miratuar nj\u00eb q\u00ebndrim t\u00eb vetin p\u00ebr 30-vjetorin dhe p\u00ebr Dit\u00ebn e Par\u00eb Nd\u00ebrkomb\u00ebtare t\u00eb P\u00ebrkujtimit p\u00ebr Srebrenic\u00ebn \u2013 dhe k\u00ebt\u00eb e ka b\u00ebr\u00eb nj\u00ebz\u00ebri. Kjo ishte vet\u00ebm pika e fillimit. Vitin tjet\u00ebr vjen dita e dyt\u00eb Nd\u00ebrkomb\u00ebtare e P\u00ebrkujtimit \u2013 pastaj e treta, e kat\u00ebrta dhe ne do ta rrisim dhe do ta p\u00ebrmir\u00ebsojm\u00eb angazhimin ton\u00eb.<\/p>\n<div class=\"adds__image mt-3 mb-3\">P\u00ebrmend\u00ebt K\u00ebshillin e Evrop\u00ebs. A ka ndonj\u00eb plan konkret p\u00ebr ta vendosur an\u00ebtar\u00ebsimin e Kosov\u00ebs n\u00eb agjend\u00ebn e K\u00ebshillit t\u00eb Ministrave?<\/div>\n<p><em>Ahmetoviq:\u00a0<\/em>Nuk mund t\u00eb p\u00ebrmend nj\u00eb dat\u00eb konkrete, sepse kjo do t\u00eb ishte e pap\u00ebrgjegjshme. Por si z\u00ebdh\u00ebn\u00ebs p\u00ebr politik\u00ebn e jashtme t\u00eb grupit parlamentar t\u00eb SPD-s\u00eb \u2013 bashk\u00eb me kolegun tim Frank Schwabe \u2013 do t\u00eb b\u00ebjm\u00eb gjith\u00e7ka p\u00ebr ta mbajtur kursin ton\u00eb. Ne duam q\u00eb Kosova t\u00eb b\u00ebhet an\u00ebtare e K\u00ebshillit t\u00eb Evrop\u00ebs. U zhg\u00ebnjyem q\u00eb kjo nuk u arrit n\u00eb legjislatur\u00ebn e kaluar, ndon\u00ebse kishte nj\u00eb momentum strategjik. Po t\u00eb ishte ushtruar m\u00eb shum\u00eb presion, ndoshta do t\u00eb kishte ndodhur. Megjithat\u00eb, nuk duhet t\u00eb dor\u00ebzohemi. N\u00eb jubileun e K\u00ebshillit t\u00eb Evrop\u00ebs n\u00eb Bundestag thash\u00eb qart\u00eb: D\u00ebshira ime \u00ebsht\u00eb q\u00eb Kosova, kjo demokraci e re, t\u00eb b\u00ebhet an\u00ebtare e plot\u00eb sa m\u00eb shpejt \u2013 n\u00ebse do t\u00eb varej nga ne t\u00eb SPD-s\u00eb, dje e jo nes\u00ebr.<\/p>\n<p>Ndaj kujt duhej b\u00ebr\u00eb m\u00eb shum\u00eb presion vitin e kaluar?<\/p>\n<p><em>Ahmetoviq:\u00a0<\/em>Qeveria gjermane do t\u00eb duhej t\u00eb kishte ushtruar m\u00eb shum\u00eb presion mbi shtetet an\u00ebtare t\u00eb K\u00ebshillit t\u00eb Evrop\u00ebs. Disa vende ishin kund\u00ebr. Por Gjermania ka tani m\u00eb shum\u00eb pesh\u00eb n\u00eb Evrop\u00eb \u2013 dhe ne duhet t\u00eb veprojm\u00eb me vet\u00ebbesim, por edhe me p\u00ebrul\u00ebsi. Si SPD do t\u00eb kujdesemi q\u00eb qeveria t\u00eb jet\u00eb m\u00eb aktive n\u00eb k\u00ebt\u00eb drejtim. Ministri i Jasht\u00ebm, z. Wadephul, \u00ebsht\u00eb shprehur vet\u00eb se Kosova duhet t\u00eb b\u00ebhet an\u00ebtare e p\u00ebrhershme e K\u00ebshillit t\u00eb Evrop\u00ebs. Ne do t\u2019ia kujtojm\u00eb k\u00ebt\u00eb premtim \u2013 dhe do ta gjykojm\u00eb n\u00eb baz\u00eb t\u00eb tij.<\/p>\n<p>Nj\u00eb tjet\u00ebr garanci p\u00ebr paqe \u00ebsht\u00eb an\u00ebtar\u00ebsimi n\u00eb BE. Shqip\u00ebria dhe Mali i Zi shpresojn\u00eb t\u00eb b\u00ebhen an\u00ebtare deri n\u00eb vitin 2030. A \u00ebsht\u00eb kjo realiste? Dhe d\u00ebgjojm\u00eb t\u00eb flitet p\u00ebr an\u00ebtar\u00ebsim t\u00eb asociiuar. \u00c7far\u00eb n\u00ebnkuptojm\u00eb me k\u00ebt\u00eb term?<\/p>\n<p><em>Ahmetoviq:\u00a0<\/em>Nj\u00eb nga m\u00ebsimet m\u00eb t\u00eb m\u00ebdha nga gjenocidi i Srebrenic\u00ebs \u00ebsht\u00eb: procesi i integrimit t\u00eb gjasht\u00eb vendeve t\u00eb Ballkanit Per\u00ebndimor q\u00eb nuk jan\u00eb ende an\u00ebtare t\u00eb BE-s\u00eb duhet t\u00eb marr\u00eb hov serioz. N\u00ebse duam stabilitet dhe siguri t\u00eb q\u00ebndrueshme n\u00eb rajon, k\u00ebto vende \u2013 p\u00ebrfshir\u00eb Kosov\u00ebn \u2013 duhet t\u00eb ken\u00eb nj\u00eb perspektiv\u00eb reale, transparente dhe t\u00eb sinqert\u00eb p\u00ebr an\u00ebtar\u00ebsim. Dhe di\u00e7ka tjet\u00ebr: An\u00ebtar\u00ebsimi n\u00eb NATO \u00ebsht\u00eb po aq i r\u00ebnd\u00ebsish\u00ebm sa ai n\u00eb BE. T\u00eb dyja nivelet \u2013 integrimi politik dhe siguria kolektive \u2013 jan\u00eb t\u00eb lidhura ngusht\u00eb. Pa siguri, nuk ka asgj\u00eb. Njer\u00ebzit nuk kan\u00eb ikur nga Ballkani n\u00eb vitet \u201990 p\u00ebr t\u00eb k\u00ebrkuar pun\u00eb m\u00eb t\u00eb mir\u00eb. Ata ik\u00ebn p\u00ebr shkak t\u00eb luft\u00ebs, p\u00ebrndjekjes, d\u00ebbimit dhe krimeve. Q\u00eb kjo t\u00eb mos ndodh\u00eb m\u00eb kurr\u00eb, nevojitet nj\u00eb p\u00ebrfshirje e q\u00ebndrueshme n\u00eb BE dhe NATO. Nuk mund t\u00eb them se kur do t\u00eb ndodh\u00eb kjo. Por mund t\u2019ju premtoj: si p\u00ebrfaq\u00ebsues i SPD-s\u00eb p\u00ebr politik\u00ebn e jashtme, do t\u00eb jap gjith\u00e7ka q\u00eb kjo perspektiv\u00eb t\u00eb b\u00ebhet reale. E v\u00ebrteta \u00ebsht\u00eb gjithashtu se shtetet vet\u00eb \u2013 Kosova, Bosnja-Hercegovina, Serbia, Mali i Zi, Shqip\u00ebria dhe Maqedonia e Veriut \u2013 duhet t\u00eb b\u00ebjn\u00eb detyrat e sht\u00ebpis\u00eb. P\u00ebrgjegj\u00ebsia \u00ebsht\u00eb e dyanshme.<\/p>\n","protected":false},"excerpt":{"rendered":"<p>Berlin, 13 Korrik 2025 Deputeti i Bundestagut nga SPD, Adis Ahmetoviq, ka folur p\u00ebr DW rreth munges\u00ebs s\u00eb v\u00ebmendjes p\u00ebr shqiptar\u00ebt n\u00eb Serbin\u00eb e Jugut,<\/p>\n","protected":false},"author":1,"featured_media":3642,"comment_status":"open","ping_status":"open","sticky":false,"template":"","format":"standard","meta":{"footnotes":""},"categories":[58],"tags":[],"class_list":["post-3641","post","type-post","status-publish","format-standard","has-post-thumbnail","hentry","category-politike-sq"],"yoast_head":"<!-- This site is optimized with the Yoast SEO plugin v25.3.1 - https:\/\/yoast.com\/wordpress\/plugins\/seo\/ -->\n<title>Deputeti gjerman kritikon heshtjen p\u00ebr shqiptar\u00ebt n\u00eb Serbi dhe mb\u00ebshtet an\u00ebtar\u00ebsimin e Kosov\u00ebs n\u00eb KiE -<\/title>\n<meta name=\"robots\" content=\"index, follow, max-snippet:-1, max-image-preview:large, max-video-preview:-1\" \/>\n<link rel=\"canonical\" href=\"https:\/\/veritasinfo.org\/?p=3641\" \/>\n<meta property=\"og:locale\" content=\"en_US\" \/>\n<meta property=\"og:type\" content=\"article\" \/>\n<meta property=\"og:title\" content=\"Deputeti gjerman kritikon heshtjen p\u00ebr shqiptar\u00ebt n\u00eb Serbi dhe mb\u00ebshtet an\u00ebtar\u00ebsimin e Kosov\u00ebs n\u00eb KiE -\" \/>\n<meta property=\"og:description\" content=\"Berlin, 13 Korrik 2025 Deputeti i Bundestagut nga SPD, Adis Ahmetoviq, ka folur p\u00ebr DW rreth munges\u00ebs s\u00eb v\u00ebmendjes p\u00ebr shqiptar\u00ebt n\u00eb Serbin\u00eb e Jugut,\" \/>\n<meta property=\"og:url\" content=\"https:\/\/veritasinfo.org\/?p=3641\" \/>\n<meta property=\"article:published_time\" content=\"2025-07-13T13:02:39+00:00\" \/>\n<meta property=\"og:image\" content=\"https:\/\/veritasinfo.org\/wp-content\/uploads\/2025\/07\/IMG_2037.webp\" \/>\n\t<meta property=\"og:image:width\" content=\"624\" \/>\n\t<meta property=\"og:image:height\" content=\"296\" \/>\n\t<meta property=\"og:image:type\" content=\"image\/webp\" \/>\n<meta name=\"author\" content=\"admin\" \/>\n<meta name=\"twitter:card\" content=\"summary_large_image\" \/>\n<meta name=\"twitter:label1\" content=\"Written by\" \/>\n\t<meta name=\"twitter:data1\" content=\"admin\" \/>\n\t<meta name=\"twitter:label2\" content=\"Est. reading time\" \/>\n\t<meta name=\"twitter:data2\" content=\"5 minutes\" \/>\n<script type=\"application\/ld+json\" class=\"yoast-schema-graph\">{\"@context\":\"https:\/\/schema.org\",\"@graph\":[{\"@type\":\"WebPage\",\"@id\":\"https:\/\/veritasinfo.org\/?p=3641\",\"url\":\"https:\/\/veritasinfo.org\/?p=3641\",\"name\":\"Deputeti gjerman kritikon heshtjen p\u00ebr shqiptar\u00ebt n\u00eb Serbi dhe mb\u00ebshtet an\u00ebtar\u00ebsimin e Kosov\u00ebs n\u00eb KiE -\",\"isPartOf\":{\"@id\":\"https:\/\/veritasinfo.org\/#website\"},\"primaryImageOfPage\":{\"@id\":\"https:\/\/veritasinfo.org\/?p=3641#primaryimage\"},\"image\":{\"@id\":\"https:\/\/veritasinfo.org\/?p=3641#primaryimage\"},\"thumbnailUrl\":\"https:\/\/veritasinfo.org\/wp-content\/uploads\/2025\/07\/IMG_2037.webp\",\"datePublished\":\"2025-07-13T13:02:39+00:00\",\"author\":{\"@id\":\"https:\/\/veritasinfo.org\/#\/schema\/person\/7701f8c088bece422266b100a712374f\"},\"breadcrumb\":{\"@id\":\"https:\/\/veritasinfo.org\/?p=3641#breadcrumb\"},\"inLanguage\":\"en-US\",\"potentialAction\":[{\"@type\":\"ReadAction\",\"target\":[\"https:\/\/veritasinfo.org\/?p=3641\"]}]},{\"@type\":\"ImageObject\",\"inLanguage\":\"en-US\",\"@id\":\"https:\/\/veritasinfo.org\/?p=3641#primaryimage\",\"url\":\"https:\/\/veritasinfo.org\/wp-content\/uploads\/2025\/07\/IMG_2037.webp\",\"contentUrl\":\"https:\/\/veritasinfo.org\/wp-content\/uploads\/2025\/07\/IMG_2037.webp\",\"width\":624,\"height\":296},{\"@type\":\"BreadcrumbList\",\"@id\":\"https:\/\/veritasinfo.org\/?p=3641#breadcrumb\",\"itemListElement\":[{\"@type\":\"ListItem\",\"position\":1,\"name\":\"Home\",\"item\":\"https:\/\/veritasinfo.org\/\"},{\"@type\":\"ListItem\",\"position\":2,\"name\":\"Deputeti gjerman kritikon heshtjen p\u00ebr shqiptar\u00ebt n\u00eb Serbi dhe mb\u00ebshtet an\u00ebtar\u00ebsimin e Kosov\u00ebs n\u00eb KiE\"}]},{\"@type\":\"WebSite\",\"@id\":\"https:\/\/veritasinfo.org\/#website\",\"url\":\"https:\/\/veritasinfo.org\/\",\"name\":\"\",\"description\":\"\",\"potentialAction\":[{\"@type\":\"SearchAction\",\"target\":{\"@type\":\"EntryPoint\",\"urlTemplate\":\"https:\/\/veritasinfo.org\/?s={search_term_string}\"},\"query-input\":{\"@type\":\"PropertyValueSpecification\",\"valueRequired\":true,\"valueName\":\"search_term_string\"}}],\"inLanguage\":\"en-US\"},{\"@type\":\"Person\",\"@id\":\"https:\/\/veritasinfo.org\/#\/schema\/person\/7701f8c088bece422266b100a712374f\",\"name\":\"admin\",\"image\":{\"@type\":\"ImageObject\",\"inLanguage\":\"en-US\",\"@id\":\"https:\/\/veritasinfo.org\/#\/schema\/person\/image\/\",\"url\":\"https:\/\/secure.gravatar.com\/avatar\/ea53aa3bf6c9a12d5fde8ce4deff43fef3885ae33cf60184161a50d6987cfd2f?s=96&d=mm&r=g\",\"contentUrl\":\"https:\/\/secure.gravatar.com\/avatar\/ea53aa3bf6c9a12d5fde8ce4deff43fef3885ae33cf60184161a50d6987cfd2f?s=96&d=mm&r=g\",\"caption\":\"admin\"},\"sameAs\":[\"https:\/\/veritasinfo.org\"],\"url\":\"https:\/\/veritasinfo.org\/?author=1\"}]}<\/script>\n<!-- \/ Yoast SEO plugin. -->","yoast_head_json":{"title":"Deputeti gjerman kritikon heshtjen p\u00ebr shqiptar\u00ebt n\u00eb Serbi dhe mb\u00ebshtet an\u00ebtar\u00ebsimin e Kosov\u00ebs n\u00eb KiE -","robots":{"index":"index","follow":"follow","max-snippet":"max-snippet:-1","max-image-preview":"max-image-preview:large","max-video-preview":"max-video-preview:-1"},"canonical":"https:\/\/veritasinfo.org\/?p=3641","og_locale":"en_US","og_type":"article","og_title":"Deputeti gjerman kritikon heshtjen p\u00ebr shqiptar\u00ebt n\u00eb Serbi dhe mb\u00ebshtet an\u00ebtar\u00ebsimin e Kosov\u00ebs n\u00eb KiE -","og_description":"Berlin, 13 Korrik 2025 Deputeti i Bundestagut nga SPD, Adis Ahmetoviq, ka folur p\u00ebr DW rreth munges\u00ebs s\u00eb v\u00ebmendjes p\u00ebr shqiptar\u00ebt n\u00eb Serbin\u00eb e Jugut,","og_url":"https:\/\/veritasinfo.org\/?p=3641","article_published_time":"2025-07-13T13:02:39+00:00","og_image":[{"width":624,"height":296,"url":"https:\/\/veritasinfo.org\/wp-content\/uploads\/2025\/07\/IMG_2037.webp","type":"image\/webp"}],"author":"admin","twitter_card":"summary_large_image","twitter_misc":{"Written by":"admin","Est. reading time":"5 minutes"},"schema":{"@context":"https:\/\/schema.org","@graph":[{"@type":"WebPage","@id":"https:\/\/veritasinfo.org\/?p=3641","url":"https:\/\/veritasinfo.org\/?p=3641","name":"Deputeti gjerman kritikon heshtjen p\u00ebr shqiptar\u00ebt n\u00eb Serbi dhe mb\u00ebshtet an\u00ebtar\u00ebsimin e Kosov\u00ebs n\u00eb KiE -","isPartOf":{"@id":"https:\/\/veritasinfo.org\/#website"},"primaryImageOfPage":{"@id":"https:\/\/veritasinfo.org\/?p=3641#primaryimage"},"image":{"@id":"https:\/\/veritasinfo.org\/?p=3641#primaryimage"},"thumbnailUrl":"https:\/\/veritasinfo.org\/wp-content\/uploads\/2025\/07\/IMG_2037.webp","datePublished":"2025-07-13T13:02:39+00:00","author":{"@id":"https:\/\/veritasinfo.org\/#\/schema\/person\/7701f8c088bece422266b100a712374f"},"breadcrumb":{"@id":"https:\/\/veritasinfo.org\/?p=3641#breadcrumb"},"inLanguage":"en-US","potentialAction":[{"@type":"ReadAction","target":["https:\/\/veritasinfo.org\/?p=3641"]}]},{"@type":"ImageObject","inLanguage":"en-US","@id":"https:\/\/veritasinfo.org\/?p=3641#primaryimage","url":"https:\/\/veritasinfo.org\/wp-content\/uploads\/2025\/07\/IMG_2037.webp","contentUrl":"https:\/\/veritasinfo.org\/wp-content\/uploads\/2025\/07\/IMG_2037.webp","width":624,"height":296},{"@type":"BreadcrumbList","@id":"https:\/\/veritasinfo.org\/?p=3641#breadcrumb","itemListElement":[{"@type":"ListItem","position":1,"name":"Home","item":"https:\/\/veritasinfo.org\/"},{"@type":"ListItem","position":2,"name":"Deputeti gjerman kritikon heshtjen p\u00ebr shqiptar\u00ebt n\u00eb Serbi dhe mb\u00ebshtet an\u00ebtar\u00ebsimin e Kosov\u00ebs n\u00eb KiE"}]},{"@type":"WebSite","@id":"https:\/\/veritasinfo.org\/#website","url":"https:\/\/veritasinfo.org\/","name":"","description":"","potentialAction":[{"@type":"SearchAction","target":{"@type":"EntryPoint","urlTemplate":"https:\/\/veritasinfo.org\/?s={search_term_string}"},"query-input":{"@type":"PropertyValueSpecification","valueRequired":true,"valueName":"search_term_string"}}],"inLanguage":"en-US"},{"@type":"Person","@id":"https:\/\/veritasinfo.org\/#\/schema\/person\/7701f8c088bece422266b100a712374f","name":"admin","image":{"@type":"ImageObject","inLanguage":"en-US","@id":"https:\/\/veritasinfo.org\/#\/schema\/person\/image\/","url":"https:\/\/secure.gravatar.com\/avatar\/ea53aa3bf6c9a12d5fde8ce4deff43fef3885ae33cf60184161a50d6987cfd2f?s=96&d=mm&r=g","contentUrl":"https:\/\/secure.gravatar.com\/avatar\/ea53aa3bf6c9a12d5fde8ce4deff43fef3885ae33cf60184161a50d6987cfd2f?s=96&d=mm&r=g","caption":"admin"},"sameAs":["https:\/\/veritasinfo.org"],"url":"https:\/\/veritasinfo.org\/?author=1"}]}},"featured_image_urls":{"full":["https:\/\/veritasinfo.org\/wp-content\/uploads\/2025\/07\/IMG_2037.webp",624,296,false],"thumbnail":["https:\/\/veritasinfo.org\/wp-content\/uploads\/2025\/07\/IMG_2037-150x150.webp",150,150,true],"medium":["https:\/\/veritasinfo.org\/wp-content\/uploads\/2025\/07\/IMG_2037-300x142.webp",300,142,true],"medium_large":["https:\/\/veritasinfo.org\/wp-content\/uploads\/2025\/07\/IMG_2037.webp",624,296,false],"large":["https:\/\/veritasinfo.org\/wp-content\/uploads\/2025\/07\/IMG_2037.webp",624,296,false],"1536x1536":["https:\/\/veritasinfo.org\/wp-content\/uploads\/2025\/07\/IMG_2037.webp",624,296,false],"2048x2048":["https:\/\/veritasinfo.org\/wp-content\/uploads\/2025\/07\/IMG_2037.webp",624,296,false],"kreeti-slider-full":["https:\/\/veritasinfo.org\/wp-content\/uploads\/2025\/07\/IMG_2037.webp",624,296,false],"kreeti-featured":["https:\/\/veritasinfo.org\/wp-content\/uploads\/2025\/07\/IMG_2037.webp",624,296,false],"kreeti-medium":["https:\/\/veritasinfo.org\/wp-content\/uploads\/2025\/07\/IMG_2037.webp",624,296,false],"kreeti-medium-square":["https:\/\/veritasinfo.org\/wp-content\/uploads\/2025\/07\/IMG_2037.webp",350,166,false]},"author_info":{"info":["admin"]},"category_info":"<a href=\"https:\/\/veritasinfo.org\/?cat=58\" rel=\"category\">Politik\u00eb<\/a>","tag_info":"Politik\u00eb","comment_count":"0","_links":{"self":[{"href":"https:\/\/veritasinfo.org\/index.php?rest_route=\/wp\/v2\/posts\/3641","targetHints":{"allow":["GET"]}}],"collection":[{"href":"https:\/\/veritasinfo.org\/index.php?rest_route=\/wp\/v2\/posts"}],"about":[{"href":"https:\/\/veritasinfo.org\/index.php?rest_route=\/wp\/v2\/types\/post"}],"author":[{"embeddable":true,"href":"https:\/\/veritasinfo.org\/index.php?rest_route=\/wp\/v2\/users\/1"}],"replies":[{"embeddable":true,"href":"https:\/\/veritasinfo.org\/index.php?rest_route=%2Fwp%2Fv2%2Fcomments&post=3641"}],"version-history":[{"count":1,"href":"https:\/\/veritasinfo.org\/index.php?rest_route=\/wp\/v2\/posts\/3641\/revisions"}],"predecessor-version":[{"id":3643,"href":"https:\/\/veritasinfo.org\/index.php?rest_route=\/wp\/v2\/posts\/3641\/revisions\/3643"}],"wp:featuredmedia":[{"embeddable":true,"href":"https:\/\/veritasinfo.org\/index.php?rest_route=\/wp\/v2\/media\/3642"}],"wp:attachment":[{"href":"https:\/\/veritasinfo.org\/index.php?rest_route=%2Fwp%2Fv2%2Fmedia&parent=3641"}],"wp:term":[{"taxonomy":"category","embeddable":true,"href":"https:\/\/veritasinfo.org\/index.php?rest_route=%2Fwp%2Fv2%2Fcategories&post=3641"},{"taxonomy":"post_tag","embeddable":true,"href":"https:\/\/veritasinfo.org\/index.php?rest_route=%2Fwp%2Fv2%2Ftags&post=3641"}],"curies":[{"name":"wp","href":"https:\/\/api.w.org\/{rel}","templated":true}]}}