{"id":36382,"date":"2026-03-06T22:20:10","date_gmt":"2026-03-06T21:20:10","guid":{"rendered":"https:\/\/veritasinfo.org\/?p=36382"},"modified":"2026-03-06T22:20:10","modified_gmt":"2026-03-06T21:20:10","slug":"gjykimi-per-krime-lufte-ne-gjakove-i-akuzuari-dragan-ristiq-mohon-te-kete-qene-i-uniformuar-ne-vitin-1999","status":"publish","type":"post","link":"https:\/\/veritasinfo.org\/?p=36382","title":{"rendered":"Gjykimi p\u00ebr krime lufte n\u00eb Gjakov\u00eb &#8211; I akuzuari Dragan Ristiq mohon t\u00eb ket\u00eb qen\u00eb i uniformuar n\u00eb vitin 1999"},"content":{"rendered":"<p><strong>Prishtin\u00eb, 06 mars 2026 22:20<\/strong><\/p>\n<p>Dragan Ristiq, i akuzuar p\u00ebr krime lufte n\u00eb komun\u00ebn e Gjakov\u00ebs, ka dh\u00ebn\u00eb versionin e tij lidhur me akuzat e Prokuroris\u00eb Speciale q\u00eb r\u00ebndojn\u00eb ndaj tij.<\/p>\n<p>N\u00eb seanc\u00ebn e s\u00eb premtes (06.03.2026), ai ka paraqitur mbrojtjen e tij.<\/p>\n<p>Ai tha se gjat\u00eb koh\u00ebs s\u00eb luft\u00ebs nuk ka qen\u00eb i uniformuar me uniform\u00eb ushtarake si rezervist, nd\u00ebrsa pohoi se kishte qen\u00eb i uniformuar n\u00eb vitin 1992.<\/p>\n<p>\u201cN\u00eb vitin 1992 kam qen\u00eb me uniform\u00eb ushtarake dhe m\u00eb nuk m\u00eb kan\u00eb thirrur. At\u00ebher\u00eb e kam dor\u00ebzuar uniform\u00ebn me t\u00eb gjitha n\u00eb kazerm\u00ebn ushtarake\u2026 Jo gjat\u00eb luft\u00ebs nuk kam qen\u00eb, para luft\u00ebs po\u201d, deklaroi i akuzuari.<\/p>\n<p>Ristiq tha se m\u00eb 20 qershor 1999, bashk\u00eb me familjen e tij dhe me qytetar\u00eb tjer\u00eb serb\u00eb, jan\u00eb larguar nga qyteti i Gjakov\u00ebs dhe kan\u00eb shkuar n\u00eb Serbi.<\/p>\n<p>M\u00eb tej, i akuzuari, lidhur me d\u00ebshmin\u00eb e d\u00ebshmitarit Afrim Caka se ai ua kishte ndar\u00eb familjet dhe e kishte keqtrajtuar fizikisht v\u00ebllain e tij, tha se kjo nuk \u00ebsht\u00eb e v\u00ebrtet\u00eb.<\/p>\n<p>\u201cAjo nuk \u00ebsht\u00eb e v\u00ebrtet\u00eb, t\u00eb tjer\u00eb kan\u00eb qen\u00eb ata. Kjo \u00ebsht\u00eb gabim\u201d, tha i akuzuari.<\/p>\n<p>Ai shtoi se pas luft\u00ebs ka pasur kontakt me disa shqiptar\u00eb q\u00eb jetojn\u00eb n\u00eb qytetin e Gjakov\u00ebs dhe se banes\u00ebn e tij ia ka shitur nj\u00eb shqiptari, i cili kishte qen\u00eb fqinj i tij.<\/p>\n<p>Nd\u00ebr t\u00eb tjera, i akuzuari tha se pas luft\u00ebs, kur i ka mbushur 65 vjet, ka ardhur n\u00eb Kosov\u00eb, n\u00eb qytetin e Mitrovic\u00ebs, p\u00ebr t\u2019u pajisur me let\u00ebrnjoftimin e Kosov\u00ebs n\u00eb m\u00ebnyr\u00eb q\u00eb t\u00eb marr\u00eb pensionin e pleq\u00ebris\u00eb.<\/p>\n<p>Po ashtu, ai tha se pas luft\u00ebs ka shkuar n\u00eb qytetin e Gjakov\u00ebs me Policin\u00eb dhe me KFOR-in, n\u00eb varrezat e k\u00ebtij qyteti, diku nd\u00ebrmjet viteve 2002\u20132004, duke shtuar se nuk \u00ebsht\u00eb i sigurt p\u00ebr vitin e sakt\u00eb.<\/p>\n<p>Tutje, i akuzuari tha se nuk \u00ebsht\u00eb n\u00eb dijeni q\u00eb d\u00ebshmitari Afrim Caka e ka p\u00ebrfshir\u00eb emrin e tij n\u00eb krimet e luft\u00ebs t\u00eb ndodhura n\u00eb Gjakov\u00eb.<\/p>\n<p>Ai gjithashtu tha se nuk ka d\u00ebgjuar p\u00ebr masakr\u00ebn n\u00eb qytetin e Gjakov\u00ebs.<\/p>\n<p>Paraprakisht, trupi gjykues ka aprovuar provat materiale t\u00eb propozuara nga mbrojtja m\u00eb 04.02.2026, t\u00eb cilat kan\u00eb t\u00eb b\u00ebjn\u00eb me sigurimin e provave p\u00ebr patent\u00eb-shoferin dhe kartel\u00ebn p\u00ebr let\u00ebrnjoftim q\u00eb lidhen me t\u00eb pandehurin Ristiq.<\/p>\n<p>Trupi gjykues gjithashtu ka refuzuar propozimet e mbrojtjes t\u00eb paraqitura n\u00eb seanc\u00ebn e kaluar t\u00eb shqyrtimit gjyq\u00ebsor, t\u00eb cilat kishin t\u00eb b\u00ebnin me nj\u00eb person tjet\u00ebr me emrin Dragolub Ristiq, me arsyetimin se ky person nuk \u00ebsht\u00eb objekt i k\u00ebsaj \u00e7\u00ebshtjeje penale.<\/p>\n<p>Po ashtu, trupi gjykues ka refuzuar propozimin e mbrojtjes q\u00eb si prov\u00eb t\u00eb administrohet v\u00ebrtetimi i l\u00ebshuar nga MPB-ja e Serbis\u00eb, i dat\u00ebs 12.02.2026, me arsyetimin se ky v\u00ebrtetim \u00ebsht\u00eb l\u00ebshuar nga nj\u00eb shtet tjet\u00ebr dhe nuk \u00ebsht\u00eb ndjekur procedura e komunikimit p\u00ebr Bashk\u00ebpunim Juridik Nd\u00ebrkomb\u00ebtar.<\/p>\n<p>Seanca e radh\u00ebs p\u00ebr k\u00ebt\u00eb \u00e7\u00ebshtje penale pritet t\u00eb mbahet brenda muajit mars 2026.<\/p>\n","protected":false},"excerpt":{"rendered":"<p>Prishtin\u00eb, 06 mars 2026 22:20 Dragan Ristiq, i akuzuar p\u00ebr krime lufte n\u00eb komun\u00ebn e Gjakov\u00ebs, ka dh\u00ebn\u00eb versionin e tij lidhur me akuzat e<\/p>\n","protected":false},"author":2,"featured_media":36383,"comment_status":"open","ping_status":"open","sticky":false,"template":"","format":"standard","meta":{"footnotes":""},"categories":[60],"tags":[],"class_list":["post-36382","post","type-post","status-publish","format-standard","has-post-thumbnail","hentry","category-shoqerore-sq"],"yoast_head":"<!-- This site is optimized with the Yoast SEO plugin v25.3.1 - https:\/\/yoast.com\/wordpress\/plugins\/seo\/ -->\n<title>Gjykimi p\u00ebr krime lufte n\u00eb Gjakov\u00eb - I akuzuari Dragan Ristiq mohon t\u00eb ket\u00eb qen\u00eb i uniformuar n\u00eb vitin 1999 -<\/title>\n<meta name=\"robots\" content=\"index, follow, max-snippet:-1, max-image-preview:large, max-video-preview:-1\" \/>\n<link rel=\"canonical\" href=\"https:\/\/veritasinfo.org\/?p=36382\" \/>\n<meta property=\"og:locale\" content=\"en_US\" \/>\n<meta property=\"og:type\" content=\"article\" \/>\n<meta property=\"og:title\" content=\"Gjykimi p\u00ebr krime lufte n\u00eb Gjakov\u00eb - I akuzuari Dragan Ristiq mohon t\u00eb ket\u00eb qen\u00eb i uniformuar n\u00eb vitin 1999 -\" \/>\n<meta property=\"og:description\" content=\"Prishtin\u00eb, 06 mars 2026 22:20 Dragan Ristiq, i akuzuar p\u00ebr krime lufte n\u00eb komun\u00ebn e Gjakov\u00ebs, ka dh\u00ebn\u00eb versionin e tij lidhur me akuzat e\" \/>\n<meta property=\"og:url\" content=\"https:\/\/veritasinfo.org\/?p=36382\" \/>\n<meta property=\"article:published_time\" content=\"2026-03-06T21:20:10+00:00\" \/>\n<meta property=\"og:image\" content=\"https:\/\/veritasinfo.org\/wp-content\/uploads\/2026\/03\/Ristiq.jpg\" \/>\n\t<meta property=\"og:image:width\" content=\"1024\" \/>\n\t<meta property=\"og:image:height\" content=\"768\" \/>\n\t<meta property=\"og:image:type\" content=\"image\/jpeg\" \/>\n<meta name=\"author\" content=\"US1\" \/>\n<meta name=\"twitter:card\" content=\"summary_large_image\" \/>\n<meta name=\"twitter:label1\" content=\"Written by\" \/>\n\t<meta name=\"twitter:data1\" content=\"US1\" \/>\n\t<meta name=\"twitter:label2\" content=\"Est. reading time\" \/>\n\t<meta name=\"twitter:data2\" content=\"3 minutes\" \/>\n<script type=\"application\/ld+json\" class=\"yoast-schema-graph\">{\"@context\":\"https:\/\/schema.org\",\"@graph\":[{\"@type\":\"WebPage\",\"@id\":\"https:\/\/veritasinfo.org\/?p=36382\",\"url\":\"https:\/\/veritasinfo.org\/?p=36382\",\"name\":\"Gjykimi p\u00ebr krime lufte n\u00eb Gjakov\u00eb - I akuzuari Dragan Ristiq mohon t\u00eb ket\u00eb qen\u00eb i uniformuar n\u00eb vitin 1999 -\",\"isPartOf\":{\"@id\":\"https:\/\/veritasinfo.org\/#website\"},\"primaryImageOfPage\":{\"@id\":\"https:\/\/veritasinfo.org\/?p=36382#primaryimage\"},\"image\":{\"@id\":\"https:\/\/veritasinfo.org\/?p=36382#primaryimage\"},\"thumbnailUrl\":\"https:\/\/veritasinfo.org\/wp-content\/uploads\/2026\/03\/Ristiq.jpg\",\"datePublished\":\"2026-03-06T21:20:10+00:00\",\"author\":{\"@id\":\"https:\/\/veritasinfo.org\/#\/schema\/person\/c2b8be262ea994d0995addca692c5e98\"},\"breadcrumb\":{\"@id\":\"https:\/\/veritasinfo.org\/?p=36382#breadcrumb\"},\"inLanguage\":\"en-US\",\"potentialAction\":[{\"@type\":\"ReadAction\",\"target\":[\"https:\/\/veritasinfo.org\/?p=36382\"]}]},{\"@type\":\"ImageObject\",\"inLanguage\":\"en-US\",\"@id\":\"https:\/\/veritasinfo.org\/?p=36382#primaryimage\",\"url\":\"https:\/\/veritasinfo.org\/wp-content\/uploads\/2026\/03\/Ristiq.jpg\",\"contentUrl\":\"https:\/\/veritasinfo.org\/wp-content\/uploads\/2026\/03\/Ristiq.jpg\",\"width\":1024,\"height\":768},{\"@type\":\"BreadcrumbList\",\"@id\":\"https:\/\/veritasinfo.org\/?p=36382#breadcrumb\",\"itemListElement\":[{\"@type\":\"ListItem\",\"position\":1,\"name\":\"Home\",\"item\":\"https:\/\/veritasinfo.org\/\"},{\"@type\":\"ListItem\",\"position\":2,\"name\":\"Gjykimi p\u00ebr krime lufte n\u00eb Gjakov\u00eb &#8211; I akuzuari Dragan Ristiq mohon t\u00eb ket\u00eb qen\u00eb i uniformuar n\u00eb vitin 1999\"}]},{\"@type\":\"WebSite\",\"@id\":\"https:\/\/veritasinfo.org\/#website\",\"url\":\"https:\/\/veritasinfo.org\/\",\"name\":\"\",\"description\":\"\",\"potentialAction\":[{\"@type\":\"SearchAction\",\"target\":{\"@type\":\"EntryPoint\",\"urlTemplate\":\"https:\/\/veritasinfo.org\/?s={search_term_string}\"},\"query-input\":{\"@type\":\"PropertyValueSpecification\",\"valueRequired\":true,\"valueName\":\"search_term_string\"}}],\"inLanguage\":\"en-US\"},{\"@type\":\"Person\",\"@id\":\"https:\/\/veritasinfo.org\/#\/schema\/person\/c2b8be262ea994d0995addca692c5e98\",\"name\":\"US1\",\"image\":{\"@type\":\"ImageObject\",\"inLanguage\":\"en-US\",\"@id\":\"https:\/\/veritasinfo.org\/#\/schema\/person\/image\/\",\"url\":\"https:\/\/secure.gravatar.com\/avatar\/4e96a59bd256abf9956eb9963ac891a47461ffb364d47b0e9aab113328fdb75b?s=96&d=mm&r=g\",\"contentUrl\":\"https:\/\/secure.gravatar.com\/avatar\/4e96a59bd256abf9956eb9963ac891a47461ffb364d47b0e9aab113328fdb75b?s=96&d=mm&r=g\",\"caption\":\"US1\"},\"url\":\"https:\/\/veritasinfo.org\/?author=2\"}]}<\/script>\n<!-- \/ Yoast SEO plugin. -->","yoast_head_json":{"title":"Gjykimi p\u00ebr krime lufte n\u00eb Gjakov\u00eb - I akuzuari Dragan Ristiq mohon t\u00eb ket\u00eb qen\u00eb i uniformuar n\u00eb vitin 1999 -","robots":{"index":"index","follow":"follow","max-snippet":"max-snippet:-1","max-image-preview":"max-image-preview:large","max-video-preview":"max-video-preview:-1"},"canonical":"https:\/\/veritasinfo.org\/?p=36382","og_locale":"en_US","og_type":"article","og_title":"Gjykimi p\u00ebr krime lufte n\u00eb Gjakov\u00eb - I akuzuari Dragan Ristiq mohon t\u00eb ket\u00eb qen\u00eb i uniformuar n\u00eb vitin 1999 -","og_description":"Prishtin\u00eb, 06 mars 2026 22:20 Dragan Ristiq, i akuzuar p\u00ebr krime lufte n\u00eb komun\u00ebn e Gjakov\u00ebs, ka dh\u00ebn\u00eb versionin e tij lidhur me akuzat e","og_url":"https:\/\/veritasinfo.org\/?p=36382","article_published_time":"2026-03-06T21:20:10+00:00","og_image":[{"width":1024,"height":768,"url":"https:\/\/veritasinfo.org\/wp-content\/uploads\/2026\/03\/Ristiq.jpg","type":"image\/jpeg"}],"author":"US1","twitter_card":"summary_large_image","twitter_misc":{"Written by":"US1","Est. reading time":"3 minutes"},"schema":{"@context":"https:\/\/schema.org","@graph":[{"@type":"WebPage","@id":"https:\/\/veritasinfo.org\/?p=36382","url":"https:\/\/veritasinfo.org\/?p=36382","name":"Gjykimi p\u00ebr krime lufte n\u00eb Gjakov\u00eb - I akuzuari Dragan Ristiq mohon t\u00eb ket\u00eb qen\u00eb i uniformuar n\u00eb vitin 1999 -","isPartOf":{"@id":"https:\/\/veritasinfo.org\/#website"},"primaryImageOfPage":{"@id":"https:\/\/veritasinfo.org\/?p=36382#primaryimage"},"image":{"@id":"https:\/\/veritasinfo.org\/?p=36382#primaryimage"},"thumbnailUrl":"https:\/\/veritasinfo.org\/wp-content\/uploads\/2026\/03\/Ristiq.jpg","datePublished":"2026-03-06T21:20:10+00:00","author":{"@id":"https:\/\/veritasinfo.org\/#\/schema\/person\/c2b8be262ea994d0995addca692c5e98"},"breadcrumb":{"@id":"https:\/\/veritasinfo.org\/?p=36382#breadcrumb"},"inLanguage":"en-US","potentialAction":[{"@type":"ReadAction","target":["https:\/\/veritasinfo.org\/?p=36382"]}]},{"@type":"ImageObject","inLanguage":"en-US","@id":"https:\/\/veritasinfo.org\/?p=36382#primaryimage","url":"https:\/\/veritasinfo.org\/wp-content\/uploads\/2026\/03\/Ristiq.jpg","contentUrl":"https:\/\/veritasinfo.org\/wp-content\/uploads\/2026\/03\/Ristiq.jpg","width":1024,"height":768},{"@type":"BreadcrumbList","@id":"https:\/\/veritasinfo.org\/?p=36382#breadcrumb","itemListElement":[{"@type":"ListItem","position":1,"name":"Home","item":"https:\/\/veritasinfo.org\/"},{"@type":"ListItem","position":2,"name":"Gjykimi p\u00ebr krime lufte n\u00eb Gjakov\u00eb &#8211; I akuzuari Dragan Ristiq mohon t\u00eb ket\u00eb qen\u00eb i uniformuar n\u00eb vitin 1999"}]},{"@type":"WebSite","@id":"https:\/\/veritasinfo.org\/#website","url":"https:\/\/veritasinfo.org\/","name":"","description":"","potentialAction":[{"@type":"SearchAction","target":{"@type":"EntryPoint","urlTemplate":"https:\/\/veritasinfo.org\/?s={search_term_string}"},"query-input":{"@type":"PropertyValueSpecification","valueRequired":true,"valueName":"search_term_string"}}],"inLanguage":"en-US"},{"@type":"Person","@id":"https:\/\/veritasinfo.org\/#\/schema\/person\/c2b8be262ea994d0995addca692c5e98","name":"US1","image":{"@type":"ImageObject","inLanguage":"en-US","@id":"https:\/\/veritasinfo.org\/#\/schema\/person\/image\/","url":"https:\/\/secure.gravatar.com\/avatar\/4e96a59bd256abf9956eb9963ac891a47461ffb364d47b0e9aab113328fdb75b?s=96&d=mm&r=g","contentUrl":"https:\/\/secure.gravatar.com\/avatar\/4e96a59bd256abf9956eb9963ac891a47461ffb364d47b0e9aab113328fdb75b?s=96&d=mm&r=g","caption":"US1"},"url":"https:\/\/veritasinfo.org\/?author=2"}]}},"featured_image_urls":{"full":["https:\/\/veritasinfo.org\/wp-content\/uploads\/2026\/03\/Ristiq.jpg",1024,768,false],"thumbnail":["https:\/\/veritasinfo.org\/wp-content\/uploads\/2026\/03\/Ristiq-150x150.jpg",150,150,true],"medium":["https:\/\/veritasinfo.org\/wp-content\/uploads\/2026\/03\/Ristiq-300x225.jpg",300,225,true],"medium_large":["https:\/\/veritasinfo.org\/wp-content\/uploads\/2026\/03\/Ristiq-768x576.jpg",640,480,true],"large":["https:\/\/veritasinfo.org\/wp-content\/uploads\/2026\/03\/Ristiq.jpg",640,480,false],"1536x1536":["https:\/\/veritasinfo.org\/wp-content\/uploads\/2026\/03\/Ristiq.jpg",1024,768,false],"2048x2048":["https:\/\/veritasinfo.org\/wp-content\/uploads\/2026\/03\/Ristiq.jpg",1024,768,false],"kreeti-slider-full":["https:\/\/veritasinfo.org\/wp-content\/uploads\/2026\/03\/Ristiq.jpg",960,720,false],"kreeti-featured":["https:\/\/veritasinfo.org\/wp-content\/uploads\/2026\/03\/Ristiq.jpg",1024,768,false],"kreeti-medium":["https:\/\/veritasinfo.org\/wp-content\/uploads\/2026\/03\/Ristiq.jpg",707,530,false],"kreeti-medium-square":["https:\/\/veritasinfo.org\/wp-content\/uploads\/2026\/03\/Ristiq.jpg",350,263,false]},"author_info":{"info":["US1"]},"category_info":"<a href=\"https:\/\/veritasinfo.org\/?cat=60\" rel=\"category\">Shoq\u00ebrore<\/a>","tag_info":"Shoq\u00ebrore","comment_count":"0","_links":{"self":[{"href":"https:\/\/veritasinfo.org\/index.php?rest_route=\/wp\/v2\/posts\/36382","targetHints":{"allow":["GET"]}}],"collection":[{"href":"https:\/\/veritasinfo.org\/index.php?rest_route=\/wp\/v2\/posts"}],"about":[{"href":"https:\/\/veritasinfo.org\/index.php?rest_route=\/wp\/v2\/types\/post"}],"author":[{"embeddable":true,"href":"https:\/\/veritasinfo.org\/index.php?rest_route=\/wp\/v2\/users\/2"}],"replies":[{"embeddable":true,"href":"https:\/\/veritasinfo.org\/index.php?rest_route=%2Fwp%2Fv2%2Fcomments&post=36382"}],"version-history":[{"count":1,"href":"https:\/\/veritasinfo.org\/index.php?rest_route=\/wp\/v2\/posts\/36382\/revisions"}],"predecessor-version":[{"id":36384,"href":"https:\/\/veritasinfo.org\/index.php?rest_route=\/wp\/v2\/posts\/36382\/revisions\/36384"}],"wp:featuredmedia":[{"embeddable":true,"href":"https:\/\/veritasinfo.org\/index.php?rest_route=\/wp\/v2\/media\/36383"}],"wp:attachment":[{"href":"https:\/\/veritasinfo.org\/index.php?rest_route=%2Fwp%2Fv2%2Fmedia&parent=36382"}],"wp:term":[{"taxonomy":"category","embeddable":true,"href":"https:\/\/veritasinfo.org\/index.php?rest_route=%2Fwp%2Fv2%2Fcategories&post=36382"},{"taxonomy":"post_tag","embeddable":true,"href":"https:\/\/veritasinfo.org\/index.php?rest_route=%2Fwp%2Fv2%2Ftags&post=36382"}],"curies":[{"name":"wp","href":"https:\/\/api.w.org\/{rel}","templated":true}]}}