{"id":36361,"date":"2026-03-06T21:01:25","date_gmt":"2026-03-06T20:01:25","guid":{"rendered":"https:\/\/veritasinfo.org\/?p=36361"},"modified":"2026-03-06T21:01:25","modified_gmt":"2026-03-06T20:01:25","slug":"nuk-mund-te-flasim-per-siguri-te-paqes-ne-ballkanin-perendimor-per-sa-kohe-qe-serbia-ka-ambicie-te-riktheje-sovranitetin-e-saj-mbi-kosoven-2","status":"publish","type":"post","link":"https:\/\/veritasinfo.org\/?p=36361","title":{"rendered":"\u201cNuk mund t\u00eb flasim p\u00ebr siguri t\u00eb paqes n\u00eb Ballkanin Per\u00ebndimor, p\u00ebr sa koh\u00eb q\u00eb Serbia ka ambicie t\u00eb rikthej\u00eb sovranitetin e saj mbi Kosov\u00ebn"},"content":{"rendered":"<p><strong>Prishtin\u00eb, 06 mars 2026 20:57<\/strong><\/p>\n<p>\u201cNuk mund t\u00eb flasim p\u00ebr siguri t\u00eb paqes n\u00eb Ballkanin Per\u00ebndimor, p\u00ebr sa koh\u00eb q\u00eb Serbia ka ambicie t\u00eb rikthej\u00eb sovranitetin e saj mbi Kosov\u00ebn dhe hegjemonin\u00eb n\u00eb vendet t\u00eb tjera. Nuk mund t\u00eb flasim p\u00ebr sigurin\u00eb, paqen n\u00eb Evrop\u00eb. P\u00ebr sa koh\u00eb q\u00eb vazhdon pushtimi rus n\u00eb nj\u00eb pjes\u00eb t\u00eb Ukrain\u00ebs. Nuk mund t\u00eb flasim p\u00ebr paqen n\u00eb bot\u00eb p\u00ebr sa koh\u00eb q\u00eb lufta po p\u00ebrhapet n\u00eb Lindjen e Mesme. Situata me shtetin fqinj verior, rritja e klim\u00ebs s\u00eb pasiguris\u00eb n\u00eb Evrop\u00eb, ftesa p\u00ebr angazhime, operacione t\u00eb paqes n\u00eb bot\u00eb na detyrojn\u00eb q\u00eb t\u00eb rrisim kapacitetet tona mbrojt\u00ebse. Aleanca jon\u00eb mbetet e pal\u00ebkundur me NATO-n dhe Shtetet e Bashkuara t\u00eb Amerik\u00ebs, Mbret\u00ebrin\u00eb e Bashkuar, shtetet e Bashkimit Evropian, Turqin\u00eb, Kanadan\u00eb, Japonin\u00eb e t\u00eb tjera, sepse bazohet n\u00eb vlera t\u00eb nj\u00ebjta. Bashk\u00ebpunimi i Kosov\u00ebs me Republik\u00ebn e Shqip\u00ebris\u00eb \u00ebsht\u00eb detyrim komb\u00ebtar&#8221;, tha kryeministri, Albin Kurti, n\u00eb akademin\u00eb p\u00ebrkujtimore t\u00eb organizuar n\u00eb 28-vjetorin e Epopes\u00eb s\u00eb Ushtris\u00eb \u00c7lirimtare t\u00eb Kosov\u00ebs.<\/p>\n<p>Sipas tij, Kosova sot \u00ebsht\u00eb m\u00eb e fuqishme se sa kurr\u00eb m\u00eb par\u00eb, ajo jep ndihmes\u00eb p\u00ebr sigurin\u00eb n\u00eb rajon.<\/p>\n","protected":false},"excerpt":{"rendered":"<p>Prishtin\u00eb, 06 mars 2026 20:57 \u201cNuk mund t\u00eb flasim p\u00ebr siguri t\u00eb paqes n\u00eb Ballkanin Per\u00ebndimor, p\u00ebr sa koh\u00eb q\u00eb Serbia ka ambicie t\u00eb rikthej\u00eb<\/p>\n","protected":false},"author":2,"featured_media":36362,"comment_status":"open","ping_status":"open","sticky":false,"template":"","format":"standard","meta":{"footnotes":""},"categories":[60],"tags":[],"class_list":["post-36361","post","type-post","status-publish","format-standard","has-post-thumbnail","hentry","category-shoqerore-sq"],"yoast_head":"<!-- This site is optimized with the Yoast SEO plugin v25.3.1 - https:\/\/yoast.com\/wordpress\/plugins\/seo\/ -->\n<title>\u201cNuk mund t\u00eb flasim p\u00ebr siguri t\u00eb paqes n\u00eb Ballkanin Per\u00ebndimor, p\u00ebr sa koh\u00eb q\u00eb Serbia ka ambicie t\u00eb rikthej\u00eb sovranitetin e saj mbi Kosov\u00ebn -<\/title>\n<meta name=\"robots\" content=\"index, follow, max-snippet:-1, max-image-preview:large, max-video-preview:-1\" \/>\n<link rel=\"canonical\" href=\"https:\/\/veritasinfo.org\/?p=36361\" \/>\n<meta property=\"og:locale\" content=\"en_US\" \/>\n<meta property=\"og:type\" content=\"article\" \/>\n<meta property=\"og:title\" content=\"\u201cNuk mund t\u00eb flasim p\u00ebr siguri t\u00eb paqes n\u00eb Ballkanin Per\u00ebndimor, p\u00ebr sa koh\u00eb q\u00eb Serbia ka ambicie t\u00eb rikthej\u00eb sovranitetin e saj mbi Kosov\u00ebn -\" \/>\n<meta property=\"og:description\" content=\"Prishtin\u00eb, 06 mars 2026 20:57 \u201cNuk mund t\u00eb flasim p\u00ebr siguri t\u00eb paqes n\u00eb Ballkanin Per\u00ebndimor, p\u00ebr sa koh\u00eb q\u00eb Serbia ka ambicie t\u00eb rikthej\u00eb\" \/>\n<meta property=\"og:url\" content=\"https:\/\/veritasinfo.org\/?p=36361\" \/>\n<meta property=\"article:published_time\" content=\"2026-03-06T20:01:25+00:00\" \/>\n<meta property=\"og:image\" content=\"https:\/\/veritasinfo.org\/wp-content\/uploads\/2026\/03\/Kurti-1.jpg\" \/>\n\t<meta property=\"og:image:width\" content=\"850\" \/>\n\t<meta property=\"og:image:height\" content=\"523\" \/>\n\t<meta property=\"og:image:type\" content=\"image\/jpeg\" \/>\n<meta name=\"author\" content=\"US1\" \/>\n<meta name=\"twitter:card\" content=\"summary_large_image\" \/>\n<meta name=\"twitter:label1\" content=\"Written by\" \/>\n\t<meta name=\"twitter:data1\" content=\"US1\" \/>\n\t<meta name=\"twitter:label2\" content=\"Est. reading time\" \/>\n\t<meta name=\"twitter:data2\" content=\"1 minute\" \/>\n<script type=\"application\/ld+json\" class=\"yoast-schema-graph\">{\"@context\":\"https:\/\/schema.org\",\"@graph\":[{\"@type\":\"WebPage\",\"@id\":\"https:\/\/veritasinfo.org\/?p=36361\",\"url\":\"https:\/\/veritasinfo.org\/?p=36361\",\"name\":\"\u201cNuk mund t\u00eb flasim p\u00ebr siguri t\u00eb paqes n\u00eb Ballkanin Per\u00ebndimor, p\u00ebr sa koh\u00eb q\u00eb Serbia ka ambicie t\u00eb rikthej\u00eb sovranitetin e saj mbi Kosov\u00ebn -\",\"isPartOf\":{\"@id\":\"https:\/\/veritasinfo.org\/#website\"},\"primaryImageOfPage\":{\"@id\":\"https:\/\/veritasinfo.org\/?p=36361#primaryimage\"},\"image\":{\"@id\":\"https:\/\/veritasinfo.org\/?p=36361#primaryimage\"},\"thumbnailUrl\":\"https:\/\/veritasinfo.org\/wp-content\/uploads\/2026\/03\/Kurti-1.jpg\",\"datePublished\":\"2026-03-06T20:01:25+00:00\",\"author\":{\"@id\":\"https:\/\/veritasinfo.org\/#\/schema\/person\/c2b8be262ea994d0995addca692c5e98\"},\"breadcrumb\":{\"@id\":\"https:\/\/veritasinfo.org\/?p=36361#breadcrumb\"},\"inLanguage\":\"en-US\",\"potentialAction\":[{\"@type\":\"ReadAction\",\"target\":[\"https:\/\/veritasinfo.org\/?p=36361\"]}]},{\"@type\":\"ImageObject\",\"inLanguage\":\"en-US\",\"@id\":\"https:\/\/veritasinfo.org\/?p=36361#primaryimage\",\"url\":\"https:\/\/veritasinfo.org\/wp-content\/uploads\/2026\/03\/Kurti-1.jpg\",\"contentUrl\":\"https:\/\/veritasinfo.org\/wp-content\/uploads\/2026\/03\/Kurti-1.jpg\",\"width\":850,\"height\":523},{\"@type\":\"BreadcrumbList\",\"@id\":\"https:\/\/veritasinfo.org\/?p=36361#breadcrumb\",\"itemListElement\":[{\"@type\":\"ListItem\",\"position\":1,\"name\":\"Home\",\"item\":\"https:\/\/veritasinfo.org\/\"},{\"@type\":\"ListItem\",\"position\":2,\"name\":\"\u201cNuk mund t\u00eb flasim p\u00ebr siguri t\u00eb paqes n\u00eb Ballkanin Per\u00ebndimor, p\u00ebr sa koh\u00eb q\u00eb Serbia ka ambicie t\u00eb rikthej\u00eb sovranitetin e saj mbi Kosov\u00ebn\"}]},{\"@type\":\"WebSite\",\"@id\":\"https:\/\/veritasinfo.org\/#website\",\"url\":\"https:\/\/veritasinfo.org\/\",\"name\":\"\",\"description\":\"\",\"potentialAction\":[{\"@type\":\"SearchAction\",\"target\":{\"@type\":\"EntryPoint\",\"urlTemplate\":\"https:\/\/veritasinfo.org\/?s={search_term_string}\"},\"query-input\":{\"@type\":\"PropertyValueSpecification\",\"valueRequired\":true,\"valueName\":\"search_term_string\"}}],\"inLanguage\":\"en-US\"},{\"@type\":\"Person\",\"@id\":\"https:\/\/veritasinfo.org\/#\/schema\/person\/c2b8be262ea994d0995addca692c5e98\",\"name\":\"US1\",\"image\":{\"@type\":\"ImageObject\",\"inLanguage\":\"en-US\",\"@id\":\"https:\/\/veritasinfo.org\/#\/schema\/person\/image\/\",\"url\":\"https:\/\/secure.gravatar.com\/avatar\/4e96a59bd256abf9956eb9963ac891a47461ffb364d47b0e9aab113328fdb75b?s=96&d=mm&r=g\",\"contentUrl\":\"https:\/\/secure.gravatar.com\/avatar\/4e96a59bd256abf9956eb9963ac891a47461ffb364d47b0e9aab113328fdb75b?s=96&d=mm&r=g\",\"caption\":\"US1\"},\"url\":\"https:\/\/veritasinfo.org\/?author=2\"}]}<\/script>\n<!-- \/ Yoast SEO plugin. -->","yoast_head_json":{"title":"\u201cNuk mund t\u00eb flasim p\u00ebr siguri t\u00eb paqes n\u00eb Ballkanin Per\u00ebndimor, p\u00ebr sa koh\u00eb q\u00eb Serbia ka ambicie t\u00eb rikthej\u00eb sovranitetin e saj mbi Kosov\u00ebn -","robots":{"index":"index","follow":"follow","max-snippet":"max-snippet:-1","max-image-preview":"max-image-preview:large","max-video-preview":"max-video-preview:-1"},"canonical":"https:\/\/veritasinfo.org\/?p=36361","og_locale":"en_US","og_type":"article","og_title":"\u201cNuk mund t\u00eb flasim p\u00ebr siguri t\u00eb paqes n\u00eb Ballkanin Per\u00ebndimor, p\u00ebr sa koh\u00eb q\u00eb Serbia ka ambicie t\u00eb rikthej\u00eb sovranitetin e saj mbi Kosov\u00ebn -","og_description":"Prishtin\u00eb, 06 mars 2026 20:57 \u201cNuk mund t\u00eb flasim p\u00ebr siguri t\u00eb paqes n\u00eb Ballkanin Per\u00ebndimor, p\u00ebr sa koh\u00eb q\u00eb Serbia ka ambicie t\u00eb rikthej\u00eb","og_url":"https:\/\/veritasinfo.org\/?p=36361","article_published_time":"2026-03-06T20:01:25+00:00","og_image":[{"width":850,"height":523,"url":"https:\/\/veritasinfo.org\/wp-content\/uploads\/2026\/03\/Kurti-1.jpg","type":"image\/jpeg"}],"author":"US1","twitter_card":"summary_large_image","twitter_misc":{"Written by":"US1","Est. reading time":"1 minute"},"schema":{"@context":"https:\/\/schema.org","@graph":[{"@type":"WebPage","@id":"https:\/\/veritasinfo.org\/?p=36361","url":"https:\/\/veritasinfo.org\/?p=36361","name":"\u201cNuk mund t\u00eb flasim p\u00ebr siguri t\u00eb paqes n\u00eb Ballkanin Per\u00ebndimor, p\u00ebr sa koh\u00eb q\u00eb Serbia ka ambicie t\u00eb rikthej\u00eb sovranitetin e saj mbi Kosov\u00ebn -","isPartOf":{"@id":"https:\/\/veritasinfo.org\/#website"},"primaryImageOfPage":{"@id":"https:\/\/veritasinfo.org\/?p=36361#primaryimage"},"image":{"@id":"https:\/\/veritasinfo.org\/?p=36361#primaryimage"},"thumbnailUrl":"https:\/\/veritasinfo.org\/wp-content\/uploads\/2026\/03\/Kurti-1.jpg","datePublished":"2026-03-06T20:01:25+00:00","author":{"@id":"https:\/\/veritasinfo.org\/#\/schema\/person\/c2b8be262ea994d0995addca692c5e98"},"breadcrumb":{"@id":"https:\/\/veritasinfo.org\/?p=36361#breadcrumb"},"inLanguage":"en-US","potentialAction":[{"@type":"ReadAction","target":["https:\/\/veritasinfo.org\/?p=36361"]}]},{"@type":"ImageObject","inLanguage":"en-US","@id":"https:\/\/veritasinfo.org\/?p=36361#primaryimage","url":"https:\/\/veritasinfo.org\/wp-content\/uploads\/2026\/03\/Kurti-1.jpg","contentUrl":"https:\/\/veritasinfo.org\/wp-content\/uploads\/2026\/03\/Kurti-1.jpg","width":850,"height":523},{"@type":"BreadcrumbList","@id":"https:\/\/veritasinfo.org\/?p=36361#breadcrumb","itemListElement":[{"@type":"ListItem","position":1,"name":"Home","item":"https:\/\/veritasinfo.org\/"},{"@type":"ListItem","position":2,"name":"\u201cNuk mund t\u00eb flasim p\u00ebr siguri t\u00eb paqes n\u00eb Ballkanin Per\u00ebndimor, p\u00ebr sa koh\u00eb q\u00eb Serbia ka ambicie t\u00eb rikthej\u00eb sovranitetin e saj mbi Kosov\u00ebn"}]},{"@type":"WebSite","@id":"https:\/\/veritasinfo.org\/#website","url":"https:\/\/veritasinfo.org\/","name":"","description":"","potentialAction":[{"@type":"SearchAction","target":{"@type":"EntryPoint","urlTemplate":"https:\/\/veritasinfo.org\/?s={search_term_string}"},"query-input":{"@type":"PropertyValueSpecification","valueRequired":true,"valueName":"search_term_string"}}],"inLanguage":"en-US"},{"@type":"Person","@id":"https:\/\/veritasinfo.org\/#\/schema\/person\/c2b8be262ea994d0995addca692c5e98","name":"US1","image":{"@type":"ImageObject","inLanguage":"en-US","@id":"https:\/\/veritasinfo.org\/#\/schema\/person\/image\/","url":"https:\/\/secure.gravatar.com\/avatar\/4e96a59bd256abf9956eb9963ac891a47461ffb364d47b0e9aab113328fdb75b?s=96&d=mm&r=g","contentUrl":"https:\/\/secure.gravatar.com\/avatar\/4e96a59bd256abf9956eb9963ac891a47461ffb364d47b0e9aab113328fdb75b?s=96&d=mm&r=g","caption":"US1"},"url":"https:\/\/veritasinfo.org\/?author=2"}]}},"featured_image_urls":{"full":["https:\/\/veritasinfo.org\/wp-content\/uploads\/2026\/03\/Kurti-1.jpg",850,523,false],"thumbnail":["https:\/\/veritasinfo.org\/wp-content\/uploads\/2026\/03\/Kurti-1-150x150.jpg",150,150,true],"medium":["https:\/\/veritasinfo.org\/wp-content\/uploads\/2026\/03\/Kurti-1-300x185.jpg",300,185,true],"medium_large":["https:\/\/veritasinfo.org\/wp-content\/uploads\/2026\/03\/Kurti-1-768x473.jpg",640,394,true],"large":["https:\/\/veritasinfo.org\/wp-content\/uploads\/2026\/03\/Kurti-1.jpg",640,394,false],"1536x1536":["https:\/\/veritasinfo.org\/wp-content\/uploads\/2026\/03\/Kurti-1.jpg",850,523,false],"2048x2048":["https:\/\/veritasinfo.org\/wp-content\/uploads\/2026\/03\/Kurti-1.jpg",850,523,false],"kreeti-slider-full":["https:\/\/veritasinfo.org\/wp-content\/uploads\/2026\/03\/Kurti-1.jpg",850,523,false],"kreeti-featured":["https:\/\/veritasinfo.org\/wp-content\/uploads\/2026\/03\/Kurti-1.jpg",850,523,false],"kreeti-medium":["https:\/\/veritasinfo.org\/wp-content\/uploads\/2026\/03\/Kurti-1.jpg",720,443,false],"kreeti-medium-square":["https:\/\/veritasinfo.org\/wp-content\/uploads\/2026\/03\/Kurti-1.jpg",350,215,false]},"author_info":{"info":["US1"]},"category_info":"<a href=\"https:\/\/veritasinfo.org\/?cat=60\" rel=\"category\">Shoq\u00ebrore<\/a>","tag_info":"Shoq\u00ebrore","comment_count":"0","_links":{"self":[{"href":"https:\/\/veritasinfo.org\/index.php?rest_route=\/wp\/v2\/posts\/36361","targetHints":{"allow":["GET"]}}],"collection":[{"href":"https:\/\/veritasinfo.org\/index.php?rest_route=\/wp\/v2\/posts"}],"about":[{"href":"https:\/\/veritasinfo.org\/index.php?rest_route=\/wp\/v2\/types\/post"}],"author":[{"embeddable":true,"href":"https:\/\/veritasinfo.org\/index.php?rest_route=\/wp\/v2\/users\/2"}],"replies":[{"embeddable":true,"href":"https:\/\/veritasinfo.org\/index.php?rest_route=%2Fwp%2Fv2%2Fcomments&post=36361"}],"version-history":[{"count":1,"href":"https:\/\/veritasinfo.org\/index.php?rest_route=\/wp\/v2\/posts\/36361\/revisions"}],"predecessor-version":[{"id":36363,"href":"https:\/\/veritasinfo.org\/index.php?rest_route=\/wp\/v2\/posts\/36361\/revisions\/36363"}],"wp:featuredmedia":[{"embeddable":true,"href":"https:\/\/veritasinfo.org\/index.php?rest_route=\/wp\/v2\/media\/36362"}],"wp:attachment":[{"href":"https:\/\/veritasinfo.org\/index.php?rest_route=%2Fwp%2Fv2%2Fmedia&parent=36361"}],"wp:term":[{"taxonomy":"category","embeddable":true,"href":"https:\/\/veritasinfo.org\/index.php?rest_route=%2Fwp%2Fv2%2Fcategories&post=36361"},{"taxonomy":"post_tag","embeddable":true,"href":"https:\/\/veritasinfo.org\/index.php?rest_route=%2Fwp%2Fv2%2Ftags&post=36361"}],"curies":[{"name":"wp","href":"https:\/\/api.w.org\/{rel}","templated":true}]}}