{"id":36350,"date":"2026-03-06T20:46:36","date_gmt":"2026-03-06T19:46:36","guid":{"rendered":"https:\/\/veritasinfo.org\/?p=36350"},"modified":"2026-03-06T20:46:36","modified_gmt":"2026-03-06T19:46:36","slug":"akademi-perkujtimore-per-epopene-e-uck-se-zahide-jashari-kur-gjaku-bie-ne-dhe-shnderrohet-ne-atdhe","status":"publish","type":"post","link":"https:\/\/veritasinfo.org\/?p=36350","title":{"rendered":"Akademi p\u00ebrkujtimore p\u00ebr Epopen\u00eb e U\u00c7K-s\u00eb, Zahide Jashari: Kur gjaku bie n\u00eb dhe shnd\u00ebrrohet n\u00eb atdhe"},"content":{"rendered":"<p><strong>Prishtin\u00eb, 06 mars 2026 20:47<\/strong><\/p>\n<p>Flijimi i Familjes Jashari \u00ebsht\u00eb flakadani q\u00eb e p\u00ebrhapi luft\u00ebn \u00e7lirimtare an\u00eb e mban\u00eb Kosov\u00ebs, tha kryeministri, Albin Kurti. Ai n\u00eb akademin\u00eb p\u00ebrkujtimore t\u00eb organizuar n\u00eb 28-vjetorin e Epopes\u00eb s\u00eb Ushtris\u00eb \u00c7lirimtare t\u00eb Kosov\u00ebs, tha se ajo \u00e7far\u00eb ngjau n\u00eb Prekaz i tregoi armikut serb q\u00eb familja Jashari nuk mund t\u00eb mposhtej p\u00ebr sa koh\u00eb q\u00eb mb\u00ebshtetej nga populli.<\/p>\n<p>N\u00eb em\u00ebr t\u00eb familjes Jashari, Zahide Jashari tha se me dhimbje dhe krenari duhet t\u00eb kujtohen t\u00eb gjith\u00eb f\u00ebmij\u00ebt e r\u00ebn\u00eb gjat\u00eb luft\u00ebs n\u00eb Kosov\u00eb. Ajo shtoi para t\u00eb pranishm\u00ebve se brezi i ri i Jashar\u00ebve po rritet n\u00ebn hijen e lavdis\u00eb dhe sakrific\u00ebs.<\/p>\n<p>\u201cAta mbet\u00ebn \u00ebndrra t\u00eb nd\u00ebrprera n\u00eb mes, buz\u00ebqeshura t\u00eb ndalura padrejt\u00ebsisht. Jet\u00eb t\u00eb pajetuara. Por, pik\u00ebrisht n\u00eb k\u00ebt\u00eb dhimbje lind p\u00ebrgjegj\u00ebsia jon\u00eb si brez i ri, ne jetojm\u00eb edhe p\u00ebr ta. Ne m\u00ebsojm\u00eb dhe punojm\u00eb edhe n\u00eb em\u00ebr t\u00eb tyre. \u00c7do arritje e jona duhet t\u00eb jet\u00eb vazhdim i \u00ebndrrave q\u00eb atyre iu mohua. \u00c7do sukses i brezit ton\u00eb duhet t\u00eb jet\u00eb d\u00ebshmi se sakrifica e tyre nuk ishte e kot. K\u00ebshtu kujtimi p\u00ebr ta nuk mbetet vet\u00ebm plag\u00eb n\u00eb nd\u00ebrgjegjen ton\u00eb por shnd\u00ebrrohet n\u00eb zotim se liria e fituar me gjak do t\u00eb mbushet me dije, drejt\u00ebsi dhe me dinjitet. Nj\u00eb dijetar i lasht\u00ebsis\u00eb \u00ebsht\u00eb shprehur se \u2018kur uji bie n\u00eb dhe shnd\u00ebrrohet n\u00eb balt\u00eb, nd\u00ebrsa kur gjaku bie n\u00eb dhe shnd\u00ebrrohet n\u00eb atdhe\u2019. Me k\u00ebt\u00eb th\u00ebnie q\u00ebndron e p\u00ebrmbledhur historia jon\u00eb, atdheu yn\u00eb \u00ebsht\u00eb i lar\u00eb me gjakun e bijave dhe bijve m\u00eb t\u00eb mir\u00eb t\u00eb tij. Prandaj ai nuk \u00ebsht\u00eb thjesht tok\u00eb \u00ebsht\u00eb amanet, \u00ebsht\u00eb bes\u00eb, \u00ebsht\u00eb p\u00ebrgjegj\u00ebsi brezash\u201d, tha ajo.<\/p>\n","protected":false},"excerpt":{"rendered":"<p>Prishtin\u00eb, 06 mars 2026 20:47 Flijimi i Familjes Jashari \u00ebsht\u00eb flakadani q\u00eb e p\u00ebrhapi luft\u00ebn \u00e7lirimtare an\u00eb e mban\u00eb Kosov\u00ebs, tha kryeministri, Albin Kurti. Ai<\/p>\n","protected":false},"author":2,"featured_media":36351,"comment_status":"open","ping_status":"open","sticky":false,"template":"","format":"standard","meta":{"footnotes":""},"categories":[60],"tags":[],"class_list":["post-36350","post","type-post","status-publish","format-standard","has-post-thumbnail","hentry","category-shoqerore-sq"],"yoast_head":"<!-- This site is optimized with the Yoast SEO plugin v25.3.1 - https:\/\/yoast.com\/wordpress\/plugins\/seo\/ -->\n<title>Akademi p\u00ebrkujtimore p\u00ebr Epopen\u00eb e U\u00c7K-s\u00eb, Zahide Jashari: Kur gjaku bie n\u00eb dhe shnd\u00ebrrohet n\u00eb atdhe -<\/title>\n<meta name=\"robots\" content=\"index, follow, max-snippet:-1, max-image-preview:large, max-video-preview:-1\" \/>\n<link rel=\"canonical\" href=\"https:\/\/veritasinfo.org\/?p=36350\" \/>\n<meta property=\"og:locale\" content=\"en_US\" \/>\n<meta property=\"og:type\" content=\"article\" \/>\n<meta property=\"og:title\" content=\"Akademi p\u00ebrkujtimore p\u00ebr Epopen\u00eb e U\u00c7K-s\u00eb, Zahide Jashari: Kur gjaku bie n\u00eb dhe shnd\u00ebrrohet n\u00eb atdhe -\" \/>\n<meta property=\"og:description\" content=\"Prishtin\u00eb, 06 mars 2026 20:47 Flijimi i Familjes Jashari \u00ebsht\u00eb flakadani q\u00eb e p\u00ebrhapi luft\u00ebn \u00e7lirimtare an\u00eb e mban\u00eb Kosov\u00ebs, tha kryeministri, Albin Kurti. Ai\" \/>\n<meta property=\"og:url\" content=\"https:\/\/veritasinfo.org\/?p=36350\" \/>\n<meta property=\"article:published_time\" content=\"2026-03-06T19:46:36+00:00\" \/>\n<meta property=\"og:image\" content=\"https:\/\/veritasinfo.org\/wp-content\/uploads\/2026\/03\/Zahide.webp\" \/>\n\t<meta property=\"og:image:width\" content=\"900\" \/>\n\t<meta property=\"og:image:height\" content=\"485\" \/>\n\t<meta property=\"og:image:type\" content=\"image\/webp\" \/>\n<meta name=\"author\" content=\"US1\" \/>\n<meta name=\"twitter:card\" content=\"summary_large_image\" \/>\n<meta name=\"twitter:label1\" content=\"Written by\" \/>\n\t<meta name=\"twitter:data1\" content=\"US1\" \/>\n\t<meta name=\"twitter:label2\" content=\"Est. reading time\" \/>\n\t<meta name=\"twitter:data2\" content=\"2 minutes\" \/>\n<script type=\"application\/ld+json\" class=\"yoast-schema-graph\">{\"@context\":\"https:\/\/schema.org\",\"@graph\":[{\"@type\":\"WebPage\",\"@id\":\"https:\/\/veritasinfo.org\/?p=36350\",\"url\":\"https:\/\/veritasinfo.org\/?p=36350\",\"name\":\"Akademi p\u00ebrkujtimore p\u00ebr Epopen\u00eb e U\u00c7K-s\u00eb, Zahide Jashari: Kur gjaku bie n\u00eb dhe shnd\u00ebrrohet n\u00eb atdhe -\",\"isPartOf\":{\"@id\":\"https:\/\/veritasinfo.org\/#website\"},\"primaryImageOfPage\":{\"@id\":\"https:\/\/veritasinfo.org\/?p=36350#primaryimage\"},\"image\":{\"@id\":\"https:\/\/veritasinfo.org\/?p=36350#primaryimage\"},\"thumbnailUrl\":\"https:\/\/veritasinfo.org\/wp-content\/uploads\/2026\/03\/Zahide.webp\",\"datePublished\":\"2026-03-06T19:46:36+00:00\",\"author\":{\"@id\":\"https:\/\/veritasinfo.org\/#\/schema\/person\/c2b8be262ea994d0995addca692c5e98\"},\"breadcrumb\":{\"@id\":\"https:\/\/veritasinfo.org\/?p=36350#breadcrumb\"},\"inLanguage\":\"en-US\",\"potentialAction\":[{\"@type\":\"ReadAction\",\"target\":[\"https:\/\/veritasinfo.org\/?p=36350\"]}]},{\"@type\":\"ImageObject\",\"inLanguage\":\"en-US\",\"@id\":\"https:\/\/veritasinfo.org\/?p=36350#primaryimage\",\"url\":\"https:\/\/veritasinfo.org\/wp-content\/uploads\/2026\/03\/Zahide.webp\",\"contentUrl\":\"https:\/\/veritasinfo.org\/wp-content\/uploads\/2026\/03\/Zahide.webp\",\"width\":900,\"height\":485},{\"@type\":\"BreadcrumbList\",\"@id\":\"https:\/\/veritasinfo.org\/?p=36350#breadcrumb\",\"itemListElement\":[{\"@type\":\"ListItem\",\"position\":1,\"name\":\"Home\",\"item\":\"https:\/\/veritasinfo.org\/\"},{\"@type\":\"ListItem\",\"position\":2,\"name\":\"Akademi p\u00ebrkujtimore p\u00ebr Epopen\u00eb e U\u00c7K-s\u00eb, Zahide Jashari: Kur gjaku bie n\u00eb dhe shnd\u00ebrrohet n\u00eb atdhe\"}]},{\"@type\":\"WebSite\",\"@id\":\"https:\/\/veritasinfo.org\/#website\",\"url\":\"https:\/\/veritasinfo.org\/\",\"name\":\"\",\"description\":\"\",\"potentialAction\":[{\"@type\":\"SearchAction\",\"target\":{\"@type\":\"EntryPoint\",\"urlTemplate\":\"https:\/\/veritasinfo.org\/?s={search_term_string}\"},\"query-input\":{\"@type\":\"PropertyValueSpecification\",\"valueRequired\":true,\"valueName\":\"search_term_string\"}}],\"inLanguage\":\"en-US\"},{\"@type\":\"Person\",\"@id\":\"https:\/\/veritasinfo.org\/#\/schema\/person\/c2b8be262ea994d0995addca692c5e98\",\"name\":\"US1\",\"image\":{\"@type\":\"ImageObject\",\"inLanguage\":\"en-US\",\"@id\":\"https:\/\/veritasinfo.org\/#\/schema\/person\/image\/\",\"url\":\"https:\/\/secure.gravatar.com\/avatar\/4e96a59bd256abf9956eb9963ac891a47461ffb364d47b0e9aab113328fdb75b?s=96&d=mm&r=g\",\"contentUrl\":\"https:\/\/secure.gravatar.com\/avatar\/4e96a59bd256abf9956eb9963ac891a47461ffb364d47b0e9aab113328fdb75b?s=96&d=mm&r=g\",\"caption\":\"US1\"},\"url\":\"https:\/\/veritasinfo.org\/?author=2\"}]}<\/script>\n<!-- \/ Yoast SEO plugin. -->","yoast_head_json":{"title":"Akademi p\u00ebrkujtimore p\u00ebr Epopen\u00eb e U\u00c7K-s\u00eb, Zahide Jashari: Kur gjaku bie n\u00eb dhe shnd\u00ebrrohet n\u00eb atdhe -","robots":{"index":"index","follow":"follow","max-snippet":"max-snippet:-1","max-image-preview":"max-image-preview:large","max-video-preview":"max-video-preview:-1"},"canonical":"https:\/\/veritasinfo.org\/?p=36350","og_locale":"en_US","og_type":"article","og_title":"Akademi p\u00ebrkujtimore p\u00ebr Epopen\u00eb e U\u00c7K-s\u00eb, Zahide Jashari: Kur gjaku bie n\u00eb dhe shnd\u00ebrrohet n\u00eb atdhe -","og_description":"Prishtin\u00eb, 06 mars 2026 20:47 Flijimi i Familjes Jashari \u00ebsht\u00eb flakadani q\u00eb e p\u00ebrhapi luft\u00ebn \u00e7lirimtare an\u00eb e mban\u00eb Kosov\u00ebs, tha kryeministri, Albin Kurti. Ai","og_url":"https:\/\/veritasinfo.org\/?p=36350","article_published_time":"2026-03-06T19:46:36+00:00","og_image":[{"width":900,"height":485,"url":"https:\/\/veritasinfo.org\/wp-content\/uploads\/2026\/03\/Zahide.webp","type":"image\/webp"}],"author":"US1","twitter_card":"summary_large_image","twitter_misc":{"Written by":"US1","Est. reading time":"2 minutes"},"schema":{"@context":"https:\/\/schema.org","@graph":[{"@type":"WebPage","@id":"https:\/\/veritasinfo.org\/?p=36350","url":"https:\/\/veritasinfo.org\/?p=36350","name":"Akademi p\u00ebrkujtimore p\u00ebr Epopen\u00eb e U\u00c7K-s\u00eb, Zahide Jashari: Kur gjaku bie n\u00eb dhe shnd\u00ebrrohet n\u00eb atdhe -","isPartOf":{"@id":"https:\/\/veritasinfo.org\/#website"},"primaryImageOfPage":{"@id":"https:\/\/veritasinfo.org\/?p=36350#primaryimage"},"image":{"@id":"https:\/\/veritasinfo.org\/?p=36350#primaryimage"},"thumbnailUrl":"https:\/\/veritasinfo.org\/wp-content\/uploads\/2026\/03\/Zahide.webp","datePublished":"2026-03-06T19:46:36+00:00","author":{"@id":"https:\/\/veritasinfo.org\/#\/schema\/person\/c2b8be262ea994d0995addca692c5e98"},"breadcrumb":{"@id":"https:\/\/veritasinfo.org\/?p=36350#breadcrumb"},"inLanguage":"en-US","potentialAction":[{"@type":"ReadAction","target":["https:\/\/veritasinfo.org\/?p=36350"]}]},{"@type":"ImageObject","inLanguage":"en-US","@id":"https:\/\/veritasinfo.org\/?p=36350#primaryimage","url":"https:\/\/veritasinfo.org\/wp-content\/uploads\/2026\/03\/Zahide.webp","contentUrl":"https:\/\/veritasinfo.org\/wp-content\/uploads\/2026\/03\/Zahide.webp","width":900,"height":485},{"@type":"BreadcrumbList","@id":"https:\/\/veritasinfo.org\/?p=36350#breadcrumb","itemListElement":[{"@type":"ListItem","position":1,"name":"Home","item":"https:\/\/veritasinfo.org\/"},{"@type":"ListItem","position":2,"name":"Akademi p\u00ebrkujtimore p\u00ebr Epopen\u00eb e U\u00c7K-s\u00eb, Zahide Jashari: Kur gjaku bie n\u00eb dhe shnd\u00ebrrohet n\u00eb atdhe"}]},{"@type":"WebSite","@id":"https:\/\/veritasinfo.org\/#website","url":"https:\/\/veritasinfo.org\/","name":"","description":"","potentialAction":[{"@type":"SearchAction","target":{"@type":"EntryPoint","urlTemplate":"https:\/\/veritasinfo.org\/?s={search_term_string}"},"query-input":{"@type":"PropertyValueSpecification","valueRequired":true,"valueName":"search_term_string"}}],"inLanguage":"en-US"},{"@type":"Person","@id":"https:\/\/veritasinfo.org\/#\/schema\/person\/c2b8be262ea994d0995addca692c5e98","name":"US1","image":{"@type":"ImageObject","inLanguage":"en-US","@id":"https:\/\/veritasinfo.org\/#\/schema\/person\/image\/","url":"https:\/\/secure.gravatar.com\/avatar\/4e96a59bd256abf9956eb9963ac891a47461ffb364d47b0e9aab113328fdb75b?s=96&d=mm&r=g","contentUrl":"https:\/\/secure.gravatar.com\/avatar\/4e96a59bd256abf9956eb9963ac891a47461ffb364d47b0e9aab113328fdb75b?s=96&d=mm&r=g","caption":"US1"},"url":"https:\/\/veritasinfo.org\/?author=2"}]}},"featured_image_urls":{"full":["https:\/\/veritasinfo.org\/wp-content\/uploads\/2026\/03\/Zahide.webp",900,485,false],"thumbnail":["https:\/\/veritasinfo.org\/wp-content\/uploads\/2026\/03\/Zahide-150x150.webp",150,150,true],"medium":["https:\/\/veritasinfo.org\/wp-content\/uploads\/2026\/03\/Zahide-300x162.webp",300,162,true],"medium_large":["https:\/\/veritasinfo.org\/wp-content\/uploads\/2026\/03\/Zahide-768x414.webp",640,345,true],"large":["https:\/\/veritasinfo.org\/wp-content\/uploads\/2026\/03\/Zahide.webp",640,345,false],"1536x1536":["https:\/\/veritasinfo.org\/wp-content\/uploads\/2026\/03\/Zahide.webp",900,485,false],"2048x2048":["https:\/\/veritasinfo.org\/wp-content\/uploads\/2026\/03\/Zahide.webp",900,485,false],"kreeti-slider-full":["https:\/\/veritasinfo.org\/wp-content\/uploads\/2026\/03\/Zahide.webp",900,485,false],"kreeti-featured":["https:\/\/veritasinfo.org\/wp-content\/uploads\/2026\/03\/Zahide.webp",900,485,false],"kreeti-medium":["https:\/\/veritasinfo.org\/wp-content\/uploads\/2026\/03\/Zahide.webp",720,388,false],"kreeti-medium-square":["https:\/\/veritasinfo.org\/wp-content\/uploads\/2026\/03\/Zahide.webp",350,189,false]},"author_info":{"info":["US1"]},"category_info":"<a href=\"https:\/\/veritasinfo.org\/?cat=60\" rel=\"category\">Shoq\u00ebrore<\/a>","tag_info":"Shoq\u00ebrore","comment_count":"0","_links":{"self":[{"href":"https:\/\/veritasinfo.org\/index.php?rest_route=\/wp\/v2\/posts\/36350","targetHints":{"allow":["GET"]}}],"collection":[{"href":"https:\/\/veritasinfo.org\/index.php?rest_route=\/wp\/v2\/posts"}],"about":[{"href":"https:\/\/veritasinfo.org\/index.php?rest_route=\/wp\/v2\/types\/post"}],"author":[{"embeddable":true,"href":"https:\/\/veritasinfo.org\/index.php?rest_route=\/wp\/v2\/users\/2"}],"replies":[{"embeddable":true,"href":"https:\/\/veritasinfo.org\/index.php?rest_route=%2Fwp%2Fv2%2Fcomments&post=36350"}],"version-history":[{"count":1,"href":"https:\/\/veritasinfo.org\/index.php?rest_route=\/wp\/v2\/posts\/36350\/revisions"}],"predecessor-version":[{"id":36352,"href":"https:\/\/veritasinfo.org\/index.php?rest_route=\/wp\/v2\/posts\/36350\/revisions\/36352"}],"wp:featuredmedia":[{"embeddable":true,"href":"https:\/\/veritasinfo.org\/index.php?rest_route=\/wp\/v2\/media\/36351"}],"wp:attachment":[{"href":"https:\/\/veritasinfo.org\/index.php?rest_route=%2Fwp%2Fv2%2Fmedia&parent=36350"}],"wp:term":[{"taxonomy":"category","embeddable":true,"href":"https:\/\/veritasinfo.org\/index.php?rest_route=%2Fwp%2Fv2%2Fcategories&post=36350"},{"taxonomy":"post_tag","embeddable":true,"href":"https:\/\/veritasinfo.org\/index.php?rest_route=%2Fwp%2Fv2%2Ftags&post=36350"}],"curies":[{"name":"wp","href":"https:\/\/api.w.org\/{rel}","templated":true}]}}