{"id":36333,"date":"2026-03-06T19:17:40","date_gmt":"2026-03-06T18:17:40","guid":{"rendered":"https:\/\/veritasinfo.org\/?p=36333"},"modified":"2026-03-06T19:17:40","modified_gmt":"2026-03-06T18:17:40","slug":"epopeja-e-uck-se-ne-imazhe-e-kujtese-si-shenje-lirie-e-sakrifice","status":"publish","type":"post","link":"https:\/\/veritasinfo.org\/?p=36333","title":{"rendered":"Epopeja e U\u00c7K-s\u00eb n\u00eb imazhe e kujtes\u00eb si shenj\u00eb lirie e sakrifice"},"content":{"rendered":"<p>Prishtin\u00eb, 6 mars 2026 19:18<\/p>\n<p>Holli i Bibliotek\u00ebs Komb\u00ebtare t\u00eb Kosov\u00ebs t\u00eb enjten ka marr\u00eb pamjen e nj\u00eb vendi q\u00eb, pos nj\u00eb ngjarjeje mir\u00ebnjoh\u00ebse, flet e shpjegon edhe historin\u00eb. Dhe k\u00ebt\u00eb e b\u00ebn me fotografi e po ashtu edhe me raportimet e gazetave nd\u00ebr vite. \u201cEpopeja e U\u00c7K-s\u00eb n\u00eb shtypin e Kosov\u00ebs (2000\u20132020)\u201d dhe \u2018Dit\u00ebnet\u00ebt e zjarreve n\u00eb Prekaz\u201d, ka nj\u00eb em\u00ebrues t\u00eb p\u00ebrbashk\u00ebt: kujtes\u00ebn kolektive. E, ajo \u00ebsht\u00eb shenj\u00eb lirie e sakrifice. \u201cN\u00ebp\u00ebrmjet k\u00ebtyre ekspozitave, ne shohim se si e kaluara vazhdon t\u00eb jetoj\u00eb n\u00eb t\u00eb tashmen, vazhdon t\u00eb rroj\u00eb n\u00eb titujt q\u00eb ndryshojn\u00eb tonin me kalimin e viteve, n\u00eb fotografit\u00eb q\u00eb ruajn\u00eb gjurm\u00ebt e zjarrit, n\u00eb ceremonit\u00eb p\u00ebrkujtimore q\u00eb bashkojn\u00eb breza\u201d, ka th\u00ebn\u00eb Blerina Rogova-Gaxha, drejtoresh\u00eb e BKK-s\u00eb<\/p>\n<p>Jan\u00eb imazhe t\u00eb hap\u00ebsir\u00ebs, ku m\u00eb 5, 6 dhe 7 mars 1998 u zhvillua beteja q\u00eb i dha kah t\u00eb ri rrug\u00ebs p\u00ebr lirin\u00eb e Kosov\u00ebs. Tash e gati tri dekada, kompleksi \u201cAdem Jashari\u201d n\u00eb Prekaz t\u00eb Skenderajt \u00ebsht\u00eb vend pelegrinazhi ku kujtohen rezistenca e sakrifica n\u00eb koh\u00eb lufte. Fotografit\u00eb e shkrepura nga Sefer Ali\u00e7kaj rr\u00ebfejn\u00eb p\u00ebr Prekazin e nj\u00eb \u00e7erekshekulli t\u00eb pasluft\u00ebs. Aty shp\u00ebrfaqen nderimet q\u00eb shteti e shoq\u00ebria ua b\u00ebjn\u00eb Jashar\u00ebve dhe t\u00eb r\u00ebn\u00ebve p\u00ebr liri.<\/p>\n<p>Kjo ekspozit\u00eb e Bibliotek\u00ebs Komb\u00ebtare t\u00eb Kosov\u00ebs \u00ebsht\u00eb hapur s\u00eb bashku me at\u00eb me titull \u201cEpopeja n\u00eb kujtes\u00ebn e shtypit kosovar 2000\u20132020\u201d. N\u00ebp\u00ebrmjet teksteve t\u00eb gazetave rr\u00ebfehet se si \u00ebsht\u00eb sh\u00ebnuar Epopeja e Ushtris\u00eb \u00c7lirimtare t\u00eb Kosov\u00ebs e 5, 6, 7 marsit t\u00eb vitit 1998. Fotografi Ali\u00e7kaj nd\u00ebr vite ka vizituar Prekazin duke shkrepur qindra fotografi e mbi 30 prej tyre jan\u00eb pjes\u00eb e ekspozit\u00ebs. Ilustrohen kullat e Jashar\u00ebve bashk\u00eb me vragat e luft\u00ebs. Ato kan\u00eb d\u00ebshmi t\u00eb sakrific\u00ebs e t\u00eb rezistenc\u00ebs. Ushtria e Kosov\u00ebs \u00ebsht\u00eb n\u00eb imazhe si shpres\u00eb bashk\u00eb me f\u00ebmij\u00ebt si pasardh\u00ebs t\u00eb atyre q\u00eb ran\u00eb p\u00ebr lirin\u00eb e Kosov\u00ebs. Holli i institucionit m\u00eb t\u00eb lart\u00eb bibliotekar n\u00eb vend ka marr\u00eb pamjen e nj\u00eb vendi q\u00eb, pos nj\u00eb ngjarjeje mir\u00ebnjoh\u00ebse, flet e shpjegon edhe historin\u00eb. Dhe k\u00ebt\u00eb e b\u00ebn me fotografi e po ashtu edhe me raportimet e gazetave nd\u00ebr vite.<\/p>\n<p>\u201cHistoria dhe tragjedia e familjes Jashari n\u00eb t\u00eb cil\u00ebn mbet\u00ebn t\u00eb vrar\u00eb tre breza, nd\u00ebr ta edhe themeluesi dhe komandanti i Ushtris\u00eb \u00c7lirimtare t\u00eb Kosov\u00ebs, Adem Jashari, \u00ebsht\u00eb memorizuar n\u00eb memorien ton\u00eb. Fjala, imazhet dhe artikujt e gazetave kapin njer\u00ebzoren e narratives heroike t\u00eb flijimit t\u00eb familjes Jashari, aty ku nisi kthesa historike e luft\u00ebs s\u00eb Kosov\u00ebs p\u00ebr \u00e7lirim\u201d, ka th\u00ebn\u00eb drejtoresha e BKK-s\u00eb, Blerina Rogova-Gaxha. Sipas saj, 5, 6 dhe 7 marsi i vitit 1998 me sulmin n\u00eb Prekaz, rezultoi me 58 persona t\u00eb vrar\u00eb, n\u00eb mesin e t\u00eb cil\u00ebve 18 ishin gra dhe 10 f\u00ebmij\u00eb n\u00ebn mosh\u00ebn 16-vje\u00e7are. Ka p\u00ebrmendur se sulmit i mbijetoi vet\u00ebm vajza e vog\u00ebl e familjes, Besarta Jashari, asokohe 11 vje\u00e7e.<br \/>\n\u201cDy ekspozitat q\u00eb hapim sot, \u2018Epopeja e U\u00c7K-s\u00eb n\u00eb shtypin e Kosov\u00ebs (2000\u20132020)\u2019 dhe \u2018Dit\u00ebnet\u00ebt e zjarreve n\u00eb Prekaz\u201d, nd\u00ebrtohen si dy rrath\u00eb t\u00eb s\u00eb nj\u00ebjt\u00ebs qend\u00ebr: kujtes\u00ebs son\u00eb kolektive. N\u00eb nj\u00ebr\u00ebn an\u00eb, fjala e shtypur. N\u00eb an\u00ebn tjet\u00ebr, imazhi i hap\u00ebsir\u00ebs s\u00eb shenjt\u00eb\u201d, ka th\u00ebn\u00eb ajo.<\/p>\n<p>Drejtoresha Rogova-Gaxha ka th\u00ebn\u00eb se narrativa e p\u00ebrvjetor\u00ebve, gjuha e titujve, ndryshimi i diskursit nd\u00ebr vite, heroizmi dhe institucionalizimi i kujtes\u00ebs, p\u00ebrfaq\u00ebsojn\u00eb m\u00ebnyr\u00ebn se si Epopeja \u00ebsht\u00eb rr\u00ebfyer, rip\u00ebrmendur dhe rikrijuar n\u00eb faqet e gazetave t\u00eb Kosov\u00ebs gjat\u00eb dy dekadave.<\/p>\n<p>\u201cNga ballinat e para pas luft\u00ebs, te reflektimet m\u00eb t\u00eb vonshme, shohim se si fjala ka nd\u00ebrtuar memorien, si \u00ebsht\u00eb form\u00ebsuar diskursi publik dhe si \u00ebsht\u00eb gdhendur kjo simbolik\u00eb n\u00eb nd\u00ebrgjegjen kolektive\u201d, ka th\u00ebn\u00eb ajo. Sipas saj, n\u00eb an\u00ebn tjet\u00ebr, fotografit\u00eb nga Kompleksi Memorial \u201cAdem Jashari\u201d n\u00eb Prekaz, sht\u00ebpit\u00eb e djegura, gjurm\u00ebt e plumbave, muret e shkat\u00ebrruara, varrezat e p\u00ebrbashk\u00ebta, flakadan\u00ebt, f\u00ebmij\u00ebt me flamuj, p\u00ebrb\u00ebjn\u00eb nj\u00eb rr\u00ebfim vizual, ku zjarri i luft\u00ebs, zjarri i sakrific\u00ebs, zjarri i kujtes\u00ebs dhe mbijetesa bashk\u00ebjetojn\u00eb n\u00eb t\u00eb nj\u00ebjt\u00ebn hap\u00ebsir\u00eb simbolike.<\/p>\n<p>\u201cTitujt e gazetave, shkrimet e ilustruara, fotografit\u00eb panoramike, peizazhi i lagjes Jashari, brezat q\u00eb vizitojn\u00eb Prekazin: krijojn\u00eb nj\u00eb dialog t\u00eb dyfisht\u00eb: Kujtesa n\u00eb fjal\u00eb dhe kujtesa n\u00eb imazh. Arkivi dhe hap\u00ebsira. Media dhe monumenti. Diskursi dhe emocioni\u201d, ka th\u00ebn\u00eb Rogova-Gaxha. Biblioteka Komb\u00ebtare e Kosov\u00ebs \u00ebsht\u00eb institucioni i trash\u00ebgimis\u00eb shkrimore t\u00eb vendit. Aty z\u00ebn\u00eb vend krejt numrat e gazetave t\u00eb shtypura n\u00eb vend. Ata t\u00eb koh\u00ebs kur n\u00eb Kosov\u00eb shtypeshin gazeta.<\/p>\n<p>\u201cN\u00ebp\u00ebrmjet k\u00ebtyre ekspozitave, ne shohim se si e kaluara vazhdon t\u00eb jetoj\u00eb n\u00eb t\u00eb tashmen, vazhdon t\u00eb rroj\u00eb n\u00eb titujt q\u00eb ndryshojn\u00eb tonin me kalimin e viteve, n\u00eb fotografit\u00eb q\u00eb ruajn\u00eb gjurm\u00ebt e zjarrit, n\u00eb ceremonit\u00eb p\u00ebrkujtimore q\u00eb bashkojn\u00eb breza\u201d, ka th\u00ebn\u00eb Rogova-Gaxha. Sipas saj, duke i hapur k\u00ebto ekspozita n\u00eb Bibliotek\u00ebn Komb\u00ebtare t\u00eb Kosov\u00ebs, hapet nj\u00eb hap\u00ebsir\u00eb reflektimi mbi m\u00ebnyr\u00ebn se si nd\u00ebrtojm\u00eb kujtes\u00ebn, si e ruajm\u00eb sakrific\u00ebn dhe si e p\u00ebrcjellim at\u00eb te brezat q\u00eb vijn\u00eb.<\/p>\n<p>\u201cLe t\u00eb jet\u00eb kjo ekspozit\u00eb nj\u00eb e dh\u00ebn\u00eb m\u00eb shum\u00eb p\u00ebr t\u00eb kuptuar se historia \u00ebsht\u00eb pjes\u00eb e identitetit ton\u00eb t\u00eb p\u00ebrditsh\u00ebm, se si historia \u00ebsht\u00eb pjes\u00eb e shpirtit ton\u00eb dhe se vendet si Prekazi, jan\u00eb t\u00eb gjith\u00ebkoh\u00ebshme\u201d, ka th\u00ebn\u00eb Rogova-Gaxha.<\/p>\n<p>Autori i fotografive, Sefer Ali\u00e7kaj, ka th\u00ebn\u00eb se imazhet flasin m\u00eb s\u00eb miri.<\/p>\n<p>\u201cNd\u00ebr vite kam qen\u00eb n\u00eb Prekaz dhe kam fotografuar. Jam shum\u00eb i nderuar dhe nj\u00ebkoh\u00ebsisht i emocionuar me k\u00ebt\u00eb mund\u00ebsi q\u00eb t\u2019u ekspozoj fotografit\u00eb\u201d, ka th\u00ebn\u00eb ai.<\/p>\n<p>Numrat e t\u00eb p\u00ebrditshmeve, si \u201cKoha Ditore\u201d, \u201cZ\u00ebri\u201d, \u201cLajm\u201d e shum\u00eb gazetave t\u00eb tjera shp\u00ebrfaqin se si \u00ebsht\u00eb raportuar nd\u00ebr vite p\u00ebr \u201cEpopen\u00eb e Ushtris\u00eb \u00c7lirimtare t\u00eb Kosov\u00ebs\u201d. Nga titujt q\u00eb bien n\u00eb sy, nd\u00ebr vite \u00ebsht\u00eb raportuar p\u00ebr sakrific\u00eb sublime, rezistenc\u00eb p\u00ebr liri, thirrje p\u00ebr bashkim e unitet duke marr\u00eb p\u00ebr baz\u00eb idealet e ushtris\u00eb \u00c7lirimtare t\u00eb Kosov\u00ebs. E deri m\u00eb 12 mars, vizitor\u00ebt kan\u00eb mund\u00ebsin\u00eb q\u00eb t\u00eb vizitojn\u00eb ekspozitat p\u00ebr t\u00eb par\u00eb pak nga arkivimi i historis\u00eb.<\/p>\n<p>&nbsp;<\/p>\n","protected":false},"excerpt":{"rendered":"<p>Prishtin\u00eb, 6 mars 2026 19:18 Holli i Bibliotek\u00ebs Komb\u00ebtare t\u00eb Kosov\u00ebs t\u00eb enjten ka marr\u00eb pamjen e nj\u00eb vendi q\u00eb, pos nj\u00eb ngjarjeje mir\u00ebnjoh\u00ebse, flet<\/p>\n","protected":false},"author":7,"featured_media":36334,"comment_status":"open","ping_status":"open","sticky":false,"template":"","format":"standard","meta":{"footnotes":""},"categories":[54],"tags":[],"class_list":["post-36333","post","type-post","status-publish","format-standard","has-post-thumbnail","hentry","category-kulture-sq"],"yoast_head":"<!-- This site is optimized with the Yoast SEO plugin v25.3.1 - https:\/\/yoast.com\/wordpress\/plugins\/seo\/ -->\n<title>Epopeja e U\u00c7K-s\u00eb n\u00eb imazhe e kujtes\u00eb si shenj\u00eb lirie e sakrifice -<\/title>\n<meta name=\"robots\" content=\"index, follow, max-snippet:-1, max-image-preview:large, max-video-preview:-1\" \/>\n<link rel=\"canonical\" href=\"https:\/\/veritasinfo.org\/?p=36333\" \/>\n<meta property=\"og:locale\" content=\"en_US\" \/>\n<meta property=\"og:type\" content=\"article\" \/>\n<meta property=\"og:title\" content=\"Epopeja e U\u00c7K-s\u00eb n\u00eb imazhe e kujtes\u00eb si shenj\u00eb lirie e sakrifice -\" \/>\n<meta property=\"og:description\" content=\"Prishtin\u00eb, 6 mars 2026 19:18 Holli i Bibliotek\u00ebs Komb\u00ebtare t\u00eb Kosov\u00ebs t\u00eb enjten ka marr\u00eb pamjen e nj\u00eb vendi q\u00eb, pos nj\u00eb ngjarjeje mir\u00ebnjoh\u00ebse, flet\" \/>\n<meta property=\"og:url\" content=\"https:\/\/veritasinfo.org\/?p=36333\" \/>\n<meta property=\"article:published_time\" content=\"2026-03-06T18:17:40+00:00\" \/>\n<meta property=\"og:image\" content=\"https:\/\/veritasinfo.org\/wp-content\/uploads\/2026\/03\/2-3.jpg\" \/>\n\t<meta property=\"og:image:width\" content=\"675\" \/>\n\t<meta property=\"og:image:height\" content=\"428\" \/>\n\t<meta property=\"og:image:type\" content=\"image\/jpeg\" \/>\n<meta name=\"author\" content=\"US6\" \/>\n<meta name=\"twitter:card\" content=\"summary_large_image\" \/>\n<meta name=\"twitter:label1\" content=\"Written by\" \/>\n\t<meta name=\"twitter:data1\" content=\"US6\" \/>\n\t<meta name=\"twitter:label2\" content=\"Est. reading time\" \/>\n\t<meta name=\"twitter:data2\" content=\"5 minutes\" \/>\n<script type=\"application\/ld+json\" class=\"yoast-schema-graph\">{\"@context\":\"https:\/\/schema.org\",\"@graph\":[{\"@type\":\"WebPage\",\"@id\":\"https:\/\/veritasinfo.org\/?p=36333\",\"url\":\"https:\/\/veritasinfo.org\/?p=36333\",\"name\":\"Epopeja e U\u00c7K-s\u00eb n\u00eb imazhe e kujtes\u00eb si shenj\u00eb lirie e sakrifice -\",\"isPartOf\":{\"@id\":\"https:\/\/veritasinfo.org\/#website\"},\"primaryImageOfPage\":{\"@id\":\"https:\/\/veritasinfo.org\/?p=36333#primaryimage\"},\"image\":{\"@id\":\"https:\/\/veritasinfo.org\/?p=36333#primaryimage\"},\"thumbnailUrl\":\"https:\/\/veritasinfo.org\/wp-content\/uploads\/2026\/03\/2-3.jpg\",\"datePublished\":\"2026-03-06T18:17:40+00:00\",\"author\":{\"@id\":\"https:\/\/veritasinfo.org\/#\/schema\/person\/fe199eede04c3937362892b7444747cc\"},\"breadcrumb\":{\"@id\":\"https:\/\/veritasinfo.org\/?p=36333#breadcrumb\"},\"inLanguage\":\"en-US\",\"potentialAction\":[{\"@type\":\"ReadAction\",\"target\":[\"https:\/\/veritasinfo.org\/?p=36333\"]}]},{\"@type\":\"ImageObject\",\"inLanguage\":\"en-US\",\"@id\":\"https:\/\/veritasinfo.org\/?p=36333#primaryimage\",\"url\":\"https:\/\/veritasinfo.org\/wp-content\/uploads\/2026\/03\/2-3.jpg\",\"contentUrl\":\"https:\/\/veritasinfo.org\/wp-content\/uploads\/2026\/03\/2-3.jpg\",\"width\":675,\"height\":428},{\"@type\":\"BreadcrumbList\",\"@id\":\"https:\/\/veritasinfo.org\/?p=36333#breadcrumb\",\"itemListElement\":[{\"@type\":\"ListItem\",\"position\":1,\"name\":\"Home\",\"item\":\"https:\/\/veritasinfo.org\/\"},{\"@type\":\"ListItem\",\"position\":2,\"name\":\"Epopeja e U\u00c7K-s\u00eb n\u00eb imazhe e kujtes\u00eb si shenj\u00eb lirie e sakrifice\"}]},{\"@type\":\"WebSite\",\"@id\":\"https:\/\/veritasinfo.org\/#website\",\"url\":\"https:\/\/veritasinfo.org\/\",\"name\":\"\",\"description\":\"\",\"potentialAction\":[{\"@type\":\"SearchAction\",\"target\":{\"@type\":\"EntryPoint\",\"urlTemplate\":\"https:\/\/veritasinfo.org\/?s={search_term_string}\"},\"query-input\":{\"@type\":\"PropertyValueSpecification\",\"valueRequired\":true,\"valueName\":\"search_term_string\"}}],\"inLanguage\":\"en-US\"},{\"@type\":\"Person\",\"@id\":\"https:\/\/veritasinfo.org\/#\/schema\/person\/fe199eede04c3937362892b7444747cc\",\"name\":\"US6\",\"image\":{\"@type\":\"ImageObject\",\"inLanguage\":\"en-US\",\"@id\":\"https:\/\/veritasinfo.org\/#\/schema\/person\/image\/\",\"url\":\"https:\/\/secure.gravatar.com\/avatar\/cb16c3c31c9d23b9b8c705964598220b3014e42ff51eb540ff23cefa3ae8c15f?s=96&d=mm&r=g\",\"contentUrl\":\"https:\/\/secure.gravatar.com\/avatar\/cb16c3c31c9d23b9b8c705964598220b3014e42ff51eb540ff23cefa3ae8c15f?s=96&d=mm&r=g\",\"caption\":\"US6\"},\"url\":\"https:\/\/veritasinfo.org\/?author=7\"}]}<\/script>\n<!-- \/ Yoast SEO plugin. -->","yoast_head_json":{"title":"Epopeja e U\u00c7K-s\u00eb n\u00eb imazhe e kujtes\u00eb si shenj\u00eb lirie e sakrifice -","robots":{"index":"index","follow":"follow","max-snippet":"max-snippet:-1","max-image-preview":"max-image-preview:large","max-video-preview":"max-video-preview:-1"},"canonical":"https:\/\/veritasinfo.org\/?p=36333","og_locale":"en_US","og_type":"article","og_title":"Epopeja e U\u00c7K-s\u00eb n\u00eb imazhe e kujtes\u00eb si shenj\u00eb lirie e sakrifice -","og_description":"Prishtin\u00eb, 6 mars 2026 19:18 Holli i Bibliotek\u00ebs Komb\u00ebtare t\u00eb Kosov\u00ebs t\u00eb enjten ka marr\u00eb pamjen e nj\u00eb vendi q\u00eb, pos nj\u00eb ngjarjeje mir\u00ebnjoh\u00ebse, flet","og_url":"https:\/\/veritasinfo.org\/?p=36333","article_published_time":"2026-03-06T18:17:40+00:00","og_image":[{"width":675,"height":428,"url":"https:\/\/veritasinfo.org\/wp-content\/uploads\/2026\/03\/2-3.jpg","type":"image\/jpeg"}],"author":"US6","twitter_card":"summary_large_image","twitter_misc":{"Written by":"US6","Est. reading time":"5 minutes"},"schema":{"@context":"https:\/\/schema.org","@graph":[{"@type":"WebPage","@id":"https:\/\/veritasinfo.org\/?p=36333","url":"https:\/\/veritasinfo.org\/?p=36333","name":"Epopeja e U\u00c7K-s\u00eb n\u00eb imazhe e kujtes\u00eb si shenj\u00eb lirie e sakrifice -","isPartOf":{"@id":"https:\/\/veritasinfo.org\/#website"},"primaryImageOfPage":{"@id":"https:\/\/veritasinfo.org\/?p=36333#primaryimage"},"image":{"@id":"https:\/\/veritasinfo.org\/?p=36333#primaryimage"},"thumbnailUrl":"https:\/\/veritasinfo.org\/wp-content\/uploads\/2026\/03\/2-3.jpg","datePublished":"2026-03-06T18:17:40+00:00","author":{"@id":"https:\/\/veritasinfo.org\/#\/schema\/person\/fe199eede04c3937362892b7444747cc"},"breadcrumb":{"@id":"https:\/\/veritasinfo.org\/?p=36333#breadcrumb"},"inLanguage":"en-US","potentialAction":[{"@type":"ReadAction","target":["https:\/\/veritasinfo.org\/?p=36333"]}]},{"@type":"ImageObject","inLanguage":"en-US","@id":"https:\/\/veritasinfo.org\/?p=36333#primaryimage","url":"https:\/\/veritasinfo.org\/wp-content\/uploads\/2026\/03\/2-3.jpg","contentUrl":"https:\/\/veritasinfo.org\/wp-content\/uploads\/2026\/03\/2-3.jpg","width":675,"height":428},{"@type":"BreadcrumbList","@id":"https:\/\/veritasinfo.org\/?p=36333#breadcrumb","itemListElement":[{"@type":"ListItem","position":1,"name":"Home","item":"https:\/\/veritasinfo.org\/"},{"@type":"ListItem","position":2,"name":"Epopeja e U\u00c7K-s\u00eb n\u00eb imazhe e kujtes\u00eb si shenj\u00eb lirie e sakrifice"}]},{"@type":"WebSite","@id":"https:\/\/veritasinfo.org\/#website","url":"https:\/\/veritasinfo.org\/","name":"","description":"","potentialAction":[{"@type":"SearchAction","target":{"@type":"EntryPoint","urlTemplate":"https:\/\/veritasinfo.org\/?s={search_term_string}"},"query-input":{"@type":"PropertyValueSpecification","valueRequired":true,"valueName":"search_term_string"}}],"inLanguage":"en-US"},{"@type":"Person","@id":"https:\/\/veritasinfo.org\/#\/schema\/person\/fe199eede04c3937362892b7444747cc","name":"US6","image":{"@type":"ImageObject","inLanguage":"en-US","@id":"https:\/\/veritasinfo.org\/#\/schema\/person\/image\/","url":"https:\/\/secure.gravatar.com\/avatar\/cb16c3c31c9d23b9b8c705964598220b3014e42ff51eb540ff23cefa3ae8c15f?s=96&d=mm&r=g","contentUrl":"https:\/\/secure.gravatar.com\/avatar\/cb16c3c31c9d23b9b8c705964598220b3014e42ff51eb540ff23cefa3ae8c15f?s=96&d=mm&r=g","caption":"US6"},"url":"https:\/\/veritasinfo.org\/?author=7"}]}},"featured_image_urls":{"full":["https:\/\/veritasinfo.org\/wp-content\/uploads\/2026\/03\/2-3.jpg",675,428,false],"thumbnail":["https:\/\/veritasinfo.org\/wp-content\/uploads\/2026\/03\/2-3-150x150.jpg",150,150,true],"medium":["https:\/\/veritasinfo.org\/wp-content\/uploads\/2026\/03\/2-3-300x190.jpg",300,190,true],"medium_large":["https:\/\/veritasinfo.org\/wp-content\/uploads\/2026\/03\/2-3.jpg",640,406,false],"large":["https:\/\/veritasinfo.org\/wp-content\/uploads\/2026\/03\/2-3.jpg",640,406,false],"1536x1536":["https:\/\/veritasinfo.org\/wp-content\/uploads\/2026\/03\/2-3.jpg",675,428,false],"2048x2048":["https:\/\/veritasinfo.org\/wp-content\/uploads\/2026\/03\/2-3.jpg",675,428,false],"kreeti-slider-full":["https:\/\/veritasinfo.org\/wp-content\/uploads\/2026\/03\/2-3.jpg",675,428,false],"kreeti-featured":["https:\/\/veritasinfo.org\/wp-content\/uploads\/2026\/03\/2-3.jpg",675,428,false],"kreeti-medium":["https:\/\/veritasinfo.org\/wp-content\/uploads\/2026\/03\/2-3.jpg",675,428,false],"kreeti-medium-square":["https:\/\/veritasinfo.org\/wp-content\/uploads\/2026\/03\/2-3.jpg",350,222,false]},"author_info":{"info":["US6"]},"category_info":"<a href=\"https:\/\/veritasinfo.org\/?cat=54\" rel=\"category\">Kultur\u00eb<\/a>","tag_info":"Kultur\u00eb","comment_count":"0","_links":{"self":[{"href":"https:\/\/veritasinfo.org\/index.php?rest_route=\/wp\/v2\/posts\/36333","targetHints":{"allow":["GET"]}}],"collection":[{"href":"https:\/\/veritasinfo.org\/index.php?rest_route=\/wp\/v2\/posts"}],"about":[{"href":"https:\/\/veritasinfo.org\/index.php?rest_route=\/wp\/v2\/types\/post"}],"author":[{"embeddable":true,"href":"https:\/\/veritasinfo.org\/index.php?rest_route=\/wp\/v2\/users\/7"}],"replies":[{"embeddable":true,"href":"https:\/\/veritasinfo.org\/index.php?rest_route=%2Fwp%2Fv2%2Fcomments&post=36333"}],"version-history":[{"count":1,"href":"https:\/\/veritasinfo.org\/index.php?rest_route=\/wp\/v2\/posts\/36333\/revisions"}],"predecessor-version":[{"id":36335,"href":"https:\/\/veritasinfo.org\/index.php?rest_route=\/wp\/v2\/posts\/36333\/revisions\/36335"}],"wp:featuredmedia":[{"embeddable":true,"href":"https:\/\/veritasinfo.org\/index.php?rest_route=\/wp\/v2\/media\/36334"}],"wp:attachment":[{"href":"https:\/\/veritasinfo.org\/index.php?rest_route=%2Fwp%2Fv2%2Fmedia&parent=36333"}],"wp:term":[{"taxonomy":"category","embeddable":true,"href":"https:\/\/veritasinfo.org\/index.php?rest_route=%2Fwp%2Fv2%2Fcategories&post=36333"},{"taxonomy":"post_tag","embeddable":true,"href":"https:\/\/veritasinfo.org\/index.php?rest_route=%2Fwp%2Fv2%2Ftags&post=36333"}],"curies":[{"name":"wp","href":"https:\/\/api.w.org\/{rel}","templated":true}]}}