{"id":36322,"date":"2026-03-06T18:38:15","date_gmt":"2026-03-06T17:38:15","guid":{"rendered":"https:\/\/veritasinfo.org\/?p=36322"},"modified":"2026-03-06T18:38:15","modified_gmt":"2026-03-06T17:38:15","slug":"maqedonci-kercenimet-e-vulinit-dhe-serbise-nuk-na-frikesojne","status":"publish","type":"post","link":"https:\/\/veritasinfo.org\/?p=36322","title":{"rendered":"Maqedonci: K\u00ebrc\u00ebnimet e Vulinit dhe Serbis\u00eb nuk na frik\u00ebsojn\u00eb"},"content":{"rendered":"<p>Prishtin\u00eb, 6 mars 2026 18:37<\/p>\n<p>Ministri i Mbrojtjes, Ejup Maqedonci, ka th\u00ebn\u00eb se k\u00ebrc\u00ebnimet e ish-shefit t\u00eb Sh\u00ebrbimit Sekret Serb (BIA), Aleksand\u00ebr Vulin, nuk e frik\u00ebsojn\u00eb Kosov\u00ebn.<\/p>\n<p>Ai tha se politika e Serbis\u00eb, si politik\u00eb e gjenocidit, \u00ebsht\u00eb pjes\u00eb p\u00ebrb\u00ebr\u00ebse e politik\u00ebs s\u00eb saj.<\/p>\n<p>\u201cKemi nd\u00ebrtuar kapacitetet tona dhe kemi forcuar mbrojtjen e Kosov\u00ebs, duke synuar t\u00eb mbrojm\u00eb territorin e vendit dhe jet\u00ebt e qytetar\u00ebve. N\u00eb asnj\u00eb rast nuk p\u00ebrfshihemi n\u00eb veprime sulmuese, por fokusohemi n\u00eb modernizimin dhe fuqizimin e kapaciteteve mbrojt\u00ebse\u201d, tha ai.<\/p>\n<p>Maqedonci: Shpresojm\u00eb q\u00eb deri n\u00eb fund t\u00eb vitit t\u00eb prodhojm\u00eb municione<\/p>\n<p>(e plot\u00ebsuar) Ministri i Mbrojtjes, Ejup Maqedonci, tha Industria e Mbrojtjes se \u00ebsht\u00eb nevoj\u00eb e domosdoshm\u00ebri, dhe ne tashm\u00eb kemi b\u00ebr\u00eb hapa n\u00eb k\u00ebt\u00eb drejtim.|<\/p>\n<p>\u201cKemi n\u00ebnshkruar nj\u00eb kontrat\u00eb p\u00ebr fabrik\u00ebn e municionit vitin e kaluar, si vjet do t\u00eb kemi fillimi nd\u00ebrtim n\u00eb fabrik\u00ebs, tashm\u00eb makineria p\u00ebr prodhim n\u00eb municioneve \u00ebsht\u00eb duke u prodhuar n\u00eb Republik\u00ebn e Turqis\u00eb. Ne shpresojm\u00eb bazuar n\u00eb kontrat\u00ebn q\u00eb deri n\u00eb fund t\u00eb k\u00ebtij viti t\u00eb fillojm\u00eb prodhimin e municioneve t\u00eb para n\u00eb Republik\u00ebn e Kosov\u00ebs, kurse po ashtu jemi duke punuar me partner\u00ebt tan\u00eb amerikan, gjerman\u00eb, por edhe vendet t\u00eb tjera q\u00eb t\u00eb fillojm\u00eb bashk\u00ebprodhim me n\u00eb Republik\u00ebn e Kosov\u00ebs. N\u00eb k\u00ebt\u00eb aspekt, ne gjithashtu kemi dh\u00ebn\u00eb n\u00eb shqyrtim n\u00eb industrin\u00eb e mbrojtjes mund t\u00eb themi nj\u00eb zon\u00eb, nj\u00eb hap\u00ebsir\u00eb n\u00eb Gjakov\u00eb jan\u00eb 133 hektar\u00eb tok\u00eb q\u00eb qeveria i ka dedikuar p\u00ebr industrin\u00eb e mbrojtjes q\u00eb do t\u00eb vendosim kompleksin q\u00eb do t\u00eb funksionalizohet deri n\u00eb fund t\u00eb k\u00ebtij viti\u201d, tha ai p\u00ebr RTK Prime.<\/p>\n<p>Maqedonci: Projektligji p\u00ebr industrin\u00eb e mbrojtjes pritet t\u00eb d\u00ebrgohet n\u00eb Qeveri<\/p>\n<p>Maqedonci foli edhe p\u00ebr projektligjin p\u00ebr industrin\u00eb e mbrojtjes, p\u00ebr t\u00eb cilin tha se do t\u00eb procedohet n\u00eb ekzekutiv.<\/p>\n<p>\u201cNe kemi pasur dy grupe q\u00eb kan\u00eb punuar p\u00ebr draftimin e ligjit p\u00ebr industrin\u00eb e mbrojtjes: nj\u00eb grup nga Ministria e Industris\u00eb dhe nj\u00eb grup tjet\u00ebr nga Ministria e Mbrojtjes, q\u00eb kan\u00eb punuar bashk\u00ebrisht n\u00eb draftimin e ligjit p\u00ebr industrin\u00eb e mbrojtjes. Kemi pasur takim edhe me ministren Kusari dhe jemi dakorduar q\u00eb ta shtyjm\u00eb p\u00ebrpara k\u00ebt\u00eb proces. Pra tashm\u00eb draftligji ka kaluar n\u00eb Ministrin\u00eb e Mbrojtjes dhe ne do ta paraqesim n\u00eb Qeverin\u00eb e Kosov\u00ebs, q\u00eb pastaj normalisht t\u00eb kaloj\u00eb n\u00eb Parlament p\u00ebr t\u2019u miratuar nga deputet\u00ebt tan\u00eb\u201d, u shpreh ai.<\/p>\n<p>Ai ka sqaruar se ligji ka p\u00ebr q\u00ebllim t\u00eb p\u00ebrcaktoj\u00eb rolet e institucioneve n\u00eb aspektin e industris\u00eb s\u00eb mbrojtjes, duke p\u00ebrfshir\u00eb licencimin dhe mb\u00ebshtetjen e zhvillimit t\u00eb saj.<\/p>\n<p>Maqedonci: FSK-ja \u00ebsht\u00eb e hapur p\u00ebr t\u00eb gjitha komunitetet n\u00eb Kosov\u00eb<\/p>\n<p>Duke folur p\u00ebr FSK-n\u00eb dhe bashk\u00ebpunimin me komunitete, Maqedonci tha se t\u00eb gjith\u00eb qytetar\u00ebt e Republik\u00ebs s\u00eb Kosov\u00ebs jan\u00eb qytetar\u00eb p\u00ebr t\u00eb cil\u00ebt FSK-ja ka detyrim t\u00eb angazhohet dhe t\u2019i mbroj\u00eb, si dhe t\u2019i p\u00ebrfshij\u00eb brenda vetes.<\/p>\n<p>\u201cNe jemi t\u00eb hapur dhe kemi qen\u00eb t\u00eb till\u00eb ndaj t\u00eb gjitha komuniteteve\u201d, tha Maqedonci.\u00a0 Sa i p\u00ebrket marr\u00ebdh\u00ebnies s\u00eb FSK-s\u00eb me KFOR-in, ai tha se vazhdojn\u00eb t\u00eb ken\u00eb komunikim t\u00eb rregullt. \u201cNormalisht, KFOR-i ka kufizimet e veta n\u00eb aspektin e misionit n\u00eb raport me njohjen e disa prej institucioneve, duke p\u00ebrfshir\u00eb edhe Forc\u00ebn e Siguris\u00eb s\u00eb Kosov\u00ebs dhe Ministrin\u00eb e Mbrojtjes me mandatin pas vitit 2018. Pra ka kufizime se sa thell\u00eb bashk\u00ebpunon me ne, mir\u00ebpo ne e respektojm\u00eb k\u00ebt\u00eb kufizim t\u00eb tyre duke pasur parasysh q\u00eb KFOR-i \u00ebsht\u00eb nj\u00eb mision i NATO-s q\u00eb \u00ebsht\u00eb k\u00ebtu bazuar n\u00eb Rezolut\u00ebn 1244\u201d, u shpreh ai.<\/p>\n<p>Maqedonci: Rezoluta 1244 nuk e ka m\u00eb relevanc\u00ebn e nj\u00ebjt\u00eb<\/p>\n<p>Maqedonci tha se kjo rezolut\u00eb, pas nj\u00eb periudhe t\u00eb gjat\u00eb dhe sidomos pas pavar\u00ebsis\u00eb dhe ndryshimeve t\u00eb m\u00ebdha n\u00eb t\u00eb gjitha aspektet n\u00eb Republik\u00ebn e Kosov\u00ebs mund t\u00eb thuhet se nuk e ka m\u00eb relevanc\u00ebn e nj\u00ebjt\u00eb.<\/p>\n<p>\u201cPor ndryshimi i saj mund t\u00eb b\u00ebhet vet\u00ebm me konsensusin e t\u00eb gjith\u00eb an\u00ebtar\u00ebve t\u00eb K\u00ebshillit t\u00eb Sigurimit, ku ka vende q\u00eb p\u00ebrve\u00e7 se nuk e njohin Republik\u00ebn e Kosov\u00ebs, jan\u00eb edhe kund\u00ebr pavar\u00ebsis\u00eb dhe mb\u00ebshtesin Serbin\u00eb. Mir\u00ebpo, ne kemi tentuar gjat\u00eb gjith\u00eb k\u00ebsaj kohe q\u00eb, brenda k\u00ebtyre kufizimeve q\u00eb ka KFOR-i n\u00eb raport me Kosov\u00ebn e institucionet tona, t\u00eb gjejm\u00eb hap\u00ebsira ku do t\u00eb bashk\u00ebpunojm\u00eb. P\u00ebrve\u00e7 tjerash, ne b\u00ebjm\u00eb edhe ushtrime t\u00eb p\u00ebrbashk\u00ebta me KFOR-in\u201d, tha Maqedonci.<\/p>\n<p>Maqedonci: Sakrifica e Familjes Jashari, pik\u00eb kthese p\u00ebr zgjerimin e U\u00c7K-s\u00eb<\/p>\n<p>Ministri i Mbrojtjes, Ejup Maqedonci, tha se datat 5, 6 e 7 marsit 1998 kan\u00eb qen\u00eb pikat e kthes\u00ebs s\u00eb madhe t\u00eb kryengritjes komb\u00ebtare p\u00ebr \u00e7lirimin e Kosov\u00ebs.<\/p>\n<p>\u201cIshte pik\u00ebrisht sakrifica e Familjes Jashari elementi ky\u00e7 q\u00eb ndikoi n\u00eb zgjerimin dhe rritjen e Ushtria \u00c7lirimtare e Kosov\u00ebs, por edhe n\u00eb zgjerimin e kryengritjes n\u00eb gjith\u00eb territorin e Kosov\u00ebs n\u00eb at\u00eb periudh\u00eb\u201d, tha ai n\u00eb nj\u00eb intervist\u00eb p\u00ebr RTK Prime.<\/p>\n<p>Ai tha se, si rikujtim i k\u00ebtyre datave, n\u00eb kuad\u00ebr t\u00eb Epopeja e U\u00c7K-s\u00eb realizohen shum\u00eb aktivitete, t\u00eb cilat tashm\u00eb jan\u00eb b\u00ebr\u00eb tradicionale.<\/p>\n<p>Maqedonci: Standardizohet narrativa p\u00ebr Epopen\u00eb e U\u00c7K-s\u00eb n\u00eb shkollat e Kosov\u00ebs<\/p>\n<p>Maqedonci tha se k\u00ebt\u00eb vit \u00ebsht\u00eb b\u00ebr\u00eb nj\u00eb hap i r\u00ebnd\u00ebsish\u00ebm n\u00eb edukimin e brezave t\u00eb rinj mbi Epopen\u00eb e U\u00c7K-s\u00eb.<\/p>\n<p>\u201cE ve\u00e7anta k\u00ebt\u00eb vit \u00ebsht\u00eb se p\u00ebr her\u00eb t\u00eb par\u00eb kemi standardizuar narrativ\u00ebn p\u00ebr shpjegimin e Epopes\u00eb s\u00eb U\u00c7K-s\u00eb nga m\u00ebsimdh\u00ebn\u00ebsit. Pra, ua kemi d\u00ebrguar n\u00eb Ministrin\u00eb e Arsimit nj\u00eb narrativ\u00eb q\u00eb e kemi p\u00ebrgatitur bashk\u00eb me historian\u00eb n\u00eb Republik\u00ebn e Kosov\u00ebs, me q\u00ebllim q\u00eb n\u00eb t\u00eb gjitha shkollat t\u00eb ndahet informacioni i nj\u00ebjt\u00eb n\u00eb lidhje me Epopen\u00eb dhe rezistenc\u00ebn e armatosur t\u00eb familjes Jashari\u201d, tha\u00a0 Maqedonci.<\/p>\n<p>Ai tutje tha se do t\u00eb ket\u00eb aktivitete t\u00eb tjera edhe n\u00eb dit\u00ebt n\u00eb vijim, me dit\u00ebn e homazheve n\u00eb Prekaz, p\u00ebr t\u00eb vazhduar m\u00eb pas me ekspozit\u00ebn n\u00eb Kuvendin e Kosov\u00ebs dhe akademin\u00eb p\u00ebrkujtimore n\u00eb Pallatin e Rinis\u00eb n\u00eb ora 19:00.<\/p>\n<p>Nd\u00ebrkaq, m\u00eb 7 mars do t\u00eb jet\u00eb nata e zjarreve, ku do t\u00eb fillohet n\u00eb Prekaz n\u00eb ora 18:00, p\u00ebr t\u00eb vazhduar n\u00eb shtat\u00eb zonat e Ushtris\u00eb \u00c7lirimtare n\u00eb ora 18:15 dhe p\u00ebr t\u00eb p\u00ebrfunduar aktivitetet n\u00eb Skenderaj.<\/p>\n","protected":false},"excerpt":{"rendered":"<p>Prishtin\u00eb, 6 mars 2026 18:37 Ministri i Mbrojtjes, Ejup Maqedonci, ka th\u00ebn\u00eb se k\u00ebrc\u00ebnimet e ish-shefit t\u00eb Sh\u00ebrbimit Sekret Serb (BIA), Aleksand\u00ebr Vulin, nuk e<\/p>\n","protected":false},"author":7,"featured_media":36323,"comment_status":"open","ping_status":"open","sticky":false,"template":"","format":"standard","meta":{"footnotes":""},"categories":[109],"tags":[],"class_list":["post-36322","post","type-post","status-publish","format-standard","has-post-thumbnail","hentry","category-siguri"],"yoast_head":"<!-- This site is optimized with the Yoast SEO plugin v25.3.1 - https:\/\/yoast.com\/wordpress\/plugins\/seo\/ -->\n<title>Maqedonci: K\u00ebrc\u00ebnimet e Vulinit dhe Serbis\u00eb nuk na frik\u00ebsojn\u00eb -<\/title>\n<meta name=\"robots\" content=\"index, follow, max-snippet:-1, max-image-preview:large, max-video-preview:-1\" \/>\n<link rel=\"canonical\" href=\"https:\/\/veritasinfo.org\/?p=36322\" \/>\n<meta property=\"og:locale\" content=\"en_US\" \/>\n<meta property=\"og:type\" content=\"article\" \/>\n<meta property=\"og:title\" content=\"Maqedonci: K\u00ebrc\u00ebnimet e Vulinit dhe Serbis\u00eb nuk na frik\u00ebsojn\u00eb -\" \/>\n<meta property=\"og:description\" content=\"Prishtin\u00eb, 6 mars 2026 18:37 Ministri i Mbrojtjes, Ejup Maqedonci, ka th\u00ebn\u00eb se k\u00ebrc\u00ebnimet e ish-shefit t\u00eb Sh\u00ebrbimit Sekret Serb (BIA), Aleksand\u00ebr Vulin, nuk e\" \/>\n<meta property=\"og:url\" content=\"https:\/\/veritasinfo.org\/?p=36322\" \/>\n<meta property=\"article:published_time\" content=\"2026-03-06T17:38:15+00:00\" \/>\n<meta property=\"og:image\" content=\"https:\/\/veritasinfo.org\/wp-content\/uploads\/2026\/03\/2.jpg\" \/>\n\t<meta property=\"og:image:width\" content=\"1440\" \/>\n\t<meta property=\"og:image:height\" content=\"1116\" \/>\n\t<meta property=\"og:image:type\" content=\"image\/jpeg\" \/>\n<meta name=\"author\" content=\"US6\" \/>\n<meta name=\"twitter:card\" content=\"summary_large_image\" \/>\n<meta name=\"twitter:label1\" content=\"Written by\" \/>\n\t<meta name=\"twitter:data1\" content=\"US6\" \/>\n\t<meta name=\"twitter:label2\" content=\"Est. reading time\" \/>\n\t<meta name=\"twitter:data2\" content=\"5 minutes\" \/>\n<script type=\"application\/ld+json\" class=\"yoast-schema-graph\">{\"@context\":\"https:\/\/schema.org\",\"@graph\":[{\"@type\":\"WebPage\",\"@id\":\"https:\/\/veritasinfo.org\/?p=36322\",\"url\":\"https:\/\/veritasinfo.org\/?p=36322\",\"name\":\"Maqedonci: K\u00ebrc\u00ebnimet e Vulinit dhe Serbis\u00eb nuk na frik\u00ebsojn\u00eb -\",\"isPartOf\":{\"@id\":\"https:\/\/veritasinfo.org\/#website\"},\"primaryImageOfPage\":{\"@id\":\"https:\/\/veritasinfo.org\/?p=36322#primaryimage\"},\"image\":{\"@id\":\"https:\/\/veritasinfo.org\/?p=36322#primaryimage\"},\"thumbnailUrl\":\"https:\/\/veritasinfo.org\/wp-content\/uploads\/2026\/03\/2.jpg\",\"datePublished\":\"2026-03-06T17:38:15+00:00\",\"author\":{\"@id\":\"https:\/\/veritasinfo.org\/#\/schema\/person\/fe199eede04c3937362892b7444747cc\"},\"breadcrumb\":{\"@id\":\"https:\/\/veritasinfo.org\/?p=36322#breadcrumb\"},\"inLanguage\":\"en-US\",\"potentialAction\":[{\"@type\":\"ReadAction\",\"target\":[\"https:\/\/veritasinfo.org\/?p=36322\"]}]},{\"@type\":\"ImageObject\",\"inLanguage\":\"en-US\",\"@id\":\"https:\/\/veritasinfo.org\/?p=36322#primaryimage\",\"url\":\"https:\/\/veritasinfo.org\/wp-content\/uploads\/2026\/03\/2.jpg\",\"contentUrl\":\"https:\/\/veritasinfo.org\/wp-content\/uploads\/2026\/03\/2.jpg\",\"width\":1440,\"height\":1116},{\"@type\":\"BreadcrumbList\",\"@id\":\"https:\/\/veritasinfo.org\/?p=36322#breadcrumb\",\"itemListElement\":[{\"@type\":\"ListItem\",\"position\":1,\"name\":\"Home\",\"item\":\"https:\/\/veritasinfo.org\/\"},{\"@type\":\"ListItem\",\"position\":2,\"name\":\"Maqedonci: K\u00ebrc\u00ebnimet e Vulinit dhe Serbis\u00eb nuk na frik\u00ebsojn\u00eb\"}]},{\"@type\":\"WebSite\",\"@id\":\"https:\/\/veritasinfo.org\/#website\",\"url\":\"https:\/\/veritasinfo.org\/\",\"name\":\"\",\"description\":\"\",\"potentialAction\":[{\"@type\":\"SearchAction\",\"target\":{\"@type\":\"EntryPoint\",\"urlTemplate\":\"https:\/\/veritasinfo.org\/?s={search_term_string}\"},\"query-input\":{\"@type\":\"PropertyValueSpecification\",\"valueRequired\":true,\"valueName\":\"search_term_string\"}}],\"inLanguage\":\"en-US\"},{\"@type\":\"Person\",\"@id\":\"https:\/\/veritasinfo.org\/#\/schema\/person\/fe199eede04c3937362892b7444747cc\",\"name\":\"US6\",\"image\":{\"@type\":\"ImageObject\",\"inLanguage\":\"en-US\",\"@id\":\"https:\/\/veritasinfo.org\/#\/schema\/person\/image\/\",\"url\":\"https:\/\/secure.gravatar.com\/avatar\/cb16c3c31c9d23b9b8c705964598220b3014e42ff51eb540ff23cefa3ae8c15f?s=96&d=mm&r=g\",\"contentUrl\":\"https:\/\/secure.gravatar.com\/avatar\/cb16c3c31c9d23b9b8c705964598220b3014e42ff51eb540ff23cefa3ae8c15f?s=96&d=mm&r=g\",\"caption\":\"US6\"},\"url\":\"https:\/\/veritasinfo.org\/?author=7\"}]}<\/script>\n<!-- \/ Yoast SEO plugin. -->","yoast_head_json":{"title":"Maqedonci: K\u00ebrc\u00ebnimet e Vulinit dhe Serbis\u00eb nuk na frik\u00ebsojn\u00eb -","robots":{"index":"index","follow":"follow","max-snippet":"max-snippet:-1","max-image-preview":"max-image-preview:large","max-video-preview":"max-video-preview:-1"},"canonical":"https:\/\/veritasinfo.org\/?p=36322","og_locale":"en_US","og_type":"article","og_title":"Maqedonci: K\u00ebrc\u00ebnimet e Vulinit dhe Serbis\u00eb nuk na frik\u00ebsojn\u00eb -","og_description":"Prishtin\u00eb, 6 mars 2026 18:37 Ministri i Mbrojtjes, Ejup Maqedonci, ka th\u00ebn\u00eb se k\u00ebrc\u00ebnimet e ish-shefit t\u00eb Sh\u00ebrbimit Sekret Serb (BIA), Aleksand\u00ebr Vulin, nuk e","og_url":"https:\/\/veritasinfo.org\/?p=36322","article_published_time":"2026-03-06T17:38:15+00:00","og_image":[{"width":1440,"height":1116,"url":"https:\/\/veritasinfo.org\/wp-content\/uploads\/2026\/03\/2.jpg","type":"image\/jpeg"}],"author":"US6","twitter_card":"summary_large_image","twitter_misc":{"Written by":"US6","Est. reading time":"5 minutes"},"schema":{"@context":"https:\/\/schema.org","@graph":[{"@type":"WebPage","@id":"https:\/\/veritasinfo.org\/?p=36322","url":"https:\/\/veritasinfo.org\/?p=36322","name":"Maqedonci: K\u00ebrc\u00ebnimet e Vulinit dhe Serbis\u00eb nuk na frik\u00ebsojn\u00eb -","isPartOf":{"@id":"https:\/\/veritasinfo.org\/#website"},"primaryImageOfPage":{"@id":"https:\/\/veritasinfo.org\/?p=36322#primaryimage"},"image":{"@id":"https:\/\/veritasinfo.org\/?p=36322#primaryimage"},"thumbnailUrl":"https:\/\/veritasinfo.org\/wp-content\/uploads\/2026\/03\/2.jpg","datePublished":"2026-03-06T17:38:15+00:00","author":{"@id":"https:\/\/veritasinfo.org\/#\/schema\/person\/fe199eede04c3937362892b7444747cc"},"breadcrumb":{"@id":"https:\/\/veritasinfo.org\/?p=36322#breadcrumb"},"inLanguage":"en-US","potentialAction":[{"@type":"ReadAction","target":["https:\/\/veritasinfo.org\/?p=36322"]}]},{"@type":"ImageObject","inLanguage":"en-US","@id":"https:\/\/veritasinfo.org\/?p=36322#primaryimage","url":"https:\/\/veritasinfo.org\/wp-content\/uploads\/2026\/03\/2.jpg","contentUrl":"https:\/\/veritasinfo.org\/wp-content\/uploads\/2026\/03\/2.jpg","width":1440,"height":1116},{"@type":"BreadcrumbList","@id":"https:\/\/veritasinfo.org\/?p=36322#breadcrumb","itemListElement":[{"@type":"ListItem","position":1,"name":"Home","item":"https:\/\/veritasinfo.org\/"},{"@type":"ListItem","position":2,"name":"Maqedonci: K\u00ebrc\u00ebnimet e Vulinit dhe Serbis\u00eb nuk na frik\u00ebsojn\u00eb"}]},{"@type":"WebSite","@id":"https:\/\/veritasinfo.org\/#website","url":"https:\/\/veritasinfo.org\/","name":"","description":"","potentialAction":[{"@type":"SearchAction","target":{"@type":"EntryPoint","urlTemplate":"https:\/\/veritasinfo.org\/?s={search_term_string}"},"query-input":{"@type":"PropertyValueSpecification","valueRequired":true,"valueName":"search_term_string"}}],"inLanguage":"en-US"},{"@type":"Person","@id":"https:\/\/veritasinfo.org\/#\/schema\/person\/fe199eede04c3937362892b7444747cc","name":"US6","image":{"@type":"ImageObject","inLanguage":"en-US","@id":"https:\/\/veritasinfo.org\/#\/schema\/person\/image\/","url":"https:\/\/secure.gravatar.com\/avatar\/cb16c3c31c9d23b9b8c705964598220b3014e42ff51eb540ff23cefa3ae8c15f?s=96&d=mm&r=g","contentUrl":"https:\/\/secure.gravatar.com\/avatar\/cb16c3c31c9d23b9b8c705964598220b3014e42ff51eb540ff23cefa3ae8c15f?s=96&d=mm&r=g","caption":"US6"},"url":"https:\/\/veritasinfo.org\/?author=7"}]}},"featured_image_urls":{"full":["https:\/\/veritasinfo.org\/wp-content\/uploads\/2026\/03\/2.jpg",1440,1116,false],"thumbnail":["https:\/\/veritasinfo.org\/wp-content\/uploads\/2026\/03\/2-150x150.jpg",150,150,true],"medium":["https:\/\/veritasinfo.org\/wp-content\/uploads\/2026\/03\/2-300x233.jpg",300,233,true],"medium_large":["https:\/\/veritasinfo.org\/wp-content\/uploads\/2026\/03\/2-768x595.jpg",640,496,true],"large":["https:\/\/veritasinfo.org\/wp-content\/uploads\/2026\/03\/2-1024x794.jpg",640,496,true],"1536x1536":["https:\/\/veritasinfo.org\/wp-content\/uploads\/2026\/03\/2.jpg",1440,1116,false],"2048x2048":["https:\/\/veritasinfo.org\/wp-content\/uploads\/2026\/03\/2.jpg",1440,1116,false],"kreeti-slider-full":["https:\/\/veritasinfo.org\/wp-content\/uploads\/2026\/03\/2.jpg",929,720,false],"kreeti-featured":["https:\/\/veritasinfo.org\/wp-content\/uploads\/2026\/03\/2.jpg",1024,794,false],"kreeti-medium":["https:\/\/veritasinfo.org\/wp-content\/uploads\/2026\/03\/2.jpg",684,530,false],"kreeti-medium-square":["https:\/\/veritasinfo.org\/wp-content\/uploads\/2026\/03\/2.jpg",350,271,false]},"author_info":{"info":["US6"]},"category_info":"<a href=\"https:\/\/veritasinfo.org\/?cat=109\" rel=\"category\">Siguri<\/a>","tag_info":"Siguri","comment_count":"0","_links":{"self":[{"href":"https:\/\/veritasinfo.org\/index.php?rest_route=\/wp\/v2\/posts\/36322","targetHints":{"allow":["GET"]}}],"collection":[{"href":"https:\/\/veritasinfo.org\/index.php?rest_route=\/wp\/v2\/posts"}],"about":[{"href":"https:\/\/veritasinfo.org\/index.php?rest_route=\/wp\/v2\/types\/post"}],"author":[{"embeddable":true,"href":"https:\/\/veritasinfo.org\/index.php?rest_route=\/wp\/v2\/users\/7"}],"replies":[{"embeddable":true,"href":"https:\/\/veritasinfo.org\/index.php?rest_route=%2Fwp%2Fv2%2Fcomments&post=36322"}],"version-history":[{"count":1,"href":"https:\/\/veritasinfo.org\/index.php?rest_route=\/wp\/v2\/posts\/36322\/revisions"}],"predecessor-version":[{"id":36324,"href":"https:\/\/veritasinfo.org\/index.php?rest_route=\/wp\/v2\/posts\/36322\/revisions\/36324"}],"wp:featuredmedia":[{"embeddable":true,"href":"https:\/\/veritasinfo.org\/index.php?rest_route=\/wp\/v2\/media\/36323"}],"wp:attachment":[{"href":"https:\/\/veritasinfo.org\/index.php?rest_route=%2Fwp%2Fv2%2Fmedia&parent=36322"}],"wp:term":[{"taxonomy":"category","embeddable":true,"href":"https:\/\/veritasinfo.org\/index.php?rest_route=%2Fwp%2Fv2%2Fcategories&post=36322"},{"taxonomy":"post_tag","embeddable":true,"href":"https:\/\/veritasinfo.org\/index.php?rest_route=%2Fwp%2Fv2%2Ftags&post=36322"}],"curies":[{"name":"wp","href":"https:\/\/api.w.org\/{rel}","templated":true}]}}