{"id":36192,"date":"2026-03-06T10:08:22","date_gmt":"2026-03-06T09:08:22","guid":{"rendered":"https:\/\/veritasinfo.org\/?p=36192"},"modified":"2026-03-06T10:08:22","modified_gmt":"2026-03-06T09:08:22","slug":"perfundon-takimi-me-ambasadoret-e-quint-it-kurti-niset-drejt-prekazit","status":"publish","type":"post","link":"https:\/\/veritasinfo.org\/?p=36192","title":{"rendered":"P\u00ebrfundon takimi me ambasador\u00ebt e QUINT-it, Kurti niset drejt Prekazit"},"content":{"rendered":"<p>Prishtin\u00eb 6 Mars 2026 10:07<br \/>\nAmbasador\u00ebt e vendeve t\u00eb Quint kan\u00eb zhvilluar nj\u00eb takim me kryeministrin e Kosov\u00ebs, Albin Kurti.<\/p>\n<p>Takimi \u00ebsht\u00eb zhvilluar n\u00eb Qeverin\u00eb e Kosov\u00ebs, pas zhvillimeve t\u00eb fundit me \u00e7\u00ebshtjen e presidentit.<\/p>\n<p>Ky takim tashm\u00eb ka p\u00ebrfunduar dhe diplomat\u00ebt nd\u00ebrkomb\u00ebtar\u00eb kan\u00eb dal\u00eb nga nd\u00ebrtesa e Qeveris\u00eb.<\/p>\n<p>Pas takimit me ata, kryeministri i Kosov\u00ebs, Albin Kurti \u00ebsht\u00eb nisur drejt Prekazit.<\/p>\n","protected":false},"excerpt":{"rendered":"<p>Prishtin\u00eb 6 Mars 2026 10:07 Ambasador\u00ebt e vendeve t\u00eb Quint kan\u00eb zhvilluar nj\u00eb takim me kryeministrin e Kosov\u00ebs, Albin Kurti. Takimi \u00ebsht\u00eb zhvilluar n\u00eb Qeverin\u00eb<\/p>\n","protected":false},"author":6,"featured_media":36193,"comment_status":"open","ping_status":"open","sticky":false,"template":"","format":"standard","meta":{"footnotes":""},"categories":[60],"tags":[],"class_list":["post-36192","post","type-post","status-publish","format-standard","has-post-thumbnail","hentry","category-shoqerore-sq"],"yoast_head":"<!-- This site is optimized with the Yoast SEO plugin v25.3.1 - https:\/\/yoast.com\/wordpress\/plugins\/seo\/ -->\n<title>P\u00ebrfundon takimi me ambasador\u00ebt e QUINT-it, Kurti niset drejt Prekazit -<\/title>\n<meta name=\"robots\" content=\"index, follow, max-snippet:-1, max-image-preview:large, max-video-preview:-1\" \/>\n<link rel=\"canonical\" href=\"https:\/\/veritasinfo.org\/?p=36192\" \/>\n<meta property=\"og:locale\" content=\"en_US\" \/>\n<meta property=\"og:type\" content=\"article\" \/>\n<meta property=\"og:title\" content=\"P\u00ebrfundon takimi me ambasador\u00ebt e QUINT-it, Kurti niset drejt Prekazit -\" \/>\n<meta property=\"og:description\" content=\"Prishtin\u00eb 6 Mars 2026 10:07 Ambasador\u00ebt e vendeve t\u00eb Quint kan\u00eb zhvilluar nj\u00eb takim me kryeministrin e Kosov\u00ebs, Albin Kurti. Takimi \u00ebsht\u00eb zhvilluar n\u00eb Qeverin\u00eb\" \/>\n<meta property=\"og:url\" content=\"https:\/\/veritasinfo.org\/?p=36192\" \/>\n<meta property=\"article:published_time\" content=\"2026-03-06T09:08:22+00:00\" \/>\n<meta property=\"og:image\" content=\"https:\/\/veritasinfo.org\/wp-content\/uploads\/2026\/03\/826616-perfundon-takimi-me-ambasadoret-e-quint-it-kurti-niset-drejt-prekazit.jpg\" \/>\n\t<meta property=\"og:image:width\" content=\"583\" \/>\n\t<meta property=\"og:image:height\" content=\"350\" \/>\n\t<meta property=\"og:image:type\" content=\"image\/jpeg\" \/>\n<meta name=\"author\" content=\"US5\" \/>\n<meta name=\"twitter:card\" content=\"summary_large_image\" \/>\n<meta name=\"twitter:label1\" content=\"Written by\" \/>\n\t<meta name=\"twitter:data1\" content=\"US5\" \/>\n\t<meta name=\"twitter:label2\" content=\"Est. reading time\" \/>\n\t<meta name=\"twitter:data2\" content=\"1 minute\" \/>\n<script type=\"application\/ld+json\" class=\"yoast-schema-graph\">{\"@context\":\"https:\/\/schema.org\",\"@graph\":[{\"@type\":\"WebPage\",\"@id\":\"https:\/\/veritasinfo.org\/?p=36192\",\"url\":\"https:\/\/veritasinfo.org\/?p=36192\",\"name\":\"P\u00ebrfundon takimi me ambasador\u00ebt e QUINT-it, Kurti niset drejt Prekazit -\",\"isPartOf\":{\"@id\":\"https:\/\/veritasinfo.org\/#website\"},\"primaryImageOfPage\":{\"@id\":\"https:\/\/veritasinfo.org\/?p=36192#primaryimage\"},\"image\":{\"@id\":\"https:\/\/veritasinfo.org\/?p=36192#primaryimage\"},\"thumbnailUrl\":\"https:\/\/veritasinfo.org\/wp-content\/uploads\/2026\/03\/826616-perfundon-takimi-me-ambasadoret-e-quint-it-kurti-niset-drejt-prekazit.jpg\",\"datePublished\":\"2026-03-06T09:08:22+00:00\",\"author\":{\"@id\":\"https:\/\/veritasinfo.org\/#\/schema\/person\/bc442336e35414d04494ab8fb45db4c6\"},\"breadcrumb\":{\"@id\":\"https:\/\/veritasinfo.org\/?p=36192#breadcrumb\"},\"inLanguage\":\"en-US\",\"potentialAction\":[{\"@type\":\"ReadAction\",\"target\":[\"https:\/\/veritasinfo.org\/?p=36192\"]}]},{\"@type\":\"ImageObject\",\"inLanguage\":\"en-US\",\"@id\":\"https:\/\/veritasinfo.org\/?p=36192#primaryimage\",\"url\":\"https:\/\/veritasinfo.org\/wp-content\/uploads\/2026\/03\/826616-perfundon-takimi-me-ambasadoret-e-quint-it-kurti-niset-drejt-prekazit.jpg\",\"contentUrl\":\"https:\/\/veritasinfo.org\/wp-content\/uploads\/2026\/03\/826616-perfundon-takimi-me-ambasadoret-e-quint-it-kurti-niset-drejt-prekazit.jpg\",\"width\":583,\"height\":350},{\"@type\":\"BreadcrumbList\",\"@id\":\"https:\/\/veritasinfo.org\/?p=36192#breadcrumb\",\"itemListElement\":[{\"@type\":\"ListItem\",\"position\":1,\"name\":\"Home\",\"item\":\"https:\/\/veritasinfo.org\/\"},{\"@type\":\"ListItem\",\"position\":2,\"name\":\"P\u00ebrfundon takimi me ambasador\u00ebt e QUINT-it, Kurti niset drejt Prekazit\"}]},{\"@type\":\"WebSite\",\"@id\":\"https:\/\/veritasinfo.org\/#website\",\"url\":\"https:\/\/veritasinfo.org\/\",\"name\":\"\",\"description\":\"\",\"potentialAction\":[{\"@type\":\"SearchAction\",\"target\":{\"@type\":\"EntryPoint\",\"urlTemplate\":\"https:\/\/veritasinfo.org\/?s={search_term_string}\"},\"query-input\":{\"@type\":\"PropertyValueSpecification\",\"valueRequired\":true,\"valueName\":\"search_term_string\"}}],\"inLanguage\":\"en-US\"},{\"@type\":\"Person\",\"@id\":\"https:\/\/veritasinfo.org\/#\/schema\/person\/bc442336e35414d04494ab8fb45db4c6\",\"name\":\"US5\",\"image\":{\"@type\":\"ImageObject\",\"inLanguage\":\"en-US\",\"@id\":\"https:\/\/veritasinfo.org\/#\/schema\/person\/image\/\",\"url\":\"https:\/\/secure.gravatar.com\/avatar\/16a61e7272a0c5d001121ebb9e60e925d5816e4ac1e443ed3e640d9a6ae55d0c?s=96&d=mm&r=g\",\"contentUrl\":\"https:\/\/secure.gravatar.com\/avatar\/16a61e7272a0c5d001121ebb9e60e925d5816e4ac1e443ed3e640d9a6ae55d0c?s=96&d=mm&r=g\",\"caption\":\"US5\"},\"url\":\"https:\/\/veritasinfo.org\/?author=6\"}]}<\/script>\n<!-- \/ Yoast SEO plugin. -->","yoast_head_json":{"title":"P\u00ebrfundon takimi me ambasador\u00ebt e QUINT-it, Kurti niset drejt Prekazit -","robots":{"index":"index","follow":"follow","max-snippet":"max-snippet:-1","max-image-preview":"max-image-preview:large","max-video-preview":"max-video-preview:-1"},"canonical":"https:\/\/veritasinfo.org\/?p=36192","og_locale":"en_US","og_type":"article","og_title":"P\u00ebrfundon takimi me ambasador\u00ebt e QUINT-it, Kurti niset drejt Prekazit -","og_description":"Prishtin\u00eb 6 Mars 2026 10:07 Ambasador\u00ebt e vendeve t\u00eb Quint kan\u00eb zhvilluar nj\u00eb takim me kryeministrin e Kosov\u00ebs, Albin Kurti. Takimi \u00ebsht\u00eb zhvilluar n\u00eb Qeverin\u00eb","og_url":"https:\/\/veritasinfo.org\/?p=36192","article_published_time":"2026-03-06T09:08:22+00:00","og_image":[{"width":583,"height":350,"url":"https:\/\/veritasinfo.org\/wp-content\/uploads\/2026\/03\/826616-perfundon-takimi-me-ambasadoret-e-quint-it-kurti-niset-drejt-prekazit.jpg","type":"image\/jpeg"}],"author":"US5","twitter_card":"summary_large_image","twitter_misc":{"Written by":"US5","Est. reading time":"1 minute"},"schema":{"@context":"https:\/\/schema.org","@graph":[{"@type":"WebPage","@id":"https:\/\/veritasinfo.org\/?p=36192","url":"https:\/\/veritasinfo.org\/?p=36192","name":"P\u00ebrfundon takimi me ambasador\u00ebt e QUINT-it, Kurti niset drejt Prekazit -","isPartOf":{"@id":"https:\/\/veritasinfo.org\/#website"},"primaryImageOfPage":{"@id":"https:\/\/veritasinfo.org\/?p=36192#primaryimage"},"image":{"@id":"https:\/\/veritasinfo.org\/?p=36192#primaryimage"},"thumbnailUrl":"https:\/\/veritasinfo.org\/wp-content\/uploads\/2026\/03\/826616-perfundon-takimi-me-ambasadoret-e-quint-it-kurti-niset-drejt-prekazit.jpg","datePublished":"2026-03-06T09:08:22+00:00","author":{"@id":"https:\/\/veritasinfo.org\/#\/schema\/person\/bc442336e35414d04494ab8fb45db4c6"},"breadcrumb":{"@id":"https:\/\/veritasinfo.org\/?p=36192#breadcrumb"},"inLanguage":"en-US","potentialAction":[{"@type":"ReadAction","target":["https:\/\/veritasinfo.org\/?p=36192"]}]},{"@type":"ImageObject","inLanguage":"en-US","@id":"https:\/\/veritasinfo.org\/?p=36192#primaryimage","url":"https:\/\/veritasinfo.org\/wp-content\/uploads\/2026\/03\/826616-perfundon-takimi-me-ambasadoret-e-quint-it-kurti-niset-drejt-prekazit.jpg","contentUrl":"https:\/\/veritasinfo.org\/wp-content\/uploads\/2026\/03\/826616-perfundon-takimi-me-ambasadoret-e-quint-it-kurti-niset-drejt-prekazit.jpg","width":583,"height":350},{"@type":"BreadcrumbList","@id":"https:\/\/veritasinfo.org\/?p=36192#breadcrumb","itemListElement":[{"@type":"ListItem","position":1,"name":"Home","item":"https:\/\/veritasinfo.org\/"},{"@type":"ListItem","position":2,"name":"P\u00ebrfundon takimi me ambasador\u00ebt e QUINT-it, Kurti niset drejt Prekazit"}]},{"@type":"WebSite","@id":"https:\/\/veritasinfo.org\/#website","url":"https:\/\/veritasinfo.org\/","name":"","description":"","potentialAction":[{"@type":"SearchAction","target":{"@type":"EntryPoint","urlTemplate":"https:\/\/veritasinfo.org\/?s={search_term_string}"},"query-input":{"@type":"PropertyValueSpecification","valueRequired":true,"valueName":"search_term_string"}}],"inLanguage":"en-US"},{"@type":"Person","@id":"https:\/\/veritasinfo.org\/#\/schema\/person\/bc442336e35414d04494ab8fb45db4c6","name":"US5","image":{"@type":"ImageObject","inLanguage":"en-US","@id":"https:\/\/veritasinfo.org\/#\/schema\/person\/image\/","url":"https:\/\/secure.gravatar.com\/avatar\/16a61e7272a0c5d001121ebb9e60e925d5816e4ac1e443ed3e640d9a6ae55d0c?s=96&d=mm&r=g","contentUrl":"https:\/\/secure.gravatar.com\/avatar\/16a61e7272a0c5d001121ebb9e60e925d5816e4ac1e443ed3e640d9a6ae55d0c?s=96&d=mm&r=g","caption":"US5"},"url":"https:\/\/veritasinfo.org\/?author=6"}]}},"featured_image_urls":{"full":["https:\/\/veritasinfo.org\/wp-content\/uploads\/2026\/03\/826616-perfundon-takimi-me-ambasadoret-e-quint-it-kurti-niset-drejt-prekazit.jpg",583,350,false],"thumbnail":["https:\/\/veritasinfo.org\/wp-content\/uploads\/2026\/03\/826616-perfundon-takimi-me-ambasadoret-e-quint-it-kurti-niset-drejt-prekazit-150x150.jpg",150,150,true],"medium":["https:\/\/veritasinfo.org\/wp-content\/uploads\/2026\/03\/826616-perfundon-takimi-me-ambasadoret-e-quint-it-kurti-niset-drejt-prekazit-300x180.jpg",300,180,true],"medium_large":["https:\/\/veritasinfo.org\/wp-content\/uploads\/2026\/03\/826616-perfundon-takimi-me-ambasadoret-e-quint-it-kurti-niset-drejt-prekazit.jpg",583,350,false],"large":["https:\/\/veritasinfo.org\/wp-content\/uploads\/2026\/03\/826616-perfundon-takimi-me-ambasadoret-e-quint-it-kurti-niset-drejt-prekazit.jpg",583,350,false],"1536x1536":["https:\/\/veritasinfo.org\/wp-content\/uploads\/2026\/03\/826616-perfundon-takimi-me-ambasadoret-e-quint-it-kurti-niset-drejt-prekazit.jpg",583,350,false],"2048x2048":["https:\/\/veritasinfo.org\/wp-content\/uploads\/2026\/03\/826616-perfundon-takimi-me-ambasadoret-e-quint-it-kurti-niset-drejt-prekazit.jpg",583,350,false],"kreeti-slider-full":["https:\/\/veritasinfo.org\/wp-content\/uploads\/2026\/03\/826616-perfundon-takimi-me-ambasadoret-e-quint-it-kurti-niset-drejt-prekazit.jpg",583,350,false],"kreeti-featured":["https:\/\/veritasinfo.org\/wp-content\/uploads\/2026\/03\/826616-perfundon-takimi-me-ambasadoret-e-quint-it-kurti-niset-drejt-prekazit.jpg",583,350,false],"kreeti-medium":["https:\/\/veritasinfo.org\/wp-content\/uploads\/2026\/03\/826616-perfundon-takimi-me-ambasadoret-e-quint-it-kurti-niset-drejt-prekazit.jpg",583,350,false],"kreeti-medium-square":["https:\/\/veritasinfo.org\/wp-content\/uploads\/2026\/03\/826616-perfundon-takimi-me-ambasadoret-e-quint-it-kurti-niset-drejt-prekazit.jpg",350,210,false]},"author_info":{"info":["US5"]},"category_info":"<a href=\"https:\/\/veritasinfo.org\/?cat=60\" rel=\"category\">Shoq\u00ebrore<\/a>","tag_info":"Shoq\u00ebrore","comment_count":"0","_links":{"self":[{"href":"https:\/\/veritasinfo.org\/index.php?rest_route=\/wp\/v2\/posts\/36192","targetHints":{"allow":["GET"]}}],"collection":[{"href":"https:\/\/veritasinfo.org\/index.php?rest_route=\/wp\/v2\/posts"}],"about":[{"href":"https:\/\/veritasinfo.org\/index.php?rest_route=\/wp\/v2\/types\/post"}],"author":[{"embeddable":true,"href":"https:\/\/veritasinfo.org\/index.php?rest_route=\/wp\/v2\/users\/6"}],"replies":[{"embeddable":true,"href":"https:\/\/veritasinfo.org\/index.php?rest_route=%2Fwp%2Fv2%2Fcomments&post=36192"}],"version-history":[{"count":2,"href":"https:\/\/veritasinfo.org\/index.php?rest_route=\/wp\/v2\/posts\/36192\/revisions"}],"predecessor-version":[{"id":36195,"href":"https:\/\/veritasinfo.org\/index.php?rest_route=\/wp\/v2\/posts\/36192\/revisions\/36195"}],"wp:featuredmedia":[{"embeddable":true,"href":"https:\/\/veritasinfo.org\/index.php?rest_route=\/wp\/v2\/media\/36193"}],"wp:attachment":[{"href":"https:\/\/veritasinfo.org\/index.php?rest_route=%2Fwp%2Fv2%2Fmedia&parent=36192"}],"wp:term":[{"taxonomy":"category","embeddable":true,"href":"https:\/\/veritasinfo.org\/index.php?rest_route=%2Fwp%2Fv2%2Fcategories&post=36192"},{"taxonomy":"post_tag","embeddable":true,"href":"https:\/\/veritasinfo.org\/index.php?rest_route=%2Fwp%2Fv2%2Ftags&post=36192"}],"curies":[{"name":"wp","href":"https:\/\/api.w.org\/{rel}","templated":true}]}}