{"id":3619,"date":"2025-07-13T08:32:36","date_gmt":"2025-07-13T06:32:36","guid":{"rendered":"https:\/\/veritasinfo.org\/?p=3619"},"modified":"2025-07-13T08:32:36","modified_gmt":"2025-07-13T06:32:36","slug":"sot-pritet-dite-e-nxehte-me-diell-deri-ne-33c","status":"publish","type":"post","link":"https:\/\/veritasinfo.org\/?p=3619","title":{"rendered":"Sot pritet dit\u00eb e nxeht\u00eb me diell deri n\u00eb 33\u00b0C"},"content":{"rendered":"<p>Prishtin\u00eb, 13 Korrik 2025<\/p>\n<p><strong>Instituti Hidrometeorologjik i Kosov\u00ebs (IHMK) ka njoftuar se e diela do t\u00eb karakterizohet me mot t\u00eb q\u00ebndruesh\u00ebm, kryesisht me diell dhe vran\u00ebsira t\u00eb pjesshme.<\/strong><\/p>\n<p>Temperaturat minimale do t\u00eb jen\u00eb nd\u00ebrmjet 9 dhe 13\u00b0C, nd\u00ebrsa ato maksimale pritet t\u00eb arrijn\u00eb nga 29 deri n\u00eb 33\u00b0C. Do t\u00eb fryj\u00eb er\u00eb e leht\u00eb nga drejtimi i veriper\u00ebndimit, me shpejt\u00ebsi prej 1 deri n\u00eb 3 metra n\u00eb sekond\u00eb.<\/p>\n<p>IHMK gjithashtu njofton se indeksi i rrezatimit ultravjollc\u00eb (UV) do t\u00eb jet\u00eb i lart\u00eb. P\u00ebr k\u00ebt\u00eb arsye, qytetar\u00ebve u rekomandohet t\u00eb shmangin ekspozimin e drejtp\u00ebrdrejt\u00eb n\u00eb diell gjat\u00eb intervalit kohor prej or\u00ebs 10:00 deri n\u00eb 17:00.<\/p>\n<p>Kujdes i ve\u00e7ant\u00eb k\u00ebshillohet p\u00ebr f\u00ebmij\u00ebt dhe personat me s\u00ebmundje kronike.<\/p>\n","protected":false},"excerpt":{"rendered":"<p>Prishtin\u00eb, 13 Korrik 2025 Instituti Hidrometeorologjik i Kosov\u00ebs (IHMK) ka njoftuar se e diela do t\u00eb karakterizohet me mot t\u00eb q\u00ebndruesh\u00ebm, kryesisht me diell dhe<\/p>\n","protected":false},"author":1,"featured_media":3237,"comment_status":"open","ping_status":"open","sticky":false,"template":"","format":"standard","meta":{"footnotes":""},"categories":[60],"tags":[],"class_list":["post-3619","post","type-post","status-publish","format-standard","has-post-thumbnail","hentry","category-shoqerore-sq"],"yoast_head":"<!-- This site is optimized with the Yoast SEO plugin v25.3.1 - https:\/\/yoast.com\/wordpress\/plugins\/seo\/ -->\n<title>Sot pritet dit\u00eb e nxeht\u00eb me diell deri n\u00eb 33\u00b0C -<\/title>\n<meta name=\"robots\" content=\"index, follow, max-snippet:-1, max-image-preview:large, max-video-preview:-1\" \/>\n<link rel=\"canonical\" href=\"https:\/\/veritasinfo.org\/?p=3619\" \/>\n<meta property=\"og:locale\" content=\"en_US\" \/>\n<meta property=\"og:type\" content=\"article\" \/>\n<meta property=\"og:title\" content=\"Sot pritet dit\u00eb e nxeht\u00eb me diell deri n\u00eb 33\u00b0C -\" \/>\n<meta property=\"og:description\" content=\"Prishtin\u00eb, 13 Korrik 2025 Instituti Hidrometeorologjik i Kosov\u00ebs (IHMK) ka njoftuar se e diela do t\u00eb karakterizohet me mot t\u00eb q\u00ebndruesh\u00ebm, kryesisht me diell dhe\" \/>\n<meta property=\"og:url\" content=\"https:\/\/veritasinfo.org\/?p=3619\" \/>\n<meta property=\"article:published_time\" content=\"2025-07-13T06:32:36+00:00\" \/>\n<meta property=\"og:image\" content=\"https:\/\/veritasinfo.org\/wp-content\/uploads\/2025\/07\/IMG_0925.webp\" \/>\n\t<meta property=\"og:image:width\" content=\"633\" \/>\n\t<meta property=\"og:image:height\" content=\"347\" \/>\n\t<meta property=\"og:image:type\" content=\"image\/webp\" \/>\n<meta name=\"author\" content=\"admin\" \/>\n<meta name=\"twitter:card\" content=\"summary_large_image\" \/>\n<meta name=\"twitter:label1\" content=\"Written by\" \/>\n\t<meta name=\"twitter:data1\" content=\"admin\" \/>\n\t<meta name=\"twitter:label2\" content=\"Est. reading time\" \/>\n\t<meta name=\"twitter:data2\" content=\"1 minute\" \/>\n<script type=\"application\/ld+json\" class=\"yoast-schema-graph\">{\"@context\":\"https:\/\/schema.org\",\"@graph\":[{\"@type\":\"WebPage\",\"@id\":\"https:\/\/veritasinfo.org\/?p=3619\",\"url\":\"https:\/\/veritasinfo.org\/?p=3619\",\"name\":\"Sot pritet dit\u00eb e nxeht\u00eb me diell deri n\u00eb 33\u00b0C -\",\"isPartOf\":{\"@id\":\"https:\/\/veritasinfo.org\/#website\"},\"primaryImageOfPage\":{\"@id\":\"https:\/\/veritasinfo.org\/?p=3619#primaryimage\"},\"image\":{\"@id\":\"https:\/\/veritasinfo.org\/?p=3619#primaryimage\"},\"thumbnailUrl\":\"https:\/\/veritasinfo.org\/wp-content\/uploads\/2025\/07\/IMG_0925.webp\",\"datePublished\":\"2025-07-13T06:32:36+00:00\",\"author\":{\"@id\":\"https:\/\/veritasinfo.org\/#\/schema\/person\/7701f8c088bece422266b100a712374f\"},\"breadcrumb\":{\"@id\":\"https:\/\/veritasinfo.org\/?p=3619#breadcrumb\"},\"inLanguage\":\"en-US\",\"potentialAction\":[{\"@type\":\"ReadAction\",\"target\":[\"https:\/\/veritasinfo.org\/?p=3619\"]}]},{\"@type\":\"ImageObject\",\"inLanguage\":\"en-US\",\"@id\":\"https:\/\/veritasinfo.org\/?p=3619#primaryimage\",\"url\":\"https:\/\/veritasinfo.org\/wp-content\/uploads\/2025\/07\/IMG_0925.webp\",\"contentUrl\":\"https:\/\/veritasinfo.org\/wp-content\/uploads\/2025\/07\/IMG_0925.webp\",\"width\":633,\"height\":347},{\"@type\":\"BreadcrumbList\",\"@id\":\"https:\/\/veritasinfo.org\/?p=3619#breadcrumb\",\"itemListElement\":[{\"@type\":\"ListItem\",\"position\":1,\"name\":\"Home\",\"item\":\"https:\/\/veritasinfo.org\/\"},{\"@type\":\"ListItem\",\"position\":2,\"name\":\"Sot pritet dit\u00eb e nxeht\u00eb me diell deri n\u00eb 33\u00b0C\"}]},{\"@type\":\"WebSite\",\"@id\":\"https:\/\/veritasinfo.org\/#website\",\"url\":\"https:\/\/veritasinfo.org\/\",\"name\":\"\",\"description\":\"\",\"potentialAction\":[{\"@type\":\"SearchAction\",\"target\":{\"@type\":\"EntryPoint\",\"urlTemplate\":\"https:\/\/veritasinfo.org\/?s={search_term_string}\"},\"query-input\":{\"@type\":\"PropertyValueSpecification\",\"valueRequired\":true,\"valueName\":\"search_term_string\"}}],\"inLanguage\":\"en-US\"},{\"@type\":\"Person\",\"@id\":\"https:\/\/veritasinfo.org\/#\/schema\/person\/7701f8c088bece422266b100a712374f\",\"name\":\"admin\",\"image\":{\"@type\":\"ImageObject\",\"inLanguage\":\"en-US\",\"@id\":\"https:\/\/veritasinfo.org\/#\/schema\/person\/image\/\",\"url\":\"https:\/\/secure.gravatar.com\/avatar\/ea53aa3bf6c9a12d5fde8ce4deff43fef3885ae33cf60184161a50d6987cfd2f?s=96&d=mm&r=g\",\"contentUrl\":\"https:\/\/secure.gravatar.com\/avatar\/ea53aa3bf6c9a12d5fde8ce4deff43fef3885ae33cf60184161a50d6987cfd2f?s=96&d=mm&r=g\",\"caption\":\"admin\"},\"sameAs\":[\"https:\/\/veritasinfo.org\"],\"url\":\"https:\/\/veritasinfo.org\/?author=1\"}]}<\/script>\n<!-- \/ Yoast SEO plugin. -->","yoast_head_json":{"title":"Sot pritet dit\u00eb e nxeht\u00eb me diell deri n\u00eb 33\u00b0C -","robots":{"index":"index","follow":"follow","max-snippet":"max-snippet:-1","max-image-preview":"max-image-preview:large","max-video-preview":"max-video-preview:-1"},"canonical":"https:\/\/veritasinfo.org\/?p=3619","og_locale":"en_US","og_type":"article","og_title":"Sot pritet dit\u00eb e nxeht\u00eb me diell deri n\u00eb 33\u00b0C -","og_description":"Prishtin\u00eb, 13 Korrik 2025 Instituti Hidrometeorologjik i Kosov\u00ebs (IHMK) ka njoftuar se e diela do t\u00eb karakterizohet me mot t\u00eb q\u00ebndruesh\u00ebm, kryesisht me diell dhe","og_url":"https:\/\/veritasinfo.org\/?p=3619","article_published_time":"2025-07-13T06:32:36+00:00","og_image":[{"width":633,"height":347,"url":"https:\/\/veritasinfo.org\/wp-content\/uploads\/2025\/07\/IMG_0925.webp","type":"image\/webp"}],"author":"admin","twitter_card":"summary_large_image","twitter_misc":{"Written by":"admin","Est. reading time":"1 minute"},"schema":{"@context":"https:\/\/schema.org","@graph":[{"@type":"WebPage","@id":"https:\/\/veritasinfo.org\/?p=3619","url":"https:\/\/veritasinfo.org\/?p=3619","name":"Sot pritet dit\u00eb e nxeht\u00eb me diell deri n\u00eb 33\u00b0C -","isPartOf":{"@id":"https:\/\/veritasinfo.org\/#website"},"primaryImageOfPage":{"@id":"https:\/\/veritasinfo.org\/?p=3619#primaryimage"},"image":{"@id":"https:\/\/veritasinfo.org\/?p=3619#primaryimage"},"thumbnailUrl":"https:\/\/veritasinfo.org\/wp-content\/uploads\/2025\/07\/IMG_0925.webp","datePublished":"2025-07-13T06:32:36+00:00","author":{"@id":"https:\/\/veritasinfo.org\/#\/schema\/person\/7701f8c088bece422266b100a712374f"},"breadcrumb":{"@id":"https:\/\/veritasinfo.org\/?p=3619#breadcrumb"},"inLanguage":"en-US","potentialAction":[{"@type":"ReadAction","target":["https:\/\/veritasinfo.org\/?p=3619"]}]},{"@type":"ImageObject","inLanguage":"en-US","@id":"https:\/\/veritasinfo.org\/?p=3619#primaryimage","url":"https:\/\/veritasinfo.org\/wp-content\/uploads\/2025\/07\/IMG_0925.webp","contentUrl":"https:\/\/veritasinfo.org\/wp-content\/uploads\/2025\/07\/IMG_0925.webp","width":633,"height":347},{"@type":"BreadcrumbList","@id":"https:\/\/veritasinfo.org\/?p=3619#breadcrumb","itemListElement":[{"@type":"ListItem","position":1,"name":"Home","item":"https:\/\/veritasinfo.org\/"},{"@type":"ListItem","position":2,"name":"Sot pritet dit\u00eb e nxeht\u00eb me diell deri n\u00eb 33\u00b0C"}]},{"@type":"WebSite","@id":"https:\/\/veritasinfo.org\/#website","url":"https:\/\/veritasinfo.org\/","name":"","description":"","potentialAction":[{"@type":"SearchAction","target":{"@type":"EntryPoint","urlTemplate":"https:\/\/veritasinfo.org\/?s={search_term_string}"},"query-input":{"@type":"PropertyValueSpecification","valueRequired":true,"valueName":"search_term_string"}}],"inLanguage":"en-US"},{"@type":"Person","@id":"https:\/\/veritasinfo.org\/#\/schema\/person\/7701f8c088bece422266b100a712374f","name":"admin","image":{"@type":"ImageObject","inLanguage":"en-US","@id":"https:\/\/veritasinfo.org\/#\/schema\/person\/image\/","url":"https:\/\/secure.gravatar.com\/avatar\/ea53aa3bf6c9a12d5fde8ce4deff43fef3885ae33cf60184161a50d6987cfd2f?s=96&d=mm&r=g","contentUrl":"https:\/\/secure.gravatar.com\/avatar\/ea53aa3bf6c9a12d5fde8ce4deff43fef3885ae33cf60184161a50d6987cfd2f?s=96&d=mm&r=g","caption":"admin"},"sameAs":["https:\/\/veritasinfo.org"],"url":"https:\/\/veritasinfo.org\/?author=1"}]}},"featured_image_urls":{"full":["https:\/\/veritasinfo.org\/wp-content\/uploads\/2025\/07\/IMG_0925.webp",633,347,false],"thumbnail":["https:\/\/veritasinfo.org\/wp-content\/uploads\/2025\/07\/IMG_0925-150x150.webp",150,150,true],"medium":["https:\/\/veritasinfo.org\/wp-content\/uploads\/2025\/07\/IMG_0925-300x164.webp",300,164,true],"medium_large":["https:\/\/veritasinfo.org\/wp-content\/uploads\/2025\/07\/IMG_0925.webp",633,347,false],"large":["https:\/\/veritasinfo.org\/wp-content\/uploads\/2025\/07\/IMG_0925.webp",633,347,false],"1536x1536":["https:\/\/veritasinfo.org\/wp-content\/uploads\/2025\/07\/IMG_0925.webp",633,347,false],"2048x2048":["https:\/\/veritasinfo.org\/wp-content\/uploads\/2025\/07\/IMG_0925.webp",633,347,false],"kreeti-slider-full":["https:\/\/veritasinfo.org\/wp-content\/uploads\/2025\/07\/IMG_0925.webp",633,347,false],"kreeti-featured":["https:\/\/veritasinfo.org\/wp-content\/uploads\/2025\/07\/IMG_0925.webp",633,347,false],"kreeti-medium":["https:\/\/veritasinfo.org\/wp-content\/uploads\/2025\/07\/IMG_0925.webp",633,347,false],"kreeti-medium-square":["https:\/\/veritasinfo.org\/wp-content\/uploads\/2025\/07\/IMG_0925.webp",350,192,false]},"author_info":{"info":["admin"]},"category_info":"<a href=\"https:\/\/veritasinfo.org\/?cat=60\" rel=\"category\">Shoq\u00ebrore<\/a>","tag_info":"Shoq\u00ebrore","comment_count":"0","_links":{"self":[{"href":"https:\/\/veritasinfo.org\/index.php?rest_route=\/wp\/v2\/posts\/3619","targetHints":{"allow":["GET"]}}],"collection":[{"href":"https:\/\/veritasinfo.org\/index.php?rest_route=\/wp\/v2\/posts"}],"about":[{"href":"https:\/\/veritasinfo.org\/index.php?rest_route=\/wp\/v2\/types\/post"}],"author":[{"embeddable":true,"href":"https:\/\/veritasinfo.org\/index.php?rest_route=\/wp\/v2\/users\/1"}],"replies":[{"embeddable":true,"href":"https:\/\/veritasinfo.org\/index.php?rest_route=%2Fwp%2Fv2%2Fcomments&post=3619"}],"version-history":[{"count":1,"href":"https:\/\/veritasinfo.org\/index.php?rest_route=\/wp\/v2\/posts\/3619\/revisions"}],"predecessor-version":[{"id":3620,"href":"https:\/\/veritasinfo.org\/index.php?rest_route=\/wp\/v2\/posts\/3619\/revisions\/3620"}],"wp:featuredmedia":[{"embeddable":true,"href":"https:\/\/veritasinfo.org\/index.php?rest_route=\/wp\/v2\/media\/3237"}],"wp:attachment":[{"href":"https:\/\/veritasinfo.org\/index.php?rest_route=%2Fwp%2Fv2%2Fmedia&parent=3619"}],"wp:term":[{"taxonomy":"category","embeddable":true,"href":"https:\/\/veritasinfo.org\/index.php?rest_route=%2Fwp%2Fv2%2Fcategories&post=3619"},{"taxonomy":"post_tag","embeddable":true,"href":"https:\/\/veritasinfo.org\/index.php?rest_route=%2Fwp%2Fv2%2Ftags&post=3619"}],"curies":[{"name":"wp","href":"https:\/\/api.w.org\/{rel}","templated":true}]}}