{"id":36182,"date":"2026-03-06T08:53:50","date_gmt":"2026-03-06T07:53:50","guid":{"rendered":"https:\/\/veritasinfo.org\/?p=36182"},"modified":"2026-03-06T08:54:32","modified_gmt":"2026-03-06T07:54:32","slug":"36182","status":"publish","type":"post","link":"https:\/\/veritasinfo.org\/?p=36182&lang=sr","title":{"rendered":"Osmani raspu\u0161ta parlament"},"content":{"rendered":"<p>Pri\u0161tina, 6. mart 2026. 08:50<\/p>\n<p>Predsednica Kosova Vjosa Osmani izdala je u petak dekret o raspu\u0161tanju parlamenta.<\/p>\n<p>Na konferenciji za novinare, Osmani je rekla da je neuspeh poslanika Skup\u0161tine da izaberu predsednika u \u010detvrtak uve\u010de gurnuo Kosovo u nove izbore.<\/p>\n<p>\u201eOva situacija je bila potpuno izbe\u017ena. Velika je nesrec\u0301a \u0161to ti predstavnici nisu izabrali interese naroda\u201c, naglasila je.<\/p>\n<p>Na vanrednoj sednici kasno u \u010detvrtak, odr\u017eanoj samo nekoliko sati pre isteka ustavnog roka za izbor predsednika, Skup\u0161tina je zaustavila izborni proces zbog nedostatka potrebnog kvoruma.<\/p>\n<p>Da bi se izabrao predsednik, u prva dva kruga glasanja potrebno je 80 glasova, a u trec\u0301em najmanje 61. U \u010detvrtak je u sali bilo prisutno 66 poslanika vladajuc\u0301e koalicije, dok su poslanici opozicije bili odsutni. Prethodna sednica sazvana radi razmatranja ustavnih amandmana, koje je predsednica Vjosa Osmani podnela za narodno glasanje za predsednika, tako\u0111e je propala zbog nedostatka kvoruma.<\/p>\n<p>Nakon zatvaranja druge sednice, predsednica Skup\u0161tine, Albulena Had\u017eiju, obratila se Ustavnom sudu sa zahtevom za suspenziju ustavnih rokova za izbor predsednika.<\/p>\n","protected":false},"excerpt":{"rendered":"<p>Pri\u0161tina, 6. mart 2026. 08:50 Predsednica Kosova Vjosa Osmani izdala je u petak dekret o raspu\u0161tanju parlamenta. Na konferenciji za novinare, Osmani je rekla da<\/p>\n","protected":false},"author":7,"featured_media":36183,"comment_status":"open","ping_status":"open","sticky":false,"template":"","format":"standard","meta":{"footnotes":""},"categories":[28],"tags":[],"class_list":["post-36182","post","type-post","status-publish","format-standard","has-post-thumbnail","hentry","category-politika"],"yoast_head":"<!-- This site is optimized with the Yoast SEO plugin v25.3.1 - https:\/\/yoast.com\/wordpress\/plugins\/seo\/ -->\n<title>Osmani raspu\u0161ta parlament -<\/title>\n<meta name=\"robots\" content=\"index, follow, max-snippet:-1, max-image-preview:large, max-video-preview:-1\" \/>\n<link rel=\"canonical\" href=\"https:\/\/veritasinfo.org\/?p=36182&lang=sr\" \/>\n<meta property=\"og:locale\" content=\"en_US\" \/>\n<meta property=\"og:type\" content=\"article\" \/>\n<meta property=\"og:title\" content=\"Osmani raspu\u0161ta parlament -\" \/>\n<meta property=\"og:description\" content=\"Pri\u0161tina, 6. mart 2026. 08:50 Predsednica Kosova Vjosa Osmani izdala je u petak dekret o raspu\u0161tanju parlamenta. Na konferenciji za novinare, Osmani je rekla da\" \/>\n<meta property=\"og:url\" content=\"https:\/\/veritasinfo.org\/?p=36182&amp;lang=sr\" \/>\n<meta property=\"article:published_time\" content=\"2026-03-06T07:53:50+00:00\" \/>\n<meta property=\"article:modified_time\" content=\"2026-03-06T07:54:32+00:00\" \/>\n<meta property=\"og:image\" content=\"https:\/\/veritasinfo.org\/wp-content\/uploads\/2026\/03\/542d569e-5c96-4883-b4a4-2c53ac1ee174-1.jpg\" \/>\n\t<meta property=\"og:image:width\" content=\"1360\" \/>\n\t<meta property=\"og:image:height\" content=\"870\" \/>\n\t<meta property=\"og:image:type\" content=\"image\/jpeg\" \/>\n<meta name=\"author\" content=\"US6\" \/>\n<meta name=\"twitter:card\" content=\"summary_large_image\" \/>\n<meta name=\"twitter:label1\" content=\"Written by\" \/>\n\t<meta name=\"twitter:data1\" content=\"US6\" \/>\n\t<meta name=\"twitter:label2\" content=\"Est. reading time\" \/>\n\t<meta name=\"twitter:data2\" content=\"1 minute\" \/>\n<script type=\"application\/ld+json\" class=\"yoast-schema-graph\">{\"@context\":\"https:\/\/schema.org\",\"@graph\":[{\"@type\":\"WebPage\",\"@id\":\"https:\/\/veritasinfo.org\/?p=36182&lang=sr\",\"url\":\"https:\/\/veritasinfo.org\/?p=36182&lang=sr\",\"name\":\"Osmani raspu\u0161ta parlament -\",\"isPartOf\":{\"@id\":\"https:\/\/veritasinfo.org\/#website\"},\"primaryImageOfPage\":{\"@id\":\"https:\/\/veritasinfo.org\/?p=36182&lang=sr#primaryimage\"},\"image\":{\"@id\":\"https:\/\/veritasinfo.org\/?p=36182&lang=sr#primaryimage\"},\"thumbnailUrl\":\"https:\/\/veritasinfo.org\/wp-content\/uploads\/2026\/03\/542d569e-5c96-4883-b4a4-2c53ac1ee174-1.jpg\",\"datePublished\":\"2026-03-06T07:53:50+00:00\",\"dateModified\":\"2026-03-06T07:54:32+00:00\",\"author\":{\"@id\":\"https:\/\/veritasinfo.org\/#\/schema\/person\/fe199eede04c3937362892b7444747cc\"},\"breadcrumb\":{\"@id\":\"https:\/\/veritasinfo.org\/?p=36182&lang=sr#breadcrumb\"},\"inLanguage\":\"en-US\",\"potentialAction\":[{\"@type\":\"ReadAction\",\"target\":[\"https:\/\/veritasinfo.org\/?p=36182&lang=sr\"]}]},{\"@type\":\"ImageObject\",\"inLanguage\":\"en-US\",\"@id\":\"https:\/\/veritasinfo.org\/?p=36182&lang=sr#primaryimage\",\"url\":\"https:\/\/veritasinfo.org\/wp-content\/uploads\/2026\/03\/542d569e-5c96-4883-b4a4-2c53ac1ee174-1.jpg\",\"contentUrl\":\"https:\/\/veritasinfo.org\/wp-content\/uploads\/2026\/03\/542d569e-5c96-4883-b4a4-2c53ac1ee174-1.jpg\",\"width\":1360,\"height\":870},{\"@type\":\"BreadcrumbList\",\"@id\":\"https:\/\/veritasinfo.org\/?p=36182&lang=sr#breadcrumb\",\"itemListElement\":[{\"@type\":\"ListItem\",\"position\":1,\"name\":\"Home\",\"item\":\"https:\/\/veritasinfo.org\/\"},{\"@type\":\"ListItem\",\"position\":2,\"name\":\"Osmani raspu\u0161ta parlament\"}]},{\"@type\":\"WebSite\",\"@id\":\"https:\/\/veritasinfo.org\/#website\",\"url\":\"https:\/\/veritasinfo.org\/\",\"name\":\"\",\"description\":\"\",\"potentialAction\":[{\"@type\":\"SearchAction\",\"target\":{\"@type\":\"EntryPoint\",\"urlTemplate\":\"https:\/\/veritasinfo.org\/?s={search_term_string}\"},\"query-input\":{\"@type\":\"PropertyValueSpecification\",\"valueRequired\":true,\"valueName\":\"search_term_string\"}}],\"inLanguage\":\"en-US\"},{\"@type\":\"Person\",\"@id\":\"https:\/\/veritasinfo.org\/#\/schema\/person\/fe199eede04c3937362892b7444747cc\",\"name\":\"US6\",\"image\":{\"@type\":\"ImageObject\",\"inLanguage\":\"en-US\",\"@id\":\"https:\/\/veritasinfo.org\/#\/schema\/person\/image\/\",\"url\":\"https:\/\/secure.gravatar.com\/avatar\/cb16c3c31c9d23b9b8c705964598220b3014e42ff51eb540ff23cefa3ae8c15f?s=96&d=mm&r=g\",\"contentUrl\":\"https:\/\/secure.gravatar.com\/avatar\/cb16c3c31c9d23b9b8c705964598220b3014e42ff51eb540ff23cefa3ae8c15f?s=96&d=mm&r=g\",\"caption\":\"US6\"},\"url\":\"https:\/\/veritasinfo.org\/?author=7\"}]}<\/script>\n<!-- \/ Yoast SEO plugin. -->","yoast_head_json":{"title":"Osmani raspu\u0161ta parlament -","robots":{"index":"index","follow":"follow","max-snippet":"max-snippet:-1","max-image-preview":"max-image-preview:large","max-video-preview":"max-video-preview:-1"},"canonical":"https:\/\/veritasinfo.org\/?p=36182&lang=sr","og_locale":"en_US","og_type":"article","og_title":"Osmani raspu\u0161ta parlament -","og_description":"Pri\u0161tina, 6. mart 2026. 08:50 Predsednica Kosova Vjosa Osmani izdala je u petak dekret o raspu\u0161tanju parlamenta. Na konferenciji za novinare, Osmani je rekla da","og_url":"https:\/\/veritasinfo.org\/?p=36182&lang=sr","article_published_time":"2026-03-06T07:53:50+00:00","article_modified_time":"2026-03-06T07:54:32+00:00","og_image":[{"width":1360,"height":870,"url":"https:\/\/veritasinfo.org\/wp-content\/uploads\/2026\/03\/542d569e-5c96-4883-b4a4-2c53ac1ee174-1.jpg","type":"image\/jpeg"}],"author":"US6","twitter_card":"summary_large_image","twitter_misc":{"Written by":"US6","Est. reading time":"1 minute"},"schema":{"@context":"https:\/\/schema.org","@graph":[{"@type":"WebPage","@id":"https:\/\/veritasinfo.org\/?p=36182&lang=sr","url":"https:\/\/veritasinfo.org\/?p=36182&lang=sr","name":"Osmani raspu\u0161ta parlament -","isPartOf":{"@id":"https:\/\/veritasinfo.org\/#website"},"primaryImageOfPage":{"@id":"https:\/\/veritasinfo.org\/?p=36182&lang=sr#primaryimage"},"image":{"@id":"https:\/\/veritasinfo.org\/?p=36182&lang=sr#primaryimage"},"thumbnailUrl":"https:\/\/veritasinfo.org\/wp-content\/uploads\/2026\/03\/542d569e-5c96-4883-b4a4-2c53ac1ee174-1.jpg","datePublished":"2026-03-06T07:53:50+00:00","dateModified":"2026-03-06T07:54:32+00:00","author":{"@id":"https:\/\/veritasinfo.org\/#\/schema\/person\/fe199eede04c3937362892b7444747cc"},"breadcrumb":{"@id":"https:\/\/veritasinfo.org\/?p=36182&lang=sr#breadcrumb"},"inLanguage":"en-US","potentialAction":[{"@type":"ReadAction","target":["https:\/\/veritasinfo.org\/?p=36182&lang=sr"]}]},{"@type":"ImageObject","inLanguage":"en-US","@id":"https:\/\/veritasinfo.org\/?p=36182&lang=sr#primaryimage","url":"https:\/\/veritasinfo.org\/wp-content\/uploads\/2026\/03\/542d569e-5c96-4883-b4a4-2c53ac1ee174-1.jpg","contentUrl":"https:\/\/veritasinfo.org\/wp-content\/uploads\/2026\/03\/542d569e-5c96-4883-b4a4-2c53ac1ee174-1.jpg","width":1360,"height":870},{"@type":"BreadcrumbList","@id":"https:\/\/veritasinfo.org\/?p=36182&lang=sr#breadcrumb","itemListElement":[{"@type":"ListItem","position":1,"name":"Home","item":"https:\/\/veritasinfo.org\/"},{"@type":"ListItem","position":2,"name":"Osmani raspu\u0161ta parlament"}]},{"@type":"WebSite","@id":"https:\/\/veritasinfo.org\/#website","url":"https:\/\/veritasinfo.org\/","name":"","description":"","potentialAction":[{"@type":"SearchAction","target":{"@type":"EntryPoint","urlTemplate":"https:\/\/veritasinfo.org\/?s={search_term_string}"},"query-input":{"@type":"PropertyValueSpecification","valueRequired":true,"valueName":"search_term_string"}}],"inLanguage":"en-US"},{"@type":"Person","@id":"https:\/\/veritasinfo.org\/#\/schema\/person\/fe199eede04c3937362892b7444747cc","name":"US6","image":{"@type":"ImageObject","inLanguage":"en-US","@id":"https:\/\/veritasinfo.org\/#\/schema\/person\/image\/","url":"https:\/\/secure.gravatar.com\/avatar\/cb16c3c31c9d23b9b8c705964598220b3014e42ff51eb540ff23cefa3ae8c15f?s=96&d=mm&r=g","contentUrl":"https:\/\/secure.gravatar.com\/avatar\/cb16c3c31c9d23b9b8c705964598220b3014e42ff51eb540ff23cefa3ae8c15f?s=96&d=mm&r=g","caption":"US6"},"url":"https:\/\/veritasinfo.org\/?author=7"}]}},"featured_image_urls":{"full":["https:\/\/veritasinfo.org\/wp-content\/uploads\/2026\/03\/542d569e-5c96-4883-b4a4-2c53ac1ee174-1.jpg",1360,870,false],"thumbnail":["https:\/\/veritasinfo.org\/wp-content\/uploads\/2026\/03\/542d569e-5c96-4883-b4a4-2c53ac1ee174-1-150x150.jpg",150,150,true],"medium":["https:\/\/veritasinfo.org\/wp-content\/uploads\/2026\/03\/542d569e-5c96-4883-b4a4-2c53ac1ee174-1-300x192.jpg",300,192,true],"medium_large":["https:\/\/veritasinfo.org\/wp-content\/uploads\/2026\/03\/542d569e-5c96-4883-b4a4-2c53ac1ee174-1-768x491.jpg",640,409,true],"large":["https:\/\/veritasinfo.org\/wp-content\/uploads\/2026\/03\/542d569e-5c96-4883-b4a4-2c53ac1ee174-1-1024x655.jpg",640,409,true],"1536x1536":["https:\/\/veritasinfo.org\/wp-content\/uploads\/2026\/03\/542d569e-5c96-4883-b4a4-2c53ac1ee174-1.jpg",1360,870,false],"2048x2048":["https:\/\/veritasinfo.org\/wp-content\/uploads\/2026\/03\/542d569e-5c96-4883-b4a4-2c53ac1ee174-1.jpg",1360,870,false],"kreeti-slider-full":["https:\/\/veritasinfo.org\/wp-content\/uploads\/2026\/03\/542d569e-5c96-4883-b4a4-2c53ac1ee174-1.jpg",1126,720,false],"kreeti-featured":["https:\/\/veritasinfo.org\/wp-content\/uploads\/2026\/03\/542d569e-5c96-4883-b4a4-2c53ac1ee174-1.jpg",1024,655,false],"kreeti-medium":["https:\/\/veritasinfo.org\/wp-content\/uploads\/2026\/03\/542d569e-5c96-4883-b4a4-2c53ac1ee174-1.jpg",720,461,false],"kreeti-medium-square":["https:\/\/veritasinfo.org\/wp-content\/uploads\/2026\/03\/542d569e-5c96-4883-b4a4-2c53ac1ee174-1.jpg",350,224,false]},"author_info":{"info":["US6"]},"category_info":"<a href=\"https:\/\/veritasinfo.org\/?cat=28&#038;lang=sr\" rel=\"category\">Politika<\/a>","tag_info":"Politika","comment_count":"0","_links":{"self":[{"href":"https:\/\/veritasinfo.org\/index.php?rest_route=\/wp\/v2\/posts\/36182","targetHints":{"allow":["GET"]}}],"collection":[{"href":"https:\/\/veritasinfo.org\/index.php?rest_route=\/wp\/v2\/posts"}],"about":[{"href":"https:\/\/veritasinfo.org\/index.php?rest_route=\/wp\/v2\/types\/post"}],"author":[{"embeddable":true,"href":"https:\/\/veritasinfo.org\/index.php?rest_route=\/wp\/v2\/users\/7"}],"replies":[{"embeddable":true,"href":"https:\/\/veritasinfo.org\/index.php?rest_route=%2Fwp%2Fv2%2Fcomments&post=36182"}],"version-history":[{"count":2,"href":"https:\/\/veritasinfo.org\/index.php?rest_route=\/wp\/v2\/posts\/36182\/revisions"}],"predecessor-version":[{"id":36185,"href":"https:\/\/veritasinfo.org\/index.php?rest_route=\/wp\/v2\/posts\/36182\/revisions\/36185"}],"wp:featuredmedia":[{"embeddable":true,"href":"https:\/\/veritasinfo.org\/index.php?rest_route=\/wp\/v2\/media\/36183"}],"wp:attachment":[{"href":"https:\/\/veritasinfo.org\/index.php?rest_route=%2Fwp%2Fv2%2Fmedia&parent=36182"}],"wp:term":[{"taxonomy":"category","embeddable":true,"href":"https:\/\/veritasinfo.org\/index.php?rest_route=%2Fwp%2Fv2%2Fcategories&post=36182"},{"taxonomy":"post_tag","embeddable":true,"href":"https:\/\/veritasinfo.org\/index.php?rest_route=%2Fwp%2Fv2%2Ftags&post=36182"}],"curies":[{"name":"wp","href":"https:\/\/api.w.org\/{rel}","templated":true}]}}