{"id":36172,"date":"2026-03-06T08:11:34","date_gmt":"2026-03-06T07:11:34","guid":{"rendered":"https:\/\/veritasinfo.org\/?p=36172"},"modified":"2026-03-06T08:14:19","modified_gmt":"2026-03-06T07:14:19","slug":"vulini-do-te-donte-qe-shteti-i-serbise-te-vriste-kurtin-dhe-armiqte-ne-rajon","status":"publish","type":"post","link":"https:\/\/veritasinfo.org\/?p=36172","title":{"rendered":"Vulini do t\u00eb donte q\u00eb shteti i Serbis\u00eb t\u00eb vriste Kurtin dhe armiqt\u00eb n\u00eb rajon"},"content":{"rendered":"<p>Prishtin\u00eb, 6 mars 2026<\/p>\n<p>Aleksandar Vulini sugjeron, n\u00eb fakt lutet, q\u00eb sh\u00ebrbimet serbe t\u00eb vrasin Kryeministrin e Kosov\u00ebs, Albin Kurti, dhe t\u00eb q\u00ebllojn\u00eb pjes\u00ebn tjet\u00ebr, si\u00e7 thot\u00eb ai, t\u00eb &#8220;anti-serb\u00ebve&#8221; n\u00eb rajon.<\/p>\n<p>Her\u00ebn e fundit q\u00eb Serbia provoi terroriz\u00ebm n\u00eb Kosov\u00eb, forcat mbrojt\u00ebse t\u00eb Kurtit i shtyp\u00ebn Radoi\u00e7i\u00e7in dhe Kalor\u00ebsit e tij t\u00eb t\u00eb ashtuquajtur\u00ebs \u201cBes\u00eblidhjes s\u00eb Kosov\u00ebs\u201d si nj\u00eb foshnje q\u00eb rraskapitet: ishte Banjska.<\/p>\n<p>Por Vulini e di m\u00eb mir\u00eb. Ai \u00ebsht\u00eb ish-njeriu i par\u00eb i BIA-s, q\u00eb do t\u00eb thot\u00eb se \u00ebsht\u00eb shum\u00eb i af\u00ebrt me Vu\u00e7i\u00e7in. Lojtari i Putinit n\u00eb Serbi \u00ebsht\u00eb i r\u00ebnd\u00ebsish\u00ebm. Tani, imagjinoni sikur nj\u00eb njeri i af\u00ebrt me Kurtin t\u00eb propozonte vrasjen e Aleksandar Vu\u00e7i\u00e7it dhe eliminimin e &#8220;anti-shqiptar\u00ebve&#8221; n\u00eb rajon.<\/p>\n<p>Britmat p\u00ebr &#8220;terrorizmin shiptar&#8221; do t\u00eb jehonin deri n\u00eb h\u00ebn\u00eb. Sigurisht, nuk ka askush n\u00eb qeverin\u00eb e Kosov\u00ebs q\u00eb \u00ebsht\u00eb aq budalla sa t\u00eb thot\u00eb di\u00e7ka t\u00eb till\u00eb &#8211; prandaj, n\u00eb fund t\u00eb fundit, Kosova e mundi Serbin\u00eb n\u00eb fund.<\/p>\n<p>Vulin, th\u00ebn\u00eb thjesht, mb\u00ebshtet terrorizmin shtet\u00ebror. Por kur terrorizmi vjen nga Beogradi, nuk quhet i till\u00eb. Sepse terrorizmi \u00ebsht\u00eb i rezervuar p\u00ebr arab\u00ebt, boshnjak\u00ebt, shqiptar\u00ebt&#8230;<\/p>\n","protected":false},"excerpt":{"rendered":"<p>Prishtin\u00eb, 6 mars 2026 Aleksandar Vulini sugjeron, n\u00eb fakt lutet, q\u00eb sh\u00ebrbimet serbe t\u00eb vrasin Kryeministrin e Kosov\u00ebs, Albin Kurti, dhe t\u00eb q\u00ebllojn\u00eb pjes\u00ebn tjet\u00ebr,<\/p>\n","protected":false},"author":7,"featured_media":36175,"comment_status":"open","ping_status":"open","sticky":false,"template":"","format":"standard","meta":{"footnotes":""},"categories":[58],"tags":[],"class_list":["post-36172","post","type-post","status-publish","format-standard","has-post-thumbnail","hentry","category-politike-sq"],"yoast_head":"<!-- This site is optimized with the Yoast SEO plugin v25.3.1 - https:\/\/yoast.com\/wordpress\/plugins\/seo\/ -->\n<title>Vulini do t\u00eb donte q\u00eb shteti i Serbis\u00eb t\u00eb vriste Kurtin dhe armiqt\u00eb n\u00eb rajon -<\/title>\n<meta name=\"robots\" content=\"index, follow, max-snippet:-1, max-image-preview:large, max-video-preview:-1\" \/>\n<link rel=\"canonical\" href=\"https:\/\/veritasinfo.org\/?p=36172\" \/>\n<meta property=\"og:locale\" content=\"en_US\" \/>\n<meta property=\"og:type\" content=\"article\" \/>\n<meta property=\"og:title\" content=\"Vulini do t\u00eb donte q\u00eb shteti i Serbis\u00eb t\u00eb vriste Kurtin dhe armiqt\u00eb n\u00eb rajon -\" \/>\n<meta property=\"og:description\" content=\"Prishtin\u00eb, 6 mars 2026 Aleksandar Vulini sugjeron, n\u00eb fakt lutet, q\u00eb sh\u00ebrbimet serbe t\u00eb vrasin Kryeministrin e Kosov\u00ebs, Albin Kurti, dhe t\u00eb q\u00ebllojn\u00eb pjes\u00ebn tjet\u00ebr,\" \/>\n<meta property=\"og:url\" content=\"https:\/\/veritasinfo.org\/?p=36172\" \/>\n<meta property=\"article:published_time\" content=\"2026-03-06T07:11:34+00:00\" \/>\n<meta property=\"article:modified_time\" content=\"2026-03-06T07:14:19+00:00\" \/>\n<meta property=\"og:image\" content=\"https:\/\/veritasinfo.org\/wp-content\/uploads\/2026\/03\/images-7.jpeg\" \/>\n\t<meta property=\"og:image:width\" content=\"554\" \/>\n\t<meta property=\"og:image:height\" content=\"361\" \/>\n\t<meta property=\"og:image:type\" content=\"image\/jpeg\" \/>\n<meta name=\"author\" content=\"US6\" \/>\n<meta name=\"twitter:card\" content=\"summary_large_image\" \/>\n<meta name=\"twitter:label1\" content=\"Written by\" \/>\n\t<meta name=\"twitter:data1\" content=\"US6\" \/>\n\t<meta name=\"twitter:label2\" content=\"Est. reading time\" \/>\n\t<meta name=\"twitter:data2\" content=\"1 minute\" \/>\n<script type=\"application\/ld+json\" class=\"yoast-schema-graph\">{\"@context\":\"https:\/\/schema.org\",\"@graph\":[{\"@type\":\"WebPage\",\"@id\":\"https:\/\/veritasinfo.org\/?p=36172\",\"url\":\"https:\/\/veritasinfo.org\/?p=36172\",\"name\":\"Vulini do t\u00eb donte q\u00eb shteti i Serbis\u00eb t\u00eb vriste Kurtin dhe armiqt\u00eb n\u00eb rajon -\",\"isPartOf\":{\"@id\":\"https:\/\/veritasinfo.org\/#website\"},\"primaryImageOfPage\":{\"@id\":\"https:\/\/veritasinfo.org\/?p=36172#primaryimage\"},\"image\":{\"@id\":\"https:\/\/veritasinfo.org\/?p=36172#primaryimage\"},\"thumbnailUrl\":\"https:\/\/veritasinfo.org\/wp-content\/uploads\/2026\/03\/images-7.jpeg\",\"datePublished\":\"2026-03-06T07:11:34+00:00\",\"dateModified\":\"2026-03-06T07:14:19+00:00\",\"author\":{\"@id\":\"https:\/\/veritasinfo.org\/#\/schema\/person\/fe199eede04c3937362892b7444747cc\"},\"breadcrumb\":{\"@id\":\"https:\/\/veritasinfo.org\/?p=36172#breadcrumb\"},\"inLanguage\":\"en-US\",\"potentialAction\":[{\"@type\":\"ReadAction\",\"target\":[\"https:\/\/veritasinfo.org\/?p=36172\"]}]},{\"@type\":\"ImageObject\",\"inLanguage\":\"en-US\",\"@id\":\"https:\/\/veritasinfo.org\/?p=36172#primaryimage\",\"url\":\"https:\/\/veritasinfo.org\/wp-content\/uploads\/2026\/03\/images-7.jpeg\",\"contentUrl\":\"https:\/\/veritasinfo.org\/wp-content\/uploads\/2026\/03\/images-7.jpeg\",\"width\":554,\"height\":361},{\"@type\":\"BreadcrumbList\",\"@id\":\"https:\/\/veritasinfo.org\/?p=36172#breadcrumb\",\"itemListElement\":[{\"@type\":\"ListItem\",\"position\":1,\"name\":\"Home\",\"item\":\"https:\/\/veritasinfo.org\/\"},{\"@type\":\"ListItem\",\"position\":2,\"name\":\"Vulini do t\u00eb donte q\u00eb shteti i Serbis\u00eb t\u00eb vriste Kurtin dhe armiqt\u00eb n\u00eb rajon\"}]},{\"@type\":\"WebSite\",\"@id\":\"https:\/\/veritasinfo.org\/#website\",\"url\":\"https:\/\/veritasinfo.org\/\",\"name\":\"\",\"description\":\"\",\"potentialAction\":[{\"@type\":\"SearchAction\",\"target\":{\"@type\":\"EntryPoint\",\"urlTemplate\":\"https:\/\/veritasinfo.org\/?s={search_term_string}\"},\"query-input\":{\"@type\":\"PropertyValueSpecification\",\"valueRequired\":true,\"valueName\":\"search_term_string\"}}],\"inLanguage\":\"en-US\"},{\"@type\":\"Person\",\"@id\":\"https:\/\/veritasinfo.org\/#\/schema\/person\/fe199eede04c3937362892b7444747cc\",\"name\":\"US6\",\"image\":{\"@type\":\"ImageObject\",\"inLanguage\":\"en-US\",\"@id\":\"https:\/\/veritasinfo.org\/#\/schema\/person\/image\/\",\"url\":\"https:\/\/secure.gravatar.com\/avatar\/cb16c3c31c9d23b9b8c705964598220b3014e42ff51eb540ff23cefa3ae8c15f?s=96&d=mm&r=g\",\"contentUrl\":\"https:\/\/secure.gravatar.com\/avatar\/cb16c3c31c9d23b9b8c705964598220b3014e42ff51eb540ff23cefa3ae8c15f?s=96&d=mm&r=g\",\"caption\":\"US6\"},\"url\":\"https:\/\/veritasinfo.org\/?author=7\"}]}<\/script>\n<!-- \/ Yoast SEO plugin. -->","yoast_head_json":{"title":"Vulini do t\u00eb donte q\u00eb shteti i Serbis\u00eb t\u00eb vriste Kurtin dhe armiqt\u00eb n\u00eb rajon -","robots":{"index":"index","follow":"follow","max-snippet":"max-snippet:-1","max-image-preview":"max-image-preview:large","max-video-preview":"max-video-preview:-1"},"canonical":"https:\/\/veritasinfo.org\/?p=36172","og_locale":"en_US","og_type":"article","og_title":"Vulini do t\u00eb donte q\u00eb shteti i Serbis\u00eb t\u00eb vriste Kurtin dhe armiqt\u00eb n\u00eb rajon -","og_description":"Prishtin\u00eb, 6 mars 2026 Aleksandar Vulini sugjeron, n\u00eb fakt lutet, q\u00eb sh\u00ebrbimet serbe t\u00eb vrasin Kryeministrin e Kosov\u00ebs, Albin Kurti, dhe t\u00eb q\u00ebllojn\u00eb pjes\u00ebn tjet\u00ebr,","og_url":"https:\/\/veritasinfo.org\/?p=36172","article_published_time":"2026-03-06T07:11:34+00:00","article_modified_time":"2026-03-06T07:14:19+00:00","og_image":[{"width":554,"height":361,"url":"https:\/\/veritasinfo.org\/wp-content\/uploads\/2026\/03\/images-7.jpeg","type":"image\/jpeg"}],"author":"US6","twitter_card":"summary_large_image","twitter_misc":{"Written by":"US6","Est. reading time":"1 minute"},"schema":{"@context":"https:\/\/schema.org","@graph":[{"@type":"WebPage","@id":"https:\/\/veritasinfo.org\/?p=36172","url":"https:\/\/veritasinfo.org\/?p=36172","name":"Vulini do t\u00eb donte q\u00eb shteti i Serbis\u00eb t\u00eb vriste Kurtin dhe armiqt\u00eb n\u00eb rajon -","isPartOf":{"@id":"https:\/\/veritasinfo.org\/#website"},"primaryImageOfPage":{"@id":"https:\/\/veritasinfo.org\/?p=36172#primaryimage"},"image":{"@id":"https:\/\/veritasinfo.org\/?p=36172#primaryimage"},"thumbnailUrl":"https:\/\/veritasinfo.org\/wp-content\/uploads\/2026\/03\/images-7.jpeg","datePublished":"2026-03-06T07:11:34+00:00","dateModified":"2026-03-06T07:14:19+00:00","author":{"@id":"https:\/\/veritasinfo.org\/#\/schema\/person\/fe199eede04c3937362892b7444747cc"},"breadcrumb":{"@id":"https:\/\/veritasinfo.org\/?p=36172#breadcrumb"},"inLanguage":"en-US","potentialAction":[{"@type":"ReadAction","target":["https:\/\/veritasinfo.org\/?p=36172"]}]},{"@type":"ImageObject","inLanguage":"en-US","@id":"https:\/\/veritasinfo.org\/?p=36172#primaryimage","url":"https:\/\/veritasinfo.org\/wp-content\/uploads\/2026\/03\/images-7.jpeg","contentUrl":"https:\/\/veritasinfo.org\/wp-content\/uploads\/2026\/03\/images-7.jpeg","width":554,"height":361},{"@type":"BreadcrumbList","@id":"https:\/\/veritasinfo.org\/?p=36172#breadcrumb","itemListElement":[{"@type":"ListItem","position":1,"name":"Home","item":"https:\/\/veritasinfo.org\/"},{"@type":"ListItem","position":2,"name":"Vulini do t\u00eb donte q\u00eb shteti i Serbis\u00eb t\u00eb vriste Kurtin dhe armiqt\u00eb n\u00eb rajon"}]},{"@type":"WebSite","@id":"https:\/\/veritasinfo.org\/#website","url":"https:\/\/veritasinfo.org\/","name":"","description":"","potentialAction":[{"@type":"SearchAction","target":{"@type":"EntryPoint","urlTemplate":"https:\/\/veritasinfo.org\/?s={search_term_string}"},"query-input":{"@type":"PropertyValueSpecification","valueRequired":true,"valueName":"search_term_string"}}],"inLanguage":"en-US"},{"@type":"Person","@id":"https:\/\/veritasinfo.org\/#\/schema\/person\/fe199eede04c3937362892b7444747cc","name":"US6","image":{"@type":"ImageObject","inLanguage":"en-US","@id":"https:\/\/veritasinfo.org\/#\/schema\/person\/image\/","url":"https:\/\/secure.gravatar.com\/avatar\/cb16c3c31c9d23b9b8c705964598220b3014e42ff51eb540ff23cefa3ae8c15f?s=96&d=mm&r=g","contentUrl":"https:\/\/secure.gravatar.com\/avatar\/cb16c3c31c9d23b9b8c705964598220b3014e42ff51eb540ff23cefa3ae8c15f?s=96&d=mm&r=g","caption":"US6"},"url":"https:\/\/veritasinfo.org\/?author=7"}]}},"featured_image_urls":{"full":["https:\/\/veritasinfo.org\/wp-content\/uploads\/2026\/03\/images-7.jpeg",554,361,false],"thumbnail":["https:\/\/veritasinfo.org\/wp-content\/uploads\/2026\/03\/images-7-150x150.jpeg",150,150,true],"medium":["https:\/\/veritasinfo.org\/wp-content\/uploads\/2026\/03\/images-7-300x195.jpeg",300,195,true],"medium_large":["https:\/\/veritasinfo.org\/wp-content\/uploads\/2026\/03\/images-7.jpeg",554,361,false],"large":["https:\/\/veritasinfo.org\/wp-content\/uploads\/2026\/03\/images-7.jpeg",554,361,false],"1536x1536":["https:\/\/veritasinfo.org\/wp-content\/uploads\/2026\/03\/images-7.jpeg",554,361,false],"2048x2048":["https:\/\/veritasinfo.org\/wp-content\/uploads\/2026\/03\/images-7.jpeg",554,361,false],"kreeti-slider-full":["https:\/\/veritasinfo.org\/wp-content\/uploads\/2026\/03\/images-7.jpeg",554,361,false],"kreeti-featured":["https:\/\/veritasinfo.org\/wp-content\/uploads\/2026\/03\/images-7.jpeg",554,361,false],"kreeti-medium":["https:\/\/veritasinfo.org\/wp-content\/uploads\/2026\/03\/images-7.jpeg",554,361,false],"kreeti-medium-square":["https:\/\/veritasinfo.org\/wp-content\/uploads\/2026\/03\/images-7.jpeg",350,228,false]},"author_info":{"info":["US6"]},"category_info":"<a href=\"https:\/\/veritasinfo.org\/?cat=58\" rel=\"category\">Politik\u00eb<\/a>","tag_info":"Politik\u00eb","comment_count":"0","_links":{"self":[{"href":"https:\/\/veritasinfo.org\/index.php?rest_route=\/wp\/v2\/posts\/36172","targetHints":{"allow":["GET"]}}],"collection":[{"href":"https:\/\/veritasinfo.org\/index.php?rest_route=\/wp\/v2\/posts"}],"about":[{"href":"https:\/\/veritasinfo.org\/index.php?rest_route=\/wp\/v2\/types\/post"}],"author":[{"embeddable":true,"href":"https:\/\/veritasinfo.org\/index.php?rest_route=\/wp\/v2\/users\/7"}],"replies":[{"embeddable":true,"href":"https:\/\/veritasinfo.org\/index.php?rest_route=%2Fwp%2Fv2%2Fcomments&post=36172"}],"version-history":[{"count":1,"href":"https:\/\/veritasinfo.org\/index.php?rest_route=\/wp\/v2\/posts\/36172\/revisions"}],"predecessor-version":[{"id":36173,"href":"https:\/\/veritasinfo.org\/index.php?rest_route=\/wp\/v2\/posts\/36172\/revisions\/36173"}],"wp:featuredmedia":[{"embeddable":true,"href":"https:\/\/veritasinfo.org\/index.php?rest_route=\/wp\/v2\/media\/36175"}],"wp:attachment":[{"href":"https:\/\/veritasinfo.org\/index.php?rest_route=%2Fwp%2Fv2%2Fmedia&parent=36172"}],"wp:term":[{"taxonomy":"category","embeddable":true,"href":"https:\/\/veritasinfo.org\/index.php?rest_route=%2Fwp%2Fv2%2Fcategories&post=36172"},{"taxonomy":"post_tag","embeddable":true,"href":"https:\/\/veritasinfo.org\/index.php?rest_route=%2Fwp%2Fv2%2Ftags&post=36172"}],"curies":[{"name":"wp","href":"https:\/\/api.w.org\/{rel}","templated":true}]}}