{"id":3607,"date":"2025-07-13T07:22:30","date_gmt":"2025-07-13T05:22:30","guid":{"rendered":"https:\/\/veritasinfo.org\/?p=3607"},"modified":"2025-07-13T00:25:21","modified_gmt":"2025-07-12T22:25:21","slug":"grvala-reaguje-u-dubrovniku-kosovo-i-metohija-je-hegemonisticki-jezik","status":"publish","type":"post","link":"https:\/\/veritasinfo.org\/?p=3607&lang=sr","title":{"rendered":"Grvala reaguje u Dubrovniku: \u201eKosovo i Metohija\u201c je hegemonisti\u010dki jezik"},"content":{"rendered":"<p>Zamenica premijera u obavljanju du\u017enosti i ministarka u obavljanju du\u017enosti spoljnih poslova i dijaspore, Donika Grvala o\u0161tro je reagovala na panelu tokom dubrova\u010dkog foruma povodom jezika koji su koristili predstavnici Srbije, odnosno termina \u201cKosovo i Metohija\u201d.<\/p>\n<p>\u201eOno \u0161to me ne ljuti, nego me rastu\u017euje, jeste ono \u0161to smo danas do\u017eiveli. Suo\u010dila sam se sa novim predstavnikom mlade generacije, koji je nasmejan izgovarao re\u010di Milo\u0161evi\u0107evog jezika. Ne postoji \u2018Kosovo i Metohija\u2019. Bilo da to izgovori\u0161 sa osmehom ili dr\u017ee\u0107i oru\u017eje u ruci, to je izraz hegemonisti\u010dke politike Srbije, ne samo prema Kosovu\u201c, istakla je Grvala.<\/p>\n<p>Dodala je da dalje nije mogu\u0107e govoriti kao da je sve u redu, nakon takvog jezika:<\/p>\n<p>\u201eAko govorimo o Banjsku, tada smo upravo svedo\u010dili opravdavanju onoga \u0161to se dogodilo. U Banjsku nije do\u0161lo do incidenta. Tamo je izvr\u0161en jasan, otvoreni \u010din agresije na susednu zemlju \u2014 stotine paravojnika su do\u0161li naoru\u017eani, a jo\u0161 300 drugih ne samo sa oru\u017ejem i kala\u0161njikovima, ve\u0107 i protiletaljskim oru\u017ejem, protivoklopnim oru\u017ejem i vrlo modernim oru\u017ejem, finansiranim, organizovanim i poslati od strane dr\u017eave Srbije\u201c, naglasila je Grvala tokom svog obra\u0107anja na panelu dubrova\u010dkog foruma.<\/p>\n<p>Dalje je navela da svi vidimo koliko su srpske vlasti tvrdoglave, uprkos pritiscima me\u0111unarodne zajednice, da ne osu\u0111uju Radoj\u010di\u0107a:<\/p>\n<p>\u201e\u2026jer svi znaju da je Radoj\u010di\u0107 poslat od dr\u017eave Srbije. Moramo govoriti o ovim stvarima. U suprotnom, nastavi\u0107emo da pri\u010damo o integraciji, a svi \u0107e znati da nismo ozbiljni. Ne \u2018Kosovo i Metohija\u2019. Molim vas, budite skepti\u010dni prema svakome ko vam govori \u2018Kosovo i Metohija\u2019 pred o\u010dima, jer je to samo hegemonizam\u201c, naglasila je Grvala.<\/p>\n<p>Na kraju je odbacila i tvrdnje srpske strane o \u201c80 etni\u010dkih incidenata na Kosovu\u201d:<\/p>\n<p>\u201eNi EU, ni OEBS, ni SAD, ni zemlje Evropske unije, ni KFOR \u2014 niko ne tvrdi da su se desili etni\u010dki incidenti. Uvek je strate\u0161ka igra Srbije \u2013 da agresor predstavi kao \u017ertvu. Ju\u010de sam bila u Srebrenici i videla sam te ru\u017ene slike, gde su opet agresori prikazivani kao \u017ertve. Moj apel srpskom dru\u0161tvu je: molim vas, probudite se i oslobodite region od ve\u010dne zavisnosti od pogre\u0161nih politika va\u0161ih politi\u010dara. Lep osmeh, a ru\u017ean jezik \u2013 jezik Milo\u0161evi\u0107a\u201c, zaklju\u010dila je Grvala reaguju\u0107i na izjavu predstavnice Srbije na ovom forumu.<\/p>\n","protected":false},"excerpt":{"rendered":"<p>Zamenica premijera u obavljanju du\u017enosti i ministarka u obavljanju du\u017enosti spoljnih poslova i dijaspore, Donika Grvala o\u0161tro je reagovala na panelu tokom dubrova\u010dkog foruma povodom<\/p>\n","protected":false},"author":1,"featured_media":3599,"comment_status":"open","ping_status":"open","sticky":false,"template":"","format":"standard","meta":{"footnotes":""},"categories":[28],"tags":[],"class_list":["post-3607","post","type-post","status-publish","format-standard","has-post-thumbnail","hentry","category-politika"],"yoast_head":"<!-- This site is optimized with the Yoast SEO plugin v25.3.1 - https:\/\/yoast.com\/wordpress\/plugins\/seo\/ -->\n<title>Grvala reaguje u Dubrovniku: \u201eKosovo i Metohija\u201c je hegemonisti\u010dki jezik -<\/title>\n<meta name=\"robots\" content=\"index, follow, max-snippet:-1, max-image-preview:large, max-video-preview:-1\" \/>\n<link rel=\"canonical\" href=\"https:\/\/veritasinfo.org\/?p=3607&lang=sr\" \/>\n<meta property=\"og:locale\" content=\"en_US\" \/>\n<meta property=\"og:type\" content=\"article\" \/>\n<meta property=\"og:title\" content=\"Grvala reaguje u Dubrovniku: \u201eKosovo i Metohija\u201c je hegemonisti\u010dki jezik -\" \/>\n<meta property=\"og:description\" content=\"Zamenica premijera u obavljanju du\u017enosti i ministarka u obavljanju du\u017enosti spoljnih poslova i dijaspore, Donika Grvala o\u0161tro je reagovala na panelu tokom dubrova\u010dkog foruma povodom\" \/>\n<meta property=\"og:url\" content=\"https:\/\/veritasinfo.org\/?p=3607&amp;lang=sr\" \/>\n<meta property=\"article:published_time\" content=\"2025-07-13T05:22:30+00:00\" \/>\n<meta property=\"og:image\" content=\"https:\/\/veritasinfo.org\/wp-content\/uploads\/2025\/07\/IMG_1997.jpeg\" \/>\n\t<meta property=\"og:image:width\" content=\"780\" \/>\n\t<meta property=\"og:image:height\" content=\"500\" \/>\n\t<meta property=\"og:image:type\" content=\"image\/jpeg\" \/>\n<meta name=\"author\" content=\"admin\" \/>\n<meta name=\"twitter:card\" content=\"summary_large_image\" \/>\n<meta name=\"twitter:label1\" content=\"Written by\" \/>\n\t<meta name=\"twitter:data1\" content=\"admin\" \/>\n\t<meta name=\"twitter:label2\" content=\"Est. reading time\" \/>\n\t<meta name=\"twitter:data2\" content=\"2 minutes\" \/>\n<script type=\"application\/ld+json\" class=\"yoast-schema-graph\">{\"@context\":\"https:\/\/schema.org\",\"@graph\":[{\"@type\":\"WebPage\",\"@id\":\"https:\/\/veritasinfo.org\/?p=3607&lang=sr\",\"url\":\"https:\/\/veritasinfo.org\/?p=3607&lang=sr\",\"name\":\"Grvala reaguje u Dubrovniku: \u201eKosovo i Metohija\u201c je hegemonisti\u010dki jezik -\",\"isPartOf\":{\"@id\":\"https:\/\/veritasinfo.org\/#website\"},\"primaryImageOfPage\":{\"@id\":\"https:\/\/veritasinfo.org\/?p=3607&lang=sr#primaryimage\"},\"image\":{\"@id\":\"https:\/\/veritasinfo.org\/?p=3607&lang=sr#primaryimage\"},\"thumbnailUrl\":\"https:\/\/veritasinfo.org\/wp-content\/uploads\/2025\/07\/IMG_1997.jpeg\",\"datePublished\":\"2025-07-13T05:22:30+00:00\",\"author\":{\"@id\":\"https:\/\/veritasinfo.org\/#\/schema\/person\/7701f8c088bece422266b100a712374f\"},\"breadcrumb\":{\"@id\":\"https:\/\/veritasinfo.org\/?p=3607&lang=sr#breadcrumb\"},\"inLanguage\":\"en-US\",\"potentialAction\":[{\"@type\":\"ReadAction\",\"target\":[\"https:\/\/veritasinfo.org\/?p=3607&lang=sr\"]}]},{\"@type\":\"ImageObject\",\"inLanguage\":\"en-US\",\"@id\":\"https:\/\/veritasinfo.org\/?p=3607&lang=sr#primaryimage\",\"url\":\"https:\/\/veritasinfo.org\/wp-content\/uploads\/2025\/07\/IMG_1997.jpeg\",\"contentUrl\":\"https:\/\/veritasinfo.org\/wp-content\/uploads\/2025\/07\/IMG_1997.jpeg\",\"width\":780,\"height\":500},{\"@type\":\"BreadcrumbList\",\"@id\":\"https:\/\/veritasinfo.org\/?p=3607&lang=sr#breadcrumb\",\"itemListElement\":[{\"@type\":\"ListItem\",\"position\":1,\"name\":\"Home\",\"item\":\"https:\/\/veritasinfo.org\/\"},{\"@type\":\"ListItem\",\"position\":2,\"name\":\"Grvala reaguje u Dubrovniku: \u201eKosovo i Metohija\u201c je hegemonisti\u010dki jezik\"}]},{\"@type\":\"WebSite\",\"@id\":\"https:\/\/veritasinfo.org\/#website\",\"url\":\"https:\/\/veritasinfo.org\/\",\"name\":\"\",\"description\":\"\",\"potentialAction\":[{\"@type\":\"SearchAction\",\"target\":{\"@type\":\"EntryPoint\",\"urlTemplate\":\"https:\/\/veritasinfo.org\/?s={search_term_string}\"},\"query-input\":{\"@type\":\"PropertyValueSpecification\",\"valueRequired\":true,\"valueName\":\"search_term_string\"}}],\"inLanguage\":\"en-US\"},{\"@type\":\"Person\",\"@id\":\"https:\/\/veritasinfo.org\/#\/schema\/person\/7701f8c088bece422266b100a712374f\",\"name\":\"admin\",\"image\":{\"@type\":\"ImageObject\",\"inLanguage\":\"en-US\",\"@id\":\"https:\/\/veritasinfo.org\/#\/schema\/person\/image\/\",\"url\":\"https:\/\/secure.gravatar.com\/avatar\/ea53aa3bf6c9a12d5fde8ce4deff43fef3885ae33cf60184161a50d6987cfd2f?s=96&d=mm&r=g\",\"contentUrl\":\"https:\/\/secure.gravatar.com\/avatar\/ea53aa3bf6c9a12d5fde8ce4deff43fef3885ae33cf60184161a50d6987cfd2f?s=96&d=mm&r=g\",\"caption\":\"admin\"},\"sameAs\":[\"https:\/\/veritasinfo.org\"],\"url\":\"https:\/\/veritasinfo.org\/?author=1\"}]}<\/script>\n<!-- \/ Yoast SEO plugin. -->","yoast_head_json":{"title":"Grvala reaguje u Dubrovniku: \u201eKosovo i Metohija\u201c je hegemonisti\u010dki jezik -","robots":{"index":"index","follow":"follow","max-snippet":"max-snippet:-1","max-image-preview":"max-image-preview:large","max-video-preview":"max-video-preview:-1"},"canonical":"https:\/\/veritasinfo.org\/?p=3607&lang=sr","og_locale":"en_US","og_type":"article","og_title":"Grvala reaguje u Dubrovniku: \u201eKosovo i Metohija\u201c je hegemonisti\u010dki jezik -","og_description":"Zamenica premijera u obavljanju du\u017enosti i ministarka u obavljanju du\u017enosti spoljnih poslova i dijaspore, Donika Grvala o\u0161tro je reagovala na panelu tokom dubrova\u010dkog foruma povodom","og_url":"https:\/\/veritasinfo.org\/?p=3607&lang=sr","article_published_time":"2025-07-13T05:22:30+00:00","og_image":[{"width":780,"height":500,"url":"https:\/\/veritasinfo.org\/wp-content\/uploads\/2025\/07\/IMG_1997.jpeg","type":"image\/jpeg"}],"author":"admin","twitter_card":"summary_large_image","twitter_misc":{"Written by":"admin","Est. reading time":"2 minutes"},"schema":{"@context":"https:\/\/schema.org","@graph":[{"@type":"WebPage","@id":"https:\/\/veritasinfo.org\/?p=3607&lang=sr","url":"https:\/\/veritasinfo.org\/?p=3607&lang=sr","name":"Grvala reaguje u Dubrovniku: \u201eKosovo i Metohija\u201c je hegemonisti\u010dki jezik -","isPartOf":{"@id":"https:\/\/veritasinfo.org\/#website"},"primaryImageOfPage":{"@id":"https:\/\/veritasinfo.org\/?p=3607&lang=sr#primaryimage"},"image":{"@id":"https:\/\/veritasinfo.org\/?p=3607&lang=sr#primaryimage"},"thumbnailUrl":"https:\/\/veritasinfo.org\/wp-content\/uploads\/2025\/07\/IMG_1997.jpeg","datePublished":"2025-07-13T05:22:30+00:00","author":{"@id":"https:\/\/veritasinfo.org\/#\/schema\/person\/7701f8c088bece422266b100a712374f"},"breadcrumb":{"@id":"https:\/\/veritasinfo.org\/?p=3607&lang=sr#breadcrumb"},"inLanguage":"en-US","potentialAction":[{"@type":"ReadAction","target":["https:\/\/veritasinfo.org\/?p=3607&lang=sr"]}]},{"@type":"ImageObject","inLanguage":"en-US","@id":"https:\/\/veritasinfo.org\/?p=3607&lang=sr#primaryimage","url":"https:\/\/veritasinfo.org\/wp-content\/uploads\/2025\/07\/IMG_1997.jpeg","contentUrl":"https:\/\/veritasinfo.org\/wp-content\/uploads\/2025\/07\/IMG_1997.jpeg","width":780,"height":500},{"@type":"BreadcrumbList","@id":"https:\/\/veritasinfo.org\/?p=3607&lang=sr#breadcrumb","itemListElement":[{"@type":"ListItem","position":1,"name":"Home","item":"https:\/\/veritasinfo.org\/"},{"@type":"ListItem","position":2,"name":"Grvala reaguje u Dubrovniku: \u201eKosovo i Metohija\u201c je hegemonisti\u010dki jezik"}]},{"@type":"WebSite","@id":"https:\/\/veritasinfo.org\/#website","url":"https:\/\/veritasinfo.org\/","name":"","description":"","potentialAction":[{"@type":"SearchAction","target":{"@type":"EntryPoint","urlTemplate":"https:\/\/veritasinfo.org\/?s={search_term_string}"},"query-input":{"@type":"PropertyValueSpecification","valueRequired":true,"valueName":"search_term_string"}}],"inLanguage":"en-US"},{"@type":"Person","@id":"https:\/\/veritasinfo.org\/#\/schema\/person\/7701f8c088bece422266b100a712374f","name":"admin","image":{"@type":"ImageObject","inLanguage":"en-US","@id":"https:\/\/veritasinfo.org\/#\/schema\/person\/image\/","url":"https:\/\/secure.gravatar.com\/avatar\/ea53aa3bf6c9a12d5fde8ce4deff43fef3885ae33cf60184161a50d6987cfd2f?s=96&d=mm&r=g","contentUrl":"https:\/\/secure.gravatar.com\/avatar\/ea53aa3bf6c9a12d5fde8ce4deff43fef3885ae33cf60184161a50d6987cfd2f?s=96&d=mm&r=g","caption":"admin"},"sameAs":["https:\/\/veritasinfo.org"],"url":"https:\/\/veritasinfo.org\/?author=1"}]}},"featured_image_urls":{"full":["https:\/\/veritasinfo.org\/wp-content\/uploads\/2025\/07\/IMG_1997.jpeg",780,500,false],"thumbnail":["https:\/\/veritasinfo.org\/wp-content\/uploads\/2025\/07\/IMG_1997-150x150.jpeg",150,150,true],"medium":["https:\/\/veritasinfo.org\/wp-content\/uploads\/2025\/07\/IMG_1997-300x192.jpeg",300,192,true],"medium_large":["https:\/\/veritasinfo.org\/wp-content\/uploads\/2025\/07\/IMG_1997-768x492.jpeg",640,410,true],"large":["https:\/\/veritasinfo.org\/wp-content\/uploads\/2025\/07\/IMG_1997.jpeg",640,410,false],"1536x1536":["https:\/\/veritasinfo.org\/wp-content\/uploads\/2025\/07\/IMG_1997.jpeg",780,500,false],"2048x2048":["https:\/\/veritasinfo.org\/wp-content\/uploads\/2025\/07\/IMG_1997.jpeg",780,500,false],"kreeti-slider-full":["https:\/\/veritasinfo.org\/wp-content\/uploads\/2025\/07\/IMG_1997.jpeg",780,500,false],"kreeti-featured":["https:\/\/veritasinfo.org\/wp-content\/uploads\/2025\/07\/IMG_1997.jpeg",780,500,false],"kreeti-medium":["https:\/\/veritasinfo.org\/wp-content\/uploads\/2025\/07\/IMG_1997.jpeg",720,462,false],"kreeti-medium-square":["https:\/\/veritasinfo.org\/wp-content\/uploads\/2025\/07\/IMG_1997.jpeg",350,224,false]},"author_info":{"info":["admin"]},"category_info":"<a href=\"https:\/\/veritasinfo.org\/?cat=28&#038;lang=sr\" rel=\"category\">Politika<\/a>","tag_info":"Politika","comment_count":"0","_links":{"self":[{"href":"https:\/\/veritasinfo.org\/index.php?rest_route=\/wp\/v2\/posts\/3607","targetHints":{"allow":["GET"]}}],"collection":[{"href":"https:\/\/veritasinfo.org\/index.php?rest_route=\/wp\/v2\/posts"}],"about":[{"href":"https:\/\/veritasinfo.org\/index.php?rest_route=\/wp\/v2\/types\/post"}],"author":[{"embeddable":true,"href":"https:\/\/veritasinfo.org\/index.php?rest_route=\/wp\/v2\/users\/1"}],"replies":[{"embeddable":true,"href":"https:\/\/veritasinfo.org\/index.php?rest_route=%2Fwp%2Fv2%2Fcomments&post=3607"}],"version-history":[{"count":1,"href":"https:\/\/veritasinfo.org\/index.php?rest_route=\/wp\/v2\/posts\/3607\/revisions"}],"predecessor-version":[{"id":3608,"href":"https:\/\/veritasinfo.org\/index.php?rest_route=\/wp\/v2\/posts\/3607\/revisions\/3608"}],"wp:featuredmedia":[{"embeddable":true,"href":"https:\/\/veritasinfo.org\/index.php?rest_route=\/wp\/v2\/media\/3599"}],"wp:attachment":[{"href":"https:\/\/veritasinfo.org\/index.php?rest_route=%2Fwp%2Fv2%2Fmedia&parent=3607"}],"wp:term":[{"taxonomy":"category","embeddable":true,"href":"https:\/\/veritasinfo.org\/index.php?rest_route=%2Fwp%2Fv2%2Fcategories&post=3607"},{"taxonomy":"post_tag","embeddable":true,"href":"https:\/\/veritasinfo.org\/index.php?rest_route=%2Fwp%2Fv2%2Ftags&post=3607"}],"curies":[{"name":"wp","href":"https:\/\/api.w.org\/{rel}","templated":true}]}}