{"id":3598,"date":"2025-07-13T07:20:22","date_gmt":"2025-07-13T05:20:22","guid":{"rendered":"https:\/\/veritasinfo.org\/?p=3598"},"modified":"2025-07-13T00:18:11","modified_gmt":"2025-07-12T22:18:11","slug":"gervalla-reagon-ne-dubrovnik-kosove-e-metohi-eshte-gjuhe-hegjemoniste","status":"publish","type":"post","link":"https:\/\/veritasinfo.org\/?p=3598","title":{"rendered":"G\u00ebrvalla reagon n\u00eb Dubrovnik: `Kosov\u00eb e Metohi` \u00ebsht\u00eb gjuh\u00eb hegjemoniste"},"content":{"rendered":"<p style=\"padding-left: 40px;\">Dubrovnik, 13 Korrik 2025<\/p>\n<p><strong>Z\u00ebvend\u00ebskryeministrja n\u00eb detyr\u00eb dhe ministrja n\u00eb detyr\u00eb e Pun\u00ebve t\u00eb Jashtme dhe Diaspor\u00ebs, Donika G\u00ebrvalla ka reaguar ashp\u00ebr n\u00eb panelin e diskutimit n\u00eb kuad\u00ebr t\u00eb forumit t\u00eb Dubrovnikut lidhur me gjuh\u00ebn e p\u00ebrdorur nga p\u00ebrfaq\u00ebsuesit serb, p\u00ebrkat\u00ebsisht termin \u2018Kosov\u00eb e Metohi\u2019.<\/strong><\/p>\n<p>&nbsp;<\/p>\n<p>\u201cAjo q\u00eb m\u00eb b\u00ebn jo t\u00eb zem\u00ebrohem, por t\u00eb ndihem e trishtuar \u00ebsht\u00eb ajo q\u00eb p\u00ebrjetuam sot. U p\u00ebrballem me nj\u00eb p\u00ebrfaq\u00ebsues t\u00eb ri t\u00eb gjenerat\u00ebs s\u00eb re, duke buz\u00ebqeshur dhe duke p\u00ebrdorur gjuh\u00ebn e Millosheviqit. Nuk ka \u2018Kosov\u00eb e Metohi\u2019. Pavar\u00ebsisht n\u00ebse e thua me buz\u00ebqeshje apo n\u00ebse e thua me arm\u00eb n\u00eb dor\u00eb \u00ebsht\u00eb shprehje e politik\u00ebs hegjemoniste t\u00eb Serbis\u00eb, jo vet\u00ebm ndaj Kosov\u00ebs\u201d, ka theksuar G\u00ebrvalla.<\/p>\n<p>Ajo tutje ka th\u00ebn\u00eb se nuk mund t\u00eb vazhdohet t\u00eb flitet sikur gjith\u00e7ka \u00ebsht\u00eb n\u00eb rregull, pas nj\u00eb gjuhe t\u00eb till\u00eb.<\/p>\n<p>\u201cN\u00ebse flasim p\u00ebr Banjsk\u00ebn sapo kemi p\u00ebrjetuar justifikimin e asaj q\u00eb ndodhi. N\u00eb Banjsk\u00eb nuk pati incident. Aty pati nj\u00eb akt t\u00eb qart\u00eb agresioni t\u00eb hapur ndaj nj\u00eb vendi fqinj, me qindra paramilitar\u00eb q\u00eb erdh\u00ebn me arm\u00eb por edhe 300 t\u00eb tjer\u00eb, jo vet\u00ebm me arm\u00eb dhe kallashnikov, por me arm\u00eb kund\u00ebrtanku, arm\u00eb kund\u00ebrajrore dhe arm\u00eb shum\u00eb moderne t\u00eb financuara, organizuara dhe d\u00ebrguara nga shteti i Serbis\u00eb\u201d, ka shtuar G\u00ebrvalla gjat\u00eb adresimit t\u00eb saj n\u00eb panelin e forumit t\u00eb Dubrovnikut.<\/p>\n<p>Ajo tutje ka th\u00ebn\u00eb se t\u00eb gjith\u00eb e shohim se sa kok\u00ebfort\u00eb jan\u00eb autoritetet serbe, pavar\u00ebsisht presionit nga bashk\u00ebsia nd\u00ebrkomb\u00ebtare, p\u00ebr t\u00eb mos e dor\u00ebzuar Radoj\u00e7iqin.<\/p>\n<p>\u201c&#8230;sepse t\u00eb gjith\u00eb e din\u00eb q\u00eb Radoj\u00e7iqi \u00ebsht\u00eb d\u00ebrguar nga shteti i Serbis\u00eb. Duhet t\u00eb flasim p\u00ebr k\u00ebto gj\u00ebra. P\u00ebrndryshe do t\u00eb vazhdojm\u00eb t\u00eb flasim p\u00ebr integrim dhe t\u00eb gjith\u00eb do ta din\u00eb q\u00eb nuk jemi serioz\u00eb. Jo \u2018Kosov\u00eb e Metohi\u2019. Ju lutem jeni skeptik\u00eb ndaj \u00e7do personi q\u00eb ju flet p\u00ebr \u2018Kosov\u00eb e Metohi\u2019 para syve sepse kjo \u00ebsht\u00eb thjesht hegjemoniz\u00ebm\u201d, ka n\u00ebnvizuar G\u00ebrvalla.<\/p>\n<p>Ajo n\u00eb fund ka hedhur posht\u00eb edhe pohimet e pal\u00ebs serbe p\u00ebr 80 incidente etnike n\u00eb Kosov\u00eb.<\/p>\n<p>\u201cAs BE-ja, as OSBE-ja, as SHBA-t\u00eb, as shtetet e Bashkimit Evropian, as KFOR-i, askush nuk thot\u00eb se kan\u00eb ndodhur incidente etnike. \u00cbsht\u00eb gjithmon\u00eb strategjia e Serbis\u00eb &#8211; q\u00eb agresori t\u00eb paraqitet si viktim\u00eb. Dje isha n\u00eb Srebrenic\u00eb dhe pash\u00eb ato pamje t\u00eb sh\u00ebmtuara, ku paraqiteshin s\u00ebrish agresor\u00ebt si viktima. Thirrja ime p\u00ebr shoq\u00ebrin\u00eb serbe \u00ebsht\u00eb: ju lutem zgjohuni dhe \u00e7lirojeni rajonin nga t\u00eb qenit gjithmon\u00eb peng i politikave t\u00eb gabuara t\u00eb politikan\u00ebve tuaj. Buz\u00ebqeshje e bukur por gjuh\u00eb e sh\u00ebmtuar &#8211; gjuha e Millosheviqit\u201d, ka p\u00ebrfunduar G\u00ebrvalla duke i reaguar deklarat\u00ebs s\u00eb p\u00ebrfaq\u00ebsueses s\u00eb Serbis\u00eb n\u00eb k\u00ebt\u00eb forum.<\/p>\n","protected":false},"excerpt":{"rendered":"<p>Dubrovnik, 13 Korrik 2025 Z\u00ebvend\u00ebskryeministrja n\u00eb detyr\u00eb dhe ministrja n\u00eb detyr\u00eb e Pun\u00ebve t\u00eb Jashtme dhe Diaspor\u00ebs, Donika G\u00ebrvalla ka reaguar ashp\u00ebr n\u00eb panelin e<\/p>\n","protected":false},"author":1,"featured_media":3599,"comment_status":"open","ping_status":"open","sticky":false,"template":"","format":"standard","meta":{"footnotes":""},"categories":[58],"tags":[],"class_list":["post-3598","post","type-post","status-publish","format-standard","has-post-thumbnail","hentry","category-politike-sq"],"yoast_head":"<!-- This site is optimized with the Yoast SEO plugin v25.3.1 - https:\/\/yoast.com\/wordpress\/plugins\/seo\/ -->\n<title>G\u00ebrvalla reagon n\u00eb Dubrovnik: `Kosov\u00eb e Metohi` \u00ebsht\u00eb gjuh\u00eb hegjemoniste -<\/title>\n<meta name=\"robots\" content=\"index, follow, max-snippet:-1, max-image-preview:large, max-video-preview:-1\" \/>\n<link rel=\"canonical\" href=\"https:\/\/veritasinfo.org\/?p=3598\" \/>\n<meta property=\"og:locale\" content=\"en_US\" \/>\n<meta property=\"og:type\" content=\"article\" \/>\n<meta property=\"og:title\" content=\"G\u00ebrvalla reagon n\u00eb Dubrovnik: `Kosov\u00eb e Metohi` \u00ebsht\u00eb gjuh\u00eb hegjemoniste -\" \/>\n<meta property=\"og:description\" content=\"Dubrovnik, 13 Korrik 2025 Z\u00ebvend\u00ebskryeministrja n\u00eb detyr\u00eb dhe ministrja n\u00eb detyr\u00eb e Pun\u00ebve t\u00eb Jashtme dhe Diaspor\u00ebs, Donika G\u00ebrvalla ka reaguar ashp\u00ebr n\u00eb panelin e\" \/>\n<meta property=\"og:url\" content=\"https:\/\/veritasinfo.org\/?p=3598\" \/>\n<meta property=\"article:published_time\" content=\"2025-07-13T05:20:22+00:00\" \/>\n<meta property=\"og:image\" content=\"https:\/\/veritasinfo.org\/wp-content\/uploads\/2025\/07\/IMG_1997.jpeg\" \/>\n\t<meta property=\"og:image:width\" content=\"780\" \/>\n\t<meta property=\"og:image:height\" content=\"500\" \/>\n\t<meta property=\"og:image:type\" content=\"image\/jpeg\" \/>\n<meta name=\"author\" content=\"admin\" \/>\n<meta name=\"twitter:card\" content=\"summary_large_image\" \/>\n<meta name=\"twitter:label1\" content=\"Written by\" \/>\n\t<meta name=\"twitter:data1\" content=\"admin\" \/>\n\t<meta name=\"twitter:label2\" content=\"Est. reading time\" \/>\n\t<meta name=\"twitter:data2\" content=\"3 minutes\" \/>\n<script type=\"application\/ld+json\" class=\"yoast-schema-graph\">{\"@context\":\"https:\/\/schema.org\",\"@graph\":[{\"@type\":\"WebPage\",\"@id\":\"https:\/\/veritasinfo.org\/?p=3598\",\"url\":\"https:\/\/veritasinfo.org\/?p=3598\",\"name\":\"G\u00ebrvalla reagon n\u00eb Dubrovnik: `Kosov\u00eb e Metohi` \u00ebsht\u00eb gjuh\u00eb hegjemoniste -\",\"isPartOf\":{\"@id\":\"https:\/\/veritasinfo.org\/#website\"},\"primaryImageOfPage\":{\"@id\":\"https:\/\/veritasinfo.org\/?p=3598#primaryimage\"},\"image\":{\"@id\":\"https:\/\/veritasinfo.org\/?p=3598#primaryimage\"},\"thumbnailUrl\":\"https:\/\/veritasinfo.org\/wp-content\/uploads\/2025\/07\/IMG_1997.jpeg\",\"datePublished\":\"2025-07-13T05:20:22+00:00\",\"author\":{\"@id\":\"https:\/\/veritasinfo.org\/#\/schema\/person\/7701f8c088bece422266b100a712374f\"},\"breadcrumb\":{\"@id\":\"https:\/\/veritasinfo.org\/?p=3598#breadcrumb\"},\"inLanguage\":\"en-US\",\"potentialAction\":[{\"@type\":\"ReadAction\",\"target\":[\"https:\/\/veritasinfo.org\/?p=3598\"]}]},{\"@type\":\"ImageObject\",\"inLanguage\":\"en-US\",\"@id\":\"https:\/\/veritasinfo.org\/?p=3598#primaryimage\",\"url\":\"https:\/\/veritasinfo.org\/wp-content\/uploads\/2025\/07\/IMG_1997.jpeg\",\"contentUrl\":\"https:\/\/veritasinfo.org\/wp-content\/uploads\/2025\/07\/IMG_1997.jpeg\",\"width\":780,\"height\":500},{\"@type\":\"BreadcrumbList\",\"@id\":\"https:\/\/veritasinfo.org\/?p=3598#breadcrumb\",\"itemListElement\":[{\"@type\":\"ListItem\",\"position\":1,\"name\":\"Home\",\"item\":\"https:\/\/veritasinfo.org\/\"},{\"@type\":\"ListItem\",\"position\":2,\"name\":\"G\u00ebrvalla reagon n\u00eb Dubrovnik: `Kosov\u00eb e Metohi` \u00ebsht\u00eb gjuh\u00eb hegjemoniste\"}]},{\"@type\":\"WebSite\",\"@id\":\"https:\/\/veritasinfo.org\/#website\",\"url\":\"https:\/\/veritasinfo.org\/\",\"name\":\"\",\"description\":\"\",\"potentialAction\":[{\"@type\":\"SearchAction\",\"target\":{\"@type\":\"EntryPoint\",\"urlTemplate\":\"https:\/\/veritasinfo.org\/?s={search_term_string}\"},\"query-input\":{\"@type\":\"PropertyValueSpecification\",\"valueRequired\":true,\"valueName\":\"search_term_string\"}}],\"inLanguage\":\"en-US\"},{\"@type\":\"Person\",\"@id\":\"https:\/\/veritasinfo.org\/#\/schema\/person\/7701f8c088bece422266b100a712374f\",\"name\":\"admin\",\"image\":{\"@type\":\"ImageObject\",\"inLanguage\":\"en-US\",\"@id\":\"https:\/\/veritasinfo.org\/#\/schema\/person\/image\/\",\"url\":\"https:\/\/secure.gravatar.com\/avatar\/ea53aa3bf6c9a12d5fde8ce4deff43fef3885ae33cf60184161a50d6987cfd2f?s=96&d=mm&r=g\",\"contentUrl\":\"https:\/\/secure.gravatar.com\/avatar\/ea53aa3bf6c9a12d5fde8ce4deff43fef3885ae33cf60184161a50d6987cfd2f?s=96&d=mm&r=g\",\"caption\":\"admin\"},\"sameAs\":[\"https:\/\/veritasinfo.org\"],\"url\":\"https:\/\/veritasinfo.org\/?author=1\"}]}<\/script>\n<!-- \/ Yoast SEO plugin. -->","yoast_head_json":{"title":"G\u00ebrvalla reagon n\u00eb Dubrovnik: `Kosov\u00eb e Metohi` \u00ebsht\u00eb gjuh\u00eb hegjemoniste -","robots":{"index":"index","follow":"follow","max-snippet":"max-snippet:-1","max-image-preview":"max-image-preview:large","max-video-preview":"max-video-preview:-1"},"canonical":"https:\/\/veritasinfo.org\/?p=3598","og_locale":"en_US","og_type":"article","og_title":"G\u00ebrvalla reagon n\u00eb Dubrovnik: `Kosov\u00eb e Metohi` \u00ebsht\u00eb gjuh\u00eb hegjemoniste -","og_description":"Dubrovnik, 13 Korrik 2025 Z\u00ebvend\u00ebskryeministrja n\u00eb detyr\u00eb dhe ministrja n\u00eb detyr\u00eb e Pun\u00ebve t\u00eb Jashtme dhe Diaspor\u00ebs, Donika G\u00ebrvalla ka reaguar ashp\u00ebr n\u00eb panelin e","og_url":"https:\/\/veritasinfo.org\/?p=3598","article_published_time":"2025-07-13T05:20:22+00:00","og_image":[{"width":780,"height":500,"url":"https:\/\/veritasinfo.org\/wp-content\/uploads\/2025\/07\/IMG_1997.jpeg","type":"image\/jpeg"}],"author":"admin","twitter_card":"summary_large_image","twitter_misc":{"Written by":"admin","Est. reading time":"3 minutes"},"schema":{"@context":"https:\/\/schema.org","@graph":[{"@type":"WebPage","@id":"https:\/\/veritasinfo.org\/?p=3598","url":"https:\/\/veritasinfo.org\/?p=3598","name":"G\u00ebrvalla reagon n\u00eb Dubrovnik: `Kosov\u00eb e Metohi` \u00ebsht\u00eb gjuh\u00eb hegjemoniste -","isPartOf":{"@id":"https:\/\/veritasinfo.org\/#website"},"primaryImageOfPage":{"@id":"https:\/\/veritasinfo.org\/?p=3598#primaryimage"},"image":{"@id":"https:\/\/veritasinfo.org\/?p=3598#primaryimage"},"thumbnailUrl":"https:\/\/veritasinfo.org\/wp-content\/uploads\/2025\/07\/IMG_1997.jpeg","datePublished":"2025-07-13T05:20:22+00:00","author":{"@id":"https:\/\/veritasinfo.org\/#\/schema\/person\/7701f8c088bece422266b100a712374f"},"breadcrumb":{"@id":"https:\/\/veritasinfo.org\/?p=3598#breadcrumb"},"inLanguage":"en-US","potentialAction":[{"@type":"ReadAction","target":["https:\/\/veritasinfo.org\/?p=3598"]}]},{"@type":"ImageObject","inLanguage":"en-US","@id":"https:\/\/veritasinfo.org\/?p=3598#primaryimage","url":"https:\/\/veritasinfo.org\/wp-content\/uploads\/2025\/07\/IMG_1997.jpeg","contentUrl":"https:\/\/veritasinfo.org\/wp-content\/uploads\/2025\/07\/IMG_1997.jpeg","width":780,"height":500},{"@type":"BreadcrumbList","@id":"https:\/\/veritasinfo.org\/?p=3598#breadcrumb","itemListElement":[{"@type":"ListItem","position":1,"name":"Home","item":"https:\/\/veritasinfo.org\/"},{"@type":"ListItem","position":2,"name":"G\u00ebrvalla reagon n\u00eb Dubrovnik: `Kosov\u00eb e Metohi` \u00ebsht\u00eb gjuh\u00eb hegjemoniste"}]},{"@type":"WebSite","@id":"https:\/\/veritasinfo.org\/#website","url":"https:\/\/veritasinfo.org\/","name":"","description":"","potentialAction":[{"@type":"SearchAction","target":{"@type":"EntryPoint","urlTemplate":"https:\/\/veritasinfo.org\/?s={search_term_string}"},"query-input":{"@type":"PropertyValueSpecification","valueRequired":true,"valueName":"search_term_string"}}],"inLanguage":"en-US"},{"@type":"Person","@id":"https:\/\/veritasinfo.org\/#\/schema\/person\/7701f8c088bece422266b100a712374f","name":"admin","image":{"@type":"ImageObject","inLanguage":"en-US","@id":"https:\/\/veritasinfo.org\/#\/schema\/person\/image\/","url":"https:\/\/secure.gravatar.com\/avatar\/ea53aa3bf6c9a12d5fde8ce4deff43fef3885ae33cf60184161a50d6987cfd2f?s=96&d=mm&r=g","contentUrl":"https:\/\/secure.gravatar.com\/avatar\/ea53aa3bf6c9a12d5fde8ce4deff43fef3885ae33cf60184161a50d6987cfd2f?s=96&d=mm&r=g","caption":"admin"},"sameAs":["https:\/\/veritasinfo.org"],"url":"https:\/\/veritasinfo.org\/?author=1"}]}},"featured_image_urls":{"full":["https:\/\/veritasinfo.org\/wp-content\/uploads\/2025\/07\/IMG_1997.jpeg",780,500,false],"thumbnail":["https:\/\/veritasinfo.org\/wp-content\/uploads\/2025\/07\/IMG_1997-150x150.jpeg",150,150,true],"medium":["https:\/\/veritasinfo.org\/wp-content\/uploads\/2025\/07\/IMG_1997-300x192.jpeg",300,192,true],"medium_large":["https:\/\/veritasinfo.org\/wp-content\/uploads\/2025\/07\/IMG_1997-768x492.jpeg",640,410,true],"large":["https:\/\/veritasinfo.org\/wp-content\/uploads\/2025\/07\/IMG_1997.jpeg",640,410,false],"1536x1536":["https:\/\/veritasinfo.org\/wp-content\/uploads\/2025\/07\/IMG_1997.jpeg",780,500,false],"2048x2048":["https:\/\/veritasinfo.org\/wp-content\/uploads\/2025\/07\/IMG_1997.jpeg",780,500,false],"kreeti-slider-full":["https:\/\/veritasinfo.org\/wp-content\/uploads\/2025\/07\/IMG_1997.jpeg",780,500,false],"kreeti-featured":["https:\/\/veritasinfo.org\/wp-content\/uploads\/2025\/07\/IMG_1997.jpeg",780,500,false],"kreeti-medium":["https:\/\/veritasinfo.org\/wp-content\/uploads\/2025\/07\/IMG_1997.jpeg",720,462,false],"kreeti-medium-square":["https:\/\/veritasinfo.org\/wp-content\/uploads\/2025\/07\/IMG_1997.jpeg",350,224,false]},"author_info":{"info":["admin"]},"category_info":"<a href=\"https:\/\/veritasinfo.org\/?cat=58\" rel=\"category\">Politik\u00eb<\/a>","tag_info":"Politik\u00eb","comment_count":"0","_links":{"self":[{"href":"https:\/\/veritasinfo.org\/index.php?rest_route=\/wp\/v2\/posts\/3598","targetHints":{"allow":["GET"]}}],"collection":[{"href":"https:\/\/veritasinfo.org\/index.php?rest_route=\/wp\/v2\/posts"}],"about":[{"href":"https:\/\/veritasinfo.org\/index.php?rest_route=\/wp\/v2\/types\/post"}],"author":[{"embeddable":true,"href":"https:\/\/veritasinfo.org\/index.php?rest_route=\/wp\/v2\/users\/1"}],"replies":[{"embeddable":true,"href":"https:\/\/veritasinfo.org\/index.php?rest_route=%2Fwp%2Fv2%2Fcomments&post=3598"}],"version-history":[{"count":3,"href":"https:\/\/veritasinfo.org\/index.php?rest_route=\/wp\/v2\/posts\/3598\/revisions"}],"predecessor-version":[{"id":3603,"href":"https:\/\/veritasinfo.org\/index.php?rest_route=\/wp\/v2\/posts\/3598\/revisions\/3603"}],"wp:featuredmedia":[{"embeddable":true,"href":"https:\/\/veritasinfo.org\/index.php?rest_route=\/wp\/v2\/media\/3599"}],"wp:attachment":[{"href":"https:\/\/veritasinfo.org\/index.php?rest_route=%2Fwp%2Fv2%2Fmedia&parent=3598"}],"wp:term":[{"taxonomy":"category","embeddable":true,"href":"https:\/\/veritasinfo.org\/index.php?rest_route=%2Fwp%2Fv2%2Fcategories&post=3598"},{"taxonomy":"post_tag","embeddable":true,"href":"https:\/\/veritasinfo.org\/index.php?rest_route=%2Fwp%2Fv2%2Ftags&post=3598"}],"curies":[{"name":"wp","href":"https:\/\/api.w.org\/{rel}","templated":true}]}}