{"id":35962,"date":"2026-03-05T07:17:13","date_gmt":"2026-03-05T06:17:13","guid":{"rendered":"https:\/\/veritasinfo.org\/?p=35962"},"modified":"2026-03-05T07:17:13","modified_gmt":"2026-03-05T06:17:13","slug":"sot-perfundon-afati-kushtetues-per-zgjedhjen-e-presidentit","status":"publish","type":"post","link":"https:\/\/veritasinfo.org\/?p=35962","title":{"rendered":"Sot p\u00ebrfundon afati kushtetues p\u00ebr zgjedhjen e presidentit"},"content":{"rendered":"<p>Prishtin\u00eb, 5 mars 2026 07:16<\/p>\n<p>Sot p\u00ebrfundon afati kushtetues p\u00ebr zgjedhjen e presidentit t\u00eb Republik\u00ebs s\u00eb Kosov\u00ebs. Deri m\u00eb tani \u00ebsht\u00eb propozuar vet\u00ebm nj\u00eb kandidat p\u00ebr president, ai \u00ebsht\u00eb Glauk Konjufca.<\/p>\n<p>Kryetarja e Kuvendit t\u00eb Kosov\u00ebs, Albulena Haxhiu, dje ka b\u00ebr\u00eb t\u00eb ditur se Konjufca \u00ebsht\u00eb propozuar me n\u00ebnshkrimet e 30 deputet\u00ebve t\u00eb L\u00ebvizjes Vet\u00ebvendosje dhe t\u00eb grupit multietnik.<\/p>\n<p>\u201cMund t\u00eb ket\u00eb k\u00ebrkesa p\u00ebr seanc\u00eb t\u00eb jasht\u00ebzakonshme, por seanc\u00eb p\u00ebr zgjedhjen e presidentit nuk mund t\u00eb ket\u00eb pa s\u00eb paku dy kandidat\u00eb. Zgjedhja e presidentit duhet t\u00eb b\u00ebhet jo m\u00eb von\u00eb se 30 dit\u00eb para p\u00ebrfundimit t\u00eb mandatit t\u00eb presidentit aktual. Afati kushtetues \u00ebsht\u00eb 5 marsi i vitit 2026. Ftoj t\u00eb gjith\u00eb deputet\u00ebt e Kuvendit t\u00eb Kosov\u00ebs q\u00eb deri tash nuk kan\u00eb dh\u00ebn\u00eb n\u00ebnshkrimet t\u00eb reflektojn\u00eb dhe t\u00eb shqyrtojn\u00eb mund\u00ebsin\u00eb p\u00ebr propozimin e s\u00eb paku nj\u00eb kandidati tjet\u00ebr\u201d, tha Haxhiu n\u00eb konferenc\u00eb p\u00ebr media.<\/p>\n<p>N\u00eb Kushtetut\u00ebn e Republik\u00ebs s\u00eb Kosov\u00ebs, pika kushtetuese q\u00eb flet p\u00ebr afatin e zgjedhjes s\u00eb presidentit dhe p\u00ebr p\u00ebrfundimin e mandatit kushtetues \u00ebsht\u00eb Neni 86. N\u00eb Pik\u00ebn 2 t\u00eb k\u00ebtij neni thuhet: \u201cZgjedhja e Presidentit t\u00eb Republik\u00ebs s\u00eb Kosov\u00ebs duhet t\u00eb b\u00ebhet jo m\u00eb von\u00eb se tridhjet\u00eb (30) dit\u00eb p\u00ebrpara p\u00ebrfundimit t\u00eb mandatit t\u00eb presidentit aktual.\u201d<\/p>\n<p>Nd\u00ebrkaq, presidentja aktuale, Vjosa Osmani, u zgjodh Presidente e Republik\u00ebs s\u00eb Kosov\u00ebs m\u00eb 4 prill 2021 nga Kuvendi i Kosov\u00ebs. Ajo mori votat n\u00eb raundin e tret\u00eb t\u00eb votimit nga deputet\u00ebt e Kuvendit p\u00ebr nj\u00eb mandat 5\u2011vje\u00e7ar.<\/p>\n","protected":false},"excerpt":{"rendered":"<p>Prishtin\u00eb, 5 mars 2026 07:16 Sot p\u00ebrfundon afati kushtetues p\u00ebr zgjedhjen e presidentit t\u00eb Republik\u00ebs s\u00eb Kosov\u00ebs. Deri m\u00eb tani \u00ebsht\u00eb propozuar vet\u00ebm nj\u00eb kandidat<\/p>\n","protected":false},"author":7,"featured_media":35963,"comment_status":"open","ping_status":"open","sticky":false,"template":"","format":"standard","meta":{"footnotes":""},"categories":[58],"tags":[],"class_list":["post-35962","post","type-post","status-publish","format-standard","has-post-thumbnail","hentry","category-politike-sq"],"yoast_head":"<!-- This site is optimized with the Yoast SEO plugin v25.3.1 - https:\/\/yoast.com\/wordpress\/plugins\/seo\/ -->\n<title>Sot p\u00ebrfundon afati kushtetues p\u00ebr zgjedhjen e presidentit -<\/title>\n<meta name=\"robots\" content=\"index, follow, max-snippet:-1, max-image-preview:large, max-video-preview:-1\" \/>\n<link rel=\"canonical\" href=\"https:\/\/veritasinfo.org\/?p=35962\" \/>\n<meta property=\"og:locale\" content=\"en_US\" \/>\n<meta property=\"og:type\" content=\"article\" \/>\n<meta property=\"og:title\" content=\"Sot p\u00ebrfundon afati kushtetues p\u00ebr zgjedhjen e presidentit -\" \/>\n<meta property=\"og:description\" content=\"Prishtin\u00eb, 5 mars 2026 07:16 Sot p\u00ebrfundon afati kushtetues p\u00ebr zgjedhjen e presidentit t\u00eb Republik\u00ebs s\u00eb Kosov\u00ebs. Deri m\u00eb tani \u00ebsht\u00eb propozuar vet\u00ebm nj\u00eb kandidat\" \/>\n<meta property=\"og:url\" content=\"https:\/\/veritasinfo.org\/?p=35962\" \/>\n<meta property=\"article:published_time\" content=\"2026-03-05T06:17:13+00:00\" \/>\n<meta property=\"og:image\" content=\"https:\/\/veritasinfo.org\/wp-content\/uploads\/2026\/03\/718951-g84VOQmjwr.jpeg\" \/>\n\t<meta property=\"og:image:width\" content=\"780\" \/>\n\t<meta property=\"og:image:height\" content=\"500\" \/>\n\t<meta property=\"og:image:type\" content=\"image\/jpeg\" \/>\n<meta name=\"author\" content=\"US6\" \/>\n<meta name=\"twitter:card\" content=\"summary_large_image\" \/>\n<meta name=\"twitter:label1\" content=\"Written by\" \/>\n\t<meta name=\"twitter:data1\" content=\"US6\" \/>\n\t<meta name=\"twitter:label2\" content=\"Est. reading time\" \/>\n\t<meta name=\"twitter:data2\" content=\"2 minutes\" \/>\n<script type=\"application\/ld+json\" class=\"yoast-schema-graph\">{\"@context\":\"https:\/\/schema.org\",\"@graph\":[{\"@type\":\"WebPage\",\"@id\":\"https:\/\/veritasinfo.org\/?p=35962\",\"url\":\"https:\/\/veritasinfo.org\/?p=35962\",\"name\":\"Sot p\u00ebrfundon afati kushtetues p\u00ebr zgjedhjen e presidentit -\",\"isPartOf\":{\"@id\":\"https:\/\/veritasinfo.org\/#website\"},\"primaryImageOfPage\":{\"@id\":\"https:\/\/veritasinfo.org\/?p=35962#primaryimage\"},\"image\":{\"@id\":\"https:\/\/veritasinfo.org\/?p=35962#primaryimage\"},\"thumbnailUrl\":\"https:\/\/veritasinfo.org\/wp-content\/uploads\/2026\/03\/718951-g84VOQmjwr.jpeg\",\"datePublished\":\"2026-03-05T06:17:13+00:00\",\"author\":{\"@id\":\"https:\/\/veritasinfo.org\/#\/schema\/person\/fe199eede04c3937362892b7444747cc\"},\"breadcrumb\":{\"@id\":\"https:\/\/veritasinfo.org\/?p=35962#breadcrumb\"},\"inLanguage\":\"en-US\",\"potentialAction\":[{\"@type\":\"ReadAction\",\"target\":[\"https:\/\/veritasinfo.org\/?p=35962\"]}]},{\"@type\":\"ImageObject\",\"inLanguage\":\"en-US\",\"@id\":\"https:\/\/veritasinfo.org\/?p=35962#primaryimage\",\"url\":\"https:\/\/veritasinfo.org\/wp-content\/uploads\/2026\/03\/718951-g84VOQmjwr.jpeg\",\"contentUrl\":\"https:\/\/veritasinfo.org\/wp-content\/uploads\/2026\/03\/718951-g84VOQmjwr.jpeg\",\"width\":780,\"height\":500},{\"@type\":\"BreadcrumbList\",\"@id\":\"https:\/\/veritasinfo.org\/?p=35962#breadcrumb\",\"itemListElement\":[{\"@type\":\"ListItem\",\"position\":1,\"name\":\"Home\",\"item\":\"https:\/\/veritasinfo.org\/\"},{\"@type\":\"ListItem\",\"position\":2,\"name\":\"Sot p\u00ebrfundon afati kushtetues p\u00ebr zgjedhjen e presidentit\"}]},{\"@type\":\"WebSite\",\"@id\":\"https:\/\/veritasinfo.org\/#website\",\"url\":\"https:\/\/veritasinfo.org\/\",\"name\":\"\",\"description\":\"\",\"potentialAction\":[{\"@type\":\"SearchAction\",\"target\":{\"@type\":\"EntryPoint\",\"urlTemplate\":\"https:\/\/veritasinfo.org\/?s={search_term_string}\"},\"query-input\":{\"@type\":\"PropertyValueSpecification\",\"valueRequired\":true,\"valueName\":\"search_term_string\"}}],\"inLanguage\":\"en-US\"},{\"@type\":\"Person\",\"@id\":\"https:\/\/veritasinfo.org\/#\/schema\/person\/fe199eede04c3937362892b7444747cc\",\"name\":\"US6\",\"image\":{\"@type\":\"ImageObject\",\"inLanguage\":\"en-US\",\"@id\":\"https:\/\/veritasinfo.org\/#\/schema\/person\/image\/\",\"url\":\"https:\/\/secure.gravatar.com\/avatar\/cb16c3c31c9d23b9b8c705964598220b3014e42ff51eb540ff23cefa3ae8c15f?s=96&d=mm&r=g\",\"contentUrl\":\"https:\/\/secure.gravatar.com\/avatar\/cb16c3c31c9d23b9b8c705964598220b3014e42ff51eb540ff23cefa3ae8c15f?s=96&d=mm&r=g\",\"caption\":\"US6\"},\"url\":\"https:\/\/veritasinfo.org\/?author=7\"}]}<\/script>\n<!-- \/ Yoast SEO plugin. -->","yoast_head_json":{"title":"Sot p\u00ebrfundon afati kushtetues p\u00ebr zgjedhjen e presidentit -","robots":{"index":"index","follow":"follow","max-snippet":"max-snippet:-1","max-image-preview":"max-image-preview:large","max-video-preview":"max-video-preview:-1"},"canonical":"https:\/\/veritasinfo.org\/?p=35962","og_locale":"en_US","og_type":"article","og_title":"Sot p\u00ebrfundon afati kushtetues p\u00ebr zgjedhjen e presidentit -","og_description":"Prishtin\u00eb, 5 mars 2026 07:16 Sot p\u00ebrfundon afati kushtetues p\u00ebr zgjedhjen e presidentit t\u00eb Republik\u00ebs s\u00eb Kosov\u00ebs. Deri m\u00eb tani \u00ebsht\u00eb propozuar vet\u00ebm nj\u00eb kandidat","og_url":"https:\/\/veritasinfo.org\/?p=35962","article_published_time":"2026-03-05T06:17:13+00:00","og_image":[{"width":780,"height":500,"url":"https:\/\/veritasinfo.org\/wp-content\/uploads\/2026\/03\/718951-g84VOQmjwr.jpeg","type":"image\/jpeg"}],"author":"US6","twitter_card":"summary_large_image","twitter_misc":{"Written by":"US6","Est. reading time":"2 minutes"},"schema":{"@context":"https:\/\/schema.org","@graph":[{"@type":"WebPage","@id":"https:\/\/veritasinfo.org\/?p=35962","url":"https:\/\/veritasinfo.org\/?p=35962","name":"Sot p\u00ebrfundon afati kushtetues p\u00ebr zgjedhjen e presidentit -","isPartOf":{"@id":"https:\/\/veritasinfo.org\/#website"},"primaryImageOfPage":{"@id":"https:\/\/veritasinfo.org\/?p=35962#primaryimage"},"image":{"@id":"https:\/\/veritasinfo.org\/?p=35962#primaryimage"},"thumbnailUrl":"https:\/\/veritasinfo.org\/wp-content\/uploads\/2026\/03\/718951-g84VOQmjwr.jpeg","datePublished":"2026-03-05T06:17:13+00:00","author":{"@id":"https:\/\/veritasinfo.org\/#\/schema\/person\/fe199eede04c3937362892b7444747cc"},"breadcrumb":{"@id":"https:\/\/veritasinfo.org\/?p=35962#breadcrumb"},"inLanguage":"en-US","potentialAction":[{"@type":"ReadAction","target":["https:\/\/veritasinfo.org\/?p=35962"]}]},{"@type":"ImageObject","inLanguage":"en-US","@id":"https:\/\/veritasinfo.org\/?p=35962#primaryimage","url":"https:\/\/veritasinfo.org\/wp-content\/uploads\/2026\/03\/718951-g84VOQmjwr.jpeg","contentUrl":"https:\/\/veritasinfo.org\/wp-content\/uploads\/2026\/03\/718951-g84VOQmjwr.jpeg","width":780,"height":500},{"@type":"BreadcrumbList","@id":"https:\/\/veritasinfo.org\/?p=35962#breadcrumb","itemListElement":[{"@type":"ListItem","position":1,"name":"Home","item":"https:\/\/veritasinfo.org\/"},{"@type":"ListItem","position":2,"name":"Sot p\u00ebrfundon afati kushtetues p\u00ebr zgjedhjen e presidentit"}]},{"@type":"WebSite","@id":"https:\/\/veritasinfo.org\/#website","url":"https:\/\/veritasinfo.org\/","name":"","description":"","potentialAction":[{"@type":"SearchAction","target":{"@type":"EntryPoint","urlTemplate":"https:\/\/veritasinfo.org\/?s={search_term_string}"},"query-input":{"@type":"PropertyValueSpecification","valueRequired":true,"valueName":"search_term_string"}}],"inLanguage":"en-US"},{"@type":"Person","@id":"https:\/\/veritasinfo.org\/#\/schema\/person\/fe199eede04c3937362892b7444747cc","name":"US6","image":{"@type":"ImageObject","inLanguage":"en-US","@id":"https:\/\/veritasinfo.org\/#\/schema\/person\/image\/","url":"https:\/\/secure.gravatar.com\/avatar\/cb16c3c31c9d23b9b8c705964598220b3014e42ff51eb540ff23cefa3ae8c15f?s=96&d=mm&r=g","contentUrl":"https:\/\/secure.gravatar.com\/avatar\/cb16c3c31c9d23b9b8c705964598220b3014e42ff51eb540ff23cefa3ae8c15f?s=96&d=mm&r=g","caption":"US6"},"url":"https:\/\/veritasinfo.org\/?author=7"}]}},"featured_image_urls":{"full":["https:\/\/veritasinfo.org\/wp-content\/uploads\/2026\/03\/718951-g84VOQmjwr.jpeg",780,500,false],"thumbnail":["https:\/\/veritasinfo.org\/wp-content\/uploads\/2026\/03\/718951-g84VOQmjwr-150x150.jpeg",150,150,true],"medium":["https:\/\/veritasinfo.org\/wp-content\/uploads\/2026\/03\/718951-g84VOQmjwr-300x192.jpeg",300,192,true],"medium_large":["https:\/\/veritasinfo.org\/wp-content\/uploads\/2026\/03\/718951-g84VOQmjwr-768x492.jpeg",640,410,true],"large":["https:\/\/veritasinfo.org\/wp-content\/uploads\/2026\/03\/718951-g84VOQmjwr.jpeg",640,410,false],"1536x1536":["https:\/\/veritasinfo.org\/wp-content\/uploads\/2026\/03\/718951-g84VOQmjwr.jpeg",780,500,false],"2048x2048":["https:\/\/veritasinfo.org\/wp-content\/uploads\/2026\/03\/718951-g84VOQmjwr.jpeg",780,500,false],"kreeti-slider-full":["https:\/\/veritasinfo.org\/wp-content\/uploads\/2026\/03\/718951-g84VOQmjwr.jpeg",780,500,false],"kreeti-featured":["https:\/\/veritasinfo.org\/wp-content\/uploads\/2026\/03\/718951-g84VOQmjwr.jpeg",780,500,false],"kreeti-medium":["https:\/\/veritasinfo.org\/wp-content\/uploads\/2026\/03\/718951-g84VOQmjwr.jpeg",720,462,false],"kreeti-medium-square":["https:\/\/veritasinfo.org\/wp-content\/uploads\/2026\/03\/718951-g84VOQmjwr.jpeg",350,224,false]},"author_info":{"info":["US6"]},"category_info":"<a href=\"https:\/\/veritasinfo.org\/?cat=58\" rel=\"category\">Politik\u00eb<\/a>","tag_info":"Politik\u00eb","comment_count":"0","_links":{"self":[{"href":"https:\/\/veritasinfo.org\/index.php?rest_route=\/wp\/v2\/posts\/35962","targetHints":{"allow":["GET"]}}],"collection":[{"href":"https:\/\/veritasinfo.org\/index.php?rest_route=\/wp\/v2\/posts"}],"about":[{"href":"https:\/\/veritasinfo.org\/index.php?rest_route=\/wp\/v2\/types\/post"}],"author":[{"embeddable":true,"href":"https:\/\/veritasinfo.org\/index.php?rest_route=\/wp\/v2\/users\/7"}],"replies":[{"embeddable":true,"href":"https:\/\/veritasinfo.org\/index.php?rest_route=%2Fwp%2Fv2%2Fcomments&post=35962"}],"version-history":[{"count":1,"href":"https:\/\/veritasinfo.org\/index.php?rest_route=\/wp\/v2\/posts\/35962\/revisions"}],"predecessor-version":[{"id":35964,"href":"https:\/\/veritasinfo.org\/index.php?rest_route=\/wp\/v2\/posts\/35962\/revisions\/35964"}],"wp:featuredmedia":[{"embeddable":true,"href":"https:\/\/veritasinfo.org\/index.php?rest_route=\/wp\/v2\/media\/35963"}],"wp:attachment":[{"href":"https:\/\/veritasinfo.org\/index.php?rest_route=%2Fwp%2Fv2%2Fmedia&parent=35962"}],"wp:term":[{"taxonomy":"category","embeddable":true,"href":"https:\/\/veritasinfo.org\/index.php?rest_route=%2Fwp%2Fv2%2Fcategories&post=35962"},{"taxonomy":"post_tag","embeddable":true,"href":"https:\/\/veritasinfo.org\/index.php?rest_route=%2Fwp%2Fv2%2Ftags&post=35962"}],"curies":[{"name":"wp","href":"https:\/\/api.w.org\/{rel}","templated":true}]}}