{"id":35940,"date":"2026-03-04T19:35:14","date_gmt":"2026-03-04T18:35:14","guid":{"rendered":"https:\/\/veritasinfo.org\/?p=35940"},"modified":"2026-03-04T19:37:41","modified_gmt":"2026-03-04T18:37:41","slug":"haxhiu-deri-tani-vetem-nje-kandidat-per-president-nuk-mund-te-therras-seance","status":"publish","type":"post","link":"https:\/\/veritasinfo.org\/?p=35940","title":{"rendered":"Haxhiu: Deri tani vet\u00ebm nj\u00eb kandidat p\u00ebr president, nuk mund t\u00eb th\u00ebrras seanc\u00eb"},"content":{"rendered":"<p>Prishtin\u00eb, 4 mars 2026 19:38<\/p>\n<p>Kryetarja e Kuvendit t\u00eb Kosov\u00ebs, Albulena Haxhiu ka th\u00ebn\u00eb se deri m\u00eb tani ka pranuar vet\u00ebm nj\u00eb kandidatur\u00eb p\u00ebr president.<\/p>\n<p>Haxhiu ka th\u00ebn\u00eb se kandidatura \u00ebsht\u00eb propozuar nga 30 deputet\u00eb, ku i nominuar \u00ebsht\u00eb Glauk Konjufca.<\/p>\n<p>\u201cProcedura p\u00ebr zgjedhjen e presidentit k\u00ebrkon q\u00eb n\u00eb proces duhet t\u00eb jen\u00eb s\u00eb paku dy kandidat\u00eb. Procesi i votimit nuk mund t\u00eb filloj\u00eb pa u p\u00ebrmbushur ky kusht themelor\u201d, ka th\u00ebn\u00eb ajo n\u00eb konferenc\u00ebn p\u00ebr media, raporton teve1.info<\/p>\n<p>Haxhiu u ka b\u00ebr\u00eb thirrje partive q\u00eb japin n\u00ebnshkrimet dhe t\u00eb s\u00eb paku dy kandidat\u00eb p\u00ebr president<\/p>\n","protected":false},"excerpt":{"rendered":"<p>Prishtin\u00eb, 4 mars 2026 19:38 Kryetarja e Kuvendit t\u00eb Kosov\u00ebs, Albulena Haxhiu ka th\u00ebn\u00eb se deri m\u00eb tani ka pranuar vet\u00ebm nj\u00eb kandidatur\u00eb p\u00ebr president.<\/p>\n","protected":false},"author":7,"featured_media":35941,"comment_status":"open","ping_status":"open","sticky":false,"template":"","format":"standard","meta":{"footnotes":""},"categories":[58],"tags":[],"class_list":["post-35940","post","type-post","status-publish","format-standard","has-post-thumbnail","hentry","category-politike-sq"],"yoast_head":"<!-- This site is optimized with the Yoast SEO plugin v25.3.1 - https:\/\/yoast.com\/wordpress\/plugins\/seo\/ -->\n<title>Haxhiu: Deri tani vet\u00ebm nj\u00eb kandidat p\u00ebr president, nuk mund t\u00eb th\u00ebrras seanc\u00eb -<\/title>\n<meta name=\"robots\" content=\"index, follow, max-snippet:-1, max-image-preview:large, max-video-preview:-1\" \/>\n<link rel=\"canonical\" href=\"https:\/\/veritasinfo.org\/?p=35940\" \/>\n<meta property=\"og:locale\" content=\"en_US\" \/>\n<meta property=\"og:type\" content=\"article\" \/>\n<meta property=\"og:title\" content=\"Haxhiu: Deri tani vet\u00ebm nj\u00eb kandidat p\u00ebr president, nuk mund t\u00eb th\u00ebrras seanc\u00eb -\" \/>\n<meta property=\"og:description\" content=\"Prishtin\u00eb, 4 mars 2026 19:38 Kryetarja e Kuvendit t\u00eb Kosov\u00ebs, Albulena Haxhiu ka th\u00ebn\u00eb se deri m\u00eb tani ka pranuar vet\u00ebm nj\u00eb kandidatur\u00eb p\u00ebr president.\" \/>\n<meta property=\"og:url\" content=\"https:\/\/veritasinfo.org\/?p=35940\" \/>\n<meta property=\"article:published_time\" content=\"2026-03-04T18:35:14+00:00\" \/>\n<meta property=\"article:modified_time\" content=\"2026-03-04T18:37:41+00:00\" \/>\n<meta property=\"og:image\" content=\"https:\/\/veritasinfo.org\/wp-content\/uploads\/2026\/03\/images-5.jpeg\" \/>\n\t<meta property=\"og:image:width\" content=\"554\" \/>\n\t<meta property=\"og:image:height\" content=\"554\" \/>\n\t<meta property=\"og:image:type\" content=\"image\/jpeg\" \/>\n<meta name=\"author\" content=\"US6\" \/>\n<meta name=\"twitter:card\" content=\"summary_large_image\" \/>\n<meta name=\"twitter:label1\" content=\"Written by\" \/>\n\t<meta name=\"twitter:data1\" content=\"US6\" \/>\n\t<meta name=\"twitter:label2\" content=\"Est. reading time\" \/>\n\t<meta name=\"twitter:data2\" content=\"1 minute\" \/>\n<script type=\"application\/ld+json\" class=\"yoast-schema-graph\">{\"@context\":\"https:\/\/schema.org\",\"@graph\":[{\"@type\":\"WebPage\",\"@id\":\"https:\/\/veritasinfo.org\/?p=35940\",\"url\":\"https:\/\/veritasinfo.org\/?p=35940\",\"name\":\"Haxhiu: Deri tani vet\u00ebm nj\u00eb kandidat p\u00ebr president, nuk mund t\u00eb th\u00ebrras seanc\u00eb -\",\"isPartOf\":{\"@id\":\"https:\/\/veritasinfo.org\/#website\"},\"primaryImageOfPage\":{\"@id\":\"https:\/\/veritasinfo.org\/?p=35940#primaryimage\"},\"image\":{\"@id\":\"https:\/\/veritasinfo.org\/?p=35940#primaryimage\"},\"thumbnailUrl\":\"https:\/\/veritasinfo.org\/wp-content\/uploads\/2026\/03\/images-5.jpeg\",\"datePublished\":\"2026-03-04T18:35:14+00:00\",\"dateModified\":\"2026-03-04T18:37:41+00:00\",\"author\":{\"@id\":\"https:\/\/veritasinfo.org\/#\/schema\/person\/fe199eede04c3937362892b7444747cc\"},\"breadcrumb\":{\"@id\":\"https:\/\/veritasinfo.org\/?p=35940#breadcrumb\"},\"inLanguage\":\"en-US\",\"potentialAction\":[{\"@type\":\"ReadAction\",\"target\":[\"https:\/\/veritasinfo.org\/?p=35940\"]}]},{\"@type\":\"ImageObject\",\"inLanguage\":\"en-US\",\"@id\":\"https:\/\/veritasinfo.org\/?p=35940#primaryimage\",\"url\":\"https:\/\/veritasinfo.org\/wp-content\/uploads\/2026\/03\/images-5.jpeg\",\"contentUrl\":\"https:\/\/veritasinfo.org\/wp-content\/uploads\/2026\/03\/images-5.jpeg\",\"width\":554,\"height\":554},{\"@type\":\"BreadcrumbList\",\"@id\":\"https:\/\/veritasinfo.org\/?p=35940#breadcrumb\",\"itemListElement\":[{\"@type\":\"ListItem\",\"position\":1,\"name\":\"Home\",\"item\":\"https:\/\/veritasinfo.org\/\"},{\"@type\":\"ListItem\",\"position\":2,\"name\":\"Haxhiu: Deri tani vet\u00ebm nj\u00eb kandidat p\u00ebr president, nuk mund t\u00eb th\u00ebrras seanc\u00eb\"}]},{\"@type\":\"WebSite\",\"@id\":\"https:\/\/veritasinfo.org\/#website\",\"url\":\"https:\/\/veritasinfo.org\/\",\"name\":\"\",\"description\":\"\",\"potentialAction\":[{\"@type\":\"SearchAction\",\"target\":{\"@type\":\"EntryPoint\",\"urlTemplate\":\"https:\/\/veritasinfo.org\/?s={search_term_string}\"},\"query-input\":{\"@type\":\"PropertyValueSpecification\",\"valueRequired\":true,\"valueName\":\"search_term_string\"}}],\"inLanguage\":\"en-US\"},{\"@type\":\"Person\",\"@id\":\"https:\/\/veritasinfo.org\/#\/schema\/person\/fe199eede04c3937362892b7444747cc\",\"name\":\"US6\",\"image\":{\"@type\":\"ImageObject\",\"inLanguage\":\"en-US\",\"@id\":\"https:\/\/veritasinfo.org\/#\/schema\/person\/image\/\",\"url\":\"https:\/\/secure.gravatar.com\/avatar\/cb16c3c31c9d23b9b8c705964598220b3014e42ff51eb540ff23cefa3ae8c15f?s=96&d=mm&r=g\",\"contentUrl\":\"https:\/\/secure.gravatar.com\/avatar\/cb16c3c31c9d23b9b8c705964598220b3014e42ff51eb540ff23cefa3ae8c15f?s=96&d=mm&r=g\",\"caption\":\"US6\"},\"url\":\"https:\/\/veritasinfo.org\/?author=7\"}]}<\/script>\n<!-- \/ Yoast SEO plugin. -->","yoast_head_json":{"title":"Haxhiu: Deri tani vet\u00ebm nj\u00eb kandidat p\u00ebr president, nuk mund t\u00eb th\u00ebrras seanc\u00eb -","robots":{"index":"index","follow":"follow","max-snippet":"max-snippet:-1","max-image-preview":"max-image-preview:large","max-video-preview":"max-video-preview:-1"},"canonical":"https:\/\/veritasinfo.org\/?p=35940","og_locale":"en_US","og_type":"article","og_title":"Haxhiu: Deri tani vet\u00ebm nj\u00eb kandidat p\u00ebr president, nuk mund t\u00eb th\u00ebrras seanc\u00eb -","og_description":"Prishtin\u00eb, 4 mars 2026 19:38 Kryetarja e Kuvendit t\u00eb Kosov\u00ebs, Albulena Haxhiu ka th\u00ebn\u00eb se deri m\u00eb tani ka pranuar vet\u00ebm nj\u00eb kandidatur\u00eb p\u00ebr president.","og_url":"https:\/\/veritasinfo.org\/?p=35940","article_published_time":"2026-03-04T18:35:14+00:00","article_modified_time":"2026-03-04T18:37:41+00:00","og_image":[{"width":554,"height":554,"url":"https:\/\/veritasinfo.org\/wp-content\/uploads\/2026\/03\/images-5.jpeg","type":"image\/jpeg"}],"author":"US6","twitter_card":"summary_large_image","twitter_misc":{"Written by":"US6","Est. reading time":"1 minute"},"schema":{"@context":"https:\/\/schema.org","@graph":[{"@type":"WebPage","@id":"https:\/\/veritasinfo.org\/?p=35940","url":"https:\/\/veritasinfo.org\/?p=35940","name":"Haxhiu: Deri tani vet\u00ebm nj\u00eb kandidat p\u00ebr president, nuk mund t\u00eb th\u00ebrras seanc\u00eb -","isPartOf":{"@id":"https:\/\/veritasinfo.org\/#website"},"primaryImageOfPage":{"@id":"https:\/\/veritasinfo.org\/?p=35940#primaryimage"},"image":{"@id":"https:\/\/veritasinfo.org\/?p=35940#primaryimage"},"thumbnailUrl":"https:\/\/veritasinfo.org\/wp-content\/uploads\/2026\/03\/images-5.jpeg","datePublished":"2026-03-04T18:35:14+00:00","dateModified":"2026-03-04T18:37:41+00:00","author":{"@id":"https:\/\/veritasinfo.org\/#\/schema\/person\/fe199eede04c3937362892b7444747cc"},"breadcrumb":{"@id":"https:\/\/veritasinfo.org\/?p=35940#breadcrumb"},"inLanguage":"en-US","potentialAction":[{"@type":"ReadAction","target":["https:\/\/veritasinfo.org\/?p=35940"]}]},{"@type":"ImageObject","inLanguage":"en-US","@id":"https:\/\/veritasinfo.org\/?p=35940#primaryimage","url":"https:\/\/veritasinfo.org\/wp-content\/uploads\/2026\/03\/images-5.jpeg","contentUrl":"https:\/\/veritasinfo.org\/wp-content\/uploads\/2026\/03\/images-5.jpeg","width":554,"height":554},{"@type":"BreadcrumbList","@id":"https:\/\/veritasinfo.org\/?p=35940#breadcrumb","itemListElement":[{"@type":"ListItem","position":1,"name":"Home","item":"https:\/\/veritasinfo.org\/"},{"@type":"ListItem","position":2,"name":"Haxhiu: Deri tani vet\u00ebm nj\u00eb kandidat p\u00ebr president, nuk mund t\u00eb th\u00ebrras seanc\u00eb"}]},{"@type":"WebSite","@id":"https:\/\/veritasinfo.org\/#website","url":"https:\/\/veritasinfo.org\/","name":"","description":"","potentialAction":[{"@type":"SearchAction","target":{"@type":"EntryPoint","urlTemplate":"https:\/\/veritasinfo.org\/?s={search_term_string}"},"query-input":{"@type":"PropertyValueSpecification","valueRequired":true,"valueName":"search_term_string"}}],"inLanguage":"en-US"},{"@type":"Person","@id":"https:\/\/veritasinfo.org\/#\/schema\/person\/fe199eede04c3937362892b7444747cc","name":"US6","image":{"@type":"ImageObject","inLanguage":"en-US","@id":"https:\/\/veritasinfo.org\/#\/schema\/person\/image\/","url":"https:\/\/secure.gravatar.com\/avatar\/cb16c3c31c9d23b9b8c705964598220b3014e42ff51eb540ff23cefa3ae8c15f?s=96&d=mm&r=g","contentUrl":"https:\/\/secure.gravatar.com\/avatar\/cb16c3c31c9d23b9b8c705964598220b3014e42ff51eb540ff23cefa3ae8c15f?s=96&d=mm&r=g","caption":"US6"},"url":"https:\/\/veritasinfo.org\/?author=7"}]}},"featured_image_urls":{"full":["https:\/\/veritasinfo.org\/wp-content\/uploads\/2026\/03\/images-5.jpeg",554,554,false],"thumbnail":["https:\/\/veritasinfo.org\/wp-content\/uploads\/2026\/03\/images-5-150x150.jpeg",150,150,true],"medium":["https:\/\/veritasinfo.org\/wp-content\/uploads\/2026\/03\/images-5-300x300.jpeg",300,300,true],"medium_large":["https:\/\/veritasinfo.org\/wp-content\/uploads\/2026\/03\/images-5.jpeg",554,554,false],"large":["https:\/\/veritasinfo.org\/wp-content\/uploads\/2026\/03\/images-5.jpeg",554,554,false],"1536x1536":["https:\/\/veritasinfo.org\/wp-content\/uploads\/2026\/03\/images-5.jpeg",554,554,false],"2048x2048":["https:\/\/veritasinfo.org\/wp-content\/uploads\/2026\/03\/images-5.jpeg",554,554,false],"kreeti-slider-full":["https:\/\/veritasinfo.org\/wp-content\/uploads\/2026\/03\/images-5.jpeg",554,554,false],"kreeti-featured":["https:\/\/veritasinfo.org\/wp-content\/uploads\/2026\/03\/images-5.jpeg",554,554,false],"kreeti-medium":["https:\/\/veritasinfo.org\/wp-content\/uploads\/2026\/03\/images-5.jpeg",530,530,false],"kreeti-medium-square":["https:\/\/veritasinfo.org\/wp-content\/uploads\/2026\/03\/images-5.jpeg",350,350,false]},"author_info":{"info":["US6"]},"category_info":"<a href=\"https:\/\/veritasinfo.org\/?cat=58\" rel=\"category\">Politik\u00eb<\/a>","tag_info":"Politik\u00eb","comment_count":"0","_links":{"self":[{"href":"https:\/\/veritasinfo.org\/index.php?rest_route=\/wp\/v2\/posts\/35940","targetHints":{"allow":["GET"]}}],"collection":[{"href":"https:\/\/veritasinfo.org\/index.php?rest_route=\/wp\/v2\/posts"}],"about":[{"href":"https:\/\/veritasinfo.org\/index.php?rest_route=\/wp\/v2\/types\/post"}],"author":[{"embeddable":true,"href":"https:\/\/veritasinfo.org\/index.php?rest_route=\/wp\/v2\/users\/7"}],"replies":[{"embeddable":true,"href":"https:\/\/veritasinfo.org\/index.php?rest_route=%2Fwp%2Fv2%2Fcomments&post=35940"}],"version-history":[{"count":3,"href":"https:\/\/veritasinfo.org\/index.php?rest_route=\/wp\/v2\/posts\/35940\/revisions"}],"predecessor-version":[{"id":35944,"href":"https:\/\/veritasinfo.org\/index.php?rest_route=\/wp\/v2\/posts\/35940\/revisions\/35944"}],"wp:featuredmedia":[{"embeddable":true,"href":"https:\/\/veritasinfo.org\/index.php?rest_route=\/wp\/v2\/media\/35941"}],"wp:attachment":[{"href":"https:\/\/veritasinfo.org\/index.php?rest_route=%2Fwp%2Fv2%2Fmedia&parent=35940"}],"wp:term":[{"taxonomy":"category","embeddable":true,"href":"https:\/\/veritasinfo.org\/index.php?rest_route=%2Fwp%2Fv2%2Fcategories&post=35940"},{"taxonomy":"post_tag","embeddable":true,"href":"https:\/\/veritasinfo.org\/index.php?rest_route=%2Fwp%2Fv2%2Ftags&post=35940"}],"curies":[{"name":"wp","href":"https:\/\/api.w.org\/{rel}","templated":true}]}}