{"id":35870,"date":"2026-03-04T12:02:58","date_gmt":"2026-03-04T11:02:58","guid":{"rendered":"https:\/\/veritasinfo.org\/?p=35870"},"modified":"2026-03-04T12:02:58","modified_gmt":"2026-03-04T11:02:58","slug":"koncert-festiv-ne-oslo-per-18-vjetorin-e-pavaresise-se-kosove","status":"publish","type":"post","link":"https:\/\/veritasinfo.org\/?p=35870","title":{"rendered":"Koncert festiv n\u00eb Oslo p\u00ebr 18-vjetorin e Pavar\u00ebsis\u00eb s\u00eb Kosov\u00eb"},"content":{"rendered":"<p>Prishtin\u00eb 4 Mars 2026 12:02<\/p>\n<p>N\u00eb kuad\u00ebr t\u00eb sh\u00ebnimit t\u00eb 18-vjetorit t\u00eb Pavar\u00ebsis\u00eb s\u00eb Republik\u00ebs s\u00eb Kosov\u00ebs, Ambasada e Republik\u00ebs s\u00eb Kosov\u00ebs n\u00eb Norvegji, n\u00eb bashk\u00ebpunim me Filharmonin\u00eb e Kosov\u00ebs, organizon nj\u00eb mbr\u00ebmje t\u00eb ve\u00e7ant\u00eb koncertale n\u00eb Oslo.<\/p>\n<p>Koncerti do t\u00eb mbahet m\u00eb 5 mars 2026, duke filluar nga ora 18:00, n\u00eb ambientet e Oslo Konserthus (Lille Sal).<\/p>\n<p>N\u00eb k\u00ebt\u00eb mbr\u00ebmje festive do t\u00eb performoj\u00eb \u201cReverie Quartet\u201d, i p\u00ebrb\u00ebr\u00eb nga an\u00ebtar\u00eb t\u00eb Filharmonis\u00eb s\u00eb Kosov\u00ebs, s\u00eb bashku me sopranon e njohur Besa Llugiqi. Programi i koncertit p\u00ebrfshin vepra nga mjesht\u00ebrit e muzik\u00ebs klasike bot\u00ebrore, si dhe perla t\u00eb p\u00ebrzgjedhura nga krijimtaria muzikore shqiptare.<\/p>\n<p>Sipas Ambasad\u00ebs s\u00eb Republik\u00ebs s\u00eb Kosov\u00ebs n\u00eb Norvegji ky aktivitet synon t\u00eb promovoj\u00eb kultur\u00ebn dhe artin kosovar n\u00eb Norvegji, duke forcuar lidhjet kulturore mes dy vendeve dhe duke ofruar p\u00ebr publikun nj\u00eb p\u00ebrjetim t\u00eb ve\u00e7ant\u00eb artistik.<\/p>\n<p>Ambasada ka ftuar bashkatdhetar\u00ebt dhe artdash\u00ebsit n\u00eb Oslo q\u00eb t\u00eb b\u00ebhen pjes\u00eb e k\u00ebsaj mbr\u00ebmjeje solemne me muzik\u00ebn e Kosov\u00ebs.<\/p>\n","protected":false},"excerpt":{"rendered":"<p>Prishtin\u00eb 4 Mars 2026 12:02 N\u00eb kuad\u00ebr t\u00eb sh\u00ebnimit t\u00eb 18-vjetorit t\u00eb Pavar\u00ebsis\u00eb s\u00eb Republik\u00ebs s\u00eb Kosov\u00ebs, Ambasada e Republik\u00ebs s\u00eb Kosov\u00ebs n\u00eb Norvegji, n\u00eb<\/p>\n","protected":false},"author":6,"featured_media":35871,"comment_status":"open","ping_status":"open","sticky":false,"template":"","format":"standard","meta":{"footnotes":""},"categories":[54],"tags":[],"class_list":["post-35870","post","type-post","status-publish","format-standard","has-post-thumbnail","hentry","category-kulture-sq"],"yoast_head":"<!-- This site is optimized with the Yoast SEO plugin v25.3.1 - https:\/\/yoast.com\/wordpress\/plugins\/seo\/ -->\n<title>Koncert festiv n\u00eb Oslo p\u00ebr 18-vjetorin e Pavar\u00ebsis\u00eb s\u00eb Kosov\u00eb -<\/title>\n<meta name=\"robots\" content=\"index, follow, max-snippet:-1, max-image-preview:large, max-video-preview:-1\" \/>\n<link rel=\"canonical\" href=\"https:\/\/veritasinfo.org\/?p=35870\" \/>\n<meta property=\"og:locale\" content=\"en_US\" \/>\n<meta property=\"og:type\" content=\"article\" \/>\n<meta property=\"og:title\" content=\"Koncert festiv n\u00eb Oslo p\u00ebr 18-vjetorin e Pavar\u00ebsis\u00eb s\u00eb Kosov\u00eb -\" \/>\n<meta property=\"og:description\" content=\"Prishtin\u00eb 4 Mars 2026 12:02 N\u00eb kuad\u00ebr t\u00eb sh\u00ebnimit t\u00eb 18-vjetorit t\u00eb Pavar\u00ebsis\u00eb s\u00eb Republik\u00ebs s\u00eb Kosov\u00ebs, Ambasada e Republik\u00ebs s\u00eb Kosov\u00ebs n\u00eb Norvegji, n\u00eb\" \/>\n<meta property=\"og:url\" content=\"https:\/\/veritasinfo.org\/?p=35870\" \/>\n<meta property=\"article:published_time\" content=\"2026-03-04T11:02:58+00:00\" \/>\n<meta property=\"og:image\" content=\"https:\/\/veritasinfo.org\/wp-content\/uploads\/2026\/03\/718867-87WoXCygCy.jpg\" \/>\n\t<meta property=\"og:image:width\" content=\"780\" \/>\n\t<meta property=\"og:image:height\" content=\"500\" \/>\n\t<meta property=\"og:image:type\" content=\"image\/jpeg\" \/>\n<meta name=\"author\" content=\"US5\" \/>\n<meta name=\"twitter:card\" content=\"summary_large_image\" \/>\n<meta name=\"twitter:label1\" content=\"Written by\" \/>\n\t<meta name=\"twitter:data1\" content=\"US5\" \/>\n<script type=\"application\/ld+json\" class=\"yoast-schema-graph\">{\"@context\":\"https:\/\/schema.org\",\"@graph\":[{\"@type\":\"WebPage\",\"@id\":\"https:\/\/veritasinfo.org\/?p=35870\",\"url\":\"https:\/\/veritasinfo.org\/?p=35870\",\"name\":\"Koncert festiv n\u00eb Oslo p\u00ebr 18-vjetorin e Pavar\u00ebsis\u00eb s\u00eb Kosov\u00eb -\",\"isPartOf\":{\"@id\":\"https:\/\/veritasinfo.org\/#website\"},\"primaryImageOfPage\":{\"@id\":\"https:\/\/veritasinfo.org\/?p=35870#primaryimage\"},\"image\":{\"@id\":\"https:\/\/veritasinfo.org\/?p=35870#primaryimage\"},\"thumbnailUrl\":\"https:\/\/veritasinfo.org\/wp-content\/uploads\/2026\/03\/718867-87WoXCygCy.jpg\",\"datePublished\":\"2026-03-04T11:02:58+00:00\",\"author\":{\"@id\":\"https:\/\/veritasinfo.org\/#\/schema\/person\/bc442336e35414d04494ab8fb45db4c6\"},\"breadcrumb\":{\"@id\":\"https:\/\/veritasinfo.org\/?p=35870#breadcrumb\"},\"inLanguage\":\"en-US\",\"potentialAction\":[{\"@type\":\"ReadAction\",\"target\":[\"https:\/\/veritasinfo.org\/?p=35870\"]}]},{\"@type\":\"ImageObject\",\"inLanguage\":\"en-US\",\"@id\":\"https:\/\/veritasinfo.org\/?p=35870#primaryimage\",\"url\":\"https:\/\/veritasinfo.org\/wp-content\/uploads\/2026\/03\/718867-87WoXCygCy.jpg\",\"contentUrl\":\"https:\/\/veritasinfo.org\/wp-content\/uploads\/2026\/03\/718867-87WoXCygCy.jpg\",\"width\":780,\"height\":500},{\"@type\":\"BreadcrumbList\",\"@id\":\"https:\/\/veritasinfo.org\/?p=35870#breadcrumb\",\"itemListElement\":[{\"@type\":\"ListItem\",\"position\":1,\"name\":\"Home\",\"item\":\"https:\/\/veritasinfo.org\/\"},{\"@type\":\"ListItem\",\"position\":2,\"name\":\"Koncert festiv n\u00eb Oslo p\u00ebr 18-vjetorin e Pavar\u00ebsis\u00eb s\u00eb Kosov\u00eb\"}]},{\"@type\":\"WebSite\",\"@id\":\"https:\/\/veritasinfo.org\/#website\",\"url\":\"https:\/\/veritasinfo.org\/\",\"name\":\"\",\"description\":\"\",\"potentialAction\":[{\"@type\":\"SearchAction\",\"target\":{\"@type\":\"EntryPoint\",\"urlTemplate\":\"https:\/\/veritasinfo.org\/?s={search_term_string}\"},\"query-input\":{\"@type\":\"PropertyValueSpecification\",\"valueRequired\":true,\"valueName\":\"search_term_string\"}}],\"inLanguage\":\"en-US\"},{\"@type\":\"Person\",\"@id\":\"https:\/\/veritasinfo.org\/#\/schema\/person\/bc442336e35414d04494ab8fb45db4c6\",\"name\":\"US5\",\"image\":{\"@type\":\"ImageObject\",\"inLanguage\":\"en-US\",\"@id\":\"https:\/\/veritasinfo.org\/#\/schema\/person\/image\/\",\"url\":\"https:\/\/secure.gravatar.com\/avatar\/16a61e7272a0c5d001121ebb9e60e925d5816e4ac1e443ed3e640d9a6ae55d0c?s=96&d=mm&r=g\",\"contentUrl\":\"https:\/\/secure.gravatar.com\/avatar\/16a61e7272a0c5d001121ebb9e60e925d5816e4ac1e443ed3e640d9a6ae55d0c?s=96&d=mm&r=g\",\"caption\":\"US5\"},\"url\":\"https:\/\/veritasinfo.org\/?author=6\"}]}<\/script>\n<!-- \/ Yoast SEO plugin. -->","yoast_head_json":{"title":"Koncert festiv n\u00eb Oslo p\u00ebr 18-vjetorin e Pavar\u00ebsis\u00eb s\u00eb Kosov\u00eb -","robots":{"index":"index","follow":"follow","max-snippet":"max-snippet:-1","max-image-preview":"max-image-preview:large","max-video-preview":"max-video-preview:-1"},"canonical":"https:\/\/veritasinfo.org\/?p=35870","og_locale":"en_US","og_type":"article","og_title":"Koncert festiv n\u00eb Oslo p\u00ebr 18-vjetorin e Pavar\u00ebsis\u00eb s\u00eb Kosov\u00eb -","og_description":"Prishtin\u00eb 4 Mars 2026 12:02 N\u00eb kuad\u00ebr t\u00eb sh\u00ebnimit t\u00eb 18-vjetorit t\u00eb Pavar\u00ebsis\u00eb s\u00eb Republik\u00ebs s\u00eb Kosov\u00ebs, Ambasada e Republik\u00ebs s\u00eb Kosov\u00ebs n\u00eb Norvegji, n\u00eb","og_url":"https:\/\/veritasinfo.org\/?p=35870","article_published_time":"2026-03-04T11:02:58+00:00","og_image":[{"width":780,"height":500,"url":"https:\/\/veritasinfo.org\/wp-content\/uploads\/2026\/03\/718867-87WoXCygCy.jpg","type":"image\/jpeg"}],"author":"US5","twitter_card":"summary_large_image","twitter_misc":{"Written by":"US5"},"schema":{"@context":"https:\/\/schema.org","@graph":[{"@type":"WebPage","@id":"https:\/\/veritasinfo.org\/?p=35870","url":"https:\/\/veritasinfo.org\/?p=35870","name":"Koncert festiv n\u00eb Oslo p\u00ebr 18-vjetorin e Pavar\u00ebsis\u00eb s\u00eb Kosov\u00eb -","isPartOf":{"@id":"https:\/\/veritasinfo.org\/#website"},"primaryImageOfPage":{"@id":"https:\/\/veritasinfo.org\/?p=35870#primaryimage"},"image":{"@id":"https:\/\/veritasinfo.org\/?p=35870#primaryimage"},"thumbnailUrl":"https:\/\/veritasinfo.org\/wp-content\/uploads\/2026\/03\/718867-87WoXCygCy.jpg","datePublished":"2026-03-04T11:02:58+00:00","author":{"@id":"https:\/\/veritasinfo.org\/#\/schema\/person\/bc442336e35414d04494ab8fb45db4c6"},"breadcrumb":{"@id":"https:\/\/veritasinfo.org\/?p=35870#breadcrumb"},"inLanguage":"en-US","potentialAction":[{"@type":"ReadAction","target":["https:\/\/veritasinfo.org\/?p=35870"]}]},{"@type":"ImageObject","inLanguage":"en-US","@id":"https:\/\/veritasinfo.org\/?p=35870#primaryimage","url":"https:\/\/veritasinfo.org\/wp-content\/uploads\/2026\/03\/718867-87WoXCygCy.jpg","contentUrl":"https:\/\/veritasinfo.org\/wp-content\/uploads\/2026\/03\/718867-87WoXCygCy.jpg","width":780,"height":500},{"@type":"BreadcrumbList","@id":"https:\/\/veritasinfo.org\/?p=35870#breadcrumb","itemListElement":[{"@type":"ListItem","position":1,"name":"Home","item":"https:\/\/veritasinfo.org\/"},{"@type":"ListItem","position":2,"name":"Koncert festiv n\u00eb Oslo p\u00ebr 18-vjetorin e Pavar\u00ebsis\u00eb s\u00eb Kosov\u00eb"}]},{"@type":"WebSite","@id":"https:\/\/veritasinfo.org\/#website","url":"https:\/\/veritasinfo.org\/","name":"","description":"","potentialAction":[{"@type":"SearchAction","target":{"@type":"EntryPoint","urlTemplate":"https:\/\/veritasinfo.org\/?s={search_term_string}"},"query-input":{"@type":"PropertyValueSpecification","valueRequired":true,"valueName":"search_term_string"}}],"inLanguage":"en-US"},{"@type":"Person","@id":"https:\/\/veritasinfo.org\/#\/schema\/person\/bc442336e35414d04494ab8fb45db4c6","name":"US5","image":{"@type":"ImageObject","inLanguage":"en-US","@id":"https:\/\/veritasinfo.org\/#\/schema\/person\/image\/","url":"https:\/\/secure.gravatar.com\/avatar\/16a61e7272a0c5d001121ebb9e60e925d5816e4ac1e443ed3e640d9a6ae55d0c?s=96&d=mm&r=g","contentUrl":"https:\/\/secure.gravatar.com\/avatar\/16a61e7272a0c5d001121ebb9e60e925d5816e4ac1e443ed3e640d9a6ae55d0c?s=96&d=mm&r=g","caption":"US5"},"url":"https:\/\/veritasinfo.org\/?author=6"}]}},"featured_image_urls":{"full":["https:\/\/veritasinfo.org\/wp-content\/uploads\/2026\/03\/718867-87WoXCygCy.jpg",780,500,false],"thumbnail":["https:\/\/veritasinfo.org\/wp-content\/uploads\/2026\/03\/718867-87WoXCygCy-150x150.jpg",150,150,true],"medium":["https:\/\/veritasinfo.org\/wp-content\/uploads\/2026\/03\/718867-87WoXCygCy-300x192.jpg",300,192,true],"medium_large":["https:\/\/veritasinfo.org\/wp-content\/uploads\/2026\/03\/718867-87WoXCygCy-768x492.jpg",640,410,true],"large":["https:\/\/veritasinfo.org\/wp-content\/uploads\/2026\/03\/718867-87WoXCygCy.jpg",640,410,false],"1536x1536":["https:\/\/veritasinfo.org\/wp-content\/uploads\/2026\/03\/718867-87WoXCygCy.jpg",780,500,false],"2048x2048":["https:\/\/veritasinfo.org\/wp-content\/uploads\/2026\/03\/718867-87WoXCygCy.jpg",780,500,false],"kreeti-slider-full":["https:\/\/veritasinfo.org\/wp-content\/uploads\/2026\/03\/718867-87WoXCygCy.jpg",780,500,false],"kreeti-featured":["https:\/\/veritasinfo.org\/wp-content\/uploads\/2026\/03\/718867-87WoXCygCy.jpg",780,500,false],"kreeti-medium":["https:\/\/veritasinfo.org\/wp-content\/uploads\/2026\/03\/718867-87WoXCygCy.jpg",720,462,false],"kreeti-medium-square":["https:\/\/veritasinfo.org\/wp-content\/uploads\/2026\/03\/718867-87WoXCygCy.jpg",350,224,false]},"author_info":{"info":["US5"]},"category_info":"<a href=\"https:\/\/veritasinfo.org\/?cat=54\" rel=\"category\">Kultur\u00eb<\/a>","tag_info":"Kultur\u00eb","comment_count":"0","_links":{"self":[{"href":"https:\/\/veritasinfo.org\/index.php?rest_route=\/wp\/v2\/posts\/35870","targetHints":{"allow":["GET"]}}],"collection":[{"href":"https:\/\/veritasinfo.org\/index.php?rest_route=\/wp\/v2\/posts"}],"about":[{"href":"https:\/\/veritasinfo.org\/index.php?rest_route=\/wp\/v2\/types\/post"}],"author":[{"embeddable":true,"href":"https:\/\/veritasinfo.org\/index.php?rest_route=\/wp\/v2\/users\/6"}],"replies":[{"embeddable":true,"href":"https:\/\/veritasinfo.org\/index.php?rest_route=%2Fwp%2Fv2%2Fcomments&post=35870"}],"version-history":[{"count":1,"href":"https:\/\/veritasinfo.org\/index.php?rest_route=\/wp\/v2\/posts\/35870\/revisions"}],"predecessor-version":[{"id":35872,"href":"https:\/\/veritasinfo.org\/index.php?rest_route=\/wp\/v2\/posts\/35870\/revisions\/35872"}],"wp:featuredmedia":[{"embeddable":true,"href":"https:\/\/veritasinfo.org\/index.php?rest_route=\/wp\/v2\/media\/35871"}],"wp:attachment":[{"href":"https:\/\/veritasinfo.org\/index.php?rest_route=%2Fwp%2Fv2%2Fmedia&parent=35870"}],"wp:term":[{"taxonomy":"category","embeddable":true,"href":"https:\/\/veritasinfo.org\/index.php?rest_route=%2Fwp%2Fv2%2Fcategories&post=35870"},{"taxonomy":"post_tag","embeddable":true,"href":"https:\/\/veritasinfo.org\/index.php?rest_route=%2Fwp%2Fv2%2Ftags&post=35870"}],"curies":[{"name":"wp","href":"https:\/\/api.w.org\/{rel}","templated":true}]}}