{"id":3587,"date":"2025-07-12T20:50:29","date_gmt":"2025-07-12T18:50:29","guid":{"rendered":"https:\/\/veritasinfo.org\/?p=3587"},"modified":"2025-07-12T22:55:12","modified_gmt":"2025-07-12T20:55:12","slug":"debata-koja-je-potresla-bundestag-nemacki-poslanik-srbija-je-pocinila-genocid-na-kosovu","status":"publish","type":"post","link":"https:\/\/veritasinfo.org\/?p=3587&lang=sr","title":{"rendered":"Debata koja je potresla Bundestag \u2013 nema\u010dki poslanik: Srbija je po\u010dinila genocid na Kosovu"},"content":{"rendered":"<p>Berlin, 12. jul 2025.<\/p>\n<p>Nema\u010dki parlament \u2013 Bundestag, ju\u010de popodne odr\u017eao je vanrednu sednicu povodom 30. godi\u0161njice masakra u Srebrenici, kada su u julu 1995. godine snage bosanskih Srba ubile vi\u0161e od 8.000 bo\u0161nja\u010dkih mu\u0161karaca i de\u010daka.<\/p>\n<p>U javnom delu sednice prisustvovala su dvojica pre\u017eivelih \u017ertava genocida u Bosni, koji su ispra\u0107eni aplauzima. Me\u0111u gostima u Bundestagu bili su i ambasador Bosne i Hercegovine u Berlinu, Damir Arnaut, kao i ambasador Republike Kosova, Faruk Ajeti.<\/p>\n<p>Patnje i masakri koje su narodi Bosne i Kosova pretrpeli od strane Srbije spomenuti su u govorima nema\u010dkih poslanika. Posebno sna\u017ean govor odr\u017eao je poslanik vladaju\u0107e CDU partije, Michael Brand, koji je izazvao sna\u017enu reakciju u sali.<\/p>\n<p>\u201ePogre\u0161no je re\u0107i da je Putinov rat protiv Ukrajine prvi rat u Evropi posle Drugog svetskog rata. Ve\u0107 1991. godine, Srbija, uz podr\u0161ku Rusije, vodila je ratove protiv svojih suseda \u2013 1991. protiv Slovenije i Hrvatske, 1992. u Bosni i Hercegovini, i 1998\u20131999. na Kosovu. Evropa nije imala jasan stav. Umesto akcije \u2013 samo re\u010di\u201c, rekao je Brand.<\/p>\n<p>On je podsetio edhe na zloglasnu izjavu Aleksandra Vu\u010di\u0107a, tada mladog politi\u010dara, koji je pre tri decenije u Skup\u0161tini Srbije rekao:<br \/>\n\u201eAko vi ubijete jednog Srbina, mi \u0107emo ubiti sto Muslimana.\u201c<\/p>\n<p>Brand je naglasio se Vu\u010di\u0107 tada afirmisao u politici, kasnije postao ministar propagande Slobodana Milo\u0161evi\u0107a, a danas je predsednik Srbije.<br \/>\n\u201eDanas Vu\u010di\u0107 toleri\u0161e nasilje nad studentima i opozicijom, \u0161iri mr\u017enju prema Evropi i odr\u017eava bliske veze s Putinom. U srpskim medijima i \u0161kolskim ud\u017ebenicima, genocidi u Bosni i na Kosovu se pori\u010du, dok se ratni zlo\u010dinci slave kao heroji\u201c, tha Brand.<\/p>\n<p>Poslanici Bundestaga kritikovali su o\u0161tro me\u0111unarodnu zajednicu zbog njene neodlu\u010dnosti prema ratovima u biv\u0161oj Jugoslaviji, za koje su rekli da su podstaknuti od strane Srbije, dok su evropske sile, prema njihovim re\u010dima, previ\u0161e popustljive prema srpsko-rusko-kineskom savezu.<\/p>\n<p>Emotivan govor odr\u017eala je i poslanica Jasmina Hostert, ro\u0111ena u Sarajevu, koja je u ratu izgubila desnu ruku.<\/p>\n<p>Tenzije su nastale kada je poslanik ekstremno desne stranke uzeo re\u010d i relativizovao masakr u Srebrenici, dovode\u0107i u pitanje da li je uop\u0161te re\u010d o genocidu.<\/p>\n<p>Podsetimo, 23. maja pro\u0161le godine, Generalna skup\u0161tina Ujedinjenih nacija usvojila je Rezoluciju kojom se 11. jul progla\u0161ava Me\u0111unarodnim danom se\u0107anja na \u017ertve genocida u Srebrenici.<br \/>\nNema\u010dka je bila jedan od glavnih inicijatora te rezolucije.<\/p>\n","protected":false},"excerpt":{"rendered":"<p>Berlin, 12. jul 2025. Nema\u010dki parlament \u2013 Bundestag, ju\u010de popodne odr\u017eao je vanrednu sednicu povodom 30. godi\u0161njice masakra u Srebrenici, kada su u julu 1995.<\/p>\n","protected":false},"author":1,"featured_media":3585,"comment_status":"open","ping_status":"open","sticky":false,"template":"","format":"standard","meta":{"footnotes":""},"categories":[30],"tags":[],"class_list":["post-3587","post","type-post","status-publish","format-standard","has-post-thumbnail","hentry","category-drustvo"],"yoast_head":"<!-- This site is optimized with the Yoast SEO plugin v25.3.1 - https:\/\/yoast.com\/wordpress\/plugins\/seo\/ -->\n<title>Debata koja je potresla Bundestag \u2013 nema\u010dki poslanik: Srbija je po\u010dinila genocid na Kosovu -<\/title>\n<meta name=\"robots\" content=\"index, follow, max-snippet:-1, max-image-preview:large, max-video-preview:-1\" \/>\n<link rel=\"canonical\" href=\"https:\/\/veritasinfo.org\/?p=3587&lang=sr\" \/>\n<meta property=\"og:locale\" content=\"en_US\" \/>\n<meta property=\"og:type\" content=\"article\" \/>\n<meta property=\"og:title\" content=\"Debata koja je potresla Bundestag \u2013 nema\u010dki poslanik: Srbija je po\u010dinila genocid na Kosovu -\" \/>\n<meta property=\"og:description\" content=\"Berlin, 12. jul 2025. Nema\u010dki parlament \u2013 Bundestag, ju\u010de popodne odr\u017eao je vanrednu sednicu povodom 30. godi\u0161njice masakra u Srebrenici, kada su u julu 1995.\" \/>\n<meta property=\"og:url\" content=\"https:\/\/veritasinfo.org\/?p=3587&amp;lang=sr\" \/>\n<meta property=\"article:published_time\" content=\"2025-07-12T18:50:29+00:00\" \/>\n<meta property=\"article:modified_time\" content=\"2025-07-12T20:55:12+00:00\" \/>\n<meta property=\"og:image\" content=\"https:\/\/veritasinfo.org\/wp-content\/uploads\/2025\/07\/IMG_1991.png\" \/>\n\t<meta property=\"og:image:width\" content=\"848\" \/>\n\t<meta property=\"og:image:height\" content=\"527\" \/>\n\t<meta property=\"og:image:type\" content=\"image\/png\" \/>\n<meta name=\"author\" content=\"admin\" \/>\n<meta name=\"twitter:card\" content=\"summary_large_image\" \/>\n<meta name=\"twitter:label1\" content=\"Written by\" \/>\n\t<meta name=\"twitter:data1\" content=\"admin\" \/>\n\t<meta name=\"twitter:label2\" content=\"Est. reading time\" \/>\n\t<meta name=\"twitter:data2\" content=\"2 minutes\" \/>\n<script type=\"application\/ld+json\" class=\"yoast-schema-graph\">{\"@context\":\"https:\/\/schema.org\",\"@graph\":[{\"@type\":\"WebPage\",\"@id\":\"https:\/\/veritasinfo.org\/?p=3587&lang=sr\",\"url\":\"https:\/\/veritasinfo.org\/?p=3587&lang=sr\",\"name\":\"Debata koja je potresla Bundestag \u2013 nema\u010dki poslanik: Srbija je po\u010dinila genocid na Kosovu -\",\"isPartOf\":{\"@id\":\"https:\/\/veritasinfo.org\/#website\"},\"primaryImageOfPage\":{\"@id\":\"https:\/\/veritasinfo.org\/?p=3587&lang=sr#primaryimage\"},\"image\":{\"@id\":\"https:\/\/veritasinfo.org\/?p=3587&lang=sr#primaryimage\"},\"thumbnailUrl\":\"https:\/\/veritasinfo.org\/wp-content\/uploads\/2025\/07\/IMG_1991.png\",\"datePublished\":\"2025-07-12T18:50:29+00:00\",\"dateModified\":\"2025-07-12T20:55:12+00:00\",\"author\":{\"@id\":\"https:\/\/veritasinfo.org\/#\/schema\/person\/7701f8c088bece422266b100a712374f\"},\"breadcrumb\":{\"@id\":\"https:\/\/veritasinfo.org\/?p=3587&lang=sr#breadcrumb\"},\"inLanguage\":\"en-US\",\"potentialAction\":[{\"@type\":\"ReadAction\",\"target\":[\"https:\/\/veritasinfo.org\/?p=3587&lang=sr\"]}]},{\"@type\":\"ImageObject\",\"inLanguage\":\"en-US\",\"@id\":\"https:\/\/veritasinfo.org\/?p=3587&lang=sr#primaryimage\",\"url\":\"https:\/\/veritasinfo.org\/wp-content\/uploads\/2025\/07\/IMG_1991.png\",\"contentUrl\":\"https:\/\/veritasinfo.org\/wp-content\/uploads\/2025\/07\/IMG_1991.png\",\"width\":848,\"height\":527},{\"@type\":\"BreadcrumbList\",\"@id\":\"https:\/\/veritasinfo.org\/?p=3587&lang=sr#breadcrumb\",\"itemListElement\":[{\"@type\":\"ListItem\",\"position\":1,\"name\":\"Home\",\"item\":\"https:\/\/veritasinfo.org\/\"},{\"@type\":\"ListItem\",\"position\":2,\"name\":\"Debata koja je potresla Bundestag \u2013 nema\u010dki poslanik: Srbija je po\u010dinila genocid na Kosovu\"}]},{\"@type\":\"WebSite\",\"@id\":\"https:\/\/veritasinfo.org\/#website\",\"url\":\"https:\/\/veritasinfo.org\/\",\"name\":\"\",\"description\":\"\",\"potentialAction\":[{\"@type\":\"SearchAction\",\"target\":{\"@type\":\"EntryPoint\",\"urlTemplate\":\"https:\/\/veritasinfo.org\/?s={search_term_string}\"},\"query-input\":{\"@type\":\"PropertyValueSpecification\",\"valueRequired\":true,\"valueName\":\"search_term_string\"}}],\"inLanguage\":\"en-US\"},{\"@type\":\"Person\",\"@id\":\"https:\/\/veritasinfo.org\/#\/schema\/person\/7701f8c088bece422266b100a712374f\",\"name\":\"admin\",\"image\":{\"@type\":\"ImageObject\",\"inLanguage\":\"en-US\",\"@id\":\"https:\/\/veritasinfo.org\/#\/schema\/person\/image\/\",\"url\":\"https:\/\/secure.gravatar.com\/avatar\/ea53aa3bf6c9a12d5fde8ce4deff43fef3885ae33cf60184161a50d6987cfd2f?s=96&d=mm&r=g\",\"contentUrl\":\"https:\/\/secure.gravatar.com\/avatar\/ea53aa3bf6c9a12d5fde8ce4deff43fef3885ae33cf60184161a50d6987cfd2f?s=96&d=mm&r=g\",\"caption\":\"admin\"},\"sameAs\":[\"https:\/\/veritasinfo.org\"],\"url\":\"https:\/\/veritasinfo.org\/?author=1\"}]}<\/script>\n<!-- \/ Yoast SEO plugin. -->","yoast_head_json":{"title":"Debata koja je potresla Bundestag \u2013 nema\u010dki poslanik: Srbija je po\u010dinila genocid na Kosovu -","robots":{"index":"index","follow":"follow","max-snippet":"max-snippet:-1","max-image-preview":"max-image-preview:large","max-video-preview":"max-video-preview:-1"},"canonical":"https:\/\/veritasinfo.org\/?p=3587&lang=sr","og_locale":"en_US","og_type":"article","og_title":"Debata koja je potresla Bundestag \u2013 nema\u010dki poslanik: Srbija je po\u010dinila genocid na Kosovu -","og_description":"Berlin, 12. jul 2025. Nema\u010dki parlament \u2013 Bundestag, ju\u010de popodne odr\u017eao je vanrednu sednicu povodom 30. godi\u0161njice masakra u Srebrenici, kada su u julu 1995.","og_url":"https:\/\/veritasinfo.org\/?p=3587&lang=sr","article_published_time":"2025-07-12T18:50:29+00:00","article_modified_time":"2025-07-12T20:55:12+00:00","og_image":[{"width":848,"height":527,"url":"https:\/\/veritasinfo.org\/wp-content\/uploads\/2025\/07\/IMG_1991.png","type":"image\/png"}],"author":"admin","twitter_card":"summary_large_image","twitter_misc":{"Written by":"admin","Est. reading time":"2 minutes"},"schema":{"@context":"https:\/\/schema.org","@graph":[{"@type":"WebPage","@id":"https:\/\/veritasinfo.org\/?p=3587&lang=sr","url":"https:\/\/veritasinfo.org\/?p=3587&lang=sr","name":"Debata koja je potresla Bundestag \u2013 nema\u010dki poslanik: Srbija je po\u010dinila genocid na Kosovu -","isPartOf":{"@id":"https:\/\/veritasinfo.org\/#website"},"primaryImageOfPage":{"@id":"https:\/\/veritasinfo.org\/?p=3587&lang=sr#primaryimage"},"image":{"@id":"https:\/\/veritasinfo.org\/?p=3587&lang=sr#primaryimage"},"thumbnailUrl":"https:\/\/veritasinfo.org\/wp-content\/uploads\/2025\/07\/IMG_1991.png","datePublished":"2025-07-12T18:50:29+00:00","dateModified":"2025-07-12T20:55:12+00:00","author":{"@id":"https:\/\/veritasinfo.org\/#\/schema\/person\/7701f8c088bece422266b100a712374f"},"breadcrumb":{"@id":"https:\/\/veritasinfo.org\/?p=3587&lang=sr#breadcrumb"},"inLanguage":"en-US","potentialAction":[{"@type":"ReadAction","target":["https:\/\/veritasinfo.org\/?p=3587&lang=sr"]}]},{"@type":"ImageObject","inLanguage":"en-US","@id":"https:\/\/veritasinfo.org\/?p=3587&lang=sr#primaryimage","url":"https:\/\/veritasinfo.org\/wp-content\/uploads\/2025\/07\/IMG_1991.png","contentUrl":"https:\/\/veritasinfo.org\/wp-content\/uploads\/2025\/07\/IMG_1991.png","width":848,"height":527},{"@type":"BreadcrumbList","@id":"https:\/\/veritasinfo.org\/?p=3587&lang=sr#breadcrumb","itemListElement":[{"@type":"ListItem","position":1,"name":"Home","item":"https:\/\/veritasinfo.org\/"},{"@type":"ListItem","position":2,"name":"Debata koja je potresla Bundestag \u2013 nema\u010dki poslanik: Srbija je po\u010dinila genocid na Kosovu"}]},{"@type":"WebSite","@id":"https:\/\/veritasinfo.org\/#website","url":"https:\/\/veritasinfo.org\/","name":"","description":"","potentialAction":[{"@type":"SearchAction","target":{"@type":"EntryPoint","urlTemplate":"https:\/\/veritasinfo.org\/?s={search_term_string}"},"query-input":{"@type":"PropertyValueSpecification","valueRequired":true,"valueName":"search_term_string"}}],"inLanguage":"en-US"},{"@type":"Person","@id":"https:\/\/veritasinfo.org\/#\/schema\/person\/7701f8c088bece422266b100a712374f","name":"admin","image":{"@type":"ImageObject","inLanguage":"en-US","@id":"https:\/\/veritasinfo.org\/#\/schema\/person\/image\/","url":"https:\/\/secure.gravatar.com\/avatar\/ea53aa3bf6c9a12d5fde8ce4deff43fef3885ae33cf60184161a50d6987cfd2f?s=96&d=mm&r=g","contentUrl":"https:\/\/secure.gravatar.com\/avatar\/ea53aa3bf6c9a12d5fde8ce4deff43fef3885ae33cf60184161a50d6987cfd2f?s=96&d=mm&r=g","caption":"admin"},"sameAs":["https:\/\/veritasinfo.org"],"url":"https:\/\/veritasinfo.org\/?author=1"}]}},"featured_image_urls":{"full":["https:\/\/veritasinfo.org\/wp-content\/uploads\/2025\/07\/IMG_1991.png",848,527,false],"thumbnail":["https:\/\/veritasinfo.org\/wp-content\/uploads\/2025\/07\/IMG_1991-150x150.png",150,150,true],"medium":["https:\/\/veritasinfo.org\/wp-content\/uploads\/2025\/07\/IMG_1991-300x186.png",300,186,true],"medium_large":["https:\/\/veritasinfo.org\/wp-content\/uploads\/2025\/07\/IMG_1991-768x477.png",640,398,true],"large":["https:\/\/veritasinfo.org\/wp-content\/uploads\/2025\/07\/IMG_1991.png",640,398,false],"1536x1536":["https:\/\/veritasinfo.org\/wp-content\/uploads\/2025\/07\/IMG_1991.png",848,527,false],"2048x2048":["https:\/\/veritasinfo.org\/wp-content\/uploads\/2025\/07\/IMG_1991.png",848,527,false],"kreeti-slider-full":["https:\/\/veritasinfo.org\/wp-content\/uploads\/2025\/07\/IMG_1991.png",848,527,false],"kreeti-featured":["https:\/\/veritasinfo.org\/wp-content\/uploads\/2025\/07\/IMG_1991.png",848,527,false],"kreeti-medium":["https:\/\/veritasinfo.org\/wp-content\/uploads\/2025\/07\/IMG_1991.png",720,447,false],"kreeti-medium-square":["https:\/\/veritasinfo.org\/wp-content\/uploads\/2025\/07\/IMG_1991.png",350,218,false]},"author_info":{"info":["admin"]},"category_info":"<a href=\"https:\/\/veritasinfo.org\/?cat=30&#038;lang=sr\" rel=\"category\">Dru\u0161tvo<\/a>","tag_info":"Dru\u0161tvo","comment_count":"0","_links":{"self":[{"href":"https:\/\/veritasinfo.org\/index.php?rest_route=\/wp\/v2\/posts\/3587","targetHints":{"allow":["GET"]}}],"collection":[{"href":"https:\/\/veritasinfo.org\/index.php?rest_route=\/wp\/v2\/posts"}],"about":[{"href":"https:\/\/veritasinfo.org\/index.php?rest_route=\/wp\/v2\/types\/post"}],"author":[{"embeddable":true,"href":"https:\/\/veritasinfo.org\/index.php?rest_route=\/wp\/v2\/users\/1"}],"replies":[{"embeddable":true,"href":"https:\/\/veritasinfo.org\/index.php?rest_route=%2Fwp%2Fv2%2Fcomments&post=3587"}],"version-history":[{"count":1,"href":"https:\/\/veritasinfo.org\/index.php?rest_route=\/wp\/v2\/posts\/3587\/revisions"}],"predecessor-version":[{"id":3589,"href":"https:\/\/veritasinfo.org\/index.php?rest_route=\/wp\/v2\/posts\/3587\/revisions\/3589"}],"wp:featuredmedia":[{"embeddable":true,"href":"https:\/\/veritasinfo.org\/index.php?rest_route=\/wp\/v2\/media\/3585"}],"wp:attachment":[{"href":"https:\/\/veritasinfo.org\/index.php?rest_route=%2Fwp%2Fv2%2Fmedia&parent=3587"}],"wp:term":[{"taxonomy":"category","embeddable":true,"href":"https:\/\/veritasinfo.org\/index.php?rest_route=%2Fwp%2Fv2%2Fcategories&post=3587"},{"taxonomy":"post_tag","embeddable":true,"href":"https:\/\/veritasinfo.org\/index.php?rest_route=%2Fwp%2Fv2%2Ftags&post=3587"}],"curies":[{"name":"wp","href":"https:\/\/api.w.org\/{rel}","templated":true}]}}