{"id":3584,"date":"2025-07-12T20:46:19","date_gmt":"2025-07-12T18:46:19","guid":{"rendered":"https:\/\/veritasinfo.org\/?p=3584"},"modified":"2025-07-12T20:46:19","modified_gmt":"2025-07-12T18:46:19","slug":"debati-qe-dridhi-bundestagun-deputeti-gjerman-serbia-kreu-gjenocid-ne-kosove","status":"publish","type":"post","link":"https:\/\/veritasinfo.org\/?p=3584","title":{"rendered":"Debati q\u00eb dridhi Bundestagun, deputeti gjerman: Serbia kreu gjenocid n\u00eb Kosov\u00eb"},"content":{"rendered":"<p>Berlin, 12 Korrik 2025<\/p>\n<p>Dje pasdite, Parlamenti i Gjermanis\u00eb mbajti nj\u00eb seanc\u00eb speciale.<\/p>\n<p>Me t\u00eb u sh\u00ebnua 30 vjetori i Masakr\u00ebs s\u00eb Srebrenic\u00ebs, ku n\u00eb korrik t\u00eb 1995-\u00ebs, forcat serbe t\u00eb Bosnje Hercegovin\u00ebs, vran\u00eb mbi 8000 burra e djem boshnjak\u00eb.<\/p>\n<p>N\u00eb pjes\u00ebn p\u00ebr publikun ishin t\u00eb ulur dy t\u00eb mbijetuar t\u00eb gjenocidit n\u00eb Bosnj\u00eb, t\u00eb cil\u00ebt u duartrokit\u00ebn nga Bundestagu. Poashtu, n\u00eb pjes\u00ebn ku ulen mysafir\u00ebt n\u00eb parlamentin gjerman qen\u00eb t\u00eb pranish\u00ebm ambasadori boshnjak n\u00eb Berlin, Damir Arnaut, si dhe ai i Republik\u00ebs s\u00eb Kosov\u00ebs, Faruk Ajeti.<\/p>\n<p>Vuajtjet e masakrat q\u00eb i p\u00ebsuan popujt e k\u00ebtyre dy shteteve nga Serbia, u p\u00ebrmend\u00ebn n\u00eb fjalimet e deputet\u00ebve gjerman\u00eb.<\/p>\n<p>\u00cbsht\u00eb ligjv\u00ebn\u00ebsi nga partia n\u00eb pushtet CDU, Michael Brand, ai i cili dridhi Bundestagun me fjalimin e tij.<\/p>\n<p>\u201c\u00cbsht\u00eb gabim t\u00eb thuhet se lufta e Putinit kund\u00ebr Ukrain\u00ebs, \u00ebsht\u00eb lufta e par\u00eb n\u00eb Evrop\u00eb, pas Luft\u00ebs s\u00eb Dyt\u00eb Bot\u00ebrore, pra q\u00eb nga vitit 1945. Qysh n\u00eb vitin 1991, Serbia e mb\u00ebshtetur nga Rusia, ka udh\u00ebhequr luft\u00ebra ndaj fqinj\u00ebve t\u00eb saj. M\u00eb 1991 kund\u00ebr Sllovenis\u00eb e Kroacis\u00eb, m\u00eb 1992 n\u00eb Bosnj\u00eb Hercegovin\u00eb, dhe m\u00eb 1998-1999 luft\u00ebn n\u00eb Kosov\u00eb. Evropa nuk kishte q\u00ebndrim t\u00eb qart\u00eb p\u00ebr k\u00ebto luft\u00ebra. Kishte vet\u00ebm fjal\u00eb n\u00eb vend q\u00eb t\u00eb veprohej\u201d, tha ai.<\/p>\n<p>Brand, p\u00ebrmendi nj\u00eb deklarat\u00eb fam\u00ebkeqe t\u00eb serbit\u00a0 Aleksandar Vu\u00e7iq, i cili para 30 dekadave n\u00eb parlamentin e Beogradit, thoshte \u201c N\u00ebse ju e vrisni nj\u00eb serb, at\u00ebher\u00eb ne vrasim 100 mysliman\u00eb\u201d<\/p>\n<p>Ky deputeti i ri, at\u00ebher\u00eb b\u00ebnte karrier\u00eb, dhe u b\u00eb minist\u00ebr i propagand\u00ebs s\u00eb presidentit serb, Sllobodan Millosheviq, dhe m\u00eb von\u00eb vet\u00eb u b\u00eb president i Serbis\u00eb. Sot Vu\u00e7iqi, lejon t\u00eb ushtrohet dhun\u00eb kund\u00ebr student\u00ebve dhe opozit\u00ebs, b\u00ebn urrejtje ndaj Evrop\u00ebs, dhe \u00ebsht\u00eb i lidhur me Putinin. N\u00eb mediat serbe dhe n\u00eb librat shkollor, gjenocidi n\u00eb Bosnje dhe n\u00eb Kosov\u00eb, dhe kryesit e krimeve t\u00eb luft\u00ebs, festohen si hero.<\/p>\n<p>Ligjv\u00ebn\u00ebsit e Bundesrepublik\u00ebs, kritikuan ashp\u00ebr qasjen e bashk\u00ebsis\u00eb nd\u00ebrkomb\u00ebtare ndaj luft\u00ebrave n\u00eb ish-Jugosllavi, q\u00eb i ndezi Serbia dhe evropian\u00ebt q\u00eb sipas tyre jan\u00eb t\u00eb dob\u00ebt ndaj aleanc\u00ebs serbo-ruso-kineze.<\/p>\n<p>Fjalim emocional mbajti deputetja, Jasmina Hostert, e lindur n\u00eb Sarajev\u00eb, dhe q\u00eb n\u00eb luft\u00eb humbi dor\u00ebn e djatht\u00eb.<\/p>\n<p>Tensione kishte kur nj\u00eb ligjv\u00ebn\u00ebs nga partia e ekstremit t\u00eb djatht\u00eb, mori fjal\u00ebn dhe relativizoi mbi at\u00eb n\u00ebse vrasja masive n\u00eb Srebrenic\u00eb ishte gjenocid.<\/p>\n<p>M\u00eb 23 maj t\u00eb vitit t\u00eb kaluar, Asambleja e P\u00ebrgjithshme e OKB-\u00ebs, me nj\u00eb Rezolut\u00eb shpalli 11 korrikun Dit\u00ebn Nd\u00ebrkomb\u00ebtare t\u00eb Reflektimit dhe P\u00ebrkujtimit t\u00eb viktimave t\u00eb\u00a0 gjenocidit\u00a0 q\u00eb ngjau n\u00eb Srebrenic\u00eb.<\/p>\n<p>Gjermania ishte kryenism\u00ebtare e k\u00ebsaj Rezolute.<\/p>\n<p>&nbsp;<\/p>\n","protected":false},"excerpt":{"rendered":"<p>Berlin, 12 Korrik 2025 Dje pasdite, Parlamenti i Gjermanis\u00eb mbajti nj\u00eb seanc\u00eb speciale. Me t\u00eb u sh\u00ebnua 30 vjetori i Masakr\u00ebs s\u00eb Srebrenic\u00ebs, ku n\u00eb<\/p>\n","protected":false},"author":1,"featured_media":3585,"comment_status":"open","ping_status":"open","sticky":false,"template":"","format":"standard","meta":{"footnotes":""},"categories":[60],"tags":[],"class_list":["post-3584","post","type-post","status-publish","format-standard","has-post-thumbnail","hentry","category-shoqerore-sq"],"yoast_head":"<!-- This site is optimized with the Yoast SEO plugin v25.3.1 - https:\/\/yoast.com\/wordpress\/plugins\/seo\/ -->\n<title>Debati q\u00eb dridhi Bundestagun, deputeti gjerman: Serbia kreu gjenocid n\u00eb Kosov\u00eb -<\/title>\n<meta name=\"robots\" content=\"index, follow, max-snippet:-1, max-image-preview:large, max-video-preview:-1\" \/>\n<link rel=\"canonical\" href=\"https:\/\/veritasinfo.org\/?p=3584\" \/>\n<meta property=\"og:locale\" content=\"en_US\" \/>\n<meta property=\"og:type\" content=\"article\" \/>\n<meta property=\"og:title\" content=\"Debati q\u00eb dridhi Bundestagun, deputeti gjerman: Serbia kreu gjenocid n\u00eb Kosov\u00eb -\" \/>\n<meta property=\"og:description\" content=\"Berlin, 12 Korrik 2025 Dje pasdite, Parlamenti i Gjermanis\u00eb mbajti nj\u00eb seanc\u00eb speciale. Me t\u00eb u sh\u00ebnua 30 vjetori i Masakr\u00ebs s\u00eb Srebrenic\u00ebs, ku n\u00eb\" \/>\n<meta property=\"og:url\" content=\"https:\/\/veritasinfo.org\/?p=3584\" \/>\n<meta property=\"article:published_time\" content=\"2025-07-12T18:46:19+00:00\" \/>\n<meta property=\"og:image\" content=\"https:\/\/veritasinfo.org\/wp-content\/uploads\/2025\/07\/IMG_1991.png\" \/>\n\t<meta property=\"og:image:width\" content=\"848\" \/>\n\t<meta property=\"og:image:height\" content=\"527\" \/>\n\t<meta property=\"og:image:type\" content=\"image\/png\" \/>\n<meta name=\"author\" content=\"admin\" \/>\n<meta name=\"twitter:card\" content=\"summary_large_image\" \/>\n<meta name=\"twitter:label1\" content=\"Written by\" \/>\n\t<meta name=\"twitter:data1\" content=\"admin\" \/>\n\t<meta name=\"twitter:label2\" content=\"Est. reading time\" \/>\n\t<meta name=\"twitter:data2\" content=\"2 minutes\" \/>\n<script type=\"application\/ld+json\" class=\"yoast-schema-graph\">{\"@context\":\"https:\/\/schema.org\",\"@graph\":[{\"@type\":\"WebPage\",\"@id\":\"https:\/\/veritasinfo.org\/?p=3584\",\"url\":\"https:\/\/veritasinfo.org\/?p=3584\",\"name\":\"Debati q\u00eb dridhi Bundestagun, deputeti gjerman: Serbia kreu gjenocid n\u00eb Kosov\u00eb -\",\"isPartOf\":{\"@id\":\"https:\/\/veritasinfo.org\/#website\"},\"primaryImageOfPage\":{\"@id\":\"https:\/\/veritasinfo.org\/?p=3584#primaryimage\"},\"image\":{\"@id\":\"https:\/\/veritasinfo.org\/?p=3584#primaryimage\"},\"thumbnailUrl\":\"https:\/\/veritasinfo.org\/wp-content\/uploads\/2025\/07\/IMG_1991.png\",\"datePublished\":\"2025-07-12T18:46:19+00:00\",\"author\":{\"@id\":\"https:\/\/veritasinfo.org\/#\/schema\/person\/7701f8c088bece422266b100a712374f\"},\"breadcrumb\":{\"@id\":\"https:\/\/veritasinfo.org\/?p=3584#breadcrumb\"},\"inLanguage\":\"en-US\",\"potentialAction\":[{\"@type\":\"ReadAction\",\"target\":[\"https:\/\/veritasinfo.org\/?p=3584\"]}]},{\"@type\":\"ImageObject\",\"inLanguage\":\"en-US\",\"@id\":\"https:\/\/veritasinfo.org\/?p=3584#primaryimage\",\"url\":\"https:\/\/veritasinfo.org\/wp-content\/uploads\/2025\/07\/IMG_1991.png\",\"contentUrl\":\"https:\/\/veritasinfo.org\/wp-content\/uploads\/2025\/07\/IMG_1991.png\",\"width\":848,\"height\":527},{\"@type\":\"BreadcrumbList\",\"@id\":\"https:\/\/veritasinfo.org\/?p=3584#breadcrumb\",\"itemListElement\":[{\"@type\":\"ListItem\",\"position\":1,\"name\":\"Home\",\"item\":\"https:\/\/veritasinfo.org\/\"},{\"@type\":\"ListItem\",\"position\":2,\"name\":\"Debati q\u00eb dridhi Bundestagun, deputeti gjerman: Serbia kreu gjenocid n\u00eb Kosov\u00eb\"}]},{\"@type\":\"WebSite\",\"@id\":\"https:\/\/veritasinfo.org\/#website\",\"url\":\"https:\/\/veritasinfo.org\/\",\"name\":\"\",\"description\":\"\",\"potentialAction\":[{\"@type\":\"SearchAction\",\"target\":{\"@type\":\"EntryPoint\",\"urlTemplate\":\"https:\/\/veritasinfo.org\/?s={search_term_string}\"},\"query-input\":{\"@type\":\"PropertyValueSpecification\",\"valueRequired\":true,\"valueName\":\"search_term_string\"}}],\"inLanguage\":\"en-US\"},{\"@type\":\"Person\",\"@id\":\"https:\/\/veritasinfo.org\/#\/schema\/person\/7701f8c088bece422266b100a712374f\",\"name\":\"admin\",\"image\":{\"@type\":\"ImageObject\",\"inLanguage\":\"en-US\",\"@id\":\"https:\/\/veritasinfo.org\/#\/schema\/person\/image\/\",\"url\":\"https:\/\/secure.gravatar.com\/avatar\/ea53aa3bf6c9a12d5fde8ce4deff43fef3885ae33cf60184161a50d6987cfd2f?s=96&d=mm&r=g\",\"contentUrl\":\"https:\/\/secure.gravatar.com\/avatar\/ea53aa3bf6c9a12d5fde8ce4deff43fef3885ae33cf60184161a50d6987cfd2f?s=96&d=mm&r=g\",\"caption\":\"admin\"},\"sameAs\":[\"https:\/\/veritasinfo.org\"],\"url\":\"https:\/\/veritasinfo.org\/?author=1\"}]}<\/script>\n<!-- \/ Yoast SEO plugin. -->","yoast_head_json":{"title":"Debati q\u00eb dridhi Bundestagun, deputeti gjerman: Serbia kreu gjenocid n\u00eb Kosov\u00eb -","robots":{"index":"index","follow":"follow","max-snippet":"max-snippet:-1","max-image-preview":"max-image-preview:large","max-video-preview":"max-video-preview:-1"},"canonical":"https:\/\/veritasinfo.org\/?p=3584","og_locale":"en_US","og_type":"article","og_title":"Debati q\u00eb dridhi Bundestagun, deputeti gjerman: Serbia kreu gjenocid n\u00eb Kosov\u00eb -","og_description":"Berlin, 12 Korrik 2025 Dje pasdite, Parlamenti i Gjermanis\u00eb mbajti nj\u00eb seanc\u00eb speciale. Me t\u00eb u sh\u00ebnua 30 vjetori i Masakr\u00ebs s\u00eb Srebrenic\u00ebs, ku n\u00eb","og_url":"https:\/\/veritasinfo.org\/?p=3584","article_published_time":"2025-07-12T18:46:19+00:00","og_image":[{"width":848,"height":527,"url":"https:\/\/veritasinfo.org\/wp-content\/uploads\/2025\/07\/IMG_1991.png","type":"image\/png"}],"author":"admin","twitter_card":"summary_large_image","twitter_misc":{"Written by":"admin","Est. reading time":"2 minutes"},"schema":{"@context":"https:\/\/schema.org","@graph":[{"@type":"WebPage","@id":"https:\/\/veritasinfo.org\/?p=3584","url":"https:\/\/veritasinfo.org\/?p=3584","name":"Debati q\u00eb dridhi Bundestagun, deputeti gjerman: Serbia kreu gjenocid n\u00eb Kosov\u00eb -","isPartOf":{"@id":"https:\/\/veritasinfo.org\/#website"},"primaryImageOfPage":{"@id":"https:\/\/veritasinfo.org\/?p=3584#primaryimage"},"image":{"@id":"https:\/\/veritasinfo.org\/?p=3584#primaryimage"},"thumbnailUrl":"https:\/\/veritasinfo.org\/wp-content\/uploads\/2025\/07\/IMG_1991.png","datePublished":"2025-07-12T18:46:19+00:00","author":{"@id":"https:\/\/veritasinfo.org\/#\/schema\/person\/7701f8c088bece422266b100a712374f"},"breadcrumb":{"@id":"https:\/\/veritasinfo.org\/?p=3584#breadcrumb"},"inLanguage":"en-US","potentialAction":[{"@type":"ReadAction","target":["https:\/\/veritasinfo.org\/?p=3584"]}]},{"@type":"ImageObject","inLanguage":"en-US","@id":"https:\/\/veritasinfo.org\/?p=3584#primaryimage","url":"https:\/\/veritasinfo.org\/wp-content\/uploads\/2025\/07\/IMG_1991.png","contentUrl":"https:\/\/veritasinfo.org\/wp-content\/uploads\/2025\/07\/IMG_1991.png","width":848,"height":527},{"@type":"BreadcrumbList","@id":"https:\/\/veritasinfo.org\/?p=3584#breadcrumb","itemListElement":[{"@type":"ListItem","position":1,"name":"Home","item":"https:\/\/veritasinfo.org\/"},{"@type":"ListItem","position":2,"name":"Debati q\u00eb dridhi Bundestagun, deputeti gjerman: Serbia kreu gjenocid n\u00eb Kosov\u00eb"}]},{"@type":"WebSite","@id":"https:\/\/veritasinfo.org\/#website","url":"https:\/\/veritasinfo.org\/","name":"","description":"","potentialAction":[{"@type":"SearchAction","target":{"@type":"EntryPoint","urlTemplate":"https:\/\/veritasinfo.org\/?s={search_term_string}"},"query-input":{"@type":"PropertyValueSpecification","valueRequired":true,"valueName":"search_term_string"}}],"inLanguage":"en-US"},{"@type":"Person","@id":"https:\/\/veritasinfo.org\/#\/schema\/person\/7701f8c088bece422266b100a712374f","name":"admin","image":{"@type":"ImageObject","inLanguage":"en-US","@id":"https:\/\/veritasinfo.org\/#\/schema\/person\/image\/","url":"https:\/\/secure.gravatar.com\/avatar\/ea53aa3bf6c9a12d5fde8ce4deff43fef3885ae33cf60184161a50d6987cfd2f?s=96&d=mm&r=g","contentUrl":"https:\/\/secure.gravatar.com\/avatar\/ea53aa3bf6c9a12d5fde8ce4deff43fef3885ae33cf60184161a50d6987cfd2f?s=96&d=mm&r=g","caption":"admin"},"sameAs":["https:\/\/veritasinfo.org"],"url":"https:\/\/veritasinfo.org\/?author=1"}]}},"featured_image_urls":{"full":["https:\/\/veritasinfo.org\/wp-content\/uploads\/2025\/07\/IMG_1991.png",848,527,false],"thumbnail":["https:\/\/veritasinfo.org\/wp-content\/uploads\/2025\/07\/IMG_1991-150x150.png",150,150,true],"medium":["https:\/\/veritasinfo.org\/wp-content\/uploads\/2025\/07\/IMG_1991-300x186.png",300,186,true],"medium_large":["https:\/\/veritasinfo.org\/wp-content\/uploads\/2025\/07\/IMG_1991-768x477.png",640,398,true],"large":["https:\/\/veritasinfo.org\/wp-content\/uploads\/2025\/07\/IMG_1991.png",640,398,false],"1536x1536":["https:\/\/veritasinfo.org\/wp-content\/uploads\/2025\/07\/IMG_1991.png",848,527,false],"2048x2048":["https:\/\/veritasinfo.org\/wp-content\/uploads\/2025\/07\/IMG_1991.png",848,527,false],"kreeti-slider-full":["https:\/\/veritasinfo.org\/wp-content\/uploads\/2025\/07\/IMG_1991.png",848,527,false],"kreeti-featured":["https:\/\/veritasinfo.org\/wp-content\/uploads\/2025\/07\/IMG_1991.png",848,527,false],"kreeti-medium":["https:\/\/veritasinfo.org\/wp-content\/uploads\/2025\/07\/IMG_1991.png",720,447,false],"kreeti-medium-square":["https:\/\/veritasinfo.org\/wp-content\/uploads\/2025\/07\/IMG_1991.png",350,218,false]},"author_info":{"info":["admin"]},"category_info":"<a href=\"https:\/\/veritasinfo.org\/?cat=60\" rel=\"category\">Shoq\u00ebrore<\/a>","tag_info":"Shoq\u00ebrore","comment_count":"0","_links":{"self":[{"href":"https:\/\/veritasinfo.org\/index.php?rest_route=\/wp\/v2\/posts\/3584","targetHints":{"allow":["GET"]}}],"collection":[{"href":"https:\/\/veritasinfo.org\/index.php?rest_route=\/wp\/v2\/posts"}],"about":[{"href":"https:\/\/veritasinfo.org\/index.php?rest_route=\/wp\/v2\/types\/post"}],"author":[{"embeddable":true,"href":"https:\/\/veritasinfo.org\/index.php?rest_route=\/wp\/v2\/users\/1"}],"replies":[{"embeddable":true,"href":"https:\/\/veritasinfo.org\/index.php?rest_route=%2Fwp%2Fv2%2Fcomments&post=3584"}],"version-history":[{"count":1,"href":"https:\/\/veritasinfo.org\/index.php?rest_route=\/wp\/v2\/posts\/3584\/revisions"}],"predecessor-version":[{"id":3586,"href":"https:\/\/veritasinfo.org\/index.php?rest_route=\/wp\/v2\/posts\/3584\/revisions\/3586"}],"wp:featuredmedia":[{"embeddable":true,"href":"https:\/\/veritasinfo.org\/index.php?rest_route=\/wp\/v2\/media\/3585"}],"wp:attachment":[{"href":"https:\/\/veritasinfo.org\/index.php?rest_route=%2Fwp%2Fv2%2Fmedia&parent=3584"}],"wp:term":[{"taxonomy":"category","embeddable":true,"href":"https:\/\/veritasinfo.org\/index.php?rest_route=%2Fwp%2Fv2%2Fcategories&post=3584"},{"taxonomy":"post_tag","embeddable":true,"href":"https:\/\/veritasinfo.org\/index.php?rest_route=%2Fwp%2Fv2%2Ftags&post=3584"}],"curies":[{"name":"wp","href":"https:\/\/api.w.org\/{rel}","templated":true}]}}