{"id":35761,"date":"2026-03-04T06:55:44","date_gmt":"2026-03-04T05:55:44","guid":{"rendered":"https:\/\/veritasinfo.org\/?p=35761"},"modified":"2026-03-04T07:00:38","modified_gmt":"2026-03-04T06:00:38","slug":"slogane-nacionaliste-serbe-ne-muret-e-ambasades-se-republikes-se-kosoves-ne-berlin","status":"publish","type":"post","link":"https:\/\/veritasinfo.org\/?p=35761","title":{"rendered":"Slogane nacionaliste serbe n\u00eb muret e Ambasad\u00ebs s\u00eb Republik\u00ebs s\u00eb Kosov\u00ebs n\u00eb Berlin"},"content":{"rendered":"<p>Prishtin\u00eb, 4 mars 2026 06:53<\/p>\n<p>Ministria e Pun\u00ebve t\u00eb Jashtme e Republik\u00ebs s\u00eb Kosov\u00ebs ka b\u00ebr\u00eb t\u00eb ditur se n\u00eb ambientet e jashtme t\u00eb Ambasad\u00ebs s\u00eb Republik\u00ebs s\u00eb Kosov\u00ebs n\u00eb Berlin t\u00eb Gjermanis\u00eb jan\u00eb vendosur afishe me p\u00ebrmbajtje fyese dhe slogane nacionaliste n\u00eb gjuh\u00ebn serbe, p\u00ebrfshir\u00eb mesazhet \u201cKosova \u00ebsht\u00eb Serbi\u201d dhe \u201cJo dor\u00ebzim\u201d.<\/p>\n<p>Sipas njoftimit zyrtar, etiketat jan\u00eb ngjitur n\u00eb pllak\u00ebn identifikuese t\u00eb objektit t\u00eb ambasad\u00ebs, duke p\u00ebr\u00e7uar, si\u00e7 thuhet n\u00eb reagim, mesazhe me konotacione p\u00ebr\u00e7ar\u00ebse dhe propagandistike.<\/p>\n<p>Ministria e ka cil\u00ebsuar rastin si akt vandalizmi dhe gjuh\u00eb urrejtjeje, duke e konsideruar t\u00eb papranuesh\u00ebm \u00e7do veprim q\u00eb cenon integritetin e nj\u00eb misioni diplomatik.<\/p>\n<p>Ambasada e Republik\u00ebs s\u00eb Kosov\u00ebs n\u00eb Berlin ka njoftuar menj\u00ebher\u00eb autoritetet gjermane lidhur me incidentin.<\/p>\n<p>Sipas deklarat\u00ebs, policia gjermane pritet t\u00eb nd\u00ebrmarr\u00eb hapat e nevojsh\u00ebm, p\u00ebrfshir\u00eb hetimin e plot\u00eb t\u00eb rrethanave dhe identifikimin e personave p\u00ebrgjegj\u00ebs p\u00ebr k\u00ebt\u00eb veprim.<\/p>\n<p>N\u00eb reagimin e saj, Ministria d\u00ebnon fuqimisht \u00e7do akt vandalizmi dhe \u00e7do p\u00ebrpjekje p\u00ebr t\u00eb d\u00ebmtuar misionet diplomatike t\u00eb Republik\u00ebs s\u00eb Kosov\u00ebs, duke theksuar se veprime t\u00eb tilla bien ndesh me normat dhe konventat nd\u00ebrkomb\u00ebtare q\u00eb garantojn\u00eb paprekshm\u00ebrin\u00eb e p\u00ebrfaq\u00ebsive diplomatike.<\/p>\n<p>Tutje, n\u00eb deklarat\u00eb theksohet se Republika e Kosov\u00ebs mbetet e p\u00ebrkushtuar ndaj promovimit t\u00eb paqes, dialogut dhe bashk\u00ebpunimit nd\u00ebrkomb\u00ebtar, duke vazhduar ushtrimin e misionit t\u00eb saj diplomatik n\u00eb p\u00ebrputhje me parimet dhe standardet nd\u00ebrkomb\u00ebtare.<\/p>\n<p>&nbsp;<\/p>\n","protected":false},"excerpt":{"rendered":"<p>Prishtin\u00eb, 4 mars 2026 06:53 Ministria e Pun\u00ebve t\u00eb Jashtme e Republik\u00ebs s\u00eb Kosov\u00ebs ka b\u00ebr\u00eb t\u00eb ditur se n\u00eb ambientet e jashtme t\u00eb Ambasad\u00ebs<\/p>\n","protected":false},"author":7,"featured_media":35762,"comment_status":"open","ping_status":"open","sticky":false,"template":"","format":"standard","meta":{"footnotes":""},"categories":[58],"tags":[],"class_list":["post-35761","post","type-post","status-publish","format-standard","has-post-thumbnail","hentry","category-politike-sq"],"yoast_head":"<!-- This site is optimized with the Yoast SEO plugin v25.3.1 - https:\/\/yoast.com\/wordpress\/plugins\/seo\/ -->\n<title>Slogane nacionaliste serbe n\u00eb muret e Ambasad\u00ebs s\u00eb Republik\u00ebs s\u00eb Kosov\u00ebs n\u00eb Berlin -<\/title>\n<meta name=\"robots\" content=\"index, follow, max-snippet:-1, max-image-preview:large, max-video-preview:-1\" \/>\n<link rel=\"canonical\" href=\"https:\/\/veritasinfo.org\/?p=35761\" \/>\n<meta property=\"og:locale\" content=\"en_US\" \/>\n<meta property=\"og:type\" content=\"article\" \/>\n<meta property=\"og:title\" content=\"Slogane nacionaliste serbe n\u00eb muret e Ambasad\u00ebs s\u00eb Republik\u00ebs s\u00eb Kosov\u00ebs n\u00eb Berlin -\" \/>\n<meta property=\"og:description\" content=\"Prishtin\u00eb, 4 mars 2026 06:53 Ministria e Pun\u00ebve t\u00eb Jashtme e Republik\u00ebs s\u00eb Kosov\u00ebs ka b\u00ebr\u00eb t\u00eb ditur se n\u00eb ambientet e jashtme t\u00eb Ambasad\u00ebs\" \/>\n<meta property=\"og:url\" content=\"https:\/\/veritasinfo.org\/?p=35761\" \/>\n<meta property=\"article:published_time\" content=\"2026-03-04T05:55:44+00:00\" \/>\n<meta property=\"article:modified_time\" content=\"2026-03-04T06:00:38+00:00\" \/>\n<meta property=\"og:image\" content=\"https:\/\/veritasinfo.org\/wp-content\/uploads\/2026\/03\/528035988_1194784396011767_1075977041316196774_n.jpg\" \/>\n\t<meta property=\"og:image:width\" content=\"686\" \/>\n\t<meta property=\"og:image:height\" content=\"386\" \/>\n\t<meta property=\"og:image:type\" content=\"image\/jpeg\" \/>\n<meta name=\"author\" content=\"US6\" \/>\n<meta name=\"twitter:card\" content=\"summary_large_image\" \/>\n<meta name=\"twitter:label1\" content=\"Written by\" \/>\n\t<meta name=\"twitter:data1\" content=\"US6\" \/>\n\t<meta name=\"twitter:label2\" content=\"Est. reading time\" \/>\n\t<meta name=\"twitter:data2\" content=\"2 minutes\" \/>\n<script type=\"application\/ld+json\" class=\"yoast-schema-graph\">{\"@context\":\"https:\/\/schema.org\",\"@graph\":[{\"@type\":\"WebPage\",\"@id\":\"https:\/\/veritasinfo.org\/?p=35761\",\"url\":\"https:\/\/veritasinfo.org\/?p=35761\",\"name\":\"Slogane nacionaliste serbe n\u00eb muret e Ambasad\u00ebs s\u00eb Republik\u00ebs s\u00eb Kosov\u00ebs n\u00eb Berlin -\",\"isPartOf\":{\"@id\":\"https:\/\/veritasinfo.org\/#website\"},\"primaryImageOfPage\":{\"@id\":\"https:\/\/veritasinfo.org\/?p=35761#primaryimage\"},\"image\":{\"@id\":\"https:\/\/veritasinfo.org\/?p=35761#primaryimage\"},\"thumbnailUrl\":\"https:\/\/veritasinfo.org\/wp-content\/uploads\/2026\/03\/528035988_1194784396011767_1075977041316196774_n.jpg\",\"datePublished\":\"2026-03-04T05:55:44+00:00\",\"dateModified\":\"2026-03-04T06:00:38+00:00\",\"author\":{\"@id\":\"https:\/\/veritasinfo.org\/#\/schema\/person\/fe199eede04c3937362892b7444747cc\"},\"breadcrumb\":{\"@id\":\"https:\/\/veritasinfo.org\/?p=35761#breadcrumb\"},\"inLanguage\":\"en-US\",\"potentialAction\":[{\"@type\":\"ReadAction\",\"target\":[\"https:\/\/veritasinfo.org\/?p=35761\"]}]},{\"@type\":\"ImageObject\",\"inLanguage\":\"en-US\",\"@id\":\"https:\/\/veritasinfo.org\/?p=35761#primaryimage\",\"url\":\"https:\/\/veritasinfo.org\/wp-content\/uploads\/2026\/03\/528035988_1194784396011767_1075977041316196774_n.jpg\",\"contentUrl\":\"https:\/\/veritasinfo.org\/wp-content\/uploads\/2026\/03\/528035988_1194784396011767_1075977041316196774_n.jpg\",\"width\":686,\"height\":386},{\"@type\":\"BreadcrumbList\",\"@id\":\"https:\/\/veritasinfo.org\/?p=35761#breadcrumb\",\"itemListElement\":[{\"@type\":\"ListItem\",\"position\":1,\"name\":\"Home\",\"item\":\"https:\/\/veritasinfo.org\/\"},{\"@type\":\"ListItem\",\"position\":2,\"name\":\"Slogane nacionaliste serbe n\u00eb muret e Ambasad\u00ebs s\u00eb Republik\u00ebs s\u00eb Kosov\u00ebs n\u00eb Berlin\"}]},{\"@type\":\"WebSite\",\"@id\":\"https:\/\/veritasinfo.org\/#website\",\"url\":\"https:\/\/veritasinfo.org\/\",\"name\":\"\",\"description\":\"\",\"potentialAction\":[{\"@type\":\"SearchAction\",\"target\":{\"@type\":\"EntryPoint\",\"urlTemplate\":\"https:\/\/veritasinfo.org\/?s={search_term_string}\"},\"query-input\":{\"@type\":\"PropertyValueSpecification\",\"valueRequired\":true,\"valueName\":\"search_term_string\"}}],\"inLanguage\":\"en-US\"},{\"@type\":\"Person\",\"@id\":\"https:\/\/veritasinfo.org\/#\/schema\/person\/fe199eede04c3937362892b7444747cc\",\"name\":\"US6\",\"image\":{\"@type\":\"ImageObject\",\"inLanguage\":\"en-US\",\"@id\":\"https:\/\/veritasinfo.org\/#\/schema\/person\/image\/\",\"url\":\"https:\/\/secure.gravatar.com\/avatar\/cb16c3c31c9d23b9b8c705964598220b3014e42ff51eb540ff23cefa3ae8c15f?s=96&d=mm&r=g\",\"contentUrl\":\"https:\/\/secure.gravatar.com\/avatar\/cb16c3c31c9d23b9b8c705964598220b3014e42ff51eb540ff23cefa3ae8c15f?s=96&d=mm&r=g\",\"caption\":\"US6\"},\"url\":\"https:\/\/veritasinfo.org\/?author=7\"}]}<\/script>\n<!-- \/ Yoast SEO plugin. -->","yoast_head_json":{"title":"Slogane nacionaliste serbe n\u00eb muret e Ambasad\u00ebs s\u00eb Republik\u00ebs s\u00eb Kosov\u00ebs n\u00eb Berlin -","robots":{"index":"index","follow":"follow","max-snippet":"max-snippet:-1","max-image-preview":"max-image-preview:large","max-video-preview":"max-video-preview:-1"},"canonical":"https:\/\/veritasinfo.org\/?p=35761","og_locale":"en_US","og_type":"article","og_title":"Slogane nacionaliste serbe n\u00eb muret e Ambasad\u00ebs s\u00eb Republik\u00ebs s\u00eb Kosov\u00ebs n\u00eb Berlin -","og_description":"Prishtin\u00eb, 4 mars 2026 06:53 Ministria e Pun\u00ebve t\u00eb Jashtme e Republik\u00ebs s\u00eb Kosov\u00ebs ka b\u00ebr\u00eb t\u00eb ditur se n\u00eb ambientet e jashtme t\u00eb Ambasad\u00ebs","og_url":"https:\/\/veritasinfo.org\/?p=35761","article_published_time":"2026-03-04T05:55:44+00:00","article_modified_time":"2026-03-04T06:00:38+00:00","og_image":[{"width":686,"height":386,"url":"https:\/\/veritasinfo.org\/wp-content\/uploads\/2026\/03\/528035988_1194784396011767_1075977041316196774_n.jpg","type":"image\/jpeg"}],"author":"US6","twitter_card":"summary_large_image","twitter_misc":{"Written by":"US6","Est. reading time":"2 minutes"},"schema":{"@context":"https:\/\/schema.org","@graph":[{"@type":"WebPage","@id":"https:\/\/veritasinfo.org\/?p=35761","url":"https:\/\/veritasinfo.org\/?p=35761","name":"Slogane nacionaliste serbe n\u00eb muret e Ambasad\u00ebs s\u00eb Republik\u00ebs s\u00eb Kosov\u00ebs n\u00eb Berlin -","isPartOf":{"@id":"https:\/\/veritasinfo.org\/#website"},"primaryImageOfPage":{"@id":"https:\/\/veritasinfo.org\/?p=35761#primaryimage"},"image":{"@id":"https:\/\/veritasinfo.org\/?p=35761#primaryimage"},"thumbnailUrl":"https:\/\/veritasinfo.org\/wp-content\/uploads\/2026\/03\/528035988_1194784396011767_1075977041316196774_n.jpg","datePublished":"2026-03-04T05:55:44+00:00","dateModified":"2026-03-04T06:00:38+00:00","author":{"@id":"https:\/\/veritasinfo.org\/#\/schema\/person\/fe199eede04c3937362892b7444747cc"},"breadcrumb":{"@id":"https:\/\/veritasinfo.org\/?p=35761#breadcrumb"},"inLanguage":"en-US","potentialAction":[{"@type":"ReadAction","target":["https:\/\/veritasinfo.org\/?p=35761"]}]},{"@type":"ImageObject","inLanguage":"en-US","@id":"https:\/\/veritasinfo.org\/?p=35761#primaryimage","url":"https:\/\/veritasinfo.org\/wp-content\/uploads\/2026\/03\/528035988_1194784396011767_1075977041316196774_n.jpg","contentUrl":"https:\/\/veritasinfo.org\/wp-content\/uploads\/2026\/03\/528035988_1194784396011767_1075977041316196774_n.jpg","width":686,"height":386},{"@type":"BreadcrumbList","@id":"https:\/\/veritasinfo.org\/?p=35761#breadcrumb","itemListElement":[{"@type":"ListItem","position":1,"name":"Home","item":"https:\/\/veritasinfo.org\/"},{"@type":"ListItem","position":2,"name":"Slogane nacionaliste serbe n\u00eb muret e Ambasad\u00ebs s\u00eb Republik\u00ebs s\u00eb Kosov\u00ebs n\u00eb Berlin"}]},{"@type":"WebSite","@id":"https:\/\/veritasinfo.org\/#website","url":"https:\/\/veritasinfo.org\/","name":"","description":"","potentialAction":[{"@type":"SearchAction","target":{"@type":"EntryPoint","urlTemplate":"https:\/\/veritasinfo.org\/?s={search_term_string}"},"query-input":{"@type":"PropertyValueSpecification","valueRequired":true,"valueName":"search_term_string"}}],"inLanguage":"en-US"},{"@type":"Person","@id":"https:\/\/veritasinfo.org\/#\/schema\/person\/fe199eede04c3937362892b7444747cc","name":"US6","image":{"@type":"ImageObject","inLanguage":"en-US","@id":"https:\/\/veritasinfo.org\/#\/schema\/person\/image\/","url":"https:\/\/secure.gravatar.com\/avatar\/cb16c3c31c9d23b9b8c705964598220b3014e42ff51eb540ff23cefa3ae8c15f?s=96&d=mm&r=g","contentUrl":"https:\/\/secure.gravatar.com\/avatar\/cb16c3c31c9d23b9b8c705964598220b3014e42ff51eb540ff23cefa3ae8c15f?s=96&d=mm&r=g","caption":"US6"},"url":"https:\/\/veritasinfo.org\/?author=7"}]}},"featured_image_urls":{"full":["https:\/\/veritasinfo.org\/wp-content\/uploads\/2026\/03\/528035988_1194784396011767_1075977041316196774_n.jpg",686,386,false],"thumbnail":["https:\/\/veritasinfo.org\/wp-content\/uploads\/2026\/03\/528035988_1194784396011767_1075977041316196774_n-150x150.jpg",150,150,true],"medium":["https:\/\/veritasinfo.org\/wp-content\/uploads\/2026\/03\/528035988_1194784396011767_1075977041316196774_n-300x169.jpg",300,169,true],"medium_large":["https:\/\/veritasinfo.org\/wp-content\/uploads\/2026\/03\/528035988_1194784396011767_1075977041316196774_n.jpg",640,360,false],"large":["https:\/\/veritasinfo.org\/wp-content\/uploads\/2026\/03\/528035988_1194784396011767_1075977041316196774_n.jpg",640,360,false],"1536x1536":["https:\/\/veritasinfo.org\/wp-content\/uploads\/2026\/03\/528035988_1194784396011767_1075977041316196774_n.jpg",686,386,false],"2048x2048":["https:\/\/veritasinfo.org\/wp-content\/uploads\/2026\/03\/528035988_1194784396011767_1075977041316196774_n.jpg",686,386,false],"kreeti-slider-full":["https:\/\/veritasinfo.org\/wp-content\/uploads\/2026\/03\/528035988_1194784396011767_1075977041316196774_n.jpg",686,386,false],"kreeti-featured":["https:\/\/veritasinfo.org\/wp-content\/uploads\/2026\/03\/528035988_1194784396011767_1075977041316196774_n.jpg",686,386,false],"kreeti-medium":["https:\/\/veritasinfo.org\/wp-content\/uploads\/2026\/03\/528035988_1194784396011767_1075977041316196774_n.jpg",686,386,false],"kreeti-medium-square":["https:\/\/veritasinfo.org\/wp-content\/uploads\/2026\/03\/528035988_1194784396011767_1075977041316196774_n.jpg",350,197,false]},"author_info":{"info":["US6"]},"category_info":"<a href=\"https:\/\/veritasinfo.org\/?cat=58\" rel=\"category\">Politik\u00eb<\/a>","tag_info":"Politik\u00eb","comment_count":"0","_links":{"self":[{"href":"https:\/\/veritasinfo.org\/index.php?rest_route=\/wp\/v2\/posts\/35761","targetHints":{"allow":["GET"]}}],"collection":[{"href":"https:\/\/veritasinfo.org\/index.php?rest_route=\/wp\/v2\/posts"}],"about":[{"href":"https:\/\/veritasinfo.org\/index.php?rest_route=\/wp\/v2\/types\/post"}],"author":[{"embeddable":true,"href":"https:\/\/veritasinfo.org\/index.php?rest_route=\/wp\/v2\/users\/7"}],"replies":[{"embeddable":true,"href":"https:\/\/veritasinfo.org\/index.php?rest_route=%2Fwp%2Fv2%2Fcomments&post=35761"}],"version-history":[{"count":2,"href":"https:\/\/veritasinfo.org\/index.php?rest_route=\/wp\/v2\/posts\/35761\/revisions"}],"predecessor-version":[{"id":35766,"href":"https:\/\/veritasinfo.org\/index.php?rest_route=\/wp\/v2\/posts\/35761\/revisions\/35766"}],"wp:featuredmedia":[{"embeddable":true,"href":"https:\/\/veritasinfo.org\/index.php?rest_route=\/wp\/v2\/media\/35762"}],"wp:attachment":[{"href":"https:\/\/veritasinfo.org\/index.php?rest_route=%2Fwp%2Fv2%2Fmedia&parent=35761"}],"wp:term":[{"taxonomy":"category","embeddable":true,"href":"https:\/\/veritasinfo.org\/index.php?rest_route=%2Fwp%2Fv2%2Fcategories&post=35761"},{"taxonomy":"post_tag","embeddable":true,"href":"https:\/\/veritasinfo.org\/index.php?rest_route=%2Fwp%2Fv2%2Ftags&post=35761"}],"curies":[{"name":"wp","href":"https:\/\/api.w.org\/{rel}","templated":true}]}}