{"id":35754,"date":"2026-03-03T20:20:03","date_gmt":"2026-03-03T19:20:03","guid":{"rendered":"https:\/\/veritasinfo.org\/?p=35754"},"modified":"2026-03-03T20:20:03","modified_gmt":"2026-03-03T19:20:03","slug":"kercenimi-i-vulinit-serbia-duhet-te-veproje-ne-kosove-sikur-izraeli-permes-mossadit","status":"publish","type":"post","link":"https:\/\/veritasinfo.org\/?p=35754","title":{"rendered":"K\u00ebrc\u00ebnimi i Vulinit: Serbia duhet t\u00eb veproj\u00eb n\u00eb Kosov\u00eb sikur Izraeli p\u00ebrmes Mossadit"},"content":{"rendered":"<p>Prishtin\u00eb, 2 mars 2026 20:19<\/p>\n<p>Ish-shefi i BIA-s, Aleksandar Vulin, aktualisht kryetar i L\u00ebvizjes Socialiste n\u00eb Serbi, ka k\u00ebrc\u00ebnuar me sulme kund\u00ebr Kosov\u00ebs, kryeministrit Albin Kurti dhe \u00e7do individi q\u00eb, sipas tij, ndjek politika antiserbe.<\/p>\n<p>Vulin, n\u00eb nj\u00eb emision n\u00eb mediat serbe, ka th\u00ebn\u00eb se Serbia duhet t\u00eb veproj\u00eb n\u00eb Kosov\u00eb ashtu si\u00e7, sipas pretendimit t\u00eb tij, vepron Izraeli p\u00ebrmes Mossad-it kund\u00ebr atyre q\u00eb i konsideron armiq.<\/p>\n<p>Kryetari i L\u00ebvizjes Socialiste n\u00eb Serbi, Aleksandar Vulin, ish-shef i BIA-s, ka k\u00ebrc\u00ebnuar Kosov\u00ebn dhe kryeministrin Albin Kurti.<\/p>\n<p>Ai deklaroi n\u00eb nj\u00eb emision n\u00eb mediat serbe se Serbia dhe BIA duhet t\u00eb veprojn\u00eb n\u00eb Kosov\u00eb nj\u00ebsoj si\u00e7, sipas tij, Izraeli dhe Mossadi veprojn\u00eb ndaj atyre q\u00eb jan\u00eb kund\u00ebr interesave t\u00eb tyre.<\/p>\n<p>\u201cShteti serb duhet t\u00eb veproj\u00eb. Un\u00eb, pas k\u00ebsaj, do t\u00eb k\u00ebrkoja nga sh\u00ebrbimet tona t\u00eb krijojn\u00eb nj\u00eb plan t\u00eb qart\u00eb se si do t\u00eb merremi me individ\u00eb me em\u00ebr e mbiem\u00ebr, t\u00eb cil\u00ebt jan\u00eb bart\u00ebs t\u00eb politikave antiserbe, e ata le t\u00eb mendojn\u00eb se \u00e7far\u00eb do t\u2019u ndodh\u00eb. Mundet Izraeli, mundet Mossadi, pse s\u2019mundet sh\u00ebrbimi serb, pse s\u2019mundemi ne?\u201d, ka th\u00ebn\u00eb Vulin, raporton RTK.<\/p>\n<p>Se Serbia ka kryer sulme kund\u00ebr shqiptar\u00ebve, k\u00ebt\u00eb ai nuk e ka mohuar. P\u00ebrkundrazi, Vulin ka deklaruar se din\u00eb ta b\u00ebjn\u00eb k\u00ebt\u00eb \u201cpun\u00eb\u201d mir\u00eb. Ai ka k\u00ebrc\u00ebnuar edhe kryeministrin Kurti dhe secilin q\u00eb ndjek politika antiserbe.<\/p>\n<p>\u201cNuk \u00ebsht\u00eb se kurr\u00eb nuk kemi b\u00ebr\u00eb gj\u00ebra t\u00eb tilla; e dim\u00eb si b\u00ebhen ato. Askush nuk na ka frik\u00ebn. Kurti nuk e ka aspak problem t\u2019u ik\u00eb marr\u00ebveshjeve, sepse nuk frik\u00ebsohet se do t\u00eb ket\u00eb pasoja, as ai e as t\u00eb tijt\u00eb\u201d, ka th\u00ebn\u00eb ai.<\/p>\n<p>Sipas Vulinit, Serbia duhet t\u00eb nd\u00ebrhyj\u00eb n\u00eb m\u00ebnyr\u00eb q\u00eb Kosova t\u2019ia ket\u00eb frik\u00ebn Serbis\u00eb. Aktualisht, Vulin nuk mban asnj\u00eb pozit\u00eb shtet\u00ebrore. Megjithat\u00eb, ai ka sh\u00ebrbyer n\u00eb qeverin\u00eb e Serbis\u00eb si drejtor i Zyr\u00ebs p\u00ebr Kosov\u00ebn nga viti 2012, minist\u00ebr pa portofol p\u00ebr Kosov\u00ebn, shef i BIA-s dhe, s\u00eb fundmi, z\u00ebvend\u00ebskryeminist\u00ebr i Serbis\u00eb.<\/p>\n","protected":false},"excerpt":{"rendered":"<p>Prishtin\u00eb, 2 mars 2026 20:19 Ish-shefi i BIA-s, Aleksandar Vulin, aktualisht kryetar i L\u00ebvizjes Socialiste n\u00eb Serbi, ka k\u00ebrc\u00ebnuar me sulme kund\u00ebr Kosov\u00ebs, kryeministrit Albin<\/p>\n","protected":false},"author":7,"featured_media":35755,"comment_status":"open","ping_status":"open","sticky":false,"template":"","format":"standard","meta":{"footnotes":""},"categories":[58],"tags":[],"class_list":["post-35754","post","type-post","status-publish","format-standard","has-post-thumbnail","hentry","category-politike-sq"],"yoast_head":"<!-- This site is optimized with the Yoast SEO plugin v25.3.1 - https:\/\/yoast.com\/wordpress\/plugins\/seo\/ -->\n<title>K\u00ebrc\u00ebnimi i Vulinit: Serbia duhet t\u00eb veproj\u00eb n\u00eb Kosov\u00eb sikur Izraeli p\u00ebrmes Mossadit -<\/title>\n<meta name=\"robots\" content=\"index, follow, max-snippet:-1, max-image-preview:large, max-video-preview:-1\" \/>\n<link rel=\"canonical\" href=\"https:\/\/veritasinfo.org\/?p=35754\" \/>\n<meta property=\"og:locale\" content=\"en_US\" \/>\n<meta property=\"og:type\" content=\"article\" \/>\n<meta property=\"og:title\" content=\"K\u00ebrc\u00ebnimi i Vulinit: Serbia duhet t\u00eb veproj\u00eb n\u00eb Kosov\u00eb sikur Izraeli p\u00ebrmes Mossadit -\" \/>\n<meta property=\"og:description\" content=\"Prishtin\u00eb, 2 mars 2026 20:19 Ish-shefi i BIA-s, Aleksandar Vulin, aktualisht kryetar i L\u00ebvizjes Socialiste n\u00eb Serbi, ka k\u00ebrc\u00ebnuar me sulme kund\u00ebr Kosov\u00ebs, kryeministrit Albin\" \/>\n<meta property=\"og:url\" content=\"https:\/\/veritasinfo.org\/?p=35754\" \/>\n<meta property=\"article:published_time\" content=\"2026-03-03T19:20:03+00:00\" \/>\n<meta property=\"og:image\" content=\"https:\/\/veritasinfo.org\/wp-content\/uploads\/2026\/03\/1-16.jpg\" \/>\n\t<meta property=\"og:image:width\" content=\"853\" \/>\n\t<meta property=\"og:image:height\" content=\"478\" \/>\n\t<meta property=\"og:image:type\" content=\"image\/jpeg\" \/>\n<meta name=\"author\" content=\"US6\" \/>\n<meta name=\"twitter:card\" content=\"summary_large_image\" \/>\n<meta name=\"twitter:label1\" content=\"Written by\" \/>\n\t<meta name=\"twitter:data1\" content=\"US6\" \/>\n\t<meta name=\"twitter:label2\" content=\"Est. reading time\" \/>\n\t<meta name=\"twitter:data2\" content=\"2 minutes\" \/>\n<script type=\"application\/ld+json\" class=\"yoast-schema-graph\">{\"@context\":\"https:\/\/schema.org\",\"@graph\":[{\"@type\":\"WebPage\",\"@id\":\"https:\/\/veritasinfo.org\/?p=35754\",\"url\":\"https:\/\/veritasinfo.org\/?p=35754\",\"name\":\"K\u00ebrc\u00ebnimi i Vulinit: Serbia duhet t\u00eb veproj\u00eb n\u00eb Kosov\u00eb sikur Izraeli p\u00ebrmes Mossadit -\",\"isPartOf\":{\"@id\":\"https:\/\/veritasinfo.org\/#website\"},\"primaryImageOfPage\":{\"@id\":\"https:\/\/veritasinfo.org\/?p=35754#primaryimage\"},\"image\":{\"@id\":\"https:\/\/veritasinfo.org\/?p=35754#primaryimage\"},\"thumbnailUrl\":\"https:\/\/veritasinfo.org\/wp-content\/uploads\/2026\/03\/1-16.jpg\",\"datePublished\":\"2026-03-03T19:20:03+00:00\",\"author\":{\"@id\":\"https:\/\/veritasinfo.org\/#\/schema\/person\/fe199eede04c3937362892b7444747cc\"},\"breadcrumb\":{\"@id\":\"https:\/\/veritasinfo.org\/?p=35754#breadcrumb\"},\"inLanguage\":\"en-US\",\"potentialAction\":[{\"@type\":\"ReadAction\",\"target\":[\"https:\/\/veritasinfo.org\/?p=35754\"]}]},{\"@type\":\"ImageObject\",\"inLanguage\":\"en-US\",\"@id\":\"https:\/\/veritasinfo.org\/?p=35754#primaryimage\",\"url\":\"https:\/\/veritasinfo.org\/wp-content\/uploads\/2026\/03\/1-16.jpg\",\"contentUrl\":\"https:\/\/veritasinfo.org\/wp-content\/uploads\/2026\/03\/1-16.jpg\",\"width\":853,\"height\":478},{\"@type\":\"BreadcrumbList\",\"@id\":\"https:\/\/veritasinfo.org\/?p=35754#breadcrumb\",\"itemListElement\":[{\"@type\":\"ListItem\",\"position\":1,\"name\":\"Home\",\"item\":\"https:\/\/veritasinfo.org\/\"},{\"@type\":\"ListItem\",\"position\":2,\"name\":\"K\u00ebrc\u00ebnimi i Vulinit: Serbia duhet t\u00eb veproj\u00eb n\u00eb Kosov\u00eb sikur Izraeli p\u00ebrmes Mossadit\"}]},{\"@type\":\"WebSite\",\"@id\":\"https:\/\/veritasinfo.org\/#website\",\"url\":\"https:\/\/veritasinfo.org\/\",\"name\":\"\",\"description\":\"\",\"potentialAction\":[{\"@type\":\"SearchAction\",\"target\":{\"@type\":\"EntryPoint\",\"urlTemplate\":\"https:\/\/veritasinfo.org\/?s={search_term_string}\"},\"query-input\":{\"@type\":\"PropertyValueSpecification\",\"valueRequired\":true,\"valueName\":\"search_term_string\"}}],\"inLanguage\":\"en-US\"},{\"@type\":\"Person\",\"@id\":\"https:\/\/veritasinfo.org\/#\/schema\/person\/fe199eede04c3937362892b7444747cc\",\"name\":\"US6\",\"image\":{\"@type\":\"ImageObject\",\"inLanguage\":\"en-US\",\"@id\":\"https:\/\/veritasinfo.org\/#\/schema\/person\/image\/\",\"url\":\"https:\/\/secure.gravatar.com\/avatar\/cb16c3c31c9d23b9b8c705964598220b3014e42ff51eb540ff23cefa3ae8c15f?s=96&d=mm&r=g\",\"contentUrl\":\"https:\/\/secure.gravatar.com\/avatar\/cb16c3c31c9d23b9b8c705964598220b3014e42ff51eb540ff23cefa3ae8c15f?s=96&d=mm&r=g\",\"caption\":\"US6\"},\"url\":\"https:\/\/veritasinfo.org\/?author=7\"}]}<\/script>\n<!-- \/ Yoast SEO plugin. -->","yoast_head_json":{"title":"K\u00ebrc\u00ebnimi i Vulinit: Serbia duhet t\u00eb veproj\u00eb n\u00eb Kosov\u00eb sikur Izraeli p\u00ebrmes Mossadit -","robots":{"index":"index","follow":"follow","max-snippet":"max-snippet:-1","max-image-preview":"max-image-preview:large","max-video-preview":"max-video-preview:-1"},"canonical":"https:\/\/veritasinfo.org\/?p=35754","og_locale":"en_US","og_type":"article","og_title":"K\u00ebrc\u00ebnimi i Vulinit: Serbia duhet t\u00eb veproj\u00eb n\u00eb Kosov\u00eb sikur Izraeli p\u00ebrmes Mossadit -","og_description":"Prishtin\u00eb, 2 mars 2026 20:19 Ish-shefi i BIA-s, Aleksandar Vulin, aktualisht kryetar i L\u00ebvizjes Socialiste n\u00eb Serbi, ka k\u00ebrc\u00ebnuar me sulme kund\u00ebr Kosov\u00ebs, kryeministrit Albin","og_url":"https:\/\/veritasinfo.org\/?p=35754","article_published_time":"2026-03-03T19:20:03+00:00","og_image":[{"width":853,"height":478,"url":"https:\/\/veritasinfo.org\/wp-content\/uploads\/2026\/03\/1-16.jpg","type":"image\/jpeg"}],"author":"US6","twitter_card":"summary_large_image","twitter_misc":{"Written by":"US6","Est. reading time":"2 minutes"},"schema":{"@context":"https:\/\/schema.org","@graph":[{"@type":"WebPage","@id":"https:\/\/veritasinfo.org\/?p=35754","url":"https:\/\/veritasinfo.org\/?p=35754","name":"K\u00ebrc\u00ebnimi i Vulinit: Serbia duhet t\u00eb veproj\u00eb n\u00eb Kosov\u00eb sikur Izraeli p\u00ebrmes Mossadit -","isPartOf":{"@id":"https:\/\/veritasinfo.org\/#website"},"primaryImageOfPage":{"@id":"https:\/\/veritasinfo.org\/?p=35754#primaryimage"},"image":{"@id":"https:\/\/veritasinfo.org\/?p=35754#primaryimage"},"thumbnailUrl":"https:\/\/veritasinfo.org\/wp-content\/uploads\/2026\/03\/1-16.jpg","datePublished":"2026-03-03T19:20:03+00:00","author":{"@id":"https:\/\/veritasinfo.org\/#\/schema\/person\/fe199eede04c3937362892b7444747cc"},"breadcrumb":{"@id":"https:\/\/veritasinfo.org\/?p=35754#breadcrumb"},"inLanguage":"en-US","potentialAction":[{"@type":"ReadAction","target":["https:\/\/veritasinfo.org\/?p=35754"]}]},{"@type":"ImageObject","inLanguage":"en-US","@id":"https:\/\/veritasinfo.org\/?p=35754#primaryimage","url":"https:\/\/veritasinfo.org\/wp-content\/uploads\/2026\/03\/1-16.jpg","contentUrl":"https:\/\/veritasinfo.org\/wp-content\/uploads\/2026\/03\/1-16.jpg","width":853,"height":478},{"@type":"BreadcrumbList","@id":"https:\/\/veritasinfo.org\/?p=35754#breadcrumb","itemListElement":[{"@type":"ListItem","position":1,"name":"Home","item":"https:\/\/veritasinfo.org\/"},{"@type":"ListItem","position":2,"name":"K\u00ebrc\u00ebnimi i Vulinit: Serbia duhet t\u00eb veproj\u00eb n\u00eb Kosov\u00eb sikur Izraeli p\u00ebrmes Mossadit"}]},{"@type":"WebSite","@id":"https:\/\/veritasinfo.org\/#website","url":"https:\/\/veritasinfo.org\/","name":"","description":"","potentialAction":[{"@type":"SearchAction","target":{"@type":"EntryPoint","urlTemplate":"https:\/\/veritasinfo.org\/?s={search_term_string}"},"query-input":{"@type":"PropertyValueSpecification","valueRequired":true,"valueName":"search_term_string"}}],"inLanguage":"en-US"},{"@type":"Person","@id":"https:\/\/veritasinfo.org\/#\/schema\/person\/fe199eede04c3937362892b7444747cc","name":"US6","image":{"@type":"ImageObject","inLanguage":"en-US","@id":"https:\/\/veritasinfo.org\/#\/schema\/person\/image\/","url":"https:\/\/secure.gravatar.com\/avatar\/cb16c3c31c9d23b9b8c705964598220b3014e42ff51eb540ff23cefa3ae8c15f?s=96&d=mm&r=g","contentUrl":"https:\/\/secure.gravatar.com\/avatar\/cb16c3c31c9d23b9b8c705964598220b3014e42ff51eb540ff23cefa3ae8c15f?s=96&d=mm&r=g","caption":"US6"},"url":"https:\/\/veritasinfo.org\/?author=7"}]}},"featured_image_urls":{"full":["https:\/\/veritasinfo.org\/wp-content\/uploads\/2026\/03\/1-16.jpg",853,478,false],"thumbnail":["https:\/\/veritasinfo.org\/wp-content\/uploads\/2026\/03\/1-16-150x150.jpg",150,150,true],"medium":["https:\/\/veritasinfo.org\/wp-content\/uploads\/2026\/03\/1-16-300x168.jpg",300,168,true],"medium_large":["https:\/\/veritasinfo.org\/wp-content\/uploads\/2026\/03\/1-16-768x430.jpg",640,358,true],"large":["https:\/\/veritasinfo.org\/wp-content\/uploads\/2026\/03\/1-16.jpg",640,359,false],"1536x1536":["https:\/\/veritasinfo.org\/wp-content\/uploads\/2026\/03\/1-16.jpg",853,478,false],"2048x2048":["https:\/\/veritasinfo.org\/wp-content\/uploads\/2026\/03\/1-16.jpg",853,478,false],"kreeti-slider-full":["https:\/\/veritasinfo.org\/wp-content\/uploads\/2026\/03\/1-16.jpg",853,478,false],"kreeti-featured":["https:\/\/veritasinfo.org\/wp-content\/uploads\/2026\/03\/1-16.jpg",853,478,false],"kreeti-medium":["https:\/\/veritasinfo.org\/wp-content\/uploads\/2026\/03\/1-16.jpg",720,403,false],"kreeti-medium-square":["https:\/\/veritasinfo.org\/wp-content\/uploads\/2026\/03\/1-16.jpg",350,196,false]},"author_info":{"info":["US6"]},"category_info":"<a href=\"https:\/\/veritasinfo.org\/?cat=58\" rel=\"category\">Politik\u00eb<\/a>","tag_info":"Politik\u00eb","comment_count":"0","_links":{"self":[{"href":"https:\/\/veritasinfo.org\/index.php?rest_route=\/wp\/v2\/posts\/35754","targetHints":{"allow":["GET"]}}],"collection":[{"href":"https:\/\/veritasinfo.org\/index.php?rest_route=\/wp\/v2\/posts"}],"about":[{"href":"https:\/\/veritasinfo.org\/index.php?rest_route=\/wp\/v2\/types\/post"}],"author":[{"embeddable":true,"href":"https:\/\/veritasinfo.org\/index.php?rest_route=\/wp\/v2\/users\/7"}],"replies":[{"embeddable":true,"href":"https:\/\/veritasinfo.org\/index.php?rest_route=%2Fwp%2Fv2%2Fcomments&post=35754"}],"version-history":[{"count":1,"href":"https:\/\/veritasinfo.org\/index.php?rest_route=\/wp\/v2\/posts\/35754\/revisions"}],"predecessor-version":[{"id":35756,"href":"https:\/\/veritasinfo.org\/index.php?rest_route=\/wp\/v2\/posts\/35754\/revisions\/35756"}],"wp:featuredmedia":[{"embeddable":true,"href":"https:\/\/veritasinfo.org\/index.php?rest_route=\/wp\/v2\/media\/35755"}],"wp:attachment":[{"href":"https:\/\/veritasinfo.org\/index.php?rest_route=%2Fwp%2Fv2%2Fmedia&parent=35754"}],"wp:term":[{"taxonomy":"category","embeddable":true,"href":"https:\/\/veritasinfo.org\/index.php?rest_route=%2Fwp%2Fv2%2Fcategories&post=35754"},{"taxonomy":"post_tag","embeddable":true,"href":"https:\/\/veritasinfo.org\/index.php?rest_route=%2Fwp%2Fv2%2Ftags&post=35754"}],"curies":[{"name":"wp","href":"https:\/\/api.w.org\/{rel}","templated":true}]}}