{"id":3572,"date":"2025-07-12T19:19:40","date_gmt":"2025-07-12T17:19:40","guid":{"rendered":"https:\/\/veritasinfo.org\/?p=3572"},"modified":"2025-07-12T19:19:40","modified_gmt":"2025-07-12T17:19:40","slug":"takim-kryediplomatesh-gervalla-e-mucunski-flasin-per-thellim-bashkepunimi","status":"publish","type":"post","link":"https:\/\/veritasinfo.org\/?p=3572","title":{"rendered":"Takim kryediplomat\u00ebsh, G\u00ebrvalla e Mucunski flasin p\u00ebr thellim bashk\u00ebpunimi"},"content":{"rendered":"<p>Dubrovnik, 12 Korrik 2025<\/p>\n<p><strong>N\u00eb kuad\u00ebr t\u00eb Forumit t\u00eb Dubrovnikut 2025, ministrja n\u00eb detyr\u00eb p\u00ebr Pun\u00eb t\u00eb Jashtme dhe Diaspor\u00eb, Donika G\u00ebrvalla, ka zhvilluar nj\u00eb takim bilateral me ministrin e Pun\u00ebve t\u00eb Jashtme t\u00eb Maqedonis\u00eb s\u00eb Veriut, Tim\u00e7o Mucunski.<\/strong><\/p>\n<p>&nbsp;<\/p>\n<p>B\u00ebhet e ditur se gjat\u00eb k\u00ebtij takimi kryediplomat\u00ebsh fqinj u diskutua p\u00ebr thellimin e bashk\u00ebpunimit dypal\u00ebsh n\u00eb fusha me r\u00ebnd\u00ebsi strategjike, p\u00ebrfshir\u00eb infrastruktur\u00ebn nd\u00ebrkufitare dhe avancimin e projekteve t\u00eb p\u00ebrbashk\u00ebta.<\/p>\n<p>\u201cPal\u00ebt theksuan domosdoshm\u00ebrin\u00eb e nj\u00eb angazhimi m\u00eb t\u00eb madh institucional p\u00ebr p\u00ebrshpejtimin e zbatimit t\u00eb k\u00ebtyre projekteve\u201d, thuhet n\u00eb njoftimin e MJD-s\u00eb.<\/p>\n<p>Po ashtu, t\u00eb dy homolog\u00ebt, si\u00e7 b\u00ebhet e ditur, vler\u00ebsuan r\u00ebnd\u00ebsin\u00eb e bashk\u00ebpunimit n\u00eb kuad\u00ebr t\u00eb organizatave rajonale, si dhe ri-konfirmuan p\u00ebrkushtimin e dy vendeve ndaj integrimit n\u00eb BE.<\/p>\n","protected":false},"excerpt":{"rendered":"<p>Dubrovnik, 12 Korrik 2025 N\u00eb kuad\u00ebr t\u00eb Forumit t\u00eb Dubrovnikut 2025, ministrja n\u00eb detyr\u00eb p\u00ebr Pun\u00eb t\u00eb Jashtme dhe Diaspor\u00eb, Donika G\u00ebrvalla, ka zhvilluar nj\u00eb<\/p>\n","protected":false},"author":1,"featured_media":3573,"comment_status":"open","ping_status":"open","sticky":false,"template":"","format":"standard","meta":{"footnotes":""},"categories":[58],"tags":[],"class_list":["post-3572","post","type-post","status-publish","format-standard","has-post-thumbnail","hentry","category-politike-sq"],"yoast_head":"<!-- This site is optimized with the Yoast SEO plugin v25.3.1 - https:\/\/yoast.com\/wordpress\/plugins\/seo\/ -->\n<title>Takim kryediplomat\u00ebsh, G\u00ebrvalla e Mucunski flasin p\u00ebr thellim bashk\u00ebpunimi -<\/title>\n<meta name=\"robots\" content=\"index, follow, max-snippet:-1, max-image-preview:large, max-video-preview:-1\" \/>\n<link rel=\"canonical\" href=\"https:\/\/veritasinfo.org\/?p=3572\" \/>\n<meta property=\"og:locale\" content=\"en_US\" \/>\n<meta property=\"og:type\" content=\"article\" \/>\n<meta property=\"og:title\" content=\"Takim kryediplomat\u00ebsh, G\u00ebrvalla e Mucunski flasin p\u00ebr thellim bashk\u00ebpunimi -\" \/>\n<meta property=\"og:description\" content=\"Dubrovnik, 12 Korrik 2025 N\u00eb kuad\u00ebr t\u00eb Forumit t\u00eb Dubrovnikut 2025, ministrja n\u00eb detyr\u00eb p\u00ebr Pun\u00eb t\u00eb Jashtme dhe Diaspor\u00eb, Donika G\u00ebrvalla, ka zhvilluar nj\u00eb\" \/>\n<meta property=\"og:url\" content=\"https:\/\/veritasinfo.org\/?p=3572\" \/>\n<meta property=\"article:published_time\" content=\"2025-07-12T17:19:40+00:00\" \/>\n<meta property=\"og:image\" content=\"https:\/\/veritasinfo.org\/wp-content\/uploads\/2025\/07\/IMG_1980.jpeg\" \/>\n\t<meta property=\"og:image:width\" content=\"780\" \/>\n\t<meta property=\"og:image:height\" content=\"500\" \/>\n\t<meta property=\"og:image:type\" content=\"image\/jpeg\" \/>\n<meta name=\"author\" content=\"admin\" \/>\n<meta name=\"twitter:card\" content=\"summary_large_image\" \/>\n<meta name=\"twitter:label1\" content=\"Written by\" \/>\n\t<meta name=\"twitter:data1\" content=\"admin\" \/>\n\t<meta name=\"twitter:label2\" content=\"Est. reading time\" \/>\n\t<meta name=\"twitter:data2\" content=\"1 minute\" \/>\n<script type=\"application\/ld+json\" class=\"yoast-schema-graph\">{\"@context\":\"https:\/\/schema.org\",\"@graph\":[{\"@type\":\"WebPage\",\"@id\":\"https:\/\/veritasinfo.org\/?p=3572\",\"url\":\"https:\/\/veritasinfo.org\/?p=3572\",\"name\":\"Takim kryediplomat\u00ebsh, G\u00ebrvalla e Mucunski flasin p\u00ebr thellim bashk\u00ebpunimi -\",\"isPartOf\":{\"@id\":\"https:\/\/veritasinfo.org\/#website\"},\"primaryImageOfPage\":{\"@id\":\"https:\/\/veritasinfo.org\/?p=3572#primaryimage\"},\"image\":{\"@id\":\"https:\/\/veritasinfo.org\/?p=3572#primaryimage\"},\"thumbnailUrl\":\"https:\/\/veritasinfo.org\/wp-content\/uploads\/2025\/07\/IMG_1980.jpeg\",\"datePublished\":\"2025-07-12T17:19:40+00:00\",\"author\":{\"@id\":\"https:\/\/veritasinfo.org\/#\/schema\/person\/7701f8c088bece422266b100a712374f\"},\"breadcrumb\":{\"@id\":\"https:\/\/veritasinfo.org\/?p=3572#breadcrumb\"},\"inLanguage\":\"en-US\",\"potentialAction\":[{\"@type\":\"ReadAction\",\"target\":[\"https:\/\/veritasinfo.org\/?p=3572\"]}]},{\"@type\":\"ImageObject\",\"inLanguage\":\"en-US\",\"@id\":\"https:\/\/veritasinfo.org\/?p=3572#primaryimage\",\"url\":\"https:\/\/veritasinfo.org\/wp-content\/uploads\/2025\/07\/IMG_1980.jpeg\",\"contentUrl\":\"https:\/\/veritasinfo.org\/wp-content\/uploads\/2025\/07\/IMG_1980.jpeg\",\"width\":780,\"height\":500},{\"@type\":\"BreadcrumbList\",\"@id\":\"https:\/\/veritasinfo.org\/?p=3572#breadcrumb\",\"itemListElement\":[{\"@type\":\"ListItem\",\"position\":1,\"name\":\"Home\",\"item\":\"https:\/\/veritasinfo.org\/\"},{\"@type\":\"ListItem\",\"position\":2,\"name\":\"Takim kryediplomat\u00ebsh, G\u00ebrvalla e Mucunski flasin p\u00ebr thellim bashk\u00ebpunimi\"}]},{\"@type\":\"WebSite\",\"@id\":\"https:\/\/veritasinfo.org\/#website\",\"url\":\"https:\/\/veritasinfo.org\/\",\"name\":\"\",\"description\":\"\",\"potentialAction\":[{\"@type\":\"SearchAction\",\"target\":{\"@type\":\"EntryPoint\",\"urlTemplate\":\"https:\/\/veritasinfo.org\/?s={search_term_string}\"},\"query-input\":{\"@type\":\"PropertyValueSpecification\",\"valueRequired\":true,\"valueName\":\"search_term_string\"}}],\"inLanguage\":\"en-US\"},{\"@type\":\"Person\",\"@id\":\"https:\/\/veritasinfo.org\/#\/schema\/person\/7701f8c088bece422266b100a712374f\",\"name\":\"admin\",\"image\":{\"@type\":\"ImageObject\",\"inLanguage\":\"en-US\",\"@id\":\"https:\/\/veritasinfo.org\/#\/schema\/person\/image\/\",\"url\":\"https:\/\/secure.gravatar.com\/avatar\/ea53aa3bf6c9a12d5fde8ce4deff43fef3885ae33cf60184161a50d6987cfd2f?s=96&d=mm&r=g\",\"contentUrl\":\"https:\/\/secure.gravatar.com\/avatar\/ea53aa3bf6c9a12d5fde8ce4deff43fef3885ae33cf60184161a50d6987cfd2f?s=96&d=mm&r=g\",\"caption\":\"admin\"},\"sameAs\":[\"https:\/\/veritasinfo.org\"],\"url\":\"https:\/\/veritasinfo.org\/?author=1\"}]}<\/script>\n<!-- \/ Yoast SEO plugin. -->","yoast_head_json":{"title":"Takim kryediplomat\u00ebsh, G\u00ebrvalla e Mucunski flasin p\u00ebr thellim bashk\u00ebpunimi -","robots":{"index":"index","follow":"follow","max-snippet":"max-snippet:-1","max-image-preview":"max-image-preview:large","max-video-preview":"max-video-preview:-1"},"canonical":"https:\/\/veritasinfo.org\/?p=3572","og_locale":"en_US","og_type":"article","og_title":"Takim kryediplomat\u00ebsh, G\u00ebrvalla e Mucunski flasin p\u00ebr thellim bashk\u00ebpunimi -","og_description":"Dubrovnik, 12 Korrik 2025 N\u00eb kuad\u00ebr t\u00eb Forumit t\u00eb Dubrovnikut 2025, ministrja n\u00eb detyr\u00eb p\u00ebr Pun\u00eb t\u00eb Jashtme dhe Diaspor\u00eb, Donika G\u00ebrvalla, ka zhvilluar nj\u00eb","og_url":"https:\/\/veritasinfo.org\/?p=3572","article_published_time":"2025-07-12T17:19:40+00:00","og_image":[{"width":780,"height":500,"url":"https:\/\/veritasinfo.org\/wp-content\/uploads\/2025\/07\/IMG_1980.jpeg","type":"image\/jpeg"}],"author":"admin","twitter_card":"summary_large_image","twitter_misc":{"Written by":"admin","Est. reading time":"1 minute"},"schema":{"@context":"https:\/\/schema.org","@graph":[{"@type":"WebPage","@id":"https:\/\/veritasinfo.org\/?p=3572","url":"https:\/\/veritasinfo.org\/?p=3572","name":"Takim kryediplomat\u00ebsh, G\u00ebrvalla e Mucunski flasin p\u00ebr thellim bashk\u00ebpunimi -","isPartOf":{"@id":"https:\/\/veritasinfo.org\/#website"},"primaryImageOfPage":{"@id":"https:\/\/veritasinfo.org\/?p=3572#primaryimage"},"image":{"@id":"https:\/\/veritasinfo.org\/?p=3572#primaryimage"},"thumbnailUrl":"https:\/\/veritasinfo.org\/wp-content\/uploads\/2025\/07\/IMG_1980.jpeg","datePublished":"2025-07-12T17:19:40+00:00","author":{"@id":"https:\/\/veritasinfo.org\/#\/schema\/person\/7701f8c088bece422266b100a712374f"},"breadcrumb":{"@id":"https:\/\/veritasinfo.org\/?p=3572#breadcrumb"},"inLanguage":"en-US","potentialAction":[{"@type":"ReadAction","target":["https:\/\/veritasinfo.org\/?p=3572"]}]},{"@type":"ImageObject","inLanguage":"en-US","@id":"https:\/\/veritasinfo.org\/?p=3572#primaryimage","url":"https:\/\/veritasinfo.org\/wp-content\/uploads\/2025\/07\/IMG_1980.jpeg","contentUrl":"https:\/\/veritasinfo.org\/wp-content\/uploads\/2025\/07\/IMG_1980.jpeg","width":780,"height":500},{"@type":"BreadcrumbList","@id":"https:\/\/veritasinfo.org\/?p=3572#breadcrumb","itemListElement":[{"@type":"ListItem","position":1,"name":"Home","item":"https:\/\/veritasinfo.org\/"},{"@type":"ListItem","position":2,"name":"Takim kryediplomat\u00ebsh, G\u00ebrvalla e Mucunski flasin p\u00ebr thellim bashk\u00ebpunimi"}]},{"@type":"WebSite","@id":"https:\/\/veritasinfo.org\/#website","url":"https:\/\/veritasinfo.org\/","name":"","description":"","potentialAction":[{"@type":"SearchAction","target":{"@type":"EntryPoint","urlTemplate":"https:\/\/veritasinfo.org\/?s={search_term_string}"},"query-input":{"@type":"PropertyValueSpecification","valueRequired":true,"valueName":"search_term_string"}}],"inLanguage":"en-US"},{"@type":"Person","@id":"https:\/\/veritasinfo.org\/#\/schema\/person\/7701f8c088bece422266b100a712374f","name":"admin","image":{"@type":"ImageObject","inLanguage":"en-US","@id":"https:\/\/veritasinfo.org\/#\/schema\/person\/image\/","url":"https:\/\/secure.gravatar.com\/avatar\/ea53aa3bf6c9a12d5fde8ce4deff43fef3885ae33cf60184161a50d6987cfd2f?s=96&d=mm&r=g","contentUrl":"https:\/\/secure.gravatar.com\/avatar\/ea53aa3bf6c9a12d5fde8ce4deff43fef3885ae33cf60184161a50d6987cfd2f?s=96&d=mm&r=g","caption":"admin"},"sameAs":["https:\/\/veritasinfo.org"],"url":"https:\/\/veritasinfo.org\/?author=1"}]}},"featured_image_urls":{"full":["https:\/\/veritasinfo.org\/wp-content\/uploads\/2025\/07\/IMG_1980.jpeg",780,500,false],"thumbnail":["https:\/\/veritasinfo.org\/wp-content\/uploads\/2025\/07\/IMG_1980-150x150.jpeg",150,150,true],"medium":["https:\/\/veritasinfo.org\/wp-content\/uploads\/2025\/07\/IMG_1980-300x192.jpeg",300,192,true],"medium_large":["https:\/\/veritasinfo.org\/wp-content\/uploads\/2025\/07\/IMG_1980-768x492.jpeg",640,410,true],"large":["https:\/\/veritasinfo.org\/wp-content\/uploads\/2025\/07\/IMG_1980.jpeg",640,410,false],"1536x1536":["https:\/\/veritasinfo.org\/wp-content\/uploads\/2025\/07\/IMG_1980.jpeg",780,500,false],"2048x2048":["https:\/\/veritasinfo.org\/wp-content\/uploads\/2025\/07\/IMG_1980.jpeg",780,500,false],"kreeti-slider-full":["https:\/\/veritasinfo.org\/wp-content\/uploads\/2025\/07\/IMG_1980.jpeg",780,500,false],"kreeti-featured":["https:\/\/veritasinfo.org\/wp-content\/uploads\/2025\/07\/IMG_1980.jpeg",780,500,false],"kreeti-medium":["https:\/\/veritasinfo.org\/wp-content\/uploads\/2025\/07\/IMG_1980.jpeg",720,462,false],"kreeti-medium-square":["https:\/\/veritasinfo.org\/wp-content\/uploads\/2025\/07\/IMG_1980.jpeg",350,224,false]},"author_info":{"info":["admin"]},"category_info":"<a href=\"https:\/\/veritasinfo.org\/?cat=58\" rel=\"category\">Politik\u00eb<\/a>","tag_info":"Politik\u00eb","comment_count":"0","_links":{"self":[{"href":"https:\/\/veritasinfo.org\/index.php?rest_route=\/wp\/v2\/posts\/3572","targetHints":{"allow":["GET"]}}],"collection":[{"href":"https:\/\/veritasinfo.org\/index.php?rest_route=\/wp\/v2\/posts"}],"about":[{"href":"https:\/\/veritasinfo.org\/index.php?rest_route=\/wp\/v2\/types\/post"}],"author":[{"embeddable":true,"href":"https:\/\/veritasinfo.org\/index.php?rest_route=\/wp\/v2\/users\/1"}],"replies":[{"embeddable":true,"href":"https:\/\/veritasinfo.org\/index.php?rest_route=%2Fwp%2Fv2%2Fcomments&post=3572"}],"version-history":[{"count":1,"href":"https:\/\/veritasinfo.org\/index.php?rest_route=\/wp\/v2\/posts\/3572\/revisions"}],"predecessor-version":[{"id":3574,"href":"https:\/\/veritasinfo.org\/index.php?rest_route=\/wp\/v2\/posts\/3572\/revisions\/3574"}],"wp:featuredmedia":[{"embeddable":true,"href":"https:\/\/veritasinfo.org\/index.php?rest_route=\/wp\/v2\/media\/3573"}],"wp:attachment":[{"href":"https:\/\/veritasinfo.org\/index.php?rest_route=%2Fwp%2Fv2%2Fmedia&parent=3572"}],"wp:term":[{"taxonomy":"category","embeddable":true,"href":"https:\/\/veritasinfo.org\/index.php?rest_route=%2Fwp%2Fv2%2Fcategories&post=3572"},{"taxonomy":"post_tag","embeddable":true,"href":"https:\/\/veritasinfo.org\/index.php?rest_route=%2Fwp%2Fv2%2Ftags&post=3572"}],"curies":[{"name":"wp","href":"https:\/\/api.w.org\/{rel}","templated":true}]}}