{"id":3571,"date":"2025-07-16T11:20:34","date_gmt":"2025-07-16T09:20:34","guid":{"rendered":"https:\/\/veritasinfo.org\/?p=3571"},"modified":"2025-07-16T13:49:29","modified_gmt":"2025-07-16T11:49:29","slug":"specialja-rrezon-mocionin-per-heqjen-e-disa-akuzave-ndaj-thacit-dhe-te-tjereve","status":"publish","type":"post","link":"https:\/\/veritasinfo.org\/?p=3571","title":{"rendered":"Specialja rr\u00ebzon mocionin p\u00ebr heqjen e disa akuzave ndaj Tha\u00e7it dhe t\u00eb tjer\u00ebve"},"content":{"rendered":"<p data-start=\"84\" data-end=\"401\"><strong data-start=\"84\" data-end=\"110\">Hag\u00eb, 16 korrik 2025\u00a0<\/strong><\/p>\n<p data-start=\"84\" data-end=\"401\">Trupi gjykues i Gjykat\u00ebs Speciale n\u00eb Hag\u00eb ka rr\u00ebzuar mocionin e p\u00ebrbashk\u00ebt t\u00eb mbrojtjes s\u00eb ish-krer\u00ebve t\u00eb U\u00c7K-s\u00eb \u2013 Hashim Tha\u00e7i, Kadri Veseli, Rexhep Selimi dhe Jakup Krasniqi \u2013 p\u00ebr t\u00eb hequr nga aktakuza incidentet q\u00eb, sipas tyre, bien jasht\u00eb periudh\u00ebs s\u00eb konfliktit t\u00eb armatosur n\u00eb Kosov\u00eb.<\/p>\n<p data-start=\"403\" data-end=\"763\">Mbrojtja kishte k\u00ebrkuar q\u00eb nga aktakuza t\u00eb p\u00ebrjashtohen t\u00eb gjitha veprimet e pretenduara kriminale q\u00eb thuhet se kan\u00eb ndodhur para fundit t\u00eb majit 1998 dhe pas 20 qershorit 1999, duke argumentuar se k\u00ebto data p\u00ebrb\u00ebjn\u00eb kufijt\u00eb real\u00eb t\u00eb konfliktit t\u00eb armatosur n\u00eb Kosov\u00eb. Prokuroria, nd\u00ebrkoh\u00eb, pretendon se krimet jan\u00eb kryer n\u00eb periudh\u00ebn mars 1998 \u2013 shtator 1999.<\/p>\n<p data-start=\"765\" data-end=\"1086\">Kryetari i trupit gjykues, Charles Smith, sqaroi se rregullat procedurale nuk i lejojn\u00eb trupit gjykues t\u00eb rr\u00ebzoj\u00eb &#8220;pika t\u00eb ve\u00e7anta&#8221; t\u00eb aktakuz\u00ebs, por vet\u00ebm akuza n\u00eb t\u00ebr\u00ebsi, n\u00ebse p\u00ebrmbushen kriteret e Rregull\u00ebs 130. Ai theksoi se mocioni i mbrojtjes, edhe po t\u00eb pranohej, nuk do t\u00eb \u00e7onte n\u00eb rr\u00ebzimin e ndonj\u00eb prej akuzave.<\/p>\n<p data-start=\"1088\" data-end=\"1247\">\u201c\u00c7\u00ebshtja e shtrirjes kohore t\u00eb konfliktit do t\u00eb trajtohet n\u00eb fund t\u00eb gjykimit, kur trupi gjykues do t\u00eb vendos\u00eb p\u00ebr themel\u00ebsin\u00eb e t\u00eb gjitha akuzave\u201d, tha Smith.<\/p>\n<p data-start=\"1249\" data-end=\"1500\">Vendimi i sot\u00ebm konsiderohet vendimtar p\u00ebr rrjedh\u00ebn e m\u00ebtejshme t\u00eb procesit gjyq\u00ebsor, i cili ka nisur m\u00eb 3 prill 2023. T\u00eb akuzuarit jan\u00eb n\u00eb paraburgim n\u00eb Hag\u00eb q\u00eb nga n\u00ebntori i vitit 2020 dhe jan\u00eb deklaruar t\u00eb pafajsh\u00ebm p\u00ebr t\u00eb gjitha pikat e aktakuz\u00ebs.<\/p>\n<p data-start=\"1502\" data-end=\"1592\">Seanca do t\u00eb vazhdoj\u00eb me d\u00ebgjimin e d\u00ebshmitar\u00ebve t\u00eb p\u00ebrzgjedhur nga Mbrojt\u00ebsi i Viktimave.<\/p>\n","protected":false},"excerpt":{"rendered":"<p>Hag\u00eb, 16 korrik 2025\u00a0 Trupi gjykues i Gjykat\u00ebs Speciale n\u00eb Hag\u00eb ka rr\u00ebzuar mocionin e p\u00ebrbashk\u00ebt t\u00eb mbrojtjes s\u00eb ish-krer\u00ebve t\u00eb U\u00c7K-s\u00eb \u2013 Hashim Tha\u00e7i,<\/p>\n","protected":false},"author":1,"featured_media":3988,"comment_status":"open","ping_status":"open","sticky":false,"template":"","format":"standard","meta":{"footnotes":""},"categories":[58],"tags":[],"class_list":["post-3571","post","type-post","status-publish","format-standard","has-post-thumbnail","hentry","category-politike-sq"],"yoast_head":"<!-- This site is optimized with the Yoast SEO plugin v25.3.1 - https:\/\/yoast.com\/wordpress\/plugins\/seo\/ -->\n<title>Specialja rr\u00ebzon mocionin p\u00ebr heqjen e disa akuzave ndaj Tha\u00e7it dhe t\u00eb tjer\u00ebve -<\/title>\n<meta name=\"robots\" content=\"index, follow, max-snippet:-1, max-image-preview:large, max-video-preview:-1\" \/>\n<link rel=\"canonical\" href=\"https:\/\/veritasinfo.org\/?p=3571\" \/>\n<meta property=\"og:locale\" content=\"en_US\" \/>\n<meta property=\"og:type\" content=\"article\" \/>\n<meta property=\"og:title\" content=\"Specialja rr\u00ebzon mocionin p\u00ebr heqjen e disa akuzave ndaj Tha\u00e7it dhe t\u00eb tjer\u00ebve -\" \/>\n<meta property=\"og:description\" content=\"Hag\u00eb, 16 korrik 2025\u00a0 Trupi gjykues i Gjykat\u00ebs Speciale n\u00eb Hag\u00eb ka rr\u00ebzuar mocionin e p\u00ebrbashk\u00ebt t\u00eb mbrojtjes s\u00eb ish-krer\u00ebve t\u00eb U\u00c7K-s\u00eb \u2013 Hashim Tha\u00e7i,\" \/>\n<meta property=\"og:url\" content=\"https:\/\/veritasinfo.org\/?p=3571\" \/>\n<meta property=\"article:published_time\" content=\"2025-07-16T09:20:34+00:00\" \/>\n<meta property=\"article:modified_time\" content=\"2025-07-16T11:49:29+00:00\" \/>\n<meta property=\"og:image\" content=\"https:\/\/veritasinfo.org\/wp-content\/uploads\/2025\/07\/Thaci-dhe-te-tjeret-ne-Hage.jpg\" \/>\n\t<meta property=\"og:image:width\" content=\"1146\" \/>\n\t<meta property=\"og:image:height\" content=\"692\" \/>\n\t<meta property=\"og:image:type\" content=\"image\/jpeg\" \/>\n<meta name=\"author\" content=\"admin\" \/>\n<meta name=\"twitter:card\" content=\"summary_large_image\" \/>\n<meta name=\"twitter:label1\" content=\"Written by\" \/>\n\t<meta name=\"twitter:data1\" content=\"admin\" \/>\n\t<meta name=\"twitter:label2\" content=\"Est. reading time\" \/>\n\t<meta name=\"twitter:data2\" content=\"2 minutes\" \/>\n<script type=\"application\/ld+json\" class=\"yoast-schema-graph\">{\"@context\":\"https:\/\/schema.org\",\"@graph\":[{\"@type\":\"WebPage\",\"@id\":\"https:\/\/veritasinfo.org\/?p=3571\",\"url\":\"https:\/\/veritasinfo.org\/?p=3571\",\"name\":\"Specialja rr\u00ebzon mocionin p\u00ebr heqjen e disa akuzave ndaj Tha\u00e7it dhe t\u00eb tjer\u00ebve -\",\"isPartOf\":{\"@id\":\"https:\/\/veritasinfo.org\/#website\"},\"primaryImageOfPage\":{\"@id\":\"https:\/\/veritasinfo.org\/?p=3571#primaryimage\"},\"image\":{\"@id\":\"https:\/\/veritasinfo.org\/?p=3571#primaryimage\"},\"thumbnailUrl\":\"https:\/\/veritasinfo.org\/wp-content\/uploads\/2025\/07\/Thaci-dhe-te-tjeret-ne-Hage.jpg\",\"datePublished\":\"2025-07-16T09:20:34+00:00\",\"dateModified\":\"2025-07-16T11:49:29+00:00\",\"author\":{\"@id\":\"https:\/\/veritasinfo.org\/#\/schema\/person\/7701f8c088bece422266b100a712374f\"},\"breadcrumb\":{\"@id\":\"https:\/\/veritasinfo.org\/?p=3571#breadcrumb\"},\"inLanguage\":\"en-US\",\"potentialAction\":[{\"@type\":\"ReadAction\",\"target\":[\"https:\/\/veritasinfo.org\/?p=3571\"]}]},{\"@type\":\"ImageObject\",\"inLanguage\":\"en-US\",\"@id\":\"https:\/\/veritasinfo.org\/?p=3571#primaryimage\",\"url\":\"https:\/\/veritasinfo.org\/wp-content\/uploads\/2025\/07\/Thaci-dhe-te-tjeret-ne-Hage.jpg\",\"contentUrl\":\"https:\/\/veritasinfo.org\/wp-content\/uploads\/2025\/07\/Thaci-dhe-te-tjeret-ne-Hage.jpg\",\"width\":1146,\"height\":692},{\"@type\":\"BreadcrumbList\",\"@id\":\"https:\/\/veritasinfo.org\/?p=3571#breadcrumb\",\"itemListElement\":[{\"@type\":\"ListItem\",\"position\":1,\"name\":\"Home\",\"item\":\"https:\/\/veritasinfo.org\/\"},{\"@type\":\"ListItem\",\"position\":2,\"name\":\"Specialja rr\u00ebzon mocionin p\u00ebr heqjen e disa akuzave ndaj Tha\u00e7it dhe t\u00eb tjer\u00ebve\"}]},{\"@type\":\"WebSite\",\"@id\":\"https:\/\/veritasinfo.org\/#website\",\"url\":\"https:\/\/veritasinfo.org\/\",\"name\":\"\",\"description\":\"\",\"potentialAction\":[{\"@type\":\"SearchAction\",\"target\":{\"@type\":\"EntryPoint\",\"urlTemplate\":\"https:\/\/veritasinfo.org\/?s={search_term_string}\"},\"query-input\":{\"@type\":\"PropertyValueSpecification\",\"valueRequired\":true,\"valueName\":\"search_term_string\"}}],\"inLanguage\":\"en-US\"},{\"@type\":\"Person\",\"@id\":\"https:\/\/veritasinfo.org\/#\/schema\/person\/7701f8c088bece422266b100a712374f\",\"name\":\"admin\",\"image\":{\"@type\":\"ImageObject\",\"inLanguage\":\"en-US\",\"@id\":\"https:\/\/veritasinfo.org\/#\/schema\/person\/image\/\",\"url\":\"https:\/\/secure.gravatar.com\/avatar\/ea53aa3bf6c9a12d5fde8ce4deff43fef3885ae33cf60184161a50d6987cfd2f?s=96&d=mm&r=g\",\"contentUrl\":\"https:\/\/secure.gravatar.com\/avatar\/ea53aa3bf6c9a12d5fde8ce4deff43fef3885ae33cf60184161a50d6987cfd2f?s=96&d=mm&r=g\",\"caption\":\"admin\"},\"sameAs\":[\"https:\/\/veritasinfo.org\"],\"url\":\"https:\/\/veritasinfo.org\/?author=1\"}]}<\/script>\n<!-- \/ Yoast SEO plugin. -->","yoast_head_json":{"title":"Specialja rr\u00ebzon mocionin p\u00ebr heqjen e disa akuzave ndaj Tha\u00e7it dhe t\u00eb tjer\u00ebve -","robots":{"index":"index","follow":"follow","max-snippet":"max-snippet:-1","max-image-preview":"max-image-preview:large","max-video-preview":"max-video-preview:-1"},"canonical":"https:\/\/veritasinfo.org\/?p=3571","og_locale":"en_US","og_type":"article","og_title":"Specialja rr\u00ebzon mocionin p\u00ebr heqjen e disa akuzave ndaj Tha\u00e7it dhe t\u00eb tjer\u00ebve -","og_description":"Hag\u00eb, 16 korrik 2025\u00a0 Trupi gjykues i Gjykat\u00ebs Speciale n\u00eb Hag\u00eb ka rr\u00ebzuar mocionin e p\u00ebrbashk\u00ebt t\u00eb mbrojtjes s\u00eb ish-krer\u00ebve t\u00eb U\u00c7K-s\u00eb \u2013 Hashim Tha\u00e7i,","og_url":"https:\/\/veritasinfo.org\/?p=3571","article_published_time":"2025-07-16T09:20:34+00:00","article_modified_time":"2025-07-16T11:49:29+00:00","og_image":[{"width":1146,"height":692,"url":"https:\/\/veritasinfo.org\/wp-content\/uploads\/2025\/07\/Thaci-dhe-te-tjeret-ne-Hage.jpg","type":"image\/jpeg"}],"author":"admin","twitter_card":"summary_large_image","twitter_misc":{"Written by":"admin","Est. reading time":"2 minutes"},"schema":{"@context":"https:\/\/schema.org","@graph":[{"@type":"WebPage","@id":"https:\/\/veritasinfo.org\/?p=3571","url":"https:\/\/veritasinfo.org\/?p=3571","name":"Specialja rr\u00ebzon mocionin p\u00ebr heqjen e disa akuzave ndaj Tha\u00e7it dhe t\u00eb tjer\u00ebve -","isPartOf":{"@id":"https:\/\/veritasinfo.org\/#website"},"primaryImageOfPage":{"@id":"https:\/\/veritasinfo.org\/?p=3571#primaryimage"},"image":{"@id":"https:\/\/veritasinfo.org\/?p=3571#primaryimage"},"thumbnailUrl":"https:\/\/veritasinfo.org\/wp-content\/uploads\/2025\/07\/Thaci-dhe-te-tjeret-ne-Hage.jpg","datePublished":"2025-07-16T09:20:34+00:00","dateModified":"2025-07-16T11:49:29+00:00","author":{"@id":"https:\/\/veritasinfo.org\/#\/schema\/person\/7701f8c088bece422266b100a712374f"},"breadcrumb":{"@id":"https:\/\/veritasinfo.org\/?p=3571#breadcrumb"},"inLanguage":"en-US","potentialAction":[{"@type":"ReadAction","target":["https:\/\/veritasinfo.org\/?p=3571"]}]},{"@type":"ImageObject","inLanguage":"en-US","@id":"https:\/\/veritasinfo.org\/?p=3571#primaryimage","url":"https:\/\/veritasinfo.org\/wp-content\/uploads\/2025\/07\/Thaci-dhe-te-tjeret-ne-Hage.jpg","contentUrl":"https:\/\/veritasinfo.org\/wp-content\/uploads\/2025\/07\/Thaci-dhe-te-tjeret-ne-Hage.jpg","width":1146,"height":692},{"@type":"BreadcrumbList","@id":"https:\/\/veritasinfo.org\/?p=3571#breadcrumb","itemListElement":[{"@type":"ListItem","position":1,"name":"Home","item":"https:\/\/veritasinfo.org\/"},{"@type":"ListItem","position":2,"name":"Specialja rr\u00ebzon mocionin p\u00ebr heqjen e disa akuzave ndaj Tha\u00e7it dhe t\u00eb tjer\u00ebve"}]},{"@type":"WebSite","@id":"https:\/\/veritasinfo.org\/#website","url":"https:\/\/veritasinfo.org\/","name":"","description":"","potentialAction":[{"@type":"SearchAction","target":{"@type":"EntryPoint","urlTemplate":"https:\/\/veritasinfo.org\/?s={search_term_string}"},"query-input":{"@type":"PropertyValueSpecification","valueRequired":true,"valueName":"search_term_string"}}],"inLanguage":"en-US"},{"@type":"Person","@id":"https:\/\/veritasinfo.org\/#\/schema\/person\/7701f8c088bece422266b100a712374f","name":"admin","image":{"@type":"ImageObject","inLanguage":"en-US","@id":"https:\/\/veritasinfo.org\/#\/schema\/person\/image\/","url":"https:\/\/secure.gravatar.com\/avatar\/ea53aa3bf6c9a12d5fde8ce4deff43fef3885ae33cf60184161a50d6987cfd2f?s=96&d=mm&r=g","contentUrl":"https:\/\/secure.gravatar.com\/avatar\/ea53aa3bf6c9a12d5fde8ce4deff43fef3885ae33cf60184161a50d6987cfd2f?s=96&d=mm&r=g","caption":"admin"},"sameAs":["https:\/\/veritasinfo.org"],"url":"https:\/\/veritasinfo.org\/?author=1"}]}},"featured_image_urls":{"full":["https:\/\/veritasinfo.org\/wp-content\/uploads\/2025\/07\/Thaci-dhe-te-tjeret-ne-Hage.jpg",1146,692,false],"thumbnail":["https:\/\/veritasinfo.org\/wp-content\/uploads\/2025\/07\/Thaci-dhe-te-tjeret-ne-Hage-150x150.jpg",150,150,true],"medium":["https:\/\/veritasinfo.org\/wp-content\/uploads\/2025\/07\/Thaci-dhe-te-tjeret-ne-Hage-300x181.jpg",300,181,true],"medium_large":["https:\/\/veritasinfo.org\/wp-content\/uploads\/2025\/07\/Thaci-dhe-te-tjeret-ne-Hage-768x464.jpg",640,387,true],"large":["https:\/\/veritasinfo.org\/wp-content\/uploads\/2025\/07\/Thaci-dhe-te-tjeret-ne-Hage-1024x618.jpg",640,386,true],"1536x1536":["https:\/\/veritasinfo.org\/wp-content\/uploads\/2025\/07\/Thaci-dhe-te-tjeret-ne-Hage.jpg",1146,692,false],"2048x2048":["https:\/\/veritasinfo.org\/wp-content\/uploads\/2025\/07\/Thaci-dhe-te-tjeret-ne-Hage.jpg",1146,692,false],"kreeti-slider-full":["https:\/\/veritasinfo.org\/wp-content\/uploads\/2025\/07\/Thaci-dhe-te-tjeret-ne-Hage.jpg",1146,692,false],"kreeti-featured":["https:\/\/veritasinfo.org\/wp-content\/uploads\/2025\/07\/Thaci-dhe-te-tjeret-ne-Hage.jpg",1024,618,false],"kreeti-medium":["https:\/\/veritasinfo.org\/wp-content\/uploads\/2025\/07\/Thaci-dhe-te-tjeret-ne-Hage.jpg",720,435,false],"kreeti-medium-square":["https:\/\/veritasinfo.org\/wp-content\/uploads\/2025\/07\/Thaci-dhe-te-tjeret-ne-Hage.jpg",350,211,false]},"author_info":{"info":["admin"]},"category_info":"<a href=\"https:\/\/veritasinfo.org\/?cat=58\" rel=\"category\">Politik\u00eb<\/a>","tag_info":"Politik\u00eb","comment_count":"0","_links":{"self":[{"href":"https:\/\/veritasinfo.org\/index.php?rest_route=\/wp\/v2\/posts\/3571","targetHints":{"allow":["GET"]}}],"collection":[{"href":"https:\/\/veritasinfo.org\/index.php?rest_route=\/wp\/v2\/posts"}],"about":[{"href":"https:\/\/veritasinfo.org\/index.php?rest_route=\/wp\/v2\/types\/post"}],"author":[{"embeddable":true,"href":"https:\/\/veritasinfo.org\/index.php?rest_route=\/wp\/v2\/users\/1"}],"replies":[{"embeddable":true,"href":"https:\/\/veritasinfo.org\/index.php?rest_route=%2Fwp%2Fv2%2Fcomments&post=3571"}],"version-history":[{"count":1,"href":"https:\/\/veritasinfo.org\/index.php?rest_route=\/wp\/v2\/posts\/3571\/revisions"}],"predecessor-version":[{"id":3985,"href":"https:\/\/veritasinfo.org\/index.php?rest_route=\/wp\/v2\/posts\/3571\/revisions\/3985"}],"wp:featuredmedia":[{"embeddable":true,"href":"https:\/\/veritasinfo.org\/index.php?rest_route=\/wp\/v2\/media\/3988"}],"wp:attachment":[{"href":"https:\/\/veritasinfo.org\/index.php?rest_route=%2Fwp%2Fv2%2Fmedia&parent=3571"}],"wp:term":[{"taxonomy":"category","embeddable":true,"href":"https:\/\/veritasinfo.org\/index.php?rest_route=%2Fwp%2Fv2%2Fcategories&post=3571"},{"taxonomy":"post_tag","embeddable":true,"href":"https:\/\/veritasinfo.org\/index.php?rest_route=%2Fwp%2Fv2%2Ftags&post=3571"}],"curies":[{"name":"wp","href":"https:\/\/api.w.org\/{rel}","templated":true}]}}