{"id":3566,"date":"2025-07-12T17:55:22","date_gmt":"2025-07-12T15:55:22","guid":{"rendered":"https:\/\/veritasinfo.org\/?p=3566"},"modified":"2025-07-12T17:55:22","modified_gmt":"2025-07-12T15:55:22","slug":"maqedonia-e-veriut-mbyll-kufijte-per-shkak-te-renies-se-sistemit-hyrja-e-automjeteve-ndalohet-perkohesisht","status":"publish","type":"post","link":"https:\/\/veritasinfo.org\/?p=3566","title":{"rendered":"Maqedonia e Veriut mbyll kufijt\u00eb p\u00ebr shkak t\u00eb r\u00ebnies s\u00eb sistemit \u2013 hyrja e automjeteve ndalohet p\u00ebrkoh\u00ebsisht"},"content":{"rendered":"<p>T\u00eb shtun\u00ebn, 12 korrik 2025, autoritetet e Maqedonis\u00eb s\u00eb Veriut kan\u00eb pezulluar p\u00ebrkoh\u00ebsisht hyrjen e automjeteve n\u00eb vend p\u00ebr shkak t\u00eb nj\u00eb problemi teknik q\u00eb ka prekur sistemin elektronik t\u00eb Policis\u00eb Kufitare. Sipas njoftimit nga Qendra Komb\u00ebtare p\u00ebr Menaxhim Kufitar, t\u00eb gjitha pikat kufitare jan\u00eb p\u00ebrballur me nd\u00ebrprerje totale t\u00eb sistemit, duke detyruar kalimin n\u00eb kontrolle manuale dhe rikthimin e verifikimeve t\u00eb dyfishta. Si rezultat, jan\u00eb krijuar kolona t\u00eb gjata n\u00eb disa pika hyr\u00ebse. Autoritetet kan\u00eb njoftuar se po punojn\u00eb intensivisht p\u00ebr rikthimin e funksionimit t\u00eb sistemit dhe do t\u00eb informojn\u00eb publikun n\u00eb koh\u00eb reale p\u00ebr \u00e7do zhvillim t\u00eb m\u00ebtejsh\u00ebm.<\/p>\n","protected":false},"excerpt":{"rendered":"<p>T\u00eb shtun\u00ebn, 12 korrik 2025, autoritetet e Maqedonis\u00eb s\u00eb Veriut kan\u00eb pezulluar p\u00ebrkoh\u00ebsisht hyrjen e automjeteve n\u00eb vend p\u00ebr shkak t\u00eb nj\u00eb problemi teknik q\u00eb<\/p>\n","protected":false},"author":1,"featured_media":3567,"comment_status":"open","ping_status":"open","sticky":false,"template":"","format":"standard","meta":{"footnotes":""},"categories":[60],"tags":[],"class_list":["post-3566","post","type-post","status-publish","format-standard","has-post-thumbnail","hentry","category-shoqerore-sq"],"yoast_head":"<!-- This site is optimized with the Yoast SEO plugin v25.3.1 - https:\/\/yoast.com\/wordpress\/plugins\/seo\/ -->\n<title>Maqedonia e Veriut mbyll kufijt\u00eb p\u00ebr shkak t\u00eb r\u00ebnies s\u00eb sistemit \u2013 hyrja e automjeteve ndalohet p\u00ebrkoh\u00ebsisht -<\/title>\n<meta name=\"robots\" content=\"index, follow, max-snippet:-1, max-image-preview:large, max-video-preview:-1\" \/>\n<link rel=\"canonical\" href=\"https:\/\/veritasinfo.org\/?p=3566\" \/>\n<meta property=\"og:locale\" content=\"en_US\" \/>\n<meta property=\"og:type\" content=\"article\" \/>\n<meta property=\"og:title\" content=\"Maqedonia e Veriut mbyll kufijt\u00eb p\u00ebr shkak t\u00eb r\u00ebnies s\u00eb sistemit \u2013 hyrja e automjeteve ndalohet p\u00ebrkoh\u00ebsisht -\" \/>\n<meta property=\"og:description\" content=\"T\u00eb shtun\u00ebn, 12 korrik 2025, autoritetet e Maqedonis\u00eb s\u00eb Veriut kan\u00eb pezulluar p\u00ebrkoh\u00ebsisht hyrjen e automjeteve n\u00eb vend p\u00ebr shkak t\u00eb nj\u00eb problemi teknik q\u00eb\" \/>\n<meta property=\"og:url\" content=\"https:\/\/veritasinfo.org\/?p=3566\" \/>\n<meta property=\"article:published_time\" content=\"2025-07-12T15:55:22+00:00\" \/>\n<meta property=\"og:image\" content=\"https:\/\/veritasinfo.org\/wp-content\/uploads\/2025\/07\/IMG_4453.jpg\" \/>\n\t<meta property=\"og:image:width\" content=\"928\" \/>\n\t<meta property=\"og:image:height\" content=\"547\" \/>\n\t<meta property=\"og:image:type\" content=\"image\/jpeg\" \/>\n<meta name=\"author\" content=\"admin\" \/>\n<meta name=\"twitter:card\" content=\"summary_large_image\" \/>\n<meta name=\"twitter:label1\" content=\"Written by\" \/>\n\t<meta name=\"twitter:data1\" content=\"admin\" \/>\n\t<meta name=\"twitter:label2\" content=\"Est. reading time\" \/>\n\t<meta name=\"twitter:data2\" content=\"1 minute\" \/>\n<script type=\"application\/ld+json\" class=\"yoast-schema-graph\">{\"@context\":\"https:\/\/schema.org\",\"@graph\":[{\"@type\":\"WebPage\",\"@id\":\"https:\/\/veritasinfo.org\/?p=3566\",\"url\":\"https:\/\/veritasinfo.org\/?p=3566\",\"name\":\"Maqedonia e Veriut mbyll kufijt\u00eb p\u00ebr shkak t\u00eb r\u00ebnies s\u00eb sistemit \u2013 hyrja e automjeteve ndalohet p\u00ebrkoh\u00ebsisht -\",\"isPartOf\":{\"@id\":\"https:\/\/veritasinfo.org\/#website\"},\"primaryImageOfPage\":{\"@id\":\"https:\/\/veritasinfo.org\/?p=3566#primaryimage\"},\"image\":{\"@id\":\"https:\/\/veritasinfo.org\/?p=3566#primaryimage\"},\"thumbnailUrl\":\"https:\/\/veritasinfo.org\/wp-content\/uploads\/2025\/07\/IMG_4453.jpg\",\"datePublished\":\"2025-07-12T15:55:22+00:00\",\"author\":{\"@id\":\"https:\/\/veritasinfo.org\/#\/schema\/person\/7701f8c088bece422266b100a712374f\"},\"breadcrumb\":{\"@id\":\"https:\/\/veritasinfo.org\/?p=3566#breadcrumb\"},\"inLanguage\":\"en-US\",\"potentialAction\":[{\"@type\":\"ReadAction\",\"target\":[\"https:\/\/veritasinfo.org\/?p=3566\"]}]},{\"@type\":\"ImageObject\",\"inLanguage\":\"en-US\",\"@id\":\"https:\/\/veritasinfo.org\/?p=3566#primaryimage\",\"url\":\"https:\/\/veritasinfo.org\/wp-content\/uploads\/2025\/07\/IMG_4453.jpg\",\"contentUrl\":\"https:\/\/veritasinfo.org\/wp-content\/uploads\/2025\/07\/IMG_4453.jpg\",\"width\":928,\"height\":547},{\"@type\":\"BreadcrumbList\",\"@id\":\"https:\/\/veritasinfo.org\/?p=3566#breadcrumb\",\"itemListElement\":[{\"@type\":\"ListItem\",\"position\":1,\"name\":\"Home\",\"item\":\"https:\/\/veritasinfo.org\/\"},{\"@type\":\"ListItem\",\"position\":2,\"name\":\"Maqedonia e Veriut mbyll kufijt\u00eb p\u00ebr shkak t\u00eb r\u00ebnies s\u00eb sistemit \u2013 hyrja e automjeteve ndalohet p\u00ebrkoh\u00ebsisht\"}]},{\"@type\":\"WebSite\",\"@id\":\"https:\/\/veritasinfo.org\/#website\",\"url\":\"https:\/\/veritasinfo.org\/\",\"name\":\"\",\"description\":\"\",\"potentialAction\":[{\"@type\":\"SearchAction\",\"target\":{\"@type\":\"EntryPoint\",\"urlTemplate\":\"https:\/\/veritasinfo.org\/?s={search_term_string}\"},\"query-input\":{\"@type\":\"PropertyValueSpecification\",\"valueRequired\":true,\"valueName\":\"search_term_string\"}}],\"inLanguage\":\"en-US\"},{\"@type\":\"Person\",\"@id\":\"https:\/\/veritasinfo.org\/#\/schema\/person\/7701f8c088bece422266b100a712374f\",\"name\":\"admin\",\"image\":{\"@type\":\"ImageObject\",\"inLanguage\":\"en-US\",\"@id\":\"https:\/\/veritasinfo.org\/#\/schema\/person\/image\/\",\"url\":\"https:\/\/secure.gravatar.com\/avatar\/ea53aa3bf6c9a12d5fde8ce4deff43fef3885ae33cf60184161a50d6987cfd2f?s=96&d=mm&r=g\",\"contentUrl\":\"https:\/\/secure.gravatar.com\/avatar\/ea53aa3bf6c9a12d5fde8ce4deff43fef3885ae33cf60184161a50d6987cfd2f?s=96&d=mm&r=g\",\"caption\":\"admin\"},\"sameAs\":[\"https:\/\/veritasinfo.org\"],\"url\":\"https:\/\/veritasinfo.org\/?author=1\"}]}<\/script>\n<!-- \/ Yoast SEO plugin. -->","yoast_head_json":{"title":"Maqedonia e Veriut mbyll kufijt\u00eb p\u00ebr shkak t\u00eb r\u00ebnies s\u00eb sistemit \u2013 hyrja e automjeteve ndalohet p\u00ebrkoh\u00ebsisht -","robots":{"index":"index","follow":"follow","max-snippet":"max-snippet:-1","max-image-preview":"max-image-preview:large","max-video-preview":"max-video-preview:-1"},"canonical":"https:\/\/veritasinfo.org\/?p=3566","og_locale":"en_US","og_type":"article","og_title":"Maqedonia e Veriut mbyll kufijt\u00eb p\u00ebr shkak t\u00eb r\u00ebnies s\u00eb sistemit \u2013 hyrja e automjeteve ndalohet p\u00ebrkoh\u00ebsisht -","og_description":"T\u00eb shtun\u00ebn, 12 korrik 2025, autoritetet e Maqedonis\u00eb s\u00eb Veriut kan\u00eb pezulluar p\u00ebrkoh\u00ebsisht hyrjen e automjeteve n\u00eb vend p\u00ebr shkak t\u00eb nj\u00eb problemi teknik q\u00eb","og_url":"https:\/\/veritasinfo.org\/?p=3566","article_published_time":"2025-07-12T15:55:22+00:00","og_image":[{"width":928,"height":547,"url":"https:\/\/veritasinfo.org\/wp-content\/uploads\/2025\/07\/IMG_4453.jpg","type":"image\/jpeg"}],"author":"admin","twitter_card":"summary_large_image","twitter_misc":{"Written by":"admin","Est. reading time":"1 minute"},"schema":{"@context":"https:\/\/schema.org","@graph":[{"@type":"WebPage","@id":"https:\/\/veritasinfo.org\/?p=3566","url":"https:\/\/veritasinfo.org\/?p=3566","name":"Maqedonia e Veriut mbyll kufijt\u00eb p\u00ebr shkak t\u00eb r\u00ebnies s\u00eb sistemit \u2013 hyrja e automjeteve ndalohet p\u00ebrkoh\u00ebsisht -","isPartOf":{"@id":"https:\/\/veritasinfo.org\/#website"},"primaryImageOfPage":{"@id":"https:\/\/veritasinfo.org\/?p=3566#primaryimage"},"image":{"@id":"https:\/\/veritasinfo.org\/?p=3566#primaryimage"},"thumbnailUrl":"https:\/\/veritasinfo.org\/wp-content\/uploads\/2025\/07\/IMG_4453.jpg","datePublished":"2025-07-12T15:55:22+00:00","author":{"@id":"https:\/\/veritasinfo.org\/#\/schema\/person\/7701f8c088bece422266b100a712374f"},"breadcrumb":{"@id":"https:\/\/veritasinfo.org\/?p=3566#breadcrumb"},"inLanguage":"en-US","potentialAction":[{"@type":"ReadAction","target":["https:\/\/veritasinfo.org\/?p=3566"]}]},{"@type":"ImageObject","inLanguage":"en-US","@id":"https:\/\/veritasinfo.org\/?p=3566#primaryimage","url":"https:\/\/veritasinfo.org\/wp-content\/uploads\/2025\/07\/IMG_4453.jpg","contentUrl":"https:\/\/veritasinfo.org\/wp-content\/uploads\/2025\/07\/IMG_4453.jpg","width":928,"height":547},{"@type":"BreadcrumbList","@id":"https:\/\/veritasinfo.org\/?p=3566#breadcrumb","itemListElement":[{"@type":"ListItem","position":1,"name":"Home","item":"https:\/\/veritasinfo.org\/"},{"@type":"ListItem","position":2,"name":"Maqedonia e Veriut mbyll kufijt\u00eb p\u00ebr shkak t\u00eb r\u00ebnies s\u00eb sistemit \u2013 hyrja e automjeteve ndalohet p\u00ebrkoh\u00ebsisht"}]},{"@type":"WebSite","@id":"https:\/\/veritasinfo.org\/#website","url":"https:\/\/veritasinfo.org\/","name":"","description":"","potentialAction":[{"@type":"SearchAction","target":{"@type":"EntryPoint","urlTemplate":"https:\/\/veritasinfo.org\/?s={search_term_string}"},"query-input":{"@type":"PropertyValueSpecification","valueRequired":true,"valueName":"search_term_string"}}],"inLanguage":"en-US"},{"@type":"Person","@id":"https:\/\/veritasinfo.org\/#\/schema\/person\/7701f8c088bece422266b100a712374f","name":"admin","image":{"@type":"ImageObject","inLanguage":"en-US","@id":"https:\/\/veritasinfo.org\/#\/schema\/person\/image\/","url":"https:\/\/secure.gravatar.com\/avatar\/ea53aa3bf6c9a12d5fde8ce4deff43fef3885ae33cf60184161a50d6987cfd2f?s=96&d=mm&r=g","contentUrl":"https:\/\/secure.gravatar.com\/avatar\/ea53aa3bf6c9a12d5fde8ce4deff43fef3885ae33cf60184161a50d6987cfd2f?s=96&d=mm&r=g","caption":"admin"},"sameAs":["https:\/\/veritasinfo.org"],"url":"https:\/\/veritasinfo.org\/?author=1"}]}},"featured_image_urls":{"full":["https:\/\/veritasinfo.org\/wp-content\/uploads\/2025\/07\/IMG_4453.jpg",928,547,false],"thumbnail":["https:\/\/veritasinfo.org\/wp-content\/uploads\/2025\/07\/IMG_4453-150x150.jpg",150,150,true],"medium":["https:\/\/veritasinfo.org\/wp-content\/uploads\/2025\/07\/IMG_4453-300x177.jpg",300,177,true],"medium_large":["https:\/\/veritasinfo.org\/wp-content\/uploads\/2025\/07\/IMG_4453-768x453.jpg",640,378,true],"large":["https:\/\/veritasinfo.org\/wp-content\/uploads\/2025\/07\/IMG_4453.jpg",640,377,false],"1536x1536":["https:\/\/veritasinfo.org\/wp-content\/uploads\/2025\/07\/IMG_4453.jpg",928,547,false],"2048x2048":["https:\/\/veritasinfo.org\/wp-content\/uploads\/2025\/07\/IMG_4453.jpg",928,547,false],"kreeti-slider-full":["https:\/\/veritasinfo.org\/wp-content\/uploads\/2025\/07\/IMG_4453.jpg",928,547,false],"kreeti-featured":["https:\/\/veritasinfo.org\/wp-content\/uploads\/2025\/07\/IMG_4453.jpg",928,547,false],"kreeti-medium":["https:\/\/veritasinfo.org\/wp-content\/uploads\/2025\/07\/IMG_4453.jpg",720,424,false],"kreeti-medium-square":["https:\/\/veritasinfo.org\/wp-content\/uploads\/2025\/07\/IMG_4453.jpg",350,206,false]},"author_info":{"info":["admin"]},"category_info":"<a href=\"https:\/\/veritasinfo.org\/?cat=60\" rel=\"category\">Shoq\u00ebrore<\/a>","tag_info":"Shoq\u00ebrore","comment_count":"0","_links":{"self":[{"href":"https:\/\/veritasinfo.org\/index.php?rest_route=\/wp\/v2\/posts\/3566","targetHints":{"allow":["GET"]}}],"collection":[{"href":"https:\/\/veritasinfo.org\/index.php?rest_route=\/wp\/v2\/posts"}],"about":[{"href":"https:\/\/veritasinfo.org\/index.php?rest_route=\/wp\/v2\/types\/post"}],"author":[{"embeddable":true,"href":"https:\/\/veritasinfo.org\/index.php?rest_route=\/wp\/v2\/users\/1"}],"replies":[{"embeddable":true,"href":"https:\/\/veritasinfo.org\/index.php?rest_route=%2Fwp%2Fv2%2Fcomments&post=3566"}],"version-history":[{"count":1,"href":"https:\/\/veritasinfo.org\/index.php?rest_route=\/wp\/v2\/posts\/3566\/revisions"}],"predecessor-version":[{"id":3568,"href":"https:\/\/veritasinfo.org\/index.php?rest_route=\/wp\/v2\/posts\/3566\/revisions\/3568"}],"wp:featuredmedia":[{"embeddable":true,"href":"https:\/\/veritasinfo.org\/index.php?rest_route=\/wp\/v2\/media\/3567"}],"wp:attachment":[{"href":"https:\/\/veritasinfo.org\/index.php?rest_route=%2Fwp%2Fv2%2Fmedia&parent=3566"}],"wp:term":[{"taxonomy":"category","embeddable":true,"href":"https:\/\/veritasinfo.org\/index.php?rest_route=%2Fwp%2Fv2%2Fcategories&post=3566"},{"taxonomy":"post_tag","embeddable":true,"href":"https:\/\/veritasinfo.org\/index.php?rest_route=%2Fwp%2Fv2%2Ftags&post=3566"}],"curies":[{"name":"wp","href":"https:\/\/api.w.org\/{rel}","templated":true}]}}