{"id":35624,"date":"2026-03-03T09:41:02","date_gmt":"2026-03-03T08:41:02","guid":{"rendered":"https:\/\/veritasinfo.org\/?p=35624"},"modified":"2026-03-03T09:41:02","modified_gmt":"2026-03-03T08:41:02","slug":"nenshkruhet-memorandumi-per-fuqizimin-e-grave-sipermarrese-ne-komunen-e-malisheves","status":"publish","type":"post","link":"https:\/\/veritasinfo.org\/?p=35624","title":{"rendered":"N\u00ebnshkruhet Memorandumi p\u00ebr Fuqizimin e Grave Sip\u00ebrmarr\u00ebse n\u00eb komun\u00ebn e Malishev\u00ebs"},"content":{"rendered":"<p>Malishev\u00eb, 3 mars 2026 09:38<\/p>\n<p>Nj\u00eb hap i r\u00ebnd\u00ebsish\u00ebm drejt avancimit ekonomik dhe barazis\u00eb gjinore u b\u00eb n\u00eb Komun\u00ebn e Malishev\u00ebs, ku u n\u00ebnshkrua Memorandumi i Bashk\u00ebpunimit p\u00ebr projektin \u201cFuqizimi i grave sip\u00ebrmarr\u00ebse n\u00eb Kosov\u00eb\u201d. Kjo iniciativ\u00eb synon t\u00eb rris\u00eb rolin e grave n\u00eb biznes dhe zhvillimin ekonomik lokal. <\/p>\n<p>N\u00eb ceremoni mor\u00ebn pjes\u00eb kryetari i komun\u00ebs, Ekrem Kastrati, dhe drejtori i projektit zbatues, Valentin Hoxha, t\u00eb cil\u00ebt n\u00ebnshkruan dokumentin q\u00eb sh\u00ebnon fillimin e bashk\u00ebpunimit institucional nd\u00ebrmjet komun\u00ebs dhe organizat\u00ebs zbatuese. <\/p>\n<p>N\u00eb fjal\u00ebn e tij, Kastrati theksoi p\u00ebrkushtimin e komun\u00ebs p\u00ebr t\u00eb mb\u00ebshtetur iniciativa q\u00eb promovojn\u00eb barazin\u00eb gjinore dhe zhvillimin ekonomik t\u00eb q\u00ebndruesh\u00ebm, duke u fokusuar n\u00eb krijimin e mund\u00ebsive t\u00eb reja p\u00ebr grat\u00eb q\u00eb duan t\u00eb zhvillojn\u00eb bizneset e tyre. <\/p>\n<p>Ky projekt do t\u00eb menaxhohet nga Fondacioni p\u00ebr Zhvillim t\u00eb Q\u00ebndruesh\u00ebm Ekonomik \u2013 Preda Plus Kosov\u00eb dhe ka p\u00ebr q\u00ebllim t\u00eb fuqizoj\u00eb ekonomikisht grat\u00eb p\u00ebrmes trajnimeve profesionale, mentorimit, qasjes n\u00eb finansim dhe mund\u00ebsive konkrete t\u00eb zhvillimit t\u00eb sip\u00ebrmarrjeve t\u00eb vogla dhe t\u00eb mesme. <\/p>\n<p>Nga ana e tij, drejtori Hoxha vler\u00ebsoi r\u00ebnd\u00ebsin\u00eb e bashk\u00ebpunimit me institucionet lokale si nj\u00eb faktor ky\u00e7 p\u00ebr suksesin e k\u00ebtij projekti, nd\u00ebrsa koordinatorja e programit, Valentin\u00eb Krasniqi \u2013 Zogaj, n\u00ebnvizoi pritshm\u00ebrit\u00eb se memorandumet e k\u00ebtij lloji do t\u00eb ndikojn\u00eb drejtp\u00ebrdrejt n\u00eb p\u00ebrmir\u00ebsimin e pozit\u00ebs ekonomike t\u00eb grave n\u00eb Malishev\u00eb. <\/p>\n<p>Projekti synon t\u00eb krijoj\u00eb nj\u00eb ekosistem mb\u00ebshtet\u00ebs p\u00ebr grat\u00eb n\u00eb biznes, duke ofruar jo vet\u00ebm njohuri dhe aft\u00ebsi t\u00eb nevojshme, por edhe mb\u00ebshtetje financiare dhe mentorim p\u00ebr t\u00eb leht\u00ebsuar pjes\u00ebmarrjen e tyre aktive n\u00eb treg dhe komunitet.<\/p>\n","protected":false},"excerpt":{"rendered":"<p>Malishev\u00eb, 3 mars 2026 09:38 Nj\u00eb hap i r\u00ebnd\u00ebsish\u00ebm drejt avancimit ekonomik dhe barazis\u00eb gjinore u b\u00eb n\u00eb Komun\u00ebn e Malishev\u00ebs, ku u n\u00ebnshkrua Memorandumi<\/p>\n","protected":false},"author":6,"featured_media":35625,"comment_status":"open","ping_status":"open","sticky":false,"template":"","format":"standard","meta":{"footnotes":""},"categories":[52],"tags":[],"class_list":["post-35624","post","type-post","status-publish","format-standard","has-post-thumbnail","hentry","category-komunat-sq"],"yoast_head":"<!-- This site is optimized with the Yoast SEO plugin v25.3.1 - https:\/\/yoast.com\/wordpress\/plugins\/seo\/ -->\n<title>N\u00ebnshkruhet Memorandumi p\u00ebr Fuqizimin e Grave Sip\u00ebrmarr\u00ebse n\u00eb komun\u00ebn e Malishev\u00ebs -<\/title>\n<meta name=\"robots\" content=\"index, follow, max-snippet:-1, max-image-preview:large, max-video-preview:-1\" \/>\n<link rel=\"canonical\" href=\"https:\/\/veritasinfo.org\/?p=35624\" \/>\n<meta property=\"og:locale\" content=\"en_US\" \/>\n<meta property=\"og:type\" content=\"article\" \/>\n<meta property=\"og:title\" content=\"N\u00ebnshkruhet Memorandumi p\u00ebr Fuqizimin e Grave Sip\u00ebrmarr\u00ebse n\u00eb komun\u00ebn e Malishev\u00ebs -\" \/>\n<meta property=\"og:description\" content=\"Malishev\u00eb, 3 mars 2026 09:38 Nj\u00eb hap i r\u00ebnd\u00ebsish\u00ebm drejt avancimit ekonomik dhe barazis\u00eb gjinore u b\u00eb n\u00eb Komun\u00ebn e Malishev\u00ebs, ku u n\u00ebnshkrua Memorandumi\" \/>\n<meta property=\"og:url\" content=\"https:\/\/veritasinfo.org\/?p=35624\" \/>\n<meta property=\"article:published_time\" content=\"2026-03-03T08:41:02+00:00\" \/>\n<meta property=\"og:image\" content=\"https:\/\/veritasinfo.org\/wp-content\/uploads\/2026\/03\/IMG-20260303-WA0001.jpg\" \/>\n\t<meta property=\"og:image:width\" content=\"1245\" \/>\n\t<meta property=\"og:image:height\" content=\"700\" \/>\n\t<meta property=\"og:image:type\" content=\"image\/jpeg\" \/>\n<meta name=\"author\" content=\"US5\" \/>\n<meta name=\"twitter:card\" content=\"summary_large_image\" \/>\n<meta name=\"twitter:label1\" content=\"Written by\" \/>\n\t<meta name=\"twitter:data1\" content=\"US5\" \/>\n\t<meta name=\"twitter:label2\" content=\"Est. reading time\" \/>\n\t<meta name=\"twitter:data2\" content=\"1 minute\" \/>\n<script type=\"application\/ld+json\" class=\"yoast-schema-graph\">{\"@context\":\"https:\/\/schema.org\",\"@graph\":[{\"@type\":\"WebPage\",\"@id\":\"https:\/\/veritasinfo.org\/?p=35624\",\"url\":\"https:\/\/veritasinfo.org\/?p=35624\",\"name\":\"N\u00ebnshkruhet Memorandumi p\u00ebr Fuqizimin e Grave Sip\u00ebrmarr\u00ebse n\u00eb komun\u00ebn e Malishev\u00ebs -\",\"isPartOf\":{\"@id\":\"https:\/\/veritasinfo.org\/#website\"},\"primaryImageOfPage\":{\"@id\":\"https:\/\/veritasinfo.org\/?p=35624#primaryimage\"},\"image\":{\"@id\":\"https:\/\/veritasinfo.org\/?p=35624#primaryimage\"},\"thumbnailUrl\":\"https:\/\/veritasinfo.org\/wp-content\/uploads\/2026\/03\/IMG-20260303-WA0001.jpg\",\"datePublished\":\"2026-03-03T08:41:02+00:00\",\"author\":{\"@id\":\"https:\/\/veritasinfo.org\/#\/schema\/person\/bc442336e35414d04494ab8fb45db4c6\"},\"breadcrumb\":{\"@id\":\"https:\/\/veritasinfo.org\/?p=35624#breadcrumb\"},\"inLanguage\":\"en-US\",\"potentialAction\":[{\"@type\":\"ReadAction\",\"target\":[\"https:\/\/veritasinfo.org\/?p=35624\"]}]},{\"@type\":\"ImageObject\",\"inLanguage\":\"en-US\",\"@id\":\"https:\/\/veritasinfo.org\/?p=35624#primaryimage\",\"url\":\"https:\/\/veritasinfo.org\/wp-content\/uploads\/2026\/03\/IMG-20260303-WA0001.jpg\",\"contentUrl\":\"https:\/\/veritasinfo.org\/wp-content\/uploads\/2026\/03\/IMG-20260303-WA0001.jpg\",\"width\":1245,\"height\":700},{\"@type\":\"BreadcrumbList\",\"@id\":\"https:\/\/veritasinfo.org\/?p=35624#breadcrumb\",\"itemListElement\":[{\"@type\":\"ListItem\",\"position\":1,\"name\":\"Home\",\"item\":\"https:\/\/veritasinfo.org\/\"},{\"@type\":\"ListItem\",\"position\":2,\"name\":\"N\u00ebnshkruhet Memorandumi p\u00ebr Fuqizimin e Grave Sip\u00ebrmarr\u00ebse n\u00eb komun\u00ebn e Malishev\u00ebs\"}]},{\"@type\":\"WebSite\",\"@id\":\"https:\/\/veritasinfo.org\/#website\",\"url\":\"https:\/\/veritasinfo.org\/\",\"name\":\"\",\"description\":\"\",\"potentialAction\":[{\"@type\":\"SearchAction\",\"target\":{\"@type\":\"EntryPoint\",\"urlTemplate\":\"https:\/\/veritasinfo.org\/?s={search_term_string}\"},\"query-input\":{\"@type\":\"PropertyValueSpecification\",\"valueRequired\":true,\"valueName\":\"search_term_string\"}}],\"inLanguage\":\"en-US\"},{\"@type\":\"Person\",\"@id\":\"https:\/\/veritasinfo.org\/#\/schema\/person\/bc442336e35414d04494ab8fb45db4c6\",\"name\":\"US5\",\"image\":{\"@type\":\"ImageObject\",\"inLanguage\":\"en-US\",\"@id\":\"https:\/\/veritasinfo.org\/#\/schema\/person\/image\/\",\"url\":\"https:\/\/secure.gravatar.com\/avatar\/16a61e7272a0c5d001121ebb9e60e925d5816e4ac1e443ed3e640d9a6ae55d0c?s=96&d=mm&r=g\",\"contentUrl\":\"https:\/\/secure.gravatar.com\/avatar\/16a61e7272a0c5d001121ebb9e60e925d5816e4ac1e443ed3e640d9a6ae55d0c?s=96&d=mm&r=g\",\"caption\":\"US5\"},\"url\":\"https:\/\/veritasinfo.org\/?author=6\"}]}<\/script>\n<!-- \/ Yoast SEO plugin. -->","yoast_head_json":{"title":"N\u00ebnshkruhet Memorandumi p\u00ebr Fuqizimin e Grave Sip\u00ebrmarr\u00ebse n\u00eb komun\u00ebn e Malishev\u00ebs -","robots":{"index":"index","follow":"follow","max-snippet":"max-snippet:-1","max-image-preview":"max-image-preview:large","max-video-preview":"max-video-preview:-1"},"canonical":"https:\/\/veritasinfo.org\/?p=35624","og_locale":"en_US","og_type":"article","og_title":"N\u00ebnshkruhet Memorandumi p\u00ebr Fuqizimin e Grave Sip\u00ebrmarr\u00ebse n\u00eb komun\u00ebn e Malishev\u00ebs -","og_description":"Malishev\u00eb, 3 mars 2026 09:38 Nj\u00eb hap i r\u00ebnd\u00ebsish\u00ebm drejt avancimit ekonomik dhe barazis\u00eb gjinore u b\u00eb n\u00eb Komun\u00ebn e Malishev\u00ebs, ku u n\u00ebnshkrua Memorandumi","og_url":"https:\/\/veritasinfo.org\/?p=35624","article_published_time":"2026-03-03T08:41:02+00:00","og_image":[{"width":1245,"height":700,"url":"https:\/\/veritasinfo.org\/wp-content\/uploads\/2026\/03\/IMG-20260303-WA0001.jpg","type":"image\/jpeg"}],"author":"US5","twitter_card":"summary_large_image","twitter_misc":{"Written by":"US5","Est. reading time":"1 minute"},"schema":{"@context":"https:\/\/schema.org","@graph":[{"@type":"WebPage","@id":"https:\/\/veritasinfo.org\/?p=35624","url":"https:\/\/veritasinfo.org\/?p=35624","name":"N\u00ebnshkruhet Memorandumi p\u00ebr Fuqizimin e Grave Sip\u00ebrmarr\u00ebse n\u00eb komun\u00ebn e Malishev\u00ebs -","isPartOf":{"@id":"https:\/\/veritasinfo.org\/#website"},"primaryImageOfPage":{"@id":"https:\/\/veritasinfo.org\/?p=35624#primaryimage"},"image":{"@id":"https:\/\/veritasinfo.org\/?p=35624#primaryimage"},"thumbnailUrl":"https:\/\/veritasinfo.org\/wp-content\/uploads\/2026\/03\/IMG-20260303-WA0001.jpg","datePublished":"2026-03-03T08:41:02+00:00","author":{"@id":"https:\/\/veritasinfo.org\/#\/schema\/person\/bc442336e35414d04494ab8fb45db4c6"},"breadcrumb":{"@id":"https:\/\/veritasinfo.org\/?p=35624#breadcrumb"},"inLanguage":"en-US","potentialAction":[{"@type":"ReadAction","target":["https:\/\/veritasinfo.org\/?p=35624"]}]},{"@type":"ImageObject","inLanguage":"en-US","@id":"https:\/\/veritasinfo.org\/?p=35624#primaryimage","url":"https:\/\/veritasinfo.org\/wp-content\/uploads\/2026\/03\/IMG-20260303-WA0001.jpg","contentUrl":"https:\/\/veritasinfo.org\/wp-content\/uploads\/2026\/03\/IMG-20260303-WA0001.jpg","width":1245,"height":700},{"@type":"BreadcrumbList","@id":"https:\/\/veritasinfo.org\/?p=35624#breadcrumb","itemListElement":[{"@type":"ListItem","position":1,"name":"Home","item":"https:\/\/veritasinfo.org\/"},{"@type":"ListItem","position":2,"name":"N\u00ebnshkruhet Memorandumi p\u00ebr Fuqizimin e Grave Sip\u00ebrmarr\u00ebse n\u00eb komun\u00ebn e Malishev\u00ebs"}]},{"@type":"WebSite","@id":"https:\/\/veritasinfo.org\/#website","url":"https:\/\/veritasinfo.org\/","name":"","description":"","potentialAction":[{"@type":"SearchAction","target":{"@type":"EntryPoint","urlTemplate":"https:\/\/veritasinfo.org\/?s={search_term_string}"},"query-input":{"@type":"PropertyValueSpecification","valueRequired":true,"valueName":"search_term_string"}}],"inLanguage":"en-US"},{"@type":"Person","@id":"https:\/\/veritasinfo.org\/#\/schema\/person\/bc442336e35414d04494ab8fb45db4c6","name":"US5","image":{"@type":"ImageObject","inLanguage":"en-US","@id":"https:\/\/veritasinfo.org\/#\/schema\/person\/image\/","url":"https:\/\/secure.gravatar.com\/avatar\/16a61e7272a0c5d001121ebb9e60e925d5816e4ac1e443ed3e640d9a6ae55d0c?s=96&d=mm&r=g","contentUrl":"https:\/\/secure.gravatar.com\/avatar\/16a61e7272a0c5d001121ebb9e60e925d5816e4ac1e443ed3e640d9a6ae55d0c?s=96&d=mm&r=g","caption":"US5"},"url":"https:\/\/veritasinfo.org\/?author=6"}]}},"featured_image_urls":{"full":["https:\/\/veritasinfo.org\/wp-content\/uploads\/2026\/03\/IMG-20260303-WA0001.jpg",1245,700,false],"thumbnail":["https:\/\/veritasinfo.org\/wp-content\/uploads\/2026\/03\/IMG-20260303-WA0001-150x150.jpg",150,150,true],"medium":["https:\/\/veritasinfo.org\/wp-content\/uploads\/2026\/03\/IMG-20260303-WA0001-300x169.jpg",300,169,true],"medium_large":["https:\/\/veritasinfo.org\/wp-content\/uploads\/2026\/03\/IMG-20260303-WA0001-768x432.jpg",640,360,true],"large":["https:\/\/veritasinfo.org\/wp-content\/uploads\/2026\/03\/IMG-20260303-WA0001-1024x576.jpg",640,360,true],"1536x1536":["https:\/\/veritasinfo.org\/wp-content\/uploads\/2026\/03\/IMG-20260303-WA0001.jpg",1245,700,false],"2048x2048":["https:\/\/veritasinfo.org\/wp-content\/uploads\/2026\/03\/IMG-20260303-WA0001.jpg",1245,700,false],"kreeti-slider-full":["https:\/\/veritasinfo.org\/wp-content\/uploads\/2026\/03\/IMG-20260303-WA0001.jpg",1245,700,false],"kreeti-featured":["https:\/\/veritasinfo.org\/wp-content\/uploads\/2026\/03\/IMG-20260303-WA0001.jpg",1024,576,false],"kreeti-medium":["https:\/\/veritasinfo.org\/wp-content\/uploads\/2026\/03\/IMG-20260303-WA0001.jpg",720,405,false],"kreeti-medium-square":["https:\/\/veritasinfo.org\/wp-content\/uploads\/2026\/03\/IMG-20260303-WA0001.jpg",350,197,false]},"author_info":{"info":["US5"]},"category_info":"<a href=\"https:\/\/veritasinfo.org\/?cat=52\" rel=\"category\">Komunat<\/a>","tag_info":"Komunat","comment_count":"0","_links":{"self":[{"href":"https:\/\/veritasinfo.org\/index.php?rest_route=\/wp\/v2\/posts\/35624","targetHints":{"allow":["GET"]}}],"collection":[{"href":"https:\/\/veritasinfo.org\/index.php?rest_route=\/wp\/v2\/posts"}],"about":[{"href":"https:\/\/veritasinfo.org\/index.php?rest_route=\/wp\/v2\/types\/post"}],"author":[{"embeddable":true,"href":"https:\/\/veritasinfo.org\/index.php?rest_route=\/wp\/v2\/users\/6"}],"replies":[{"embeddable":true,"href":"https:\/\/veritasinfo.org\/index.php?rest_route=%2Fwp%2Fv2%2Fcomments&post=35624"}],"version-history":[{"count":1,"href":"https:\/\/veritasinfo.org\/index.php?rest_route=\/wp\/v2\/posts\/35624\/revisions"}],"predecessor-version":[{"id":35626,"href":"https:\/\/veritasinfo.org\/index.php?rest_route=\/wp\/v2\/posts\/35624\/revisions\/35626"}],"wp:featuredmedia":[{"embeddable":true,"href":"https:\/\/veritasinfo.org\/index.php?rest_route=\/wp\/v2\/media\/35625"}],"wp:attachment":[{"href":"https:\/\/veritasinfo.org\/index.php?rest_route=%2Fwp%2Fv2%2Fmedia&parent=35624"}],"wp:term":[{"taxonomy":"category","embeddable":true,"href":"https:\/\/veritasinfo.org\/index.php?rest_route=%2Fwp%2Fv2%2Fcategories&post=35624"},{"taxonomy":"post_tag","embeddable":true,"href":"https:\/\/veritasinfo.org\/index.php?rest_route=%2Fwp%2Fv2%2Ftags&post=35624"}],"curies":[{"name":"wp","href":"https:\/\/api.w.org\/{rel}","templated":true}]}}