{"id":35560,"date":"2026-03-02T18:36:57","date_gmt":"2026-03-02T17:36:57","guid":{"rendered":"https:\/\/veritasinfo.org\/?p=35560"},"modified":"2026-03-02T18:36:57","modified_gmt":"2026-03-02T17:36:57","slug":"kurti-ska-konsensus-per-presidentin-situata-me-e-nderlikuar","status":"publish","type":"post","link":"https:\/\/veritasinfo.org\/?p=35560","title":{"rendered":"Kurti: S\u2019ka konsensus p\u00ebr presidentin, situata m\u00eb e nd\u00ebrlikuar"},"content":{"rendered":"<p>Prishtin\u00eb, 2 mars 2026 18:35<\/p>\n<p>Kryeministri i Kosov\u00ebs, Albin Kurti, ka deklaruar se aktualisht nuk ka marr\u00ebveshje politike p\u00ebr zgjedhjen e presidentit t\u00eb ri t\u00eb vendit, duke theksuar se situata mbetet e hapur dhe se do t\u00eb vazhdojn\u00eb p\u00ebrpjekjet p\u00ebr t\u00eb arritur nj\u00eb zgjidhje.<\/p>\n<p>Kurti i b\u00ebri k\u00ebto komente pas takimit me kryetarin e Lidhja Demokratike e Kosov\u00ebs, Lumir Abdixhiku, ku \u00e7\u00ebshtja e zgjedhjes s\u00eb presidentit ishte nj\u00eb nga temat kryesore t\u00eb diskutimit.<\/p>\n<p>Kurti b\u00ebri t\u00eb ditur se p\u00ebr momentin nuk ka figur\u00eb konsensuale dhe as marr\u00ebveshje politike, duke e cil\u00ebsuar situat\u00ebn si m\u00eb t\u00eb nd\u00ebrlikuar pas q\u00ebndrimit t\u00eb Partia Demokratike e Kosov\u00ebs (PDK), sipas t\u00eb cilit kandidati duhet t\u00eb jet\u00eb partiak.<\/p>\n<p>\u201cJu e dini q\u00eb ne, si subjekt fitues i zgjedhjeve, si L\u00ebvizja Vet\u00ebvendosje, bashk\u00eb me partner\u00ebt tan\u00eb, Guxo dhe Alternativa, i kemi 57 deputet\u00eb. S\u00eb bashku me pakicat p\u00ebrb\u00ebjm\u00eb mazhoranc\u00ebn prej 66 deputet\u00ebsh, por nuk i kemi edhe 14 t\u00eb tjer\u00eb q\u00eb t\u00eb sigurohemi se gjith\u00e7ka do t\u00eb shkoj\u00eb mbar\u00eb n\u00eb dit\u00ebn kur duhet ta zgjedhim presidentin e Republik\u00ebs. Ju e keni parasysh q\u00eb her\u00ebn e kaluar, me 56 deputet\u00eb, u p\u00ebrpoqa t\u00eb zgjidhem kryeminist\u00ebr p\u00ebr t\u2019i arritur 61 vota; nuk u b\u00eb e mundur, p\u00ebrkund\u00ebr faktit q\u00eb gjith\u00e7ka u st\u00ebrzgjat p\u00ebr shum\u00eb muaj. Tash nuk jemi vet\u00ebm pes\u00eb deputet\u00eb larg, por 14 deputet\u00eb larg, gj\u00eb q\u00eb e b\u00ebn situat\u00ebn m\u00eb t\u00eb v\u00ebshtir\u00eb.<\/p>\n<p>Si L\u00ebvizja Vet\u00ebvendosje, ne kemi mund\u00ebsi ta propozojm\u00eb nj\u00eb kandidat, sepse mund t\u2019i mbledhim 30 n\u00ebnshkrime. Nevojiten 30 n\u00ebnshkrime t\u00eb deputet\u00ebve p\u00ebr t\u00eb paraqitur nj\u00eb kandidatur\u00eb. Bashk\u00eb me pakicat q\u00eb i kemi n\u00eb mazhoranc\u00eb, mund t\u00eb propozojm\u00eb edhe dy kandidat\u00eb, pasi me 66 deputet\u00eb mund t\u00eb sigurohen 60 n\u00ebnshkrime.<\/p>\n<p>Edhe opozita, n\u00ebse nuk e p\u00ebrfshijm\u00eb Lista Serbe, ka 43 deputet\u00eb: 22 nga PDK-ja, 15 nga LDK-ja dhe 6 nga AAK-ja \u2014 gjithsej 43. Pra, edhe opozita mund t\u00eb nxjerr\u00eb kandidat. Kushtetuta na obligon t\u2019i evitojm\u00eb zgjedhjet, pra t\u00eb mos shkojm\u00eb n\u00eb zgjedhje t\u00eb reja. Ajo thot\u00eb se duhet t\u00eb angazhohemi maksimalisht q\u00eb t\u00eb mos shkojm\u00eb n\u00eb zgjedhje, por nj\u00ebkoh\u00ebsisht i obligon edhe deputet\u00ebt t\u00eb votojn\u00eb\u201d, tha ai.<\/p>\n<p>\u201cA do t\u00eb realizohet kjo, nuk e di, por kushtet jan\u00eb ideale q\u00eb t\u00eb kemi edhe tre kandidat\u00eb, nd\u00ebrkoh\u00eb q\u00eb aktualisht nuk ka asnj\u00eb. P\u00ebr shkak se mund\u00ebsit\u00eb jan\u00eb aty, do t\u00eb vazhdoj t\u00eb komunikoj, n\u00eb m\u00ebnyr\u00eb q\u00eb nes\u00ebr apo pasnes\u00ebr t\u00eb arrijm\u00eb te rezultati dhe pastaj te suksesi i zgjedhjes s\u00eb presidentit. Por, p\u00ebr momentin, nuk mund t\u00eb them se ka di\u00e7ka t\u00eb re, meqen\u00ebse n\u00eb nj\u00ebr\u00ebn an\u00eb nuk kemi figur\u00eb konsensuale, nd\u00ebrkaq n\u00eb an\u00ebn tjet\u00ebr nuk kemi as marr\u00ebveshje politike, sidomos pas deklarimit t\u00eb PDK-s\u00eb se propozimi duhet t\u00eb jet\u00eb partiak. Kjo e b\u00ebn \u00e7\u00ebshtjen m\u00eb t\u00eb nd\u00ebrlikuar. Pra, nuk po flasim p\u00ebr emra t\u00eb p\u00ebrve\u00e7\u00ebm; mbetet q\u00eb nes\u00ebr e pasnes\u00ebr t\u00eb shohim n\u00ebse mund t\u00eb b\u00ebjm\u00eb ndonj\u00eb hap p\u00ebrpara, sepse, po e ritheksoj, kjo \u00e7\u00ebshtje e hapur i ka mund\u00ebsit\u00eb reale dhe aktuale, por varet n\u00ebse do t\u00eb p\u00ebrdoren\u201d, tha ai.<\/p>\n","protected":false},"excerpt":{"rendered":"<p>Prishtin\u00eb, 2 mars 2026 18:35 Kryeministri i Kosov\u00ebs, Albin Kurti, ka deklaruar se aktualisht nuk ka marr\u00ebveshje politike p\u00ebr zgjedhjen e presidentit t\u00eb ri t\u00eb<\/p>\n","protected":false},"author":7,"featured_media":35561,"comment_status":"open","ping_status":"open","sticky":false,"template":"","format":"standard","meta":{"footnotes":""},"categories":[58],"tags":[],"class_list":["post-35560","post","type-post","status-publish","format-standard","has-post-thumbnail","hentry","category-politike-sq"],"yoast_head":"<!-- This site is optimized with the Yoast SEO plugin v25.3.1 - https:\/\/yoast.com\/wordpress\/plugins\/seo\/ -->\n<title>Kurti: S\u2019ka konsensus p\u00ebr presidentin, situata m\u00eb e nd\u00ebrlikuar -<\/title>\n<meta name=\"robots\" content=\"index, follow, max-snippet:-1, max-image-preview:large, max-video-preview:-1\" \/>\n<link rel=\"canonical\" href=\"https:\/\/veritasinfo.org\/?p=35560\" \/>\n<meta property=\"og:locale\" content=\"en_US\" \/>\n<meta property=\"og:type\" content=\"article\" \/>\n<meta property=\"og:title\" content=\"Kurti: S\u2019ka konsensus p\u00ebr presidentin, situata m\u00eb e nd\u00ebrlikuar -\" \/>\n<meta property=\"og:description\" content=\"Prishtin\u00eb, 2 mars 2026 18:35 Kryeministri i Kosov\u00ebs, Albin Kurti, ka deklaruar se aktualisht nuk ka marr\u00ebveshje politike p\u00ebr zgjedhjen e presidentit t\u00eb ri t\u00eb\" \/>\n<meta property=\"og:url\" content=\"https:\/\/veritasinfo.org\/?p=35560\" \/>\n<meta property=\"article:published_time\" content=\"2026-03-02T17:36:57+00:00\" \/>\n<meta property=\"og:image\" content=\"https:\/\/veritasinfo.org\/wp-content\/uploads\/2026\/03\/1-8.jpg\" \/>\n\t<meta property=\"og:image:width\" content=\"658\" \/>\n\t<meta property=\"og:image:height\" content=\"411\" \/>\n\t<meta property=\"og:image:type\" content=\"image\/jpeg\" \/>\n<meta name=\"author\" content=\"US6\" \/>\n<meta name=\"twitter:card\" content=\"summary_large_image\" \/>\n<meta name=\"twitter:label1\" content=\"Written by\" \/>\n\t<meta name=\"twitter:data1\" content=\"US6\" \/>\n\t<meta name=\"twitter:label2\" content=\"Est. reading time\" \/>\n\t<meta name=\"twitter:data2\" content=\"3 minutes\" \/>\n<script type=\"application\/ld+json\" class=\"yoast-schema-graph\">{\"@context\":\"https:\/\/schema.org\",\"@graph\":[{\"@type\":\"WebPage\",\"@id\":\"https:\/\/veritasinfo.org\/?p=35560\",\"url\":\"https:\/\/veritasinfo.org\/?p=35560\",\"name\":\"Kurti: S\u2019ka konsensus p\u00ebr presidentin, situata m\u00eb e nd\u00ebrlikuar -\",\"isPartOf\":{\"@id\":\"https:\/\/veritasinfo.org\/#website\"},\"primaryImageOfPage\":{\"@id\":\"https:\/\/veritasinfo.org\/?p=35560#primaryimage\"},\"image\":{\"@id\":\"https:\/\/veritasinfo.org\/?p=35560#primaryimage\"},\"thumbnailUrl\":\"https:\/\/veritasinfo.org\/wp-content\/uploads\/2026\/03\/1-8.jpg\",\"datePublished\":\"2026-03-02T17:36:57+00:00\",\"author\":{\"@id\":\"https:\/\/veritasinfo.org\/#\/schema\/person\/fe199eede04c3937362892b7444747cc\"},\"breadcrumb\":{\"@id\":\"https:\/\/veritasinfo.org\/?p=35560#breadcrumb\"},\"inLanguage\":\"en-US\",\"potentialAction\":[{\"@type\":\"ReadAction\",\"target\":[\"https:\/\/veritasinfo.org\/?p=35560\"]}]},{\"@type\":\"ImageObject\",\"inLanguage\":\"en-US\",\"@id\":\"https:\/\/veritasinfo.org\/?p=35560#primaryimage\",\"url\":\"https:\/\/veritasinfo.org\/wp-content\/uploads\/2026\/03\/1-8.jpg\",\"contentUrl\":\"https:\/\/veritasinfo.org\/wp-content\/uploads\/2026\/03\/1-8.jpg\",\"width\":658,\"height\":411},{\"@type\":\"BreadcrumbList\",\"@id\":\"https:\/\/veritasinfo.org\/?p=35560#breadcrumb\",\"itemListElement\":[{\"@type\":\"ListItem\",\"position\":1,\"name\":\"Home\",\"item\":\"https:\/\/veritasinfo.org\/\"},{\"@type\":\"ListItem\",\"position\":2,\"name\":\"Kurti: S\u2019ka konsensus p\u00ebr presidentin, situata m\u00eb e nd\u00ebrlikuar\"}]},{\"@type\":\"WebSite\",\"@id\":\"https:\/\/veritasinfo.org\/#website\",\"url\":\"https:\/\/veritasinfo.org\/\",\"name\":\"\",\"description\":\"\",\"potentialAction\":[{\"@type\":\"SearchAction\",\"target\":{\"@type\":\"EntryPoint\",\"urlTemplate\":\"https:\/\/veritasinfo.org\/?s={search_term_string}\"},\"query-input\":{\"@type\":\"PropertyValueSpecification\",\"valueRequired\":true,\"valueName\":\"search_term_string\"}}],\"inLanguage\":\"en-US\"},{\"@type\":\"Person\",\"@id\":\"https:\/\/veritasinfo.org\/#\/schema\/person\/fe199eede04c3937362892b7444747cc\",\"name\":\"US6\",\"image\":{\"@type\":\"ImageObject\",\"inLanguage\":\"en-US\",\"@id\":\"https:\/\/veritasinfo.org\/#\/schema\/person\/image\/\",\"url\":\"https:\/\/secure.gravatar.com\/avatar\/cb16c3c31c9d23b9b8c705964598220b3014e42ff51eb540ff23cefa3ae8c15f?s=96&d=mm&r=g\",\"contentUrl\":\"https:\/\/secure.gravatar.com\/avatar\/cb16c3c31c9d23b9b8c705964598220b3014e42ff51eb540ff23cefa3ae8c15f?s=96&d=mm&r=g\",\"caption\":\"US6\"},\"url\":\"https:\/\/veritasinfo.org\/?author=7\"}]}<\/script>\n<!-- \/ Yoast SEO plugin. -->","yoast_head_json":{"title":"Kurti: S\u2019ka konsensus p\u00ebr presidentin, situata m\u00eb e nd\u00ebrlikuar -","robots":{"index":"index","follow":"follow","max-snippet":"max-snippet:-1","max-image-preview":"max-image-preview:large","max-video-preview":"max-video-preview:-1"},"canonical":"https:\/\/veritasinfo.org\/?p=35560","og_locale":"en_US","og_type":"article","og_title":"Kurti: S\u2019ka konsensus p\u00ebr presidentin, situata m\u00eb e nd\u00ebrlikuar -","og_description":"Prishtin\u00eb, 2 mars 2026 18:35 Kryeministri i Kosov\u00ebs, Albin Kurti, ka deklaruar se aktualisht nuk ka marr\u00ebveshje politike p\u00ebr zgjedhjen e presidentit t\u00eb ri t\u00eb","og_url":"https:\/\/veritasinfo.org\/?p=35560","article_published_time":"2026-03-02T17:36:57+00:00","og_image":[{"width":658,"height":411,"url":"https:\/\/veritasinfo.org\/wp-content\/uploads\/2026\/03\/1-8.jpg","type":"image\/jpeg"}],"author":"US6","twitter_card":"summary_large_image","twitter_misc":{"Written by":"US6","Est. reading time":"3 minutes"},"schema":{"@context":"https:\/\/schema.org","@graph":[{"@type":"WebPage","@id":"https:\/\/veritasinfo.org\/?p=35560","url":"https:\/\/veritasinfo.org\/?p=35560","name":"Kurti: S\u2019ka konsensus p\u00ebr presidentin, situata m\u00eb e nd\u00ebrlikuar -","isPartOf":{"@id":"https:\/\/veritasinfo.org\/#website"},"primaryImageOfPage":{"@id":"https:\/\/veritasinfo.org\/?p=35560#primaryimage"},"image":{"@id":"https:\/\/veritasinfo.org\/?p=35560#primaryimage"},"thumbnailUrl":"https:\/\/veritasinfo.org\/wp-content\/uploads\/2026\/03\/1-8.jpg","datePublished":"2026-03-02T17:36:57+00:00","author":{"@id":"https:\/\/veritasinfo.org\/#\/schema\/person\/fe199eede04c3937362892b7444747cc"},"breadcrumb":{"@id":"https:\/\/veritasinfo.org\/?p=35560#breadcrumb"},"inLanguage":"en-US","potentialAction":[{"@type":"ReadAction","target":["https:\/\/veritasinfo.org\/?p=35560"]}]},{"@type":"ImageObject","inLanguage":"en-US","@id":"https:\/\/veritasinfo.org\/?p=35560#primaryimage","url":"https:\/\/veritasinfo.org\/wp-content\/uploads\/2026\/03\/1-8.jpg","contentUrl":"https:\/\/veritasinfo.org\/wp-content\/uploads\/2026\/03\/1-8.jpg","width":658,"height":411},{"@type":"BreadcrumbList","@id":"https:\/\/veritasinfo.org\/?p=35560#breadcrumb","itemListElement":[{"@type":"ListItem","position":1,"name":"Home","item":"https:\/\/veritasinfo.org\/"},{"@type":"ListItem","position":2,"name":"Kurti: S\u2019ka konsensus p\u00ebr presidentin, situata m\u00eb e nd\u00ebrlikuar"}]},{"@type":"WebSite","@id":"https:\/\/veritasinfo.org\/#website","url":"https:\/\/veritasinfo.org\/","name":"","description":"","potentialAction":[{"@type":"SearchAction","target":{"@type":"EntryPoint","urlTemplate":"https:\/\/veritasinfo.org\/?s={search_term_string}"},"query-input":{"@type":"PropertyValueSpecification","valueRequired":true,"valueName":"search_term_string"}}],"inLanguage":"en-US"},{"@type":"Person","@id":"https:\/\/veritasinfo.org\/#\/schema\/person\/fe199eede04c3937362892b7444747cc","name":"US6","image":{"@type":"ImageObject","inLanguage":"en-US","@id":"https:\/\/veritasinfo.org\/#\/schema\/person\/image\/","url":"https:\/\/secure.gravatar.com\/avatar\/cb16c3c31c9d23b9b8c705964598220b3014e42ff51eb540ff23cefa3ae8c15f?s=96&d=mm&r=g","contentUrl":"https:\/\/secure.gravatar.com\/avatar\/cb16c3c31c9d23b9b8c705964598220b3014e42ff51eb540ff23cefa3ae8c15f?s=96&d=mm&r=g","caption":"US6"},"url":"https:\/\/veritasinfo.org\/?author=7"}]}},"featured_image_urls":{"full":["https:\/\/veritasinfo.org\/wp-content\/uploads\/2026\/03\/1-8.jpg",658,411,false],"thumbnail":["https:\/\/veritasinfo.org\/wp-content\/uploads\/2026\/03\/1-8-150x150.jpg",150,150,true],"medium":["https:\/\/veritasinfo.org\/wp-content\/uploads\/2026\/03\/1-8-300x187.jpg",300,187,true],"medium_large":["https:\/\/veritasinfo.org\/wp-content\/uploads\/2026\/03\/1-8.jpg",640,400,false],"large":["https:\/\/veritasinfo.org\/wp-content\/uploads\/2026\/03\/1-8.jpg",640,400,false],"1536x1536":["https:\/\/veritasinfo.org\/wp-content\/uploads\/2026\/03\/1-8.jpg",658,411,false],"2048x2048":["https:\/\/veritasinfo.org\/wp-content\/uploads\/2026\/03\/1-8.jpg",658,411,false],"kreeti-slider-full":["https:\/\/veritasinfo.org\/wp-content\/uploads\/2026\/03\/1-8.jpg",658,411,false],"kreeti-featured":["https:\/\/veritasinfo.org\/wp-content\/uploads\/2026\/03\/1-8.jpg",658,411,false],"kreeti-medium":["https:\/\/veritasinfo.org\/wp-content\/uploads\/2026\/03\/1-8.jpg",658,411,false],"kreeti-medium-square":["https:\/\/veritasinfo.org\/wp-content\/uploads\/2026\/03\/1-8.jpg",350,219,false]},"author_info":{"info":["US6"]},"category_info":"<a href=\"https:\/\/veritasinfo.org\/?cat=58\" rel=\"category\">Politik\u00eb<\/a>","tag_info":"Politik\u00eb","comment_count":"0","_links":{"self":[{"href":"https:\/\/veritasinfo.org\/index.php?rest_route=\/wp\/v2\/posts\/35560","targetHints":{"allow":["GET"]}}],"collection":[{"href":"https:\/\/veritasinfo.org\/index.php?rest_route=\/wp\/v2\/posts"}],"about":[{"href":"https:\/\/veritasinfo.org\/index.php?rest_route=\/wp\/v2\/types\/post"}],"author":[{"embeddable":true,"href":"https:\/\/veritasinfo.org\/index.php?rest_route=\/wp\/v2\/users\/7"}],"replies":[{"embeddable":true,"href":"https:\/\/veritasinfo.org\/index.php?rest_route=%2Fwp%2Fv2%2Fcomments&post=35560"}],"version-history":[{"count":1,"href":"https:\/\/veritasinfo.org\/index.php?rest_route=\/wp\/v2\/posts\/35560\/revisions"}],"predecessor-version":[{"id":35562,"href":"https:\/\/veritasinfo.org\/index.php?rest_route=\/wp\/v2\/posts\/35560\/revisions\/35562"}],"wp:featuredmedia":[{"embeddable":true,"href":"https:\/\/veritasinfo.org\/index.php?rest_route=\/wp\/v2\/media\/35561"}],"wp:attachment":[{"href":"https:\/\/veritasinfo.org\/index.php?rest_route=%2Fwp%2Fv2%2Fmedia&parent=35560"}],"wp:term":[{"taxonomy":"category","embeddable":true,"href":"https:\/\/veritasinfo.org\/index.php?rest_route=%2Fwp%2Fv2%2Fcategories&post=35560"},{"taxonomy":"post_tag","embeddable":true,"href":"https:\/\/veritasinfo.org\/index.php?rest_route=%2Fwp%2Fv2%2Ftags&post=35560"}],"curies":[{"name":"wp","href":"https:\/\/api.w.org\/{rel}","templated":true}]}}