{"id":35526,"date":"2026-03-02T15:03:37","date_gmt":"2026-03-02T14:03:37","guid":{"rendered":"https:\/\/veritasinfo.org\/?p=35526"},"modified":"2026-03-02T15:03:37","modified_gmt":"2026-03-02T14:03:37","slug":"ministri-i-mbrotjes-i-kroacise-kerkon-pergatitje-per-mbrojtjen-e-kufijve-te-vendit-te-tij-permend-armatosjen-e-serbise","status":"publish","type":"post","link":"https:\/\/veritasinfo.org\/?p=35526","title":{"rendered":"Ministri i Mbrotjes i Kroacis\u00eb k\u00ebrkon p\u00ebrgatitje p\u00ebr mbrojtjen e kufijve t\u00eb vendit t\u00eb tij \u2013 p\u00ebrmend armatosjen e Serbis\u00eb"},"content":{"rendered":"<p>Prishtin\u00eb 2 Mars 2026 15:02<\/p>\n<p>Retorika e vendeve q\u00eb kufizohen me Kroacin\u00eb, t\u00eb cilat nuk jan\u00eb an\u00ebtare t\u00eb Bashkimit Evropian ose t\u00eb NATO-s dhe as nuk duan t\u00eb jen\u00eb, \u00ebsht\u00eb &#8220;shqet\u00ebsuese&#8221;.<\/p>\n<p>K\u00ebshtu, si\u00e7 raportojn\u00eb mediat kroate, ka th\u00ebn\u00eb n\u00eb Zagreb, ministri kroat i Mbrojtjes, Ivan Anushiq, duke e v\u00ebn\u00eb theksin n\u00eb Serbin\u00eb, e cila tha se tani ka &#8220;sisteme ofensive&#8221; serioze.<\/p>\n<p>\u201cRetorika e vazhdueshme nga k\u00ebto vende \u00ebsht\u00eb shqet\u00ebsuese. Sipas informacionit q\u00eb kemi, Serbia aktualisht ka sisteme sulmuese serioze q\u00eb jan\u00eb jasht\u00ebzakonisht komplekse, t\u00eb shtrenjta dhe kan\u00eb qen\u00eb n\u00eb proces blerjeje p\u00ebr kat\u00ebr, pes\u00eb ose gjasht\u00eb vjet\u201d, citohet t\u00eb ket\u00eb th\u00ebn\u00eb Anushiq n\u00eb nj\u00eb konferenc\u00eb mbi industrin\u00eb evropiane t\u00eb mbrojtjes n\u00eb Zagreb.<\/p>\n","protected":false},"excerpt":{"rendered":"<p>Prishtin\u00eb 2 Mars 2026 15:02 Retorika e vendeve q\u00eb kufizohen me Kroacin\u00eb, t\u00eb cilat nuk jan\u00eb an\u00ebtare t\u00eb Bashkimit Evropian ose t\u00eb NATO-s dhe as<\/p>\n","protected":false},"author":6,"featured_media":35527,"comment_status":"open","ping_status":"open","sticky":false,"template":"","format":"standard","meta":{"footnotes":""},"categories":[60],"tags":[],"class_list":["post-35526","post","type-post","status-publish","format-standard","has-post-thumbnail","hentry","category-shoqerore-sq"],"yoast_head":"<!-- This site is optimized with the Yoast SEO plugin v25.3.1 - https:\/\/yoast.com\/wordpress\/plugins\/seo\/ -->\n<title>Ministri i Mbrotjes i Kroacis\u00eb k\u00ebrkon p\u00ebrgatitje p\u00ebr mbrojtjen e kufijve t\u00eb vendit t\u00eb tij \u2013 p\u00ebrmend armatosjen e Serbis\u00eb -<\/title>\n<meta name=\"robots\" content=\"index, follow, max-snippet:-1, max-image-preview:large, max-video-preview:-1\" \/>\n<link rel=\"canonical\" href=\"https:\/\/veritasinfo.org\/?p=35526\" \/>\n<meta property=\"og:locale\" content=\"en_US\" \/>\n<meta property=\"og:type\" content=\"article\" \/>\n<meta property=\"og:title\" content=\"Ministri i Mbrotjes i Kroacis\u00eb k\u00ebrkon p\u00ebrgatitje p\u00ebr mbrojtjen e kufijve t\u00eb vendit t\u00eb tij \u2013 p\u00ebrmend armatosjen e Serbis\u00eb -\" \/>\n<meta property=\"og:description\" content=\"Prishtin\u00eb 2 Mars 2026 15:02 Retorika e vendeve q\u00eb kufizohen me Kroacin\u00eb, t\u00eb cilat nuk jan\u00eb an\u00ebtare t\u00eb Bashkimit Evropian ose t\u00eb NATO-s dhe as\" \/>\n<meta property=\"og:url\" content=\"https:\/\/veritasinfo.org\/?p=35526\" \/>\n<meta property=\"article:published_time\" content=\"2026-03-02T14:03:37+00:00\" \/>\n<meta property=\"og:image\" content=\"https:\/\/veritasinfo.org\/wp-content\/uploads\/2026\/03\/image-1.webp\" \/>\n\t<meta property=\"og:image:width\" content=\"1245\" \/>\n\t<meta property=\"og:image:height\" content=\"700\" \/>\n\t<meta property=\"og:image:type\" content=\"image\/webp\" \/>\n<meta name=\"author\" content=\"US5\" \/>\n<meta name=\"twitter:card\" content=\"summary_large_image\" \/>\n<meta name=\"twitter:label1\" content=\"Written by\" \/>\n\t<meta name=\"twitter:data1\" content=\"US5\" \/>\n<script type=\"application\/ld+json\" class=\"yoast-schema-graph\">{\"@context\":\"https:\/\/schema.org\",\"@graph\":[{\"@type\":\"WebPage\",\"@id\":\"https:\/\/veritasinfo.org\/?p=35526\",\"url\":\"https:\/\/veritasinfo.org\/?p=35526\",\"name\":\"Ministri i Mbrotjes i Kroacis\u00eb k\u00ebrkon p\u00ebrgatitje p\u00ebr mbrojtjen e kufijve t\u00eb vendit t\u00eb tij \u2013 p\u00ebrmend armatosjen e Serbis\u00eb -\",\"isPartOf\":{\"@id\":\"https:\/\/veritasinfo.org\/#website\"},\"primaryImageOfPage\":{\"@id\":\"https:\/\/veritasinfo.org\/?p=35526#primaryimage\"},\"image\":{\"@id\":\"https:\/\/veritasinfo.org\/?p=35526#primaryimage\"},\"thumbnailUrl\":\"https:\/\/veritasinfo.org\/wp-content\/uploads\/2026\/03\/image-1.webp\",\"datePublished\":\"2026-03-02T14:03:37+00:00\",\"author\":{\"@id\":\"https:\/\/veritasinfo.org\/#\/schema\/person\/bc442336e35414d04494ab8fb45db4c6\"},\"breadcrumb\":{\"@id\":\"https:\/\/veritasinfo.org\/?p=35526#breadcrumb\"},\"inLanguage\":\"en-US\",\"potentialAction\":[{\"@type\":\"ReadAction\",\"target\":[\"https:\/\/veritasinfo.org\/?p=35526\"]}]},{\"@type\":\"ImageObject\",\"inLanguage\":\"en-US\",\"@id\":\"https:\/\/veritasinfo.org\/?p=35526#primaryimage\",\"url\":\"https:\/\/veritasinfo.org\/wp-content\/uploads\/2026\/03\/image-1.webp\",\"contentUrl\":\"https:\/\/veritasinfo.org\/wp-content\/uploads\/2026\/03\/image-1.webp\",\"width\":1245,\"height\":700},{\"@type\":\"BreadcrumbList\",\"@id\":\"https:\/\/veritasinfo.org\/?p=35526#breadcrumb\",\"itemListElement\":[{\"@type\":\"ListItem\",\"position\":1,\"name\":\"Home\",\"item\":\"https:\/\/veritasinfo.org\/\"},{\"@type\":\"ListItem\",\"position\":2,\"name\":\"Ministri i Mbrotjes i Kroacis\u00eb k\u00ebrkon p\u00ebrgatitje p\u00ebr mbrojtjen e kufijve t\u00eb vendit t\u00eb tij \u2013 p\u00ebrmend armatosjen e Serbis\u00eb\"}]},{\"@type\":\"WebSite\",\"@id\":\"https:\/\/veritasinfo.org\/#website\",\"url\":\"https:\/\/veritasinfo.org\/\",\"name\":\"\",\"description\":\"\",\"potentialAction\":[{\"@type\":\"SearchAction\",\"target\":{\"@type\":\"EntryPoint\",\"urlTemplate\":\"https:\/\/veritasinfo.org\/?s={search_term_string}\"},\"query-input\":{\"@type\":\"PropertyValueSpecification\",\"valueRequired\":true,\"valueName\":\"search_term_string\"}}],\"inLanguage\":\"en-US\"},{\"@type\":\"Person\",\"@id\":\"https:\/\/veritasinfo.org\/#\/schema\/person\/bc442336e35414d04494ab8fb45db4c6\",\"name\":\"US5\",\"image\":{\"@type\":\"ImageObject\",\"inLanguage\":\"en-US\",\"@id\":\"https:\/\/veritasinfo.org\/#\/schema\/person\/image\/\",\"url\":\"https:\/\/secure.gravatar.com\/avatar\/16a61e7272a0c5d001121ebb9e60e925d5816e4ac1e443ed3e640d9a6ae55d0c?s=96&d=mm&r=g\",\"contentUrl\":\"https:\/\/secure.gravatar.com\/avatar\/16a61e7272a0c5d001121ebb9e60e925d5816e4ac1e443ed3e640d9a6ae55d0c?s=96&d=mm&r=g\",\"caption\":\"US5\"},\"url\":\"https:\/\/veritasinfo.org\/?author=6\"}]}<\/script>\n<!-- \/ Yoast SEO plugin. -->","yoast_head_json":{"title":"Ministri i Mbrotjes i Kroacis\u00eb k\u00ebrkon p\u00ebrgatitje p\u00ebr mbrojtjen e kufijve t\u00eb vendit t\u00eb tij \u2013 p\u00ebrmend armatosjen e Serbis\u00eb -","robots":{"index":"index","follow":"follow","max-snippet":"max-snippet:-1","max-image-preview":"max-image-preview:large","max-video-preview":"max-video-preview:-1"},"canonical":"https:\/\/veritasinfo.org\/?p=35526","og_locale":"en_US","og_type":"article","og_title":"Ministri i Mbrotjes i Kroacis\u00eb k\u00ebrkon p\u00ebrgatitje p\u00ebr mbrojtjen e kufijve t\u00eb vendit t\u00eb tij \u2013 p\u00ebrmend armatosjen e Serbis\u00eb -","og_description":"Prishtin\u00eb 2 Mars 2026 15:02 Retorika e vendeve q\u00eb kufizohen me Kroacin\u00eb, t\u00eb cilat nuk jan\u00eb an\u00ebtare t\u00eb Bashkimit Evropian ose t\u00eb NATO-s dhe as","og_url":"https:\/\/veritasinfo.org\/?p=35526","article_published_time":"2026-03-02T14:03:37+00:00","og_image":[{"width":1245,"height":700,"url":"https:\/\/veritasinfo.org\/wp-content\/uploads\/2026\/03\/image-1.webp","type":"image\/webp"}],"author":"US5","twitter_card":"summary_large_image","twitter_misc":{"Written by":"US5"},"schema":{"@context":"https:\/\/schema.org","@graph":[{"@type":"WebPage","@id":"https:\/\/veritasinfo.org\/?p=35526","url":"https:\/\/veritasinfo.org\/?p=35526","name":"Ministri i Mbrotjes i Kroacis\u00eb k\u00ebrkon p\u00ebrgatitje p\u00ebr mbrojtjen e kufijve t\u00eb vendit t\u00eb tij \u2013 p\u00ebrmend armatosjen e Serbis\u00eb -","isPartOf":{"@id":"https:\/\/veritasinfo.org\/#website"},"primaryImageOfPage":{"@id":"https:\/\/veritasinfo.org\/?p=35526#primaryimage"},"image":{"@id":"https:\/\/veritasinfo.org\/?p=35526#primaryimage"},"thumbnailUrl":"https:\/\/veritasinfo.org\/wp-content\/uploads\/2026\/03\/image-1.webp","datePublished":"2026-03-02T14:03:37+00:00","author":{"@id":"https:\/\/veritasinfo.org\/#\/schema\/person\/bc442336e35414d04494ab8fb45db4c6"},"breadcrumb":{"@id":"https:\/\/veritasinfo.org\/?p=35526#breadcrumb"},"inLanguage":"en-US","potentialAction":[{"@type":"ReadAction","target":["https:\/\/veritasinfo.org\/?p=35526"]}]},{"@type":"ImageObject","inLanguage":"en-US","@id":"https:\/\/veritasinfo.org\/?p=35526#primaryimage","url":"https:\/\/veritasinfo.org\/wp-content\/uploads\/2026\/03\/image-1.webp","contentUrl":"https:\/\/veritasinfo.org\/wp-content\/uploads\/2026\/03\/image-1.webp","width":1245,"height":700},{"@type":"BreadcrumbList","@id":"https:\/\/veritasinfo.org\/?p=35526#breadcrumb","itemListElement":[{"@type":"ListItem","position":1,"name":"Home","item":"https:\/\/veritasinfo.org\/"},{"@type":"ListItem","position":2,"name":"Ministri i Mbrotjes i Kroacis\u00eb k\u00ebrkon p\u00ebrgatitje p\u00ebr mbrojtjen e kufijve t\u00eb vendit t\u00eb tij \u2013 p\u00ebrmend armatosjen e Serbis\u00eb"}]},{"@type":"WebSite","@id":"https:\/\/veritasinfo.org\/#website","url":"https:\/\/veritasinfo.org\/","name":"","description":"","potentialAction":[{"@type":"SearchAction","target":{"@type":"EntryPoint","urlTemplate":"https:\/\/veritasinfo.org\/?s={search_term_string}"},"query-input":{"@type":"PropertyValueSpecification","valueRequired":true,"valueName":"search_term_string"}}],"inLanguage":"en-US"},{"@type":"Person","@id":"https:\/\/veritasinfo.org\/#\/schema\/person\/bc442336e35414d04494ab8fb45db4c6","name":"US5","image":{"@type":"ImageObject","inLanguage":"en-US","@id":"https:\/\/veritasinfo.org\/#\/schema\/person\/image\/","url":"https:\/\/secure.gravatar.com\/avatar\/16a61e7272a0c5d001121ebb9e60e925d5816e4ac1e443ed3e640d9a6ae55d0c?s=96&d=mm&r=g","contentUrl":"https:\/\/secure.gravatar.com\/avatar\/16a61e7272a0c5d001121ebb9e60e925d5816e4ac1e443ed3e640d9a6ae55d0c?s=96&d=mm&r=g","caption":"US5"},"url":"https:\/\/veritasinfo.org\/?author=6"}]}},"featured_image_urls":{"full":["https:\/\/veritasinfo.org\/wp-content\/uploads\/2026\/03\/image-1.webp",1245,700,false],"thumbnail":["https:\/\/veritasinfo.org\/wp-content\/uploads\/2026\/03\/image-1-150x150.webp",150,150,true],"medium":["https:\/\/veritasinfo.org\/wp-content\/uploads\/2026\/03\/image-1-300x169.webp",300,169,true],"medium_large":["https:\/\/veritasinfo.org\/wp-content\/uploads\/2026\/03\/image-1-768x432.webp",640,360,true],"large":["https:\/\/veritasinfo.org\/wp-content\/uploads\/2026\/03\/image-1-1024x576.webp",640,360,true],"1536x1536":["https:\/\/veritasinfo.org\/wp-content\/uploads\/2026\/03\/image-1.webp",1245,700,false],"2048x2048":["https:\/\/veritasinfo.org\/wp-content\/uploads\/2026\/03\/image-1.webp",1245,700,false],"kreeti-slider-full":["https:\/\/veritasinfo.org\/wp-content\/uploads\/2026\/03\/image-1.webp",1245,700,false],"kreeti-featured":["https:\/\/veritasinfo.org\/wp-content\/uploads\/2026\/03\/image-1.webp",1024,576,false],"kreeti-medium":["https:\/\/veritasinfo.org\/wp-content\/uploads\/2026\/03\/image-1.webp",720,405,false],"kreeti-medium-square":["https:\/\/veritasinfo.org\/wp-content\/uploads\/2026\/03\/image-1.webp",350,197,false]},"author_info":{"info":["US5"]},"category_info":"<a href=\"https:\/\/veritasinfo.org\/?cat=60\" rel=\"category\">Shoq\u00ebrore<\/a>","tag_info":"Shoq\u00ebrore","comment_count":"0","_links":{"self":[{"href":"https:\/\/veritasinfo.org\/index.php?rest_route=\/wp\/v2\/posts\/35526","targetHints":{"allow":["GET"]}}],"collection":[{"href":"https:\/\/veritasinfo.org\/index.php?rest_route=\/wp\/v2\/posts"}],"about":[{"href":"https:\/\/veritasinfo.org\/index.php?rest_route=\/wp\/v2\/types\/post"}],"author":[{"embeddable":true,"href":"https:\/\/veritasinfo.org\/index.php?rest_route=\/wp\/v2\/users\/6"}],"replies":[{"embeddable":true,"href":"https:\/\/veritasinfo.org\/index.php?rest_route=%2Fwp%2Fv2%2Fcomments&post=35526"}],"version-history":[{"count":1,"href":"https:\/\/veritasinfo.org\/index.php?rest_route=\/wp\/v2\/posts\/35526\/revisions"}],"predecessor-version":[{"id":35528,"href":"https:\/\/veritasinfo.org\/index.php?rest_route=\/wp\/v2\/posts\/35526\/revisions\/35528"}],"wp:featuredmedia":[{"embeddable":true,"href":"https:\/\/veritasinfo.org\/index.php?rest_route=\/wp\/v2\/media\/35527"}],"wp:attachment":[{"href":"https:\/\/veritasinfo.org\/index.php?rest_route=%2Fwp%2Fv2%2Fmedia&parent=35526"}],"wp:term":[{"taxonomy":"category","embeddable":true,"href":"https:\/\/veritasinfo.org\/index.php?rest_route=%2Fwp%2Fv2%2Fcategories&post=35526"},{"taxonomy":"post_tag","embeddable":true,"href":"https:\/\/veritasinfo.org\/index.php?rest_route=%2Fwp%2Fv2%2Ftags&post=35526"}],"curies":[{"name":"wp","href":"https:\/\/api.w.org\/{rel}","templated":true}]}}