{"id":35514,"date":"2026-03-02T14:54:23","date_gmt":"2026-03-02T13:54:23","guid":{"rendered":"https:\/\/veritasinfo.org\/?p=35514"},"modified":"2026-03-02T14:54:23","modified_gmt":"2026-03-02T13:54:23","slug":"kosova-dhe-kroacia-thellojne-bashkepunimin-per-ndricimin-e-fatit-te-personave-te-zhdukur","status":"publish","type":"post","link":"https:\/\/veritasinfo.org\/?p=35514","title":{"rendered":"Kosova dhe Kroacia thellojn\u00eb bashk\u00ebpunimin p\u00ebr ndri\u00e7imin e fatit t\u00eb personave t\u00eb zhdukur"},"content":{"rendered":"<p>Prishtin\u00eb 2 Mars 2026 14:53<\/p>\n<p>Nj\u00eb delegacion i Komisionit Qeveritar p\u00ebr Persona t\u00eb Zhdukur nga Kosova, i shoq\u00ebruar nga p\u00ebrfaq\u00ebsues t\u00eb Drejtoris\u00eb s\u00eb Policis\u00eb p\u00ebr Hetimin e Krimeve t\u00eb Luft\u00ebs dhe t\u00eb Institutit t\u00eb Mjek\u00ebsis\u00eb Ligjore, ka zhvilluar nj\u00eb vizit\u00eb zyrtare n\u00eb Republik\u00ebn e Kroacis\u00eb, me fokus thellimin e bashk\u00ebpunimit n\u00eb procesin e k\u00ebrkimit dhe identifikimit t\u00eb personave t\u00eb zhdukur nga lufta.<\/p>\n<p>Takimi u mbajt n\u00eb Vukovar, ku delegacioni kosovar u prit nga p\u00ebrfaq\u00ebsues t\u00eb Drejtoris\u00eb p\u00ebr t\u00eb Burgosurit dhe t\u00eb Zhdukurit nga Lufta Atdhetare n\u00eb Kroaci, t\u00eb kryesuar nga Ana Filko.<\/p>\n<p>Diskutimet u zhvilluan n\u00eb frym\u00eb bashk\u00ebpunimi, duke u fokusuar n\u00eb shk\u00ebmbimin e p\u00ebrvojave dhe n\u00eb adresimin e sfidave t\u00eb p\u00ebrbashk\u00ebta n\u00eb k\u00ebrkimin e varrezave masive dhe individuale.<\/p>\n<p>\u201cUdh\u00ebheq\u00ebsi i Nj\u00ebsis\u00eb s\u00eb Komisionit, Kushtrim Gara, fal\u00ebnderoi pal\u00ebn kroate p\u00ebr mikpritjen dhe organizimin e takimit, duke theksuar simbolik\u00ebn e Vukovarit si qytet i sakrific\u00ebs dhe q\u00ebndres\u00ebs gjat\u00eb Luft\u00ebs Atdhetare, si dhe r\u00ebnd\u00ebsin\u00eb e vazhdimit t\u00eb bashk\u00ebpunimit nd\u00ebrinstitucional n\u00eb trajtimin e \u00e7\u00ebshtjes s\u00eb personave t\u00eb zhdukur me forc\u00eb.<\/p>\n<p>Gjat\u00eb diskutimeve, u prezantua metodologjia q\u00eb Ministria e Veteran\u00ebve Kroat\u00eb aplikon n\u00eb zbulimin e varrezave masive dhe individuale, p\u00ebrfshir\u00eb p\u00ebrdorimin e gjeoradar\u00ebve, qenve t\u00eb trajnuar p\u00ebr k\u00ebrkimin e kufomave, dron\u00ebve dhe pajisjeve t\u00eb tjera bashk\u00ebkohore teknike. U diskutua gjithashtu mund\u00ebsia e bashk\u00ebpunimit konkret dhe e ofrimit t\u00eb mb\u00ebshtetjes profesionale n\u00eb hulumtimin e lokacioneve t\u00eb mundshme. Po ashtu me theks t\u00eb ve\u00e7ant\u00eb u potencua edhe dimensioni ligjor i procesit, n\u00eb garantimin dhe respektimin e t\u00eb drejtave t\u00eb familjeve t\u00eb personave t\u00eb zhdukur\u201d, thuhet n\u00eb njoftim.<\/p>\n","protected":false},"excerpt":{"rendered":"<p>Prishtin\u00eb 2 Mars 2026 14:53 Nj\u00eb delegacion i Komisionit Qeveritar p\u00ebr Persona t\u00eb Zhdukur nga Kosova, i shoq\u00ebruar nga p\u00ebrfaq\u00ebsues t\u00eb Drejtoris\u00eb s\u00eb Policis\u00eb p\u00ebr<\/p>\n","protected":false},"author":6,"featured_media":35515,"comment_status":"open","ping_status":"open","sticky":false,"template":"","format":"standard","meta":{"footnotes":""},"categories":[60],"tags":[],"class_list":["post-35514","post","type-post","status-publish","format-standard","has-post-thumbnail","hentry","category-shoqerore-sq"],"yoast_head":"<!-- This site is optimized with the Yoast SEO plugin v25.3.1 - https:\/\/yoast.com\/wordpress\/plugins\/seo\/ -->\n<title>Kosova dhe Kroacia thellojn\u00eb bashk\u00ebpunimin p\u00ebr ndri\u00e7imin e fatit t\u00eb personave t\u00eb zhdukur -<\/title>\n<meta name=\"robots\" content=\"index, follow, max-snippet:-1, max-image-preview:large, max-video-preview:-1\" \/>\n<link rel=\"canonical\" href=\"https:\/\/veritasinfo.org\/?p=35514\" \/>\n<meta property=\"og:locale\" content=\"en_US\" \/>\n<meta property=\"og:type\" content=\"article\" \/>\n<meta property=\"og:title\" content=\"Kosova dhe Kroacia thellojn\u00eb bashk\u00ebpunimin p\u00ebr ndri\u00e7imin e fatit t\u00eb personave t\u00eb zhdukur -\" \/>\n<meta property=\"og:description\" content=\"Prishtin\u00eb 2 Mars 2026 14:53 Nj\u00eb delegacion i Komisionit Qeveritar p\u00ebr Persona t\u00eb Zhdukur nga Kosova, i shoq\u00ebruar nga p\u00ebrfaq\u00ebsues t\u00eb Drejtoris\u00eb s\u00eb Policis\u00eb p\u00ebr\" \/>\n<meta property=\"og:url\" content=\"https:\/\/veritasinfo.org\/?p=35514\" \/>\n<meta property=\"article:published_time\" content=\"2026-03-02T13:54:23+00:00\" \/>\n<meta property=\"og:image\" content=\"https:\/\/veritasinfo.org\/wp-content\/uploads\/2026\/03\/kosova-kroaciaaaa-1536x710-1.jpg\" \/>\n\t<meta property=\"og:image:width\" content=\"1536\" \/>\n\t<meta property=\"og:image:height\" content=\"710\" \/>\n\t<meta property=\"og:image:type\" content=\"image\/jpeg\" \/>\n<meta name=\"author\" content=\"US5\" \/>\n<meta name=\"twitter:card\" content=\"summary_large_image\" \/>\n<meta name=\"twitter:label1\" content=\"Written by\" \/>\n\t<meta name=\"twitter:data1\" content=\"US5\" \/>\n<script type=\"application\/ld+json\" class=\"yoast-schema-graph\">{\"@context\":\"https:\/\/schema.org\",\"@graph\":[{\"@type\":\"WebPage\",\"@id\":\"https:\/\/veritasinfo.org\/?p=35514\",\"url\":\"https:\/\/veritasinfo.org\/?p=35514\",\"name\":\"Kosova dhe Kroacia thellojn\u00eb bashk\u00ebpunimin p\u00ebr ndri\u00e7imin e fatit t\u00eb personave t\u00eb zhdukur -\",\"isPartOf\":{\"@id\":\"https:\/\/veritasinfo.org\/#website\"},\"primaryImageOfPage\":{\"@id\":\"https:\/\/veritasinfo.org\/?p=35514#primaryimage\"},\"image\":{\"@id\":\"https:\/\/veritasinfo.org\/?p=35514#primaryimage\"},\"thumbnailUrl\":\"https:\/\/veritasinfo.org\/wp-content\/uploads\/2026\/03\/kosova-kroaciaaaa-1536x710-1.jpg\",\"datePublished\":\"2026-03-02T13:54:23+00:00\",\"author\":{\"@id\":\"https:\/\/veritasinfo.org\/#\/schema\/person\/bc442336e35414d04494ab8fb45db4c6\"},\"breadcrumb\":{\"@id\":\"https:\/\/veritasinfo.org\/?p=35514#breadcrumb\"},\"inLanguage\":\"en-US\",\"potentialAction\":[{\"@type\":\"ReadAction\",\"target\":[\"https:\/\/veritasinfo.org\/?p=35514\"]}]},{\"@type\":\"ImageObject\",\"inLanguage\":\"en-US\",\"@id\":\"https:\/\/veritasinfo.org\/?p=35514#primaryimage\",\"url\":\"https:\/\/veritasinfo.org\/wp-content\/uploads\/2026\/03\/kosova-kroaciaaaa-1536x710-1.jpg\",\"contentUrl\":\"https:\/\/veritasinfo.org\/wp-content\/uploads\/2026\/03\/kosova-kroaciaaaa-1536x710-1.jpg\",\"width\":1536,\"height\":710},{\"@type\":\"BreadcrumbList\",\"@id\":\"https:\/\/veritasinfo.org\/?p=35514#breadcrumb\",\"itemListElement\":[{\"@type\":\"ListItem\",\"position\":1,\"name\":\"Home\",\"item\":\"https:\/\/veritasinfo.org\/\"},{\"@type\":\"ListItem\",\"position\":2,\"name\":\"Kosova dhe Kroacia thellojn\u00eb bashk\u00ebpunimin p\u00ebr ndri\u00e7imin e fatit t\u00eb personave t\u00eb zhdukur\"}]},{\"@type\":\"WebSite\",\"@id\":\"https:\/\/veritasinfo.org\/#website\",\"url\":\"https:\/\/veritasinfo.org\/\",\"name\":\"\",\"description\":\"\",\"potentialAction\":[{\"@type\":\"SearchAction\",\"target\":{\"@type\":\"EntryPoint\",\"urlTemplate\":\"https:\/\/veritasinfo.org\/?s={search_term_string}\"},\"query-input\":{\"@type\":\"PropertyValueSpecification\",\"valueRequired\":true,\"valueName\":\"search_term_string\"}}],\"inLanguage\":\"en-US\"},{\"@type\":\"Person\",\"@id\":\"https:\/\/veritasinfo.org\/#\/schema\/person\/bc442336e35414d04494ab8fb45db4c6\",\"name\":\"US5\",\"image\":{\"@type\":\"ImageObject\",\"inLanguage\":\"en-US\",\"@id\":\"https:\/\/veritasinfo.org\/#\/schema\/person\/image\/\",\"url\":\"https:\/\/secure.gravatar.com\/avatar\/16a61e7272a0c5d001121ebb9e60e925d5816e4ac1e443ed3e640d9a6ae55d0c?s=96&d=mm&r=g\",\"contentUrl\":\"https:\/\/secure.gravatar.com\/avatar\/16a61e7272a0c5d001121ebb9e60e925d5816e4ac1e443ed3e640d9a6ae55d0c?s=96&d=mm&r=g\",\"caption\":\"US5\"},\"url\":\"https:\/\/veritasinfo.org\/?author=6\"}]}<\/script>\n<!-- \/ Yoast SEO plugin. -->","yoast_head_json":{"title":"Kosova dhe Kroacia thellojn\u00eb bashk\u00ebpunimin p\u00ebr ndri\u00e7imin e fatit t\u00eb personave t\u00eb zhdukur -","robots":{"index":"index","follow":"follow","max-snippet":"max-snippet:-1","max-image-preview":"max-image-preview:large","max-video-preview":"max-video-preview:-1"},"canonical":"https:\/\/veritasinfo.org\/?p=35514","og_locale":"en_US","og_type":"article","og_title":"Kosova dhe Kroacia thellojn\u00eb bashk\u00ebpunimin p\u00ebr ndri\u00e7imin e fatit t\u00eb personave t\u00eb zhdukur -","og_description":"Prishtin\u00eb 2 Mars 2026 14:53 Nj\u00eb delegacion i Komisionit Qeveritar p\u00ebr Persona t\u00eb Zhdukur nga Kosova, i shoq\u00ebruar nga p\u00ebrfaq\u00ebsues t\u00eb Drejtoris\u00eb s\u00eb Policis\u00eb p\u00ebr","og_url":"https:\/\/veritasinfo.org\/?p=35514","article_published_time":"2026-03-02T13:54:23+00:00","og_image":[{"width":1536,"height":710,"url":"https:\/\/veritasinfo.org\/wp-content\/uploads\/2026\/03\/kosova-kroaciaaaa-1536x710-1.jpg","type":"image\/jpeg"}],"author":"US5","twitter_card":"summary_large_image","twitter_misc":{"Written by":"US5"},"schema":{"@context":"https:\/\/schema.org","@graph":[{"@type":"WebPage","@id":"https:\/\/veritasinfo.org\/?p=35514","url":"https:\/\/veritasinfo.org\/?p=35514","name":"Kosova dhe Kroacia thellojn\u00eb bashk\u00ebpunimin p\u00ebr ndri\u00e7imin e fatit t\u00eb personave t\u00eb zhdukur -","isPartOf":{"@id":"https:\/\/veritasinfo.org\/#website"},"primaryImageOfPage":{"@id":"https:\/\/veritasinfo.org\/?p=35514#primaryimage"},"image":{"@id":"https:\/\/veritasinfo.org\/?p=35514#primaryimage"},"thumbnailUrl":"https:\/\/veritasinfo.org\/wp-content\/uploads\/2026\/03\/kosova-kroaciaaaa-1536x710-1.jpg","datePublished":"2026-03-02T13:54:23+00:00","author":{"@id":"https:\/\/veritasinfo.org\/#\/schema\/person\/bc442336e35414d04494ab8fb45db4c6"},"breadcrumb":{"@id":"https:\/\/veritasinfo.org\/?p=35514#breadcrumb"},"inLanguage":"en-US","potentialAction":[{"@type":"ReadAction","target":["https:\/\/veritasinfo.org\/?p=35514"]}]},{"@type":"ImageObject","inLanguage":"en-US","@id":"https:\/\/veritasinfo.org\/?p=35514#primaryimage","url":"https:\/\/veritasinfo.org\/wp-content\/uploads\/2026\/03\/kosova-kroaciaaaa-1536x710-1.jpg","contentUrl":"https:\/\/veritasinfo.org\/wp-content\/uploads\/2026\/03\/kosova-kroaciaaaa-1536x710-1.jpg","width":1536,"height":710},{"@type":"BreadcrumbList","@id":"https:\/\/veritasinfo.org\/?p=35514#breadcrumb","itemListElement":[{"@type":"ListItem","position":1,"name":"Home","item":"https:\/\/veritasinfo.org\/"},{"@type":"ListItem","position":2,"name":"Kosova dhe Kroacia thellojn\u00eb bashk\u00ebpunimin p\u00ebr ndri\u00e7imin e fatit t\u00eb personave t\u00eb zhdukur"}]},{"@type":"WebSite","@id":"https:\/\/veritasinfo.org\/#website","url":"https:\/\/veritasinfo.org\/","name":"","description":"","potentialAction":[{"@type":"SearchAction","target":{"@type":"EntryPoint","urlTemplate":"https:\/\/veritasinfo.org\/?s={search_term_string}"},"query-input":{"@type":"PropertyValueSpecification","valueRequired":true,"valueName":"search_term_string"}}],"inLanguage":"en-US"},{"@type":"Person","@id":"https:\/\/veritasinfo.org\/#\/schema\/person\/bc442336e35414d04494ab8fb45db4c6","name":"US5","image":{"@type":"ImageObject","inLanguage":"en-US","@id":"https:\/\/veritasinfo.org\/#\/schema\/person\/image\/","url":"https:\/\/secure.gravatar.com\/avatar\/16a61e7272a0c5d001121ebb9e60e925d5816e4ac1e443ed3e640d9a6ae55d0c?s=96&d=mm&r=g","contentUrl":"https:\/\/secure.gravatar.com\/avatar\/16a61e7272a0c5d001121ebb9e60e925d5816e4ac1e443ed3e640d9a6ae55d0c?s=96&d=mm&r=g","caption":"US5"},"url":"https:\/\/veritasinfo.org\/?author=6"}]}},"featured_image_urls":{"full":["https:\/\/veritasinfo.org\/wp-content\/uploads\/2026\/03\/kosova-kroaciaaaa-1536x710-1.jpg",1536,710,false],"thumbnail":["https:\/\/veritasinfo.org\/wp-content\/uploads\/2026\/03\/kosova-kroaciaaaa-1536x710-1-150x150.jpg",150,150,true],"medium":["https:\/\/veritasinfo.org\/wp-content\/uploads\/2026\/03\/kosova-kroaciaaaa-1536x710-1-300x139.jpg",300,139,true],"medium_large":["https:\/\/veritasinfo.org\/wp-content\/uploads\/2026\/03\/kosova-kroaciaaaa-1536x710-1-768x355.jpg",640,296,true],"large":["https:\/\/veritasinfo.org\/wp-content\/uploads\/2026\/03\/kosova-kroaciaaaa-1536x710-1-1024x473.jpg",640,296,true],"1536x1536":["https:\/\/veritasinfo.org\/wp-content\/uploads\/2026\/03\/kosova-kroaciaaaa-1536x710-1.jpg",1536,710,false],"2048x2048":["https:\/\/veritasinfo.org\/wp-content\/uploads\/2026\/03\/kosova-kroaciaaaa-1536x710-1.jpg",1536,710,false],"kreeti-slider-full":["https:\/\/veritasinfo.org\/wp-content\/uploads\/2026\/03\/kosova-kroaciaaaa-1536x710-1.jpg",1280,592,false],"kreeti-featured":["https:\/\/veritasinfo.org\/wp-content\/uploads\/2026\/03\/kosova-kroaciaaaa-1536x710-1.jpg",1024,473,false],"kreeti-medium":["https:\/\/veritasinfo.org\/wp-content\/uploads\/2026\/03\/kosova-kroaciaaaa-1536x710-1.jpg",720,333,false],"kreeti-medium-square":["https:\/\/veritasinfo.org\/wp-content\/uploads\/2026\/03\/kosova-kroaciaaaa-1536x710-1.jpg",350,162,false]},"author_info":{"info":["US5"]},"category_info":"<a href=\"https:\/\/veritasinfo.org\/?cat=60\" rel=\"category\">Shoq\u00ebrore<\/a>","tag_info":"Shoq\u00ebrore","comment_count":"0","_links":{"self":[{"href":"https:\/\/veritasinfo.org\/index.php?rest_route=\/wp\/v2\/posts\/35514","targetHints":{"allow":["GET"]}}],"collection":[{"href":"https:\/\/veritasinfo.org\/index.php?rest_route=\/wp\/v2\/posts"}],"about":[{"href":"https:\/\/veritasinfo.org\/index.php?rest_route=\/wp\/v2\/types\/post"}],"author":[{"embeddable":true,"href":"https:\/\/veritasinfo.org\/index.php?rest_route=\/wp\/v2\/users\/6"}],"replies":[{"embeddable":true,"href":"https:\/\/veritasinfo.org\/index.php?rest_route=%2Fwp%2Fv2%2Fcomments&post=35514"}],"version-history":[{"count":1,"href":"https:\/\/veritasinfo.org\/index.php?rest_route=\/wp\/v2\/posts\/35514\/revisions"}],"predecessor-version":[{"id":35516,"href":"https:\/\/veritasinfo.org\/index.php?rest_route=\/wp\/v2\/posts\/35514\/revisions\/35516"}],"wp:featuredmedia":[{"embeddable":true,"href":"https:\/\/veritasinfo.org\/index.php?rest_route=\/wp\/v2\/media\/35515"}],"wp:attachment":[{"href":"https:\/\/veritasinfo.org\/index.php?rest_route=%2Fwp%2Fv2%2Fmedia&parent=35514"}],"wp:term":[{"taxonomy":"category","embeddable":true,"href":"https:\/\/veritasinfo.org\/index.php?rest_route=%2Fwp%2Fv2%2Fcategories&post=35514"},{"taxonomy":"post_tag","embeddable":true,"href":"https:\/\/veritasinfo.org\/index.php?rest_route=%2Fwp%2Fv2%2Ftags&post=35514"}],"curies":[{"name":"wp","href":"https:\/\/api.w.org\/{rel}","templated":true}]}}