{"id":35459,"date":"2026-03-02T14:10:51","date_gmt":"2026-03-02T13:10:51","guid":{"rendered":"https:\/\/veritasinfo.org\/?p=35459"},"modified":"2026-03-02T14:10:51","modified_gmt":"2026-03-02T13:10:51","slug":"apeli-kthen-ne-rigjykim-rastin-e-cedomir-aksic-i-denuar-per-krime-lufte","status":"publish","type":"post","link":"https:\/\/veritasinfo.org\/?p=35459","title":{"rendered":"Apeli kthen n\u00eb rigjykim rastin e \u00c7edomir Aksi\u00e7 i d\u00ebnuar p\u00ebr krime lufte"},"content":{"rendered":"<p>Prishtin\u00eb 2 Mars 2026 14:08<\/p>\n<p>Gjykata e Apelit ka anuluar aktgjykimin e Gjykat\u00ebs Themelore n\u00eb Prishtin\u00eb ndaj \u00c7edomir Aksi\u00e7, pas ankes\u00ebs s\u00eb mbrojtjes.<\/p>\n<p>Apeli ka kthyer n\u00eb rigjykim dhe vendosje.<\/p>\n<p>Gjykata Themelore n\u00eb Prishtin\u00eb m\u00eb 26.12.2024, n\u00eb munges\u00eb t\u00eb akuzuarin \u00c7edomir Aksi\u00e7, e ka shpallur fajtor p\u00ebr vepr\u00ebn penale n\u00eb bashk\u00ebkryerje krimet e luft\u00ebs kund\u00ebr popullsis\u00eb civile nga neni 142 lidhur me nenin 22 t\u00eb Ligjit Penal t\u00eb Republik\u00ebs Socialiste Federative t\u00eb Jugosllavis\u00eb, dhe i ka shqiptuar d\u00ebnim me burgim prej 15 vite.<\/p>\n","protected":false},"excerpt":{"rendered":"<p>Prishtin\u00eb 2 Mars 2026 14:08 Gjykata e Apelit ka anuluar aktgjykimin e Gjykat\u00ebs Themelore n\u00eb Prishtin\u00eb ndaj \u00c7edomir Aksi\u00e7, pas ankes\u00ebs s\u00eb mbrojtjes. Apeli ka<\/p>\n","protected":false},"author":6,"featured_media":35460,"comment_status":"open","ping_status":"open","sticky":false,"template":"","format":"standard","meta":{"footnotes":""},"categories":[60],"tags":[],"class_list":["post-35459","post","type-post","status-publish","format-standard","has-post-thumbnail","hentry","category-shoqerore-sq"],"yoast_head":"<!-- This site is optimized with the Yoast SEO plugin v25.3.1 - https:\/\/yoast.com\/wordpress\/plugins\/seo\/ -->\n<title>Apeli kthen n\u00eb rigjykim rastin e \u00c7edomir Aksi\u00e7 i d\u00ebnuar p\u00ebr krime lufte -<\/title>\n<meta name=\"robots\" content=\"index, follow, max-snippet:-1, max-image-preview:large, max-video-preview:-1\" \/>\n<link rel=\"canonical\" href=\"https:\/\/veritasinfo.org\/?p=35459\" \/>\n<meta property=\"og:locale\" content=\"en_US\" \/>\n<meta property=\"og:type\" content=\"article\" \/>\n<meta property=\"og:title\" content=\"Apeli kthen n\u00eb rigjykim rastin e \u00c7edomir Aksi\u00e7 i d\u00ebnuar p\u00ebr krime lufte -\" \/>\n<meta property=\"og:description\" content=\"Prishtin\u00eb 2 Mars 2026 14:08 Gjykata e Apelit ka anuluar aktgjykimin e Gjykat\u00ebs Themelore n\u00eb Prishtin\u00eb ndaj \u00c7edomir Aksi\u00e7, pas ankes\u00ebs s\u00eb mbrojtjes. Apeli ka\" \/>\n<meta property=\"og:url\" content=\"https:\/\/veritasinfo.org\/?p=35459\" \/>\n<meta property=\"article:published_time\" content=\"2026-03-02T13:10:51+00:00\" \/>\n<meta property=\"og:image\" content=\"https:\/\/veritasinfo.org\/wp-content\/uploads\/2026\/03\/IMG-20260302-WA0007.jpg\" \/>\n\t<meta property=\"og:image:width\" content=\"640\" \/>\n\t<meta property=\"og:image:height\" content=\"426\" \/>\n\t<meta property=\"og:image:type\" content=\"image\/jpeg\" \/>\n<meta name=\"author\" content=\"US5\" \/>\n<meta name=\"twitter:card\" content=\"summary_large_image\" \/>\n<meta name=\"twitter:label1\" content=\"Written by\" \/>\n\t<meta name=\"twitter:data1\" content=\"US5\" \/>\n\t<meta name=\"twitter:label2\" content=\"Est. reading time\" \/>\n\t<meta name=\"twitter:data2\" content=\"1 minute\" \/>\n<script type=\"application\/ld+json\" class=\"yoast-schema-graph\">{\"@context\":\"https:\/\/schema.org\",\"@graph\":[{\"@type\":\"WebPage\",\"@id\":\"https:\/\/veritasinfo.org\/?p=35459\",\"url\":\"https:\/\/veritasinfo.org\/?p=35459\",\"name\":\"Apeli kthen n\u00eb rigjykim rastin e \u00c7edomir Aksi\u00e7 i d\u00ebnuar p\u00ebr krime lufte -\",\"isPartOf\":{\"@id\":\"https:\/\/veritasinfo.org\/#website\"},\"primaryImageOfPage\":{\"@id\":\"https:\/\/veritasinfo.org\/?p=35459#primaryimage\"},\"image\":{\"@id\":\"https:\/\/veritasinfo.org\/?p=35459#primaryimage\"},\"thumbnailUrl\":\"https:\/\/veritasinfo.org\/wp-content\/uploads\/2026\/03\/IMG-20260302-WA0007.jpg\",\"datePublished\":\"2026-03-02T13:10:51+00:00\",\"author\":{\"@id\":\"https:\/\/veritasinfo.org\/#\/schema\/person\/bc442336e35414d04494ab8fb45db4c6\"},\"breadcrumb\":{\"@id\":\"https:\/\/veritasinfo.org\/?p=35459#breadcrumb\"},\"inLanguage\":\"en-US\",\"potentialAction\":[{\"@type\":\"ReadAction\",\"target\":[\"https:\/\/veritasinfo.org\/?p=35459\"]}]},{\"@type\":\"ImageObject\",\"inLanguage\":\"en-US\",\"@id\":\"https:\/\/veritasinfo.org\/?p=35459#primaryimage\",\"url\":\"https:\/\/veritasinfo.org\/wp-content\/uploads\/2026\/03\/IMG-20260302-WA0007.jpg\",\"contentUrl\":\"https:\/\/veritasinfo.org\/wp-content\/uploads\/2026\/03\/IMG-20260302-WA0007.jpg\",\"width\":640,\"height\":426},{\"@type\":\"BreadcrumbList\",\"@id\":\"https:\/\/veritasinfo.org\/?p=35459#breadcrumb\",\"itemListElement\":[{\"@type\":\"ListItem\",\"position\":1,\"name\":\"Home\",\"item\":\"https:\/\/veritasinfo.org\/\"},{\"@type\":\"ListItem\",\"position\":2,\"name\":\"Apeli kthen n\u00eb rigjykim rastin e \u00c7edomir Aksi\u00e7 i d\u00ebnuar p\u00ebr krime lufte\"}]},{\"@type\":\"WebSite\",\"@id\":\"https:\/\/veritasinfo.org\/#website\",\"url\":\"https:\/\/veritasinfo.org\/\",\"name\":\"\",\"description\":\"\",\"potentialAction\":[{\"@type\":\"SearchAction\",\"target\":{\"@type\":\"EntryPoint\",\"urlTemplate\":\"https:\/\/veritasinfo.org\/?s={search_term_string}\"},\"query-input\":{\"@type\":\"PropertyValueSpecification\",\"valueRequired\":true,\"valueName\":\"search_term_string\"}}],\"inLanguage\":\"en-US\"},{\"@type\":\"Person\",\"@id\":\"https:\/\/veritasinfo.org\/#\/schema\/person\/bc442336e35414d04494ab8fb45db4c6\",\"name\":\"US5\",\"image\":{\"@type\":\"ImageObject\",\"inLanguage\":\"en-US\",\"@id\":\"https:\/\/veritasinfo.org\/#\/schema\/person\/image\/\",\"url\":\"https:\/\/secure.gravatar.com\/avatar\/16a61e7272a0c5d001121ebb9e60e925d5816e4ac1e443ed3e640d9a6ae55d0c?s=96&d=mm&r=g\",\"contentUrl\":\"https:\/\/secure.gravatar.com\/avatar\/16a61e7272a0c5d001121ebb9e60e925d5816e4ac1e443ed3e640d9a6ae55d0c?s=96&d=mm&r=g\",\"caption\":\"US5\"},\"url\":\"https:\/\/veritasinfo.org\/?author=6\"}]}<\/script>\n<!-- \/ Yoast SEO plugin. -->","yoast_head_json":{"title":"Apeli kthen n\u00eb rigjykim rastin e \u00c7edomir Aksi\u00e7 i d\u00ebnuar p\u00ebr krime lufte -","robots":{"index":"index","follow":"follow","max-snippet":"max-snippet:-1","max-image-preview":"max-image-preview:large","max-video-preview":"max-video-preview:-1"},"canonical":"https:\/\/veritasinfo.org\/?p=35459","og_locale":"en_US","og_type":"article","og_title":"Apeli kthen n\u00eb rigjykim rastin e \u00c7edomir Aksi\u00e7 i d\u00ebnuar p\u00ebr krime lufte -","og_description":"Prishtin\u00eb 2 Mars 2026 14:08 Gjykata e Apelit ka anuluar aktgjykimin e Gjykat\u00ebs Themelore n\u00eb Prishtin\u00eb ndaj \u00c7edomir Aksi\u00e7, pas ankes\u00ebs s\u00eb mbrojtjes. Apeli ka","og_url":"https:\/\/veritasinfo.org\/?p=35459","article_published_time":"2026-03-02T13:10:51+00:00","og_image":[{"width":640,"height":426,"url":"https:\/\/veritasinfo.org\/wp-content\/uploads\/2026\/03\/IMG-20260302-WA0007.jpg","type":"image\/jpeg"}],"author":"US5","twitter_card":"summary_large_image","twitter_misc":{"Written by":"US5","Est. reading time":"1 minute"},"schema":{"@context":"https:\/\/schema.org","@graph":[{"@type":"WebPage","@id":"https:\/\/veritasinfo.org\/?p=35459","url":"https:\/\/veritasinfo.org\/?p=35459","name":"Apeli kthen n\u00eb rigjykim rastin e \u00c7edomir Aksi\u00e7 i d\u00ebnuar p\u00ebr krime lufte -","isPartOf":{"@id":"https:\/\/veritasinfo.org\/#website"},"primaryImageOfPage":{"@id":"https:\/\/veritasinfo.org\/?p=35459#primaryimage"},"image":{"@id":"https:\/\/veritasinfo.org\/?p=35459#primaryimage"},"thumbnailUrl":"https:\/\/veritasinfo.org\/wp-content\/uploads\/2026\/03\/IMG-20260302-WA0007.jpg","datePublished":"2026-03-02T13:10:51+00:00","author":{"@id":"https:\/\/veritasinfo.org\/#\/schema\/person\/bc442336e35414d04494ab8fb45db4c6"},"breadcrumb":{"@id":"https:\/\/veritasinfo.org\/?p=35459#breadcrumb"},"inLanguage":"en-US","potentialAction":[{"@type":"ReadAction","target":["https:\/\/veritasinfo.org\/?p=35459"]}]},{"@type":"ImageObject","inLanguage":"en-US","@id":"https:\/\/veritasinfo.org\/?p=35459#primaryimage","url":"https:\/\/veritasinfo.org\/wp-content\/uploads\/2026\/03\/IMG-20260302-WA0007.jpg","contentUrl":"https:\/\/veritasinfo.org\/wp-content\/uploads\/2026\/03\/IMG-20260302-WA0007.jpg","width":640,"height":426},{"@type":"BreadcrumbList","@id":"https:\/\/veritasinfo.org\/?p=35459#breadcrumb","itemListElement":[{"@type":"ListItem","position":1,"name":"Home","item":"https:\/\/veritasinfo.org\/"},{"@type":"ListItem","position":2,"name":"Apeli kthen n\u00eb rigjykim rastin e \u00c7edomir Aksi\u00e7 i d\u00ebnuar p\u00ebr krime lufte"}]},{"@type":"WebSite","@id":"https:\/\/veritasinfo.org\/#website","url":"https:\/\/veritasinfo.org\/","name":"","description":"","potentialAction":[{"@type":"SearchAction","target":{"@type":"EntryPoint","urlTemplate":"https:\/\/veritasinfo.org\/?s={search_term_string}"},"query-input":{"@type":"PropertyValueSpecification","valueRequired":true,"valueName":"search_term_string"}}],"inLanguage":"en-US"},{"@type":"Person","@id":"https:\/\/veritasinfo.org\/#\/schema\/person\/bc442336e35414d04494ab8fb45db4c6","name":"US5","image":{"@type":"ImageObject","inLanguage":"en-US","@id":"https:\/\/veritasinfo.org\/#\/schema\/person\/image\/","url":"https:\/\/secure.gravatar.com\/avatar\/16a61e7272a0c5d001121ebb9e60e925d5816e4ac1e443ed3e640d9a6ae55d0c?s=96&d=mm&r=g","contentUrl":"https:\/\/secure.gravatar.com\/avatar\/16a61e7272a0c5d001121ebb9e60e925d5816e4ac1e443ed3e640d9a6ae55d0c?s=96&d=mm&r=g","caption":"US5"},"url":"https:\/\/veritasinfo.org\/?author=6"}]}},"featured_image_urls":{"full":["https:\/\/veritasinfo.org\/wp-content\/uploads\/2026\/03\/IMG-20260302-WA0007.jpg",640,426,false],"thumbnail":["https:\/\/veritasinfo.org\/wp-content\/uploads\/2026\/03\/IMG-20260302-WA0007-150x150.jpg",150,150,true],"medium":["https:\/\/veritasinfo.org\/wp-content\/uploads\/2026\/03\/IMG-20260302-WA0007-300x200.jpg",300,200,true],"medium_large":["https:\/\/veritasinfo.org\/wp-content\/uploads\/2026\/03\/IMG-20260302-WA0007.jpg",640,426,false],"large":["https:\/\/veritasinfo.org\/wp-content\/uploads\/2026\/03\/IMG-20260302-WA0007.jpg",640,426,false],"1536x1536":["https:\/\/veritasinfo.org\/wp-content\/uploads\/2026\/03\/IMG-20260302-WA0007.jpg",640,426,false],"2048x2048":["https:\/\/veritasinfo.org\/wp-content\/uploads\/2026\/03\/IMG-20260302-WA0007.jpg",640,426,false],"kreeti-slider-full":["https:\/\/veritasinfo.org\/wp-content\/uploads\/2026\/03\/IMG-20260302-WA0007.jpg",640,426,false],"kreeti-featured":["https:\/\/veritasinfo.org\/wp-content\/uploads\/2026\/03\/IMG-20260302-WA0007.jpg",640,426,false],"kreeti-medium":["https:\/\/veritasinfo.org\/wp-content\/uploads\/2026\/03\/IMG-20260302-WA0007.jpg",640,426,false],"kreeti-medium-square":["https:\/\/veritasinfo.org\/wp-content\/uploads\/2026\/03\/IMG-20260302-WA0007.jpg",350,233,false]},"author_info":{"info":["US5"]},"category_info":"<a href=\"https:\/\/veritasinfo.org\/?cat=60\" rel=\"category\">Shoq\u00ebrore<\/a>","tag_info":"Shoq\u00ebrore","comment_count":"0","_links":{"self":[{"href":"https:\/\/veritasinfo.org\/index.php?rest_route=\/wp\/v2\/posts\/35459","targetHints":{"allow":["GET"]}}],"collection":[{"href":"https:\/\/veritasinfo.org\/index.php?rest_route=\/wp\/v2\/posts"}],"about":[{"href":"https:\/\/veritasinfo.org\/index.php?rest_route=\/wp\/v2\/types\/post"}],"author":[{"embeddable":true,"href":"https:\/\/veritasinfo.org\/index.php?rest_route=\/wp\/v2\/users\/6"}],"replies":[{"embeddable":true,"href":"https:\/\/veritasinfo.org\/index.php?rest_route=%2Fwp%2Fv2%2Fcomments&post=35459"}],"version-history":[{"count":1,"href":"https:\/\/veritasinfo.org\/index.php?rest_route=\/wp\/v2\/posts\/35459\/revisions"}],"predecessor-version":[{"id":35461,"href":"https:\/\/veritasinfo.org\/index.php?rest_route=\/wp\/v2\/posts\/35459\/revisions\/35461"}],"wp:featuredmedia":[{"embeddable":true,"href":"https:\/\/veritasinfo.org\/index.php?rest_route=\/wp\/v2\/media\/35460"}],"wp:attachment":[{"href":"https:\/\/veritasinfo.org\/index.php?rest_route=%2Fwp%2Fv2%2Fmedia&parent=35459"}],"wp:term":[{"taxonomy":"category","embeddable":true,"href":"https:\/\/veritasinfo.org\/index.php?rest_route=%2Fwp%2Fv2%2Fcategories&post=35459"},{"taxonomy":"post_tag","embeddable":true,"href":"https:\/\/veritasinfo.org\/index.php?rest_route=%2Fwp%2Fv2%2Ftags&post=35459"}],"curies":[{"name":"wp","href":"https:\/\/api.w.org\/{rel}","templated":true}]}}