{"id":35456,"date":"2026-03-02T14:05:12","date_gmt":"2026-03-02T13:05:12","guid":{"rendered":"https:\/\/veritasinfo.org\/?p=35456"},"modified":"2026-03-02T14:05:12","modified_gmt":"2026-03-02T13:05:12","slug":"hadziju-parlament-nema-nominacije-za-predsednika-izbori-su-nepotreban-trosak","status":"publish","type":"post","link":"https:\/\/veritasinfo.org\/?p=35456&lang=sr","title":{"rendered":"Had\u017eiju: Parlament nema nominacije za predsednika, izbori su nepotreban tro\u0161ak"},"content":{"rendered":"<p>Pri\u0161tina, 2. mart 2026. 14:02<\/p>\n<p>Predsednica Skup\u0161tine Kosova, Albulena Had\u017eiu, rekla je da ne mogu da sazovu sednicu za izbor predsednika.<\/p>\n<p>Ona je rekla da stranke nemaju nominacije i da iz tog razloga Predsedni\u0161tvo Skup\u0161tine nije sazvalo sednicu.<\/p>\n<p>\u201eNe mo\u017eemo da delujemo dok nemamo nominacije, kandidate koji imaju 30 potpisa poslanika Skup\u0161tine Kosova. \u010cim ih budemo imali, Komisija za zakonodavstvo c\u0301e se sastati, obraditi ih, a zatim c\u0301e biti odr\u017eana sednica za izbor predsednika. Ulazak zemlje u novi izborni ciklus bio bi nepotreban politi\u010dki i institucionalni tro\u0161ak\u201c, rekla je Had\u017eiu nakon sastanka Predsedni\u0161tva Skup\u0161tine.<\/p>\n<p>Had\u017eiu je rekla da stranke moraju da prona\u0111u re\u0161enje, dodajuc\u0301i da su pro\u0161le godine videli rezultat sa blokirajuc\u0301ih pozicija.<\/p>\n<p>\u201eVideli smo stavove politi\u010dkih stranaka pro\u0161le godine. Stavovi koji vi\u0161e blokiraju nego \u0161to pru\u017eaju re\u0161enja, znamo kakav rezultat proizvode. Cilj je pronac\u0301i li\u010dnost koja obezbe\u0111uje glasove. Ne prejudiciram stavove politi\u010dkih subjekata, ali za mene stavovi koji blokiraju nisu dobrodo\u0161li\u201c, rekla je ona.<\/p>\n<p>Had\u017eiju je tako\u0111e rekla da su poslanici obavezni da u\u010destvuju u sednici za izbor predsednika.<\/p>\n","protected":false},"excerpt":{"rendered":"<p>Pri\u0161tina, 2. mart 2026. 14:02 Predsednica Skup\u0161tine Kosova, Albulena Had\u017eiu, rekla je da ne mogu da sazovu sednicu za izbor predsednika. Ona je rekla da<\/p>\n","protected":false},"author":6,"featured_media":35457,"comment_status":"open","ping_status":"open","sticky":false,"template":"","format":"standard","meta":{"footnotes":""},"categories":[28],"tags":[],"class_list":["post-35456","post","type-post","status-publish","format-standard","has-post-thumbnail","hentry","category-politika"],"yoast_head":"<!-- This site is optimized with the Yoast SEO plugin v25.3.1 - https:\/\/yoast.com\/wordpress\/plugins\/seo\/ -->\n<title>Had\u017eiju: Parlament nema nominacije za predsednika, izbori su nepotreban tro\u0161ak -<\/title>\n<meta name=\"robots\" content=\"index, follow, max-snippet:-1, max-image-preview:large, max-video-preview:-1\" \/>\n<link rel=\"canonical\" href=\"https:\/\/veritasinfo.org\/?p=35456&lang=sr\" \/>\n<meta property=\"og:locale\" content=\"en_US\" \/>\n<meta property=\"og:type\" content=\"article\" \/>\n<meta property=\"og:title\" content=\"Had\u017eiju: Parlament nema nominacije za predsednika, izbori su nepotreban tro\u0161ak -\" \/>\n<meta property=\"og:description\" content=\"Pri\u0161tina, 2. mart 2026. 14:02 Predsednica Skup\u0161tine Kosova, Albulena Had\u017eiu, rekla je da ne mogu da sazovu sednicu za izbor predsednika. Ona je rekla da\" \/>\n<meta property=\"og:url\" content=\"https:\/\/veritasinfo.org\/?p=35456&amp;lang=sr\" \/>\n<meta property=\"article:published_time\" content=\"2026-03-02T13:05:12+00:00\" \/>\n<meta property=\"og:image\" content=\"https:\/\/veritasinfo.org\/wp-content\/uploads\/2026\/03\/IMG-20260302-WA0006-1.jpg\" \/>\n\t<meta property=\"og:image:width\" content=\"1140\" \/>\n\t<meta property=\"og:image:height\" content=\"570\" \/>\n\t<meta property=\"og:image:type\" content=\"image\/jpeg\" \/>\n<meta name=\"author\" content=\"US5\" \/>\n<meta name=\"twitter:card\" content=\"summary_large_image\" \/>\n<meta name=\"twitter:label1\" content=\"Written by\" \/>\n\t<meta name=\"twitter:data1\" content=\"US5\" \/>\n<script type=\"application\/ld+json\" class=\"yoast-schema-graph\">{\"@context\":\"https:\/\/schema.org\",\"@graph\":[{\"@type\":\"WebPage\",\"@id\":\"https:\/\/veritasinfo.org\/?p=35456&lang=sr\",\"url\":\"https:\/\/veritasinfo.org\/?p=35456&lang=sr\",\"name\":\"Had\u017eiju: Parlament nema nominacije za predsednika, izbori su nepotreban tro\u0161ak -\",\"isPartOf\":{\"@id\":\"https:\/\/veritasinfo.org\/#website\"},\"primaryImageOfPage\":{\"@id\":\"https:\/\/veritasinfo.org\/?p=35456&lang=sr#primaryimage\"},\"image\":{\"@id\":\"https:\/\/veritasinfo.org\/?p=35456&lang=sr#primaryimage\"},\"thumbnailUrl\":\"https:\/\/veritasinfo.org\/wp-content\/uploads\/2026\/03\/IMG-20260302-WA0006-1.jpg\",\"datePublished\":\"2026-03-02T13:05:12+00:00\",\"author\":{\"@id\":\"https:\/\/veritasinfo.org\/#\/schema\/person\/bc442336e35414d04494ab8fb45db4c6\"},\"breadcrumb\":{\"@id\":\"https:\/\/veritasinfo.org\/?p=35456&lang=sr#breadcrumb\"},\"inLanguage\":\"en-US\",\"potentialAction\":[{\"@type\":\"ReadAction\",\"target\":[\"https:\/\/veritasinfo.org\/?p=35456&lang=sr\"]}]},{\"@type\":\"ImageObject\",\"inLanguage\":\"en-US\",\"@id\":\"https:\/\/veritasinfo.org\/?p=35456&lang=sr#primaryimage\",\"url\":\"https:\/\/veritasinfo.org\/wp-content\/uploads\/2026\/03\/IMG-20260302-WA0006-1.jpg\",\"contentUrl\":\"https:\/\/veritasinfo.org\/wp-content\/uploads\/2026\/03\/IMG-20260302-WA0006-1.jpg\",\"width\":1140,\"height\":570},{\"@type\":\"BreadcrumbList\",\"@id\":\"https:\/\/veritasinfo.org\/?p=35456&lang=sr#breadcrumb\",\"itemListElement\":[{\"@type\":\"ListItem\",\"position\":1,\"name\":\"Home\",\"item\":\"https:\/\/veritasinfo.org\/\"},{\"@type\":\"ListItem\",\"position\":2,\"name\":\"Had\u017eiju: Parlament nema nominacije za predsednika, izbori su nepotreban tro\u0161ak\"}]},{\"@type\":\"WebSite\",\"@id\":\"https:\/\/veritasinfo.org\/#website\",\"url\":\"https:\/\/veritasinfo.org\/\",\"name\":\"\",\"description\":\"\",\"potentialAction\":[{\"@type\":\"SearchAction\",\"target\":{\"@type\":\"EntryPoint\",\"urlTemplate\":\"https:\/\/veritasinfo.org\/?s={search_term_string}\"},\"query-input\":{\"@type\":\"PropertyValueSpecification\",\"valueRequired\":true,\"valueName\":\"search_term_string\"}}],\"inLanguage\":\"en-US\"},{\"@type\":\"Person\",\"@id\":\"https:\/\/veritasinfo.org\/#\/schema\/person\/bc442336e35414d04494ab8fb45db4c6\",\"name\":\"US5\",\"image\":{\"@type\":\"ImageObject\",\"inLanguage\":\"en-US\",\"@id\":\"https:\/\/veritasinfo.org\/#\/schema\/person\/image\/\",\"url\":\"https:\/\/secure.gravatar.com\/avatar\/16a61e7272a0c5d001121ebb9e60e925d5816e4ac1e443ed3e640d9a6ae55d0c?s=96&d=mm&r=g\",\"contentUrl\":\"https:\/\/secure.gravatar.com\/avatar\/16a61e7272a0c5d001121ebb9e60e925d5816e4ac1e443ed3e640d9a6ae55d0c?s=96&d=mm&r=g\",\"caption\":\"US5\"},\"url\":\"https:\/\/veritasinfo.org\/?author=6\"}]}<\/script>\n<!-- \/ Yoast SEO plugin. -->","yoast_head_json":{"title":"Had\u017eiju: Parlament nema nominacije za predsednika, izbori su nepotreban tro\u0161ak -","robots":{"index":"index","follow":"follow","max-snippet":"max-snippet:-1","max-image-preview":"max-image-preview:large","max-video-preview":"max-video-preview:-1"},"canonical":"https:\/\/veritasinfo.org\/?p=35456&lang=sr","og_locale":"en_US","og_type":"article","og_title":"Had\u017eiju: Parlament nema nominacije za predsednika, izbori su nepotreban tro\u0161ak -","og_description":"Pri\u0161tina, 2. mart 2026. 14:02 Predsednica Skup\u0161tine Kosova, Albulena Had\u017eiu, rekla je da ne mogu da sazovu sednicu za izbor predsednika. Ona je rekla da","og_url":"https:\/\/veritasinfo.org\/?p=35456&lang=sr","article_published_time":"2026-03-02T13:05:12+00:00","og_image":[{"width":1140,"height":570,"url":"https:\/\/veritasinfo.org\/wp-content\/uploads\/2026\/03\/IMG-20260302-WA0006-1.jpg","type":"image\/jpeg"}],"author":"US5","twitter_card":"summary_large_image","twitter_misc":{"Written by":"US5"},"schema":{"@context":"https:\/\/schema.org","@graph":[{"@type":"WebPage","@id":"https:\/\/veritasinfo.org\/?p=35456&lang=sr","url":"https:\/\/veritasinfo.org\/?p=35456&lang=sr","name":"Had\u017eiju: Parlament nema nominacije za predsednika, izbori su nepotreban tro\u0161ak -","isPartOf":{"@id":"https:\/\/veritasinfo.org\/#website"},"primaryImageOfPage":{"@id":"https:\/\/veritasinfo.org\/?p=35456&lang=sr#primaryimage"},"image":{"@id":"https:\/\/veritasinfo.org\/?p=35456&lang=sr#primaryimage"},"thumbnailUrl":"https:\/\/veritasinfo.org\/wp-content\/uploads\/2026\/03\/IMG-20260302-WA0006-1.jpg","datePublished":"2026-03-02T13:05:12+00:00","author":{"@id":"https:\/\/veritasinfo.org\/#\/schema\/person\/bc442336e35414d04494ab8fb45db4c6"},"breadcrumb":{"@id":"https:\/\/veritasinfo.org\/?p=35456&lang=sr#breadcrumb"},"inLanguage":"en-US","potentialAction":[{"@type":"ReadAction","target":["https:\/\/veritasinfo.org\/?p=35456&lang=sr"]}]},{"@type":"ImageObject","inLanguage":"en-US","@id":"https:\/\/veritasinfo.org\/?p=35456&lang=sr#primaryimage","url":"https:\/\/veritasinfo.org\/wp-content\/uploads\/2026\/03\/IMG-20260302-WA0006-1.jpg","contentUrl":"https:\/\/veritasinfo.org\/wp-content\/uploads\/2026\/03\/IMG-20260302-WA0006-1.jpg","width":1140,"height":570},{"@type":"BreadcrumbList","@id":"https:\/\/veritasinfo.org\/?p=35456&lang=sr#breadcrumb","itemListElement":[{"@type":"ListItem","position":1,"name":"Home","item":"https:\/\/veritasinfo.org\/"},{"@type":"ListItem","position":2,"name":"Had\u017eiju: Parlament nema nominacije za predsednika, izbori su nepotreban tro\u0161ak"}]},{"@type":"WebSite","@id":"https:\/\/veritasinfo.org\/#website","url":"https:\/\/veritasinfo.org\/","name":"","description":"","potentialAction":[{"@type":"SearchAction","target":{"@type":"EntryPoint","urlTemplate":"https:\/\/veritasinfo.org\/?s={search_term_string}"},"query-input":{"@type":"PropertyValueSpecification","valueRequired":true,"valueName":"search_term_string"}}],"inLanguage":"en-US"},{"@type":"Person","@id":"https:\/\/veritasinfo.org\/#\/schema\/person\/bc442336e35414d04494ab8fb45db4c6","name":"US5","image":{"@type":"ImageObject","inLanguage":"en-US","@id":"https:\/\/veritasinfo.org\/#\/schema\/person\/image\/","url":"https:\/\/secure.gravatar.com\/avatar\/16a61e7272a0c5d001121ebb9e60e925d5816e4ac1e443ed3e640d9a6ae55d0c?s=96&d=mm&r=g","contentUrl":"https:\/\/secure.gravatar.com\/avatar\/16a61e7272a0c5d001121ebb9e60e925d5816e4ac1e443ed3e640d9a6ae55d0c?s=96&d=mm&r=g","caption":"US5"},"url":"https:\/\/veritasinfo.org\/?author=6"}]}},"featured_image_urls":{"full":["https:\/\/veritasinfo.org\/wp-content\/uploads\/2026\/03\/IMG-20260302-WA0006-1.jpg",1140,570,false],"thumbnail":["https:\/\/veritasinfo.org\/wp-content\/uploads\/2026\/03\/IMG-20260302-WA0006-1-150x150.jpg",150,150,true],"medium":["https:\/\/veritasinfo.org\/wp-content\/uploads\/2026\/03\/IMG-20260302-WA0006-1-300x150.jpg",300,150,true],"medium_large":["https:\/\/veritasinfo.org\/wp-content\/uploads\/2026\/03\/IMG-20260302-WA0006-1-768x384.jpg",640,320,true],"large":["https:\/\/veritasinfo.org\/wp-content\/uploads\/2026\/03\/IMG-20260302-WA0006-1-1024x512.jpg",640,320,true],"1536x1536":["https:\/\/veritasinfo.org\/wp-content\/uploads\/2026\/03\/IMG-20260302-WA0006-1.jpg",1140,570,false],"2048x2048":["https:\/\/veritasinfo.org\/wp-content\/uploads\/2026\/03\/IMG-20260302-WA0006-1.jpg",1140,570,false],"kreeti-slider-full":["https:\/\/veritasinfo.org\/wp-content\/uploads\/2026\/03\/IMG-20260302-WA0006-1.jpg",1140,570,false],"kreeti-featured":["https:\/\/veritasinfo.org\/wp-content\/uploads\/2026\/03\/IMG-20260302-WA0006-1.jpg",1024,512,false],"kreeti-medium":["https:\/\/veritasinfo.org\/wp-content\/uploads\/2026\/03\/IMG-20260302-WA0006-1.jpg",720,360,false],"kreeti-medium-square":["https:\/\/veritasinfo.org\/wp-content\/uploads\/2026\/03\/IMG-20260302-WA0006-1.jpg",350,175,false]},"author_info":{"info":["US5"]},"category_info":"<a href=\"https:\/\/veritasinfo.org\/?cat=28&#038;lang=sr\" rel=\"category\">Politika<\/a>","tag_info":"Politika","comment_count":"0","_links":{"self":[{"href":"https:\/\/veritasinfo.org\/index.php?rest_route=\/wp\/v2\/posts\/35456","targetHints":{"allow":["GET"]}}],"collection":[{"href":"https:\/\/veritasinfo.org\/index.php?rest_route=\/wp\/v2\/posts"}],"about":[{"href":"https:\/\/veritasinfo.org\/index.php?rest_route=\/wp\/v2\/types\/post"}],"author":[{"embeddable":true,"href":"https:\/\/veritasinfo.org\/index.php?rest_route=\/wp\/v2\/users\/6"}],"replies":[{"embeddable":true,"href":"https:\/\/veritasinfo.org\/index.php?rest_route=%2Fwp%2Fv2%2Fcomments&post=35456"}],"version-history":[{"count":1,"href":"https:\/\/veritasinfo.org\/index.php?rest_route=\/wp\/v2\/posts\/35456\/revisions"}],"predecessor-version":[{"id":35458,"href":"https:\/\/veritasinfo.org\/index.php?rest_route=\/wp\/v2\/posts\/35456\/revisions\/35458"}],"wp:featuredmedia":[{"embeddable":true,"href":"https:\/\/veritasinfo.org\/index.php?rest_route=\/wp\/v2\/media\/35457"}],"wp:attachment":[{"href":"https:\/\/veritasinfo.org\/index.php?rest_route=%2Fwp%2Fv2%2Fmedia&parent=35456"}],"wp:term":[{"taxonomy":"category","embeddable":true,"href":"https:\/\/veritasinfo.org\/index.php?rest_route=%2Fwp%2Fv2%2Fcategories&post=35456"},{"taxonomy":"post_tag","embeddable":true,"href":"https:\/\/veritasinfo.org\/index.php?rest_route=%2Fwp%2Fv2%2Ftags&post=35456"}],"curies":[{"name":"wp","href":"https:\/\/api.w.org\/{rel}","templated":true}]}}