{"id":35413,"date":"2026-03-02T11:06:26","date_gmt":"2026-03-02T10:06:26","guid":{"rendered":"https:\/\/veritasinfo.org\/?p=35413"},"modified":"2026-03-02T11:06:26","modified_gmt":"2026-03-02T10:06:26","slug":"gjykata-e-strasburgut-per-here-te-pare-regjistron-padine-per-pasivizim-te-adresave-ne-lugine-te-presheves","status":"publish","type":"post","link":"https:\/\/veritasinfo.org\/?p=35413","title":{"rendered":"Gjykata e Strasburgut p\u00ebr her\u00eb t\u00eb par\u00eb regjistron padin\u00eb p\u00ebr pasivizim t\u00eb adresave n\u00eb Lugin\u00eb t\u00eb Preshev\u00ebs"},"content":{"rendered":"<p>Prishtin\u00eb 2 Mars 2026 11:50<\/p>\n<p>Gjykata e Strasburgut ka regjistruar p\u00ebr her\u00eb t\u00eb par\u00eb padin\u00eb kund\u00ebr Serbis\u00eb, lidhur me pasivizimin e adresave t\u00eb shqiptar\u00ebve q\u00eb jetojn\u00eb n\u00eb Lugin\u00eb t\u00eb Preshev\u00ebs.<\/p>\n<p>K\u00ebshtu ka b\u00ebr\u00eb t\u00eb ditur avokati Drini Grazhdani, i cili ka th\u00ebn\u00eb se padia \u00ebsht\u00eb dor\u00ebzuar p\u00ebr shkeljet e t\u00eb drejtave t\u00eb njeriut q\u00eb kan\u00eb ndodhur ndaj Teuta Fazliut. Ai ka th\u00ebn\u00eb se kjo \u00ebsht\u00eb nj\u00eb fitore fillestare, p\u00ebr \u00e7ka u zotua se do t\u00eb jet\u00eb i p\u00ebrkushtuar q\u00eb t\u00eb p\u00ebrfundoj\u00eb me fitore t\u00eb plot\u00eb.<\/p>\n<p>N\u00eb njoftimin e tij n\u00eb rrjetin social Facebook ka th\u00ebn\u00eb se pasivizimi po i detyron shqiptar\u00ebt t\u00eb largohen, pasi qytetar\u00ebt humbasin t\u00eb drejt\u00ebn p\u00ebr t\u00eb marr\u00eb let\u00ebrnjoftimin, pasaport\u00ebn e re, t\u00eb drejt\u00ebn e pensionit, sigurimin sh\u00ebndet\u00ebsor e t\u00eb drejta t\u00eb tjera.<\/p>\n<p>\u201cRegjistrimi i padis\u00eb dhe pajisja me num\u00ebr aplikimi nga Gjykata e Strasburgut \u00ebsht\u00eb nj\u00eb hap procedural shum\u00eb i r\u00ebnd\u00ebsish\u00ebm, duke marr\u00eb parasysh se kjo Gjykat\u00eb refuzon mbi 90% t\u00eb rasteve q\u00eb n\u00eb faz\u00ebn fillestare. Q\u00ebllimi im kryesor \u00ebsht\u00eb q\u00eb p\u00ebrmes k\u00ebtij rasti, Gjykata t\u00eb zbatoj\u00eb procedur\u00ebn e vendimit pilot (rregulla 61). Kjo do t\u00eb thot\u00eb q\u00eb vendimi t\u00eb mos mbetet vet\u00ebm p\u00ebr Teut\u00ebn, por t\u00eb detyroj\u00eb Serbin\u00eb t\u00eb ndaloj\u00eb k\u00ebt\u00eb praktik\u00eb sistematike p\u00ebr t\u00eb gjith\u00eb dhe t\u00eb aplikohet n\u00eb t\u00eb gjitha rastet e ngjashme\u201d, ka shkruar ai.<\/p>\n<p>Ai p\u00ebrmes k\u00ebtij postimi u ka b\u00ebr\u00eb thirrje t\u00eb gjith\u00eb qytetar\u00ebve n\u00eb Lugin\u00eb t\u00eb Preshev\u00ebs q\u00eb t\u00eb ndjekin procedurat e brendshme ligjore. <\/p>\n","protected":false},"excerpt":{"rendered":"<p>Prishtin\u00eb 2 Mars 2026 11:50 Gjykata e Strasburgut ka regjistruar p\u00ebr her\u00eb t\u00eb par\u00eb padin\u00eb kund\u00ebr Serbis\u00eb, lidhur me pasivizimin e adresave t\u00eb shqiptar\u00ebve q\u00eb<\/p>\n","protected":false},"author":6,"featured_media":35414,"comment_status":"open","ping_status":"open","sticky":false,"template":"","format":"standard","meta":{"footnotes":""},"categories":[60],"tags":[],"class_list":["post-35413","post","type-post","status-publish","format-standard","has-post-thumbnail","hentry","category-shoqerore-sq"],"yoast_head":"<!-- This site is optimized with the Yoast SEO plugin v25.3.1 - https:\/\/yoast.com\/wordpress\/plugins\/seo\/ -->\n<title>Gjykata e Strasburgut p\u00ebr her\u00eb t\u00eb par\u00eb regjistron padin\u00eb p\u00ebr pasivizim t\u00eb adresave n\u00eb Lugin\u00eb t\u00eb Preshev\u00ebs -<\/title>\n<meta name=\"robots\" content=\"index, follow, max-snippet:-1, max-image-preview:large, max-video-preview:-1\" \/>\n<link rel=\"canonical\" href=\"https:\/\/veritasinfo.org\/?p=35413\" \/>\n<meta property=\"og:locale\" content=\"en_US\" \/>\n<meta property=\"og:type\" content=\"article\" \/>\n<meta property=\"og:title\" content=\"Gjykata e Strasburgut p\u00ebr her\u00eb t\u00eb par\u00eb regjistron padin\u00eb p\u00ebr pasivizim t\u00eb adresave n\u00eb Lugin\u00eb t\u00eb Preshev\u00ebs -\" \/>\n<meta property=\"og:description\" content=\"Prishtin\u00eb 2 Mars 2026 11:50 Gjykata e Strasburgut ka regjistruar p\u00ebr her\u00eb t\u00eb par\u00eb padin\u00eb kund\u00ebr Serbis\u00eb, lidhur me pasivizimin e adresave t\u00eb shqiptar\u00ebve q\u00eb\" \/>\n<meta property=\"og:url\" content=\"https:\/\/veritasinfo.org\/?p=35413\" \/>\n<meta property=\"article:published_time\" content=\"2026-03-02T10:06:26+00:00\" \/>\n<meta property=\"og:image\" content=\"https:\/\/veritasinfo.org\/wp-content\/uploads\/2026\/03\/gjykata-e-strazburgut.jpg\" \/>\n\t<meta property=\"og:image:width\" content=\"600\" \/>\n\t<meta property=\"og:image:height\" content=\"338\" \/>\n\t<meta property=\"og:image:type\" content=\"image\/jpeg\" \/>\n<meta name=\"author\" content=\"US5\" \/>\n<meta name=\"twitter:card\" content=\"summary_large_image\" \/>\n<meta name=\"twitter:label1\" content=\"Written by\" \/>\n\t<meta name=\"twitter:data1\" content=\"US5\" \/>\n<script type=\"application\/ld+json\" class=\"yoast-schema-graph\">{\"@context\":\"https:\/\/schema.org\",\"@graph\":[{\"@type\":\"WebPage\",\"@id\":\"https:\/\/veritasinfo.org\/?p=35413\",\"url\":\"https:\/\/veritasinfo.org\/?p=35413\",\"name\":\"Gjykata e Strasburgut p\u00ebr her\u00eb t\u00eb par\u00eb regjistron padin\u00eb p\u00ebr pasivizim t\u00eb adresave n\u00eb Lugin\u00eb t\u00eb Preshev\u00ebs -\",\"isPartOf\":{\"@id\":\"https:\/\/veritasinfo.org\/#website\"},\"primaryImageOfPage\":{\"@id\":\"https:\/\/veritasinfo.org\/?p=35413#primaryimage\"},\"image\":{\"@id\":\"https:\/\/veritasinfo.org\/?p=35413#primaryimage\"},\"thumbnailUrl\":\"https:\/\/veritasinfo.org\/wp-content\/uploads\/2026\/03\/gjykata-e-strazburgut.jpg\",\"datePublished\":\"2026-03-02T10:06:26+00:00\",\"author\":{\"@id\":\"https:\/\/veritasinfo.org\/#\/schema\/person\/bc442336e35414d04494ab8fb45db4c6\"},\"breadcrumb\":{\"@id\":\"https:\/\/veritasinfo.org\/?p=35413#breadcrumb\"},\"inLanguage\":\"en-US\",\"potentialAction\":[{\"@type\":\"ReadAction\",\"target\":[\"https:\/\/veritasinfo.org\/?p=35413\"]}]},{\"@type\":\"ImageObject\",\"inLanguage\":\"en-US\",\"@id\":\"https:\/\/veritasinfo.org\/?p=35413#primaryimage\",\"url\":\"https:\/\/veritasinfo.org\/wp-content\/uploads\/2026\/03\/gjykata-e-strazburgut.jpg\",\"contentUrl\":\"https:\/\/veritasinfo.org\/wp-content\/uploads\/2026\/03\/gjykata-e-strazburgut.jpg\",\"width\":600,\"height\":338},{\"@type\":\"BreadcrumbList\",\"@id\":\"https:\/\/veritasinfo.org\/?p=35413#breadcrumb\",\"itemListElement\":[{\"@type\":\"ListItem\",\"position\":1,\"name\":\"Home\",\"item\":\"https:\/\/veritasinfo.org\/\"},{\"@type\":\"ListItem\",\"position\":2,\"name\":\"Gjykata e Strasburgut p\u00ebr her\u00eb t\u00eb par\u00eb regjistron padin\u00eb p\u00ebr pasivizim t\u00eb adresave n\u00eb Lugin\u00eb t\u00eb Preshev\u00ebs\"}]},{\"@type\":\"WebSite\",\"@id\":\"https:\/\/veritasinfo.org\/#website\",\"url\":\"https:\/\/veritasinfo.org\/\",\"name\":\"\",\"description\":\"\",\"potentialAction\":[{\"@type\":\"SearchAction\",\"target\":{\"@type\":\"EntryPoint\",\"urlTemplate\":\"https:\/\/veritasinfo.org\/?s={search_term_string}\"},\"query-input\":{\"@type\":\"PropertyValueSpecification\",\"valueRequired\":true,\"valueName\":\"search_term_string\"}}],\"inLanguage\":\"en-US\"},{\"@type\":\"Person\",\"@id\":\"https:\/\/veritasinfo.org\/#\/schema\/person\/bc442336e35414d04494ab8fb45db4c6\",\"name\":\"US5\",\"image\":{\"@type\":\"ImageObject\",\"inLanguage\":\"en-US\",\"@id\":\"https:\/\/veritasinfo.org\/#\/schema\/person\/image\/\",\"url\":\"https:\/\/secure.gravatar.com\/avatar\/16a61e7272a0c5d001121ebb9e60e925d5816e4ac1e443ed3e640d9a6ae55d0c?s=96&d=mm&r=g\",\"contentUrl\":\"https:\/\/secure.gravatar.com\/avatar\/16a61e7272a0c5d001121ebb9e60e925d5816e4ac1e443ed3e640d9a6ae55d0c?s=96&d=mm&r=g\",\"caption\":\"US5\"},\"url\":\"https:\/\/veritasinfo.org\/?author=6\"}]}<\/script>\n<!-- \/ Yoast SEO plugin. -->","yoast_head_json":{"title":"Gjykata e Strasburgut p\u00ebr her\u00eb t\u00eb par\u00eb regjistron padin\u00eb p\u00ebr pasivizim t\u00eb adresave n\u00eb Lugin\u00eb t\u00eb Preshev\u00ebs -","robots":{"index":"index","follow":"follow","max-snippet":"max-snippet:-1","max-image-preview":"max-image-preview:large","max-video-preview":"max-video-preview:-1"},"canonical":"https:\/\/veritasinfo.org\/?p=35413","og_locale":"en_US","og_type":"article","og_title":"Gjykata e Strasburgut p\u00ebr her\u00eb t\u00eb par\u00eb regjistron padin\u00eb p\u00ebr pasivizim t\u00eb adresave n\u00eb Lugin\u00eb t\u00eb Preshev\u00ebs -","og_description":"Prishtin\u00eb 2 Mars 2026 11:50 Gjykata e Strasburgut ka regjistruar p\u00ebr her\u00eb t\u00eb par\u00eb padin\u00eb kund\u00ebr Serbis\u00eb, lidhur me pasivizimin e adresave t\u00eb shqiptar\u00ebve q\u00eb","og_url":"https:\/\/veritasinfo.org\/?p=35413","article_published_time":"2026-03-02T10:06:26+00:00","og_image":[{"width":600,"height":338,"url":"https:\/\/veritasinfo.org\/wp-content\/uploads\/2026\/03\/gjykata-e-strazburgut.jpg","type":"image\/jpeg"}],"author":"US5","twitter_card":"summary_large_image","twitter_misc":{"Written by":"US5"},"schema":{"@context":"https:\/\/schema.org","@graph":[{"@type":"WebPage","@id":"https:\/\/veritasinfo.org\/?p=35413","url":"https:\/\/veritasinfo.org\/?p=35413","name":"Gjykata e Strasburgut p\u00ebr her\u00eb t\u00eb par\u00eb regjistron padin\u00eb p\u00ebr pasivizim t\u00eb adresave n\u00eb Lugin\u00eb t\u00eb Preshev\u00ebs -","isPartOf":{"@id":"https:\/\/veritasinfo.org\/#website"},"primaryImageOfPage":{"@id":"https:\/\/veritasinfo.org\/?p=35413#primaryimage"},"image":{"@id":"https:\/\/veritasinfo.org\/?p=35413#primaryimage"},"thumbnailUrl":"https:\/\/veritasinfo.org\/wp-content\/uploads\/2026\/03\/gjykata-e-strazburgut.jpg","datePublished":"2026-03-02T10:06:26+00:00","author":{"@id":"https:\/\/veritasinfo.org\/#\/schema\/person\/bc442336e35414d04494ab8fb45db4c6"},"breadcrumb":{"@id":"https:\/\/veritasinfo.org\/?p=35413#breadcrumb"},"inLanguage":"en-US","potentialAction":[{"@type":"ReadAction","target":["https:\/\/veritasinfo.org\/?p=35413"]}]},{"@type":"ImageObject","inLanguage":"en-US","@id":"https:\/\/veritasinfo.org\/?p=35413#primaryimage","url":"https:\/\/veritasinfo.org\/wp-content\/uploads\/2026\/03\/gjykata-e-strazburgut.jpg","contentUrl":"https:\/\/veritasinfo.org\/wp-content\/uploads\/2026\/03\/gjykata-e-strazburgut.jpg","width":600,"height":338},{"@type":"BreadcrumbList","@id":"https:\/\/veritasinfo.org\/?p=35413#breadcrumb","itemListElement":[{"@type":"ListItem","position":1,"name":"Home","item":"https:\/\/veritasinfo.org\/"},{"@type":"ListItem","position":2,"name":"Gjykata e Strasburgut p\u00ebr her\u00eb t\u00eb par\u00eb regjistron padin\u00eb p\u00ebr pasivizim t\u00eb adresave n\u00eb Lugin\u00eb t\u00eb Preshev\u00ebs"}]},{"@type":"WebSite","@id":"https:\/\/veritasinfo.org\/#website","url":"https:\/\/veritasinfo.org\/","name":"","description":"","potentialAction":[{"@type":"SearchAction","target":{"@type":"EntryPoint","urlTemplate":"https:\/\/veritasinfo.org\/?s={search_term_string}"},"query-input":{"@type":"PropertyValueSpecification","valueRequired":true,"valueName":"search_term_string"}}],"inLanguage":"en-US"},{"@type":"Person","@id":"https:\/\/veritasinfo.org\/#\/schema\/person\/bc442336e35414d04494ab8fb45db4c6","name":"US5","image":{"@type":"ImageObject","inLanguage":"en-US","@id":"https:\/\/veritasinfo.org\/#\/schema\/person\/image\/","url":"https:\/\/secure.gravatar.com\/avatar\/16a61e7272a0c5d001121ebb9e60e925d5816e4ac1e443ed3e640d9a6ae55d0c?s=96&d=mm&r=g","contentUrl":"https:\/\/secure.gravatar.com\/avatar\/16a61e7272a0c5d001121ebb9e60e925d5816e4ac1e443ed3e640d9a6ae55d0c?s=96&d=mm&r=g","caption":"US5"},"url":"https:\/\/veritasinfo.org\/?author=6"}]}},"featured_image_urls":{"full":["https:\/\/veritasinfo.org\/wp-content\/uploads\/2026\/03\/gjykata-e-strazburgut.jpg",600,338,false],"thumbnail":["https:\/\/veritasinfo.org\/wp-content\/uploads\/2026\/03\/gjykata-e-strazburgut-150x150.jpg",150,150,true],"medium":["https:\/\/veritasinfo.org\/wp-content\/uploads\/2026\/03\/gjykata-e-strazburgut-300x169.jpg",300,169,true],"medium_large":["https:\/\/veritasinfo.org\/wp-content\/uploads\/2026\/03\/gjykata-e-strazburgut.jpg",600,338,false],"large":["https:\/\/veritasinfo.org\/wp-content\/uploads\/2026\/03\/gjykata-e-strazburgut.jpg",600,338,false],"1536x1536":["https:\/\/veritasinfo.org\/wp-content\/uploads\/2026\/03\/gjykata-e-strazburgut.jpg",600,338,false],"2048x2048":["https:\/\/veritasinfo.org\/wp-content\/uploads\/2026\/03\/gjykata-e-strazburgut.jpg",600,338,false],"kreeti-slider-full":["https:\/\/veritasinfo.org\/wp-content\/uploads\/2026\/03\/gjykata-e-strazburgut.jpg",600,338,false],"kreeti-featured":["https:\/\/veritasinfo.org\/wp-content\/uploads\/2026\/03\/gjykata-e-strazburgut.jpg",600,338,false],"kreeti-medium":["https:\/\/veritasinfo.org\/wp-content\/uploads\/2026\/03\/gjykata-e-strazburgut.jpg",600,338,false],"kreeti-medium-square":["https:\/\/veritasinfo.org\/wp-content\/uploads\/2026\/03\/gjykata-e-strazburgut.jpg",350,197,false]},"author_info":{"info":["US5"]},"category_info":"<a href=\"https:\/\/veritasinfo.org\/?cat=60\" rel=\"category\">Shoq\u00ebrore<\/a>","tag_info":"Shoq\u00ebrore","comment_count":"0","_links":{"self":[{"href":"https:\/\/veritasinfo.org\/index.php?rest_route=\/wp\/v2\/posts\/35413","targetHints":{"allow":["GET"]}}],"collection":[{"href":"https:\/\/veritasinfo.org\/index.php?rest_route=\/wp\/v2\/posts"}],"about":[{"href":"https:\/\/veritasinfo.org\/index.php?rest_route=\/wp\/v2\/types\/post"}],"author":[{"embeddable":true,"href":"https:\/\/veritasinfo.org\/index.php?rest_route=\/wp\/v2\/users\/6"}],"replies":[{"embeddable":true,"href":"https:\/\/veritasinfo.org\/index.php?rest_route=%2Fwp%2Fv2%2Fcomments&post=35413"}],"version-history":[{"count":1,"href":"https:\/\/veritasinfo.org\/index.php?rest_route=\/wp\/v2\/posts\/35413\/revisions"}],"predecessor-version":[{"id":35415,"href":"https:\/\/veritasinfo.org\/index.php?rest_route=\/wp\/v2\/posts\/35413\/revisions\/35415"}],"wp:featuredmedia":[{"embeddable":true,"href":"https:\/\/veritasinfo.org\/index.php?rest_route=\/wp\/v2\/media\/35414"}],"wp:attachment":[{"href":"https:\/\/veritasinfo.org\/index.php?rest_route=%2Fwp%2Fv2%2Fmedia&parent=35413"}],"wp:term":[{"taxonomy":"category","embeddable":true,"href":"https:\/\/veritasinfo.org\/index.php?rest_route=%2Fwp%2Fv2%2Fcategories&post=35413"},{"taxonomy":"post_tag","embeddable":true,"href":"https:\/\/veritasinfo.org\/index.php?rest_route=%2Fwp%2Fv2%2Ftags&post=35413"}],"curies":[{"name":"wp","href":"https:\/\/api.w.org\/{rel}","templated":true}]}}