{"id":3540,"date":"2025-07-12T10:45:44","date_gmt":"2025-07-12T08:45:44","guid":{"rendered":"https:\/\/veritasinfo.org\/?p=3540"},"modified":"2025-07-12T11:03:46","modified_gmt":"2025-07-12T09:03:46","slug":"tragjike-ne-suhareke-vdes-foshnja-9-muajshe-qe-dyshohet-se-ishte-ngulfatur-ne-djep","status":"publish","type":"post","link":"https:\/\/veritasinfo.org\/?p=3540","title":{"rendered":"Tragjike n\u00eb Suharek\u00eb \u2013 Vdes foshnja 9 muajshe q\u00eb dyshohet se ishte ngulfatur n\u00eb djep"},"content":{"rendered":"<p><strong>Suharek\u00eb, 12 Korrik 2025<br \/>\nNuk jan\u00eb t\u00eb rralla rastet kur f\u00ebmij\u00ebt bien viktim\u00eb e rrethanave tragjike brenda ambienteve familjare, q\u00eb p\u00ebr pak \u00e7aste mund t\u00eb kthehen n\u00eb sken\u00eb fatkeq\u00ebsie. Nj\u00eb ngjarje e till\u00eb e r\u00ebnd\u00eb ka ndodhur edhe n\u00eb fshatin Gjinoc t\u00eb Suharek\u00ebs, ku nj\u00eb foshnje 9 muajshe ka nd\u00ebrruar jet\u00eb n\u00eb rrethana t\u00eb dyshimta, pas nj\u00eb incidenti t\u00eb ndodhur m\u00eb 29 qershor.<\/strong><\/p>\n<p>Gazeta Sinjali m\u00ebson se fillimisht foshnja ishte d\u00ebrguar n\u00eb Emergjenc\u00ebn e Spitalit Rajonal n\u00eb Prizren, pasi ishte hasur pa shenja jete n\u00eb djep nga gjyshi i saj, S.S, i cili kishte v\u00ebrejtur se ajo ishte e lidhur me lidh\u00ebse t\u00eb djepit. Gjyshi kishte nd\u00ebrhyr\u00eb menj\u00ebher\u00eb p\u00ebr t\u2019ia hequr lidh\u00ebsen, duke alarmuar familjar\u00ebt, t\u00eb cil\u00ebt m\u00eb pas e kishin d\u00ebrguar vajz\u00ebn p\u00ebr trajtim mjek\u00ebsor.<\/p>\n<p>Pas ndihm\u00ebs s\u00eb par\u00eb n\u00eb Prizren, ajo ishte transferuar n\u00eb QKUK n\u00eb Prishtin\u00eb. Fatkeq\u00ebsisht, dje m\u00eb 11 korrik 2025 rreth or\u00ebs 15:30, familjar\u00ebt kan\u00eb njoftuar se foshnja kishte nd\u00ebrruar jet\u00eb.<br \/>\nProkurori kujdestar ka urdh\u00ebruar q\u00eb trupi i t\u00eb ndjer\u00ebs t\u00eb d\u00ebrgohet p\u00ebr autopsi n\u00eb Institutin e Mjek\u00ebsis\u00eb Ligjore n\u00eb Prishtin\u00eb, nd\u00ebrsa rasti \u00ebsht\u00eb iniciuar si <strong>\u201cVdekje e dyshimt\u00eb\u201d<\/strong> dhe hetimet po udh\u00ebhiqen nga Sektori Rajonal i Hetimeve n\u00eb Prizren.<\/p>\n","protected":false},"excerpt":{"rendered":"<p>Suharek\u00eb, 12 Korrik 2025 Nuk jan\u00eb t\u00eb rralla rastet kur f\u00ebmij\u00ebt bien viktim\u00eb e rrethanave tragjike brenda ambienteve familjare, q\u00eb p\u00ebr pak \u00e7aste mund t\u00eb<\/p>\n","protected":false},"author":1,"featured_media":3541,"comment_status":"open","ping_status":"open","sticky":false,"template":"","format":"standard","meta":{"footnotes":""},"categories":[60],"tags":[],"class_list":["post-3540","post","type-post","status-publish","format-standard","has-post-thumbnail","hentry","category-shoqerore-sq"],"yoast_head":"<!-- This site is optimized with the Yoast SEO plugin v25.3.1 - https:\/\/yoast.com\/wordpress\/plugins\/seo\/ -->\n<title>Tragjike n\u00eb Suharek\u00eb \u2013 Vdes foshnja 9 muajshe q\u00eb dyshohet se ishte ngulfatur n\u00eb djep -<\/title>\n<meta name=\"robots\" content=\"index, follow, max-snippet:-1, max-image-preview:large, max-video-preview:-1\" \/>\n<link rel=\"canonical\" href=\"https:\/\/veritasinfo.org\/?p=3540\" \/>\n<meta property=\"og:locale\" content=\"en_US\" \/>\n<meta property=\"og:type\" content=\"article\" \/>\n<meta property=\"og:title\" content=\"Tragjike n\u00eb Suharek\u00eb \u2013 Vdes foshnja 9 muajshe q\u00eb dyshohet se ishte ngulfatur n\u00eb djep -\" \/>\n<meta property=\"og:description\" content=\"Suharek\u00eb, 12 Korrik 2025 Nuk jan\u00eb t\u00eb rralla rastet kur f\u00ebmij\u00ebt bien viktim\u00eb e rrethanave tragjike brenda ambienteve familjare, q\u00eb p\u00ebr pak \u00e7aste mund t\u00eb\" \/>\n<meta property=\"og:url\" content=\"https:\/\/veritasinfo.org\/?p=3540\" \/>\n<meta property=\"article:published_time\" content=\"2025-07-12T08:45:44+00:00\" \/>\n<meta property=\"article:modified_time\" content=\"2025-07-12T09:03:46+00:00\" \/>\n<meta property=\"og:image\" content=\"https:\/\/veritasinfo.org\/wp-content\/uploads\/2025\/07\/IMG_1949.jpeg\" \/>\n\t<meta property=\"og:image:width\" content=\"604\" \/>\n\t<meta property=\"og:image:height\" content=\"400\" \/>\n\t<meta property=\"og:image:type\" content=\"image\/jpeg\" \/>\n<meta name=\"author\" content=\"admin\" \/>\n<meta name=\"twitter:card\" content=\"summary_large_image\" \/>\n<meta name=\"twitter:label1\" content=\"Written by\" \/>\n\t<meta name=\"twitter:data1\" content=\"admin\" \/>\n\t<meta name=\"twitter:label2\" content=\"Est. reading time\" \/>\n\t<meta name=\"twitter:data2\" content=\"2 minutes\" \/>\n<script type=\"application\/ld+json\" class=\"yoast-schema-graph\">{\"@context\":\"https:\/\/schema.org\",\"@graph\":[{\"@type\":\"WebPage\",\"@id\":\"https:\/\/veritasinfo.org\/?p=3540\",\"url\":\"https:\/\/veritasinfo.org\/?p=3540\",\"name\":\"Tragjike n\u00eb Suharek\u00eb \u2013 Vdes foshnja 9 muajshe q\u00eb dyshohet se ishte ngulfatur n\u00eb djep -\",\"isPartOf\":{\"@id\":\"https:\/\/veritasinfo.org\/#website\"},\"primaryImageOfPage\":{\"@id\":\"https:\/\/veritasinfo.org\/?p=3540#primaryimage\"},\"image\":{\"@id\":\"https:\/\/veritasinfo.org\/?p=3540#primaryimage\"},\"thumbnailUrl\":\"https:\/\/veritasinfo.org\/wp-content\/uploads\/2025\/07\/IMG_1949.jpeg\",\"datePublished\":\"2025-07-12T08:45:44+00:00\",\"dateModified\":\"2025-07-12T09:03:46+00:00\",\"author\":{\"@id\":\"https:\/\/veritasinfo.org\/#\/schema\/person\/7701f8c088bece422266b100a712374f\"},\"breadcrumb\":{\"@id\":\"https:\/\/veritasinfo.org\/?p=3540#breadcrumb\"},\"inLanguage\":\"en-US\",\"potentialAction\":[{\"@type\":\"ReadAction\",\"target\":[\"https:\/\/veritasinfo.org\/?p=3540\"]}]},{\"@type\":\"ImageObject\",\"inLanguage\":\"en-US\",\"@id\":\"https:\/\/veritasinfo.org\/?p=3540#primaryimage\",\"url\":\"https:\/\/veritasinfo.org\/wp-content\/uploads\/2025\/07\/IMG_1949.jpeg\",\"contentUrl\":\"https:\/\/veritasinfo.org\/wp-content\/uploads\/2025\/07\/IMG_1949.jpeg\",\"width\":604,\"height\":400},{\"@type\":\"BreadcrumbList\",\"@id\":\"https:\/\/veritasinfo.org\/?p=3540#breadcrumb\",\"itemListElement\":[{\"@type\":\"ListItem\",\"position\":1,\"name\":\"Home\",\"item\":\"https:\/\/veritasinfo.org\/\"},{\"@type\":\"ListItem\",\"position\":2,\"name\":\"Tragjike n\u00eb Suharek\u00eb \u2013 Vdes foshnja 9 muajshe q\u00eb dyshohet se ishte ngulfatur n\u00eb djep\"}]},{\"@type\":\"WebSite\",\"@id\":\"https:\/\/veritasinfo.org\/#website\",\"url\":\"https:\/\/veritasinfo.org\/\",\"name\":\"\",\"description\":\"\",\"potentialAction\":[{\"@type\":\"SearchAction\",\"target\":{\"@type\":\"EntryPoint\",\"urlTemplate\":\"https:\/\/veritasinfo.org\/?s={search_term_string}\"},\"query-input\":{\"@type\":\"PropertyValueSpecification\",\"valueRequired\":true,\"valueName\":\"search_term_string\"}}],\"inLanguage\":\"en-US\"},{\"@type\":\"Person\",\"@id\":\"https:\/\/veritasinfo.org\/#\/schema\/person\/7701f8c088bece422266b100a712374f\",\"name\":\"admin\",\"image\":{\"@type\":\"ImageObject\",\"inLanguage\":\"en-US\",\"@id\":\"https:\/\/veritasinfo.org\/#\/schema\/person\/image\/\",\"url\":\"https:\/\/secure.gravatar.com\/avatar\/ea53aa3bf6c9a12d5fde8ce4deff43fef3885ae33cf60184161a50d6987cfd2f?s=96&d=mm&r=g\",\"contentUrl\":\"https:\/\/secure.gravatar.com\/avatar\/ea53aa3bf6c9a12d5fde8ce4deff43fef3885ae33cf60184161a50d6987cfd2f?s=96&d=mm&r=g\",\"caption\":\"admin\"},\"sameAs\":[\"https:\/\/veritasinfo.org\"],\"url\":\"https:\/\/veritasinfo.org\/?author=1\"}]}<\/script>\n<!-- \/ Yoast SEO plugin. -->","yoast_head_json":{"title":"Tragjike n\u00eb Suharek\u00eb \u2013 Vdes foshnja 9 muajshe q\u00eb dyshohet se ishte ngulfatur n\u00eb djep -","robots":{"index":"index","follow":"follow","max-snippet":"max-snippet:-1","max-image-preview":"max-image-preview:large","max-video-preview":"max-video-preview:-1"},"canonical":"https:\/\/veritasinfo.org\/?p=3540","og_locale":"en_US","og_type":"article","og_title":"Tragjike n\u00eb Suharek\u00eb \u2013 Vdes foshnja 9 muajshe q\u00eb dyshohet se ishte ngulfatur n\u00eb djep -","og_description":"Suharek\u00eb, 12 Korrik 2025 Nuk jan\u00eb t\u00eb rralla rastet kur f\u00ebmij\u00ebt bien viktim\u00eb e rrethanave tragjike brenda ambienteve familjare, q\u00eb p\u00ebr pak \u00e7aste mund t\u00eb","og_url":"https:\/\/veritasinfo.org\/?p=3540","article_published_time":"2025-07-12T08:45:44+00:00","article_modified_time":"2025-07-12T09:03:46+00:00","og_image":[{"width":604,"height":400,"url":"https:\/\/veritasinfo.org\/wp-content\/uploads\/2025\/07\/IMG_1949.jpeg","type":"image\/jpeg"}],"author":"admin","twitter_card":"summary_large_image","twitter_misc":{"Written by":"admin","Est. reading time":"2 minutes"},"schema":{"@context":"https:\/\/schema.org","@graph":[{"@type":"WebPage","@id":"https:\/\/veritasinfo.org\/?p=3540","url":"https:\/\/veritasinfo.org\/?p=3540","name":"Tragjike n\u00eb Suharek\u00eb \u2013 Vdes foshnja 9 muajshe q\u00eb dyshohet se ishte ngulfatur n\u00eb djep -","isPartOf":{"@id":"https:\/\/veritasinfo.org\/#website"},"primaryImageOfPage":{"@id":"https:\/\/veritasinfo.org\/?p=3540#primaryimage"},"image":{"@id":"https:\/\/veritasinfo.org\/?p=3540#primaryimage"},"thumbnailUrl":"https:\/\/veritasinfo.org\/wp-content\/uploads\/2025\/07\/IMG_1949.jpeg","datePublished":"2025-07-12T08:45:44+00:00","dateModified":"2025-07-12T09:03:46+00:00","author":{"@id":"https:\/\/veritasinfo.org\/#\/schema\/person\/7701f8c088bece422266b100a712374f"},"breadcrumb":{"@id":"https:\/\/veritasinfo.org\/?p=3540#breadcrumb"},"inLanguage":"en-US","potentialAction":[{"@type":"ReadAction","target":["https:\/\/veritasinfo.org\/?p=3540"]}]},{"@type":"ImageObject","inLanguage":"en-US","@id":"https:\/\/veritasinfo.org\/?p=3540#primaryimage","url":"https:\/\/veritasinfo.org\/wp-content\/uploads\/2025\/07\/IMG_1949.jpeg","contentUrl":"https:\/\/veritasinfo.org\/wp-content\/uploads\/2025\/07\/IMG_1949.jpeg","width":604,"height":400},{"@type":"BreadcrumbList","@id":"https:\/\/veritasinfo.org\/?p=3540#breadcrumb","itemListElement":[{"@type":"ListItem","position":1,"name":"Home","item":"https:\/\/veritasinfo.org\/"},{"@type":"ListItem","position":2,"name":"Tragjike n\u00eb Suharek\u00eb \u2013 Vdes foshnja 9 muajshe q\u00eb dyshohet se ishte ngulfatur n\u00eb djep"}]},{"@type":"WebSite","@id":"https:\/\/veritasinfo.org\/#website","url":"https:\/\/veritasinfo.org\/","name":"","description":"","potentialAction":[{"@type":"SearchAction","target":{"@type":"EntryPoint","urlTemplate":"https:\/\/veritasinfo.org\/?s={search_term_string}"},"query-input":{"@type":"PropertyValueSpecification","valueRequired":true,"valueName":"search_term_string"}}],"inLanguage":"en-US"},{"@type":"Person","@id":"https:\/\/veritasinfo.org\/#\/schema\/person\/7701f8c088bece422266b100a712374f","name":"admin","image":{"@type":"ImageObject","inLanguage":"en-US","@id":"https:\/\/veritasinfo.org\/#\/schema\/person\/image\/","url":"https:\/\/secure.gravatar.com\/avatar\/ea53aa3bf6c9a12d5fde8ce4deff43fef3885ae33cf60184161a50d6987cfd2f?s=96&d=mm&r=g","contentUrl":"https:\/\/secure.gravatar.com\/avatar\/ea53aa3bf6c9a12d5fde8ce4deff43fef3885ae33cf60184161a50d6987cfd2f?s=96&d=mm&r=g","caption":"admin"},"sameAs":["https:\/\/veritasinfo.org"],"url":"https:\/\/veritasinfo.org\/?author=1"}]}},"featured_image_urls":{"full":["https:\/\/veritasinfo.org\/wp-content\/uploads\/2025\/07\/IMG_1949.jpeg",604,400,false],"thumbnail":["https:\/\/veritasinfo.org\/wp-content\/uploads\/2025\/07\/IMG_1949-150x150.jpeg",150,150,true],"medium":["https:\/\/veritasinfo.org\/wp-content\/uploads\/2025\/07\/IMG_1949-300x199.jpeg",300,199,true],"medium_large":["https:\/\/veritasinfo.org\/wp-content\/uploads\/2025\/07\/IMG_1949.jpeg",604,400,false],"large":["https:\/\/veritasinfo.org\/wp-content\/uploads\/2025\/07\/IMG_1949.jpeg",604,400,false],"1536x1536":["https:\/\/veritasinfo.org\/wp-content\/uploads\/2025\/07\/IMG_1949.jpeg",604,400,false],"2048x2048":["https:\/\/veritasinfo.org\/wp-content\/uploads\/2025\/07\/IMG_1949.jpeg",604,400,false],"kreeti-slider-full":["https:\/\/veritasinfo.org\/wp-content\/uploads\/2025\/07\/IMG_1949.jpeg",604,400,false],"kreeti-featured":["https:\/\/veritasinfo.org\/wp-content\/uploads\/2025\/07\/IMG_1949.jpeg",604,400,false],"kreeti-medium":["https:\/\/veritasinfo.org\/wp-content\/uploads\/2025\/07\/IMG_1949.jpeg",604,400,false],"kreeti-medium-square":["https:\/\/veritasinfo.org\/wp-content\/uploads\/2025\/07\/IMG_1949.jpeg",350,232,false]},"author_info":{"info":["admin"]},"category_info":"<a href=\"https:\/\/veritasinfo.org\/?cat=60\" rel=\"category\">Shoq\u00ebrore<\/a>","tag_info":"Shoq\u00ebrore","comment_count":"0","_links":{"self":[{"href":"https:\/\/veritasinfo.org\/index.php?rest_route=\/wp\/v2\/posts\/3540","targetHints":{"allow":["GET"]}}],"collection":[{"href":"https:\/\/veritasinfo.org\/index.php?rest_route=\/wp\/v2\/posts"}],"about":[{"href":"https:\/\/veritasinfo.org\/index.php?rest_route=\/wp\/v2\/types\/post"}],"author":[{"embeddable":true,"href":"https:\/\/veritasinfo.org\/index.php?rest_route=\/wp\/v2\/users\/1"}],"replies":[{"embeddable":true,"href":"https:\/\/veritasinfo.org\/index.php?rest_route=%2Fwp%2Fv2%2Fcomments&post=3540"}],"version-history":[{"count":2,"href":"https:\/\/veritasinfo.org\/index.php?rest_route=\/wp\/v2\/posts\/3540\/revisions"}],"predecessor-version":[{"id":3547,"href":"https:\/\/veritasinfo.org\/index.php?rest_route=\/wp\/v2\/posts\/3540\/revisions\/3547"}],"wp:featuredmedia":[{"embeddable":true,"href":"https:\/\/veritasinfo.org\/index.php?rest_route=\/wp\/v2\/media\/3541"}],"wp:attachment":[{"href":"https:\/\/veritasinfo.org\/index.php?rest_route=%2Fwp%2Fv2%2Fmedia&parent=3540"}],"wp:term":[{"taxonomy":"category","embeddable":true,"href":"https:\/\/veritasinfo.org\/index.php?rest_route=%2Fwp%2Fv2%2Fcategories&post=3540"},{"taxonomy":"post_tag","embeddable":true,"href":"https:\/\/veritasinfo.org\/index.php?rest_route=%2Fwp%2Fv2%2Ftags&post=3540"}],"curies":[{"name":"wp","href":"https:\/\/api.w.org\/{rel}","templated":true}]}}