{"id":35391,"date":"2026-03-02T10:08:58","date_gmt":"2026-03-02T09:08:58","guid":{"rendered":"https:\/\/veritasinfo.org\/?p=35391"},"modified":"2026-03-02T10:08:58","modified_gmt":"2026-03-02T09:08:58","slug":"akuzoheshin-per-thirrje-qe-te-bashkoheshin-ne-luften-per-xhihad-njeri-denohet-me-dy-vjet-burgim-e-tjetri-me-nje","status":"publish","type":"post","link":"https:\/\/veritasinfo.org\/?p=35391","title":{"rendered":"Akuzoheshin p\u00ebr thirrje q\u00eb t\u00eb bashkoheshin n\u00eb luft\u00ebn p\u00ebr xhihad, nj\u00ebri d\u00ebnohet me dy vjet burgim e tjetri me nj\u00eb"},"content":{"rendered":"<p>Prishtin\u00eb 2 Mars 2026 10:08<\/p>\n<p>Denis Bytyqi  \u00ebsht\u00eb d\u00ebnuar me 2 vjet burgim dhe Enis Bitiq me nj\u00eb vjet burgim, n\u00ebn akuzat p\u00ebr p\u00ebr\u00e7arje dhe mosdurimit, e ku n\u00eb rrjetet sociale \u201cfacebook\u201d dhe \u201ctiktok\u201d kishin p\u00ebr thirrje p\u00ebr t\u2019iu bashkuar luft\u00ebs p\u00ebr xhihad.<\/p>\n<p>Ndon\u00ebse nuk ishin t\u00eb pranish\u00ebm, megjithat\u00eb, aktgjykimin d\u00ebnues e shpalli kryetarja e trupit gjykues t\u00eb Gjykat\u00ebs Themelore n\u00eb Prishtin\u00eb, Viloeta Namani \u2013 Hajra, nd\u00ebrsa n\u00eb trup gjykues ishte Lutfi Shala si dhe Kushtrim Shyti.<\/p>\n<p>Me k\u00ebt\u00eb rast, Denis Bytyqit i nd\u00ebrpritet masa e paraburgimit, me arsyetimin se kan\u00eb pushuar shkaqet p\u00ebr vazhdimin e k\u00ebsaj mase.<\/p>\n<p>Ndaj k\u00ebtij vendimi, pala e pak\u00ebnaqur ka t\u00eb drejt\u00eb ankese n\u00eb afat prej 30 dit\u00ebsh nga dita e pranimit t\u00eb vendimit n\u00eb form\u00eb t\u00eb shkruar.<\/p>\n<p>Gjykat\u00ebsja theksoi se telefonat q\u00eb kan\u00eb sh\u00ebrbyer p\u00ebr kryerjen e vepr\u00ebs penale, konfiskohen.<\/p>\n<p>Ndryshe, dy t\u00eb akuzuarit ishin deklaruar t\u00eb pafajsh\u00ebm n\u00eb seanc\u00ebn fillestare, m\u00eb 9 tetor 2025.<\/p>\n<p>Nd\u00ebrkaq Prokuroria Speciale t\u00eb Republik\u00ebs s\u00eb Kosov\u00ebs, m\u00eb 23 shtator t\u00eb 2025-s kishte ngritur ngritur aktakuz\u00eb ndaj tyre me akuzat se kan\u00eb nxitur dhe p\u00ebrhapur publikisht urrejtje dhe mosdurim midis grupeve fetare, si edhe kan\u00eb propaganduar ideologji ekstreme fetare.<\/p>\n<p>Sipas aktakuz\u00ebs, t\u00eb akuzuarit n\u00eb vazhdim\u00ebsi deri m\u00eb 1 maj 2025, p\u00ebrmes rrjetit t\u00eb tyre social \u201cFacebook\u201d dhe \u201cTik Tok\u201d, kan\u00eb shp\u00ebrndar\u00eb postime me p\u00ebrmbajtje nxit\u00ebse p\u00ebrmes t\u00eb cilave kan\u00eb b\u00ebr\u00eb thirrje p\u00ebr t\u2019iu bashkuar luft\u00ebrave t\u00eb armatosura dhe luft\u00ebs p\u00ebr xhihad, si edhe postime t\u00eb tjera ku shp\u00ebrfaqin p\u00ebrkrahje t\u00eb fuqishme t\u00eb ekstremizmit fetar dhe publikisht i p\u00ebrkrahin veprimet e b\u00ebra nga organizata terroriste \u201cISIS\u201d, duke shpreh armiq\u00ebsi t\u00eb thell\u00eb ndaj institucioneve shtet\u00ebrore, forcave t\u00eb siguris\u00eb, lider\u00ebve politik\u00eb, Shteteve t\u00eb Bashkuara t\u00eb Amerik\u00ebs dhe t\u00eb gjith\u00eb atyre q\u00eb nuk ndajn\u00eb ideologjin\u00eb e tyre.<\/p>\n<p>Sipas aktakuz\u00ebs, ata kan\u00eb vendosur flamuj t\u00eb organizat\u00ebs terroriste \u201cISIS\u201d mbi kulmin e sht\u00ebpis\u00eb t\u00eb tyre, kan\u00eb b\u00ebr\u00eb grafit\u00eb me shkronja arabe n\u00eb muret e sht\u00ebpis\u00eb s\u00eb tyre, me t\u00eb cilat veprime dhe postime potencialisht mund t\u00eb prishet rendi publik.<\/p>\n","protected":false},"excerpt":{"rendered":"<p>Prishtin\u00eb 2 Mars 2026 10:08 Denis Bytyqi \u00ebsht\u00eb d\u00ebnuar me 2 vjet burgim dhe Enis Bitiq me nj\u00eb vjet burgim, n\u00ebn akuzat p\u00ebr p\u00ebr\u00e7arje dhe<\/p>\n","protected":false},"author":6,"featured_media":35392,"comment_status":"open","ping_status":"open","sticky":false,"template":"","format":"standard","meta":{"footnotes":""},"categories":[60],"tags":[],"class_list":["post-35391","post","type-post","status-publish","format-standard","has-post-thumbnail","hentry","category-shoqerore-sq"],"yoast_head":"<!-- This site is optimized with the Yoast SEO plugin v25.3.1 - https:\/\/yoast.com\/wordpress\/plugins\/seo\/ -->\n<title>Akuzoheshin p\u00ebr thirrje q\u00eb t\u00eb bashkoheshin n\u00eb luft\u00ebn p\u00ebr xhihad, nj\u00ebri d\u00ebnohet me dy vjet burgim e tjetri me nj\u00eb -<\/title>\n<meta name=\"robots\" content=\"index, follow, max-snippet:-1, max-image-preview:large, max-video-preview:-1\" \/>\n<link rel=\"canonical\" href=\"https:\/\/veritasinfo.org\/?p=35391\" \/>\n<meta property=\"og:locale\" content=\"en_US\" \/>\n<meta property=\"og:type\" content=\"article\" \/>\n<meta property=\"og:title\" content=\"Akuzoheshin p\u00ebr thirrje q\u00eb t\u00eb bashkoheshin n\u00eb luft\u00ebn p\u00ebr xhihad, nj\u00ebri d\u00ebnohet me dy vjet burgim e tjetri me nj\u00eb -\" \/>\n<meta property=\"og:description\" content=\"Prishtin\u00eb 2 Mars 2026 10:08 Denis Bytyqi \u00ebsht\u00eb d\u00ebnuar me 2 vjet burgim dhe Enis Bitiq me nj\u00eb vjet burgim, n\u00ebn akuzat p\u00ebr p\u00ebr\u00e7arje dhe\" \/>\n<meta property=\"og:url\" content=\"https:\/\/veritasinfo.org\/?p=35391\" \/>\n<meta property=\"article:published_time\" content=\"2026-03-02T09:08:58+00:00\" \/>\n<meta property=\"og:image\" content=\"https:\/\/veritasinfo.org\/wp-content\/uploads\/2026\/03\/trupi-gjykues-1600x900-1-1536x864-1.jpg\" \/>\n\t<meta property=\"og:image:width\" content=\"1536\" \/>\n\t<meta property=\"og:image:height\" content=\"864\" \/>\n\t<meta property=\"og:image:type\" content=\"image\/jpeg\" \/>\n<meta name=\"author\" content=\"US5\" \/>\n<meta name=\"twitter:card\" content=\"summary_large_image\" \/>\n<meta name=\"twitter:label1\" content=\"Written by\" \/>\n\t<meta name=\"twitter:data1\" content=\"US5\" \/>\n<script type=\"application\/ld+json\" class=\"yoast-schema-graph\">{\"@context\":\"https:\/\/schema.org\",\"@graph\":[{\"@type\":\"WebPage\",\"@id\":\"https:\/\/veritasinfo.org\/?p=35391\",\"url\":\"https:\/\/veritasinfo.org\/?p=35391\",\"name\":\"Akuzoheshin p\u00ebr thirrje q\u00eb t\u00eb bashkoheshin n\u00eb luft\u00ebn p\u00ebr xhihad, nj\u00ebri d\u00ebnohet me dy vjet burgim e tjetri me nj\u00eb -\",\"isPartOf\":{\"@id\":\"https:\/\/veritasinfo.org\/#website\"},\"primaryImageOfPage\":{\"@id\":\"https:\/\/veritasinfo.org\/?p=35391#primaryimage\"},\"image\":{\"@id\":\"https:\/\/veritasinfo.org\/?p=35391#primaryimage\"},\"thumbnailUrl\":\"https:\/\/veritasinfo.org\/wp-content\/uploads\/2026\/03\/trupi-gjykues-1600x900-1-1536x864-1.jpg\",\"datePublished\":\"2026-03-02T09:08:58+00:00\",\"author\":{\"@id\":\"https:\/\/veritasinfo.org\/#\/schema\/person\/bc442336e35414d04494ab8fb45db4c6\"},\"breadcrumb\":{\"@id\":\"https:\/\/veritasinfo.org\/?p=35391#breadcrumb\"},\"inLanguage\":\"en-US\",\"potentialAction\":[{\"@type\":\"ReadAction\",\"target\":[\"https:\/\/veritasinfo.org\/?p=35391\"]}]},{\"@type\":\"ImageObject\",\"inLanguage\":\"en-US\",\"@id\":\"https:\/\/veritasinfo.org\/?p=35391#primaryimage\",\"url\":\"https:\/\/veritasinfo.org\/wp-content\/uploads\/2026\/03\/trupi-gjykues-1600x900-1-1536x864-1.jpg\",\"contentUrl\":\"https:\/\/veritasinfo.org\/wp-content\/uploads\/2026\/03\/trupi-gjykues-1600x900-1-1536x864-1.jpg\",\"width\":1536,\"height\":864},{\"@type\":\"BreadcrumbList\",\"@id\":\"https:\/\/veritasinfo.org\/?p=35391#breadcrumb\",\"itemListElement\":[{\"@type\":\"ListItem\",\"position\":1,\"name\":\"Home\",\"item\":\"https:\/\/veritasinfo.org\/\"},{\"@type\":\"ListItem\",\"position\":2,\"name\":\"Akuzoheshin p\u00ebr thirrje q\u00eb t\u00eb bashkoheshin n\u00eb luft\u00ebn p\u00ebr xhihad, nj\u00ebri d\u00ebnohet me dy vjet burgim e tjetri me nj\u00eb\"}]},{\"@type\":\"WebSite\",\"@id\":\"https:\/\/veritasinfo.org\/#website\",\"url\":\"https:\/\/veritasinfo.org\/\",\"name\":\"\",\"description\":\"\",\"potentialAction\":[{\"@type\":\"SearchAction\",\"target\":{\"@type\":\"EntryPoint\",\"urlTemplate\":\"https:\/\/veritasinfo.org\/?s={search_term_string}\"},\"query-input\":{\"@type\":\"PropertyValueSpecification\",\"valueRequired\":true,\"valueName\":\"search_term_string\"}}],\"inLanguage\":\"en-US\"},{\"@type\":\"Person\",\"@id\":\"https:\/\/veritasinfo.org\/#\/schema\/person\/bc442336e35414d04494ab8fb45db4c6\",\"name\":\"US5\",\"image\":{\"@type\":\"ImageObject\",\"inLanguage\":\"en-US\",\"@id\":\"https:\/\/veritasinfo.org\/#\/schema\/person\/image\/\",\"url\":\"https:\/\/secure.gravatar.com\/avatar\/16a61e7272a0c5d001121ebb9e60e925d5816e4ac1e443ed3e640d9a6ae55d0c?s=96&d=mm&r=g\",\"contentUrl\":\"https:\/\/secure.gravatar.com\/avatar\/16a61e7272a0c5d001121ebb9e60e925d5816e4ac1e443ed3e640d9a6ae55d0c?s=96&d=mm&r=g\",\"caption\":\"US5\"},\"url\":\"https:\/\/veritasinfo.org\/?author=6\"}]}<\/script>\n<!-- \/ Yoast SEO plugin. -->","yoast_head_json":{"title":"Akuzoheshin p\u00ebr thirrje q\u00eb t\u00eb bashkoheshin n\u00eb luft\u00ebn p\u00ebr xhihad, nj\u00ebri d\u00ebnohet me dy vjet burgim e tjetri me nj\u00eb -","robots":{"index":"index","follow":"follow","max-snippet":"max-snippet:-1","max-image-preview":"max-image-preview:large","max-video-preview":"max-video-preview:-1"},"canonical":"https:\/\/veritasinfo.org\/?p=35391","og_locale":"en_US","og_type":"article","og_title":"Akuzoheshin p\u00ebr thirrje q\u00eb t\u00eb bashkoheshin n\u00eb luft\u00ebn p\u00ebr xhihad, nj\u00ebri d\u00ebnohet me dy vjet burgim e tjetri me nj\u00eb -","og_description":"Prishtin\u00eb 2 Mars 2026 10:08 Denis Bytyqi \u00ebsht\u00eb d\u00ebnuar me 2 vjet burgim dhe Enis Bitiq me nj\u00eb vjet burgim, n\u00ebn akuzat p\u00ebr p\u00ebr\u00e7arje dhe","og_url":"https:\/\/veritasinfo.org\/?p=35391","article_published_time":"2026-03-02T09:08:58+00:00","og_image":[{"width":1536,"height":864,"url":"https:\/\/veritasinfo.org\/wp-content\/uploads\/2026\/03\/trupi-gjykues-1600x900-1-1536x864-1.jpg","type":"image\/jpeg"}],"author":"US5","twitter_card":"summary_large_image","twitter_misc":{"Written by":"US5"},"schema":{"@context":"https:\/\/schema.org","@graph":[{"@type":"WebPage","@id":"https:\/\/veritasinfo.org\/?p=35391","url":"https:\/\/veritasinfo.org\/?p=35391","name":"Akuzoheshin p\u00ebr thirrje q\u00eb t\u00eb bashkoheshin n\u00eb luft\u00ebn p\u00ebr xhihad, nj\u00ebri d\u00ebnohet me dy vjet burgim e tjetri me nj\u00eb -","isPartOf":{"@id":"https:\/\/veritasinfo.org\/#website"},"primaryImageOfPage":{"@id":"https:\/\/veritasinfo.org\/?p=35391#primaryimage"},"image":{"@id":"https:\/\/veritasinfo.org\/?p=35391#primaryimage"},"thumbnailUrl":"https:\/\/veritasinfo.org\/wp-content\/uploads\/2026\/03\/trupi-gjykues-1600x900-1-1536x864-1.jpg","datePublished":"2026-03-02T09:08:58+00:00","author":{"@id":"https:\/\/veritasinfo.org\/#\/schema\/person\/bc442336e35414d04494ab8fb45db4c6"},"breadcrumb":{"@id":"https:\/\/veritasinfo.org\/?p=35391#breadcrumb"},"inLanguage":"en-US","potentialAction":[{"@type":"ReadAction","target":["https:\/\/veritasinfo.org\/?p=35391"]}]},{"@type":"ImageObject","inLanguage":"en-US","@id":"https:\/\/veritasinfo.org\/?p=35391#primaryimage","url":"https:\/\/veritasinfo.org\/wp-content\/uploads\/2026\/03\/trupi-gjykues-1600x900-1-1536x864-1.jpg","contentUrl":"https:\/\/veritasinfo.org\/wp-content\/uploads\/2026\/03\/trupi-gjykues-1600x900-1-1536x864-1.jpg","width":1536,"height":864},{"@type":"BreadcrumbList","@id":"https:\/\/veritasinfo.org\/?p=35391#breadcrumb","itemListElement":[{"@type":"ListItem","position":1,"name":"Home","item":"https:\/\/veritasinfo.org\/"},{"@type":"ListItem","position":2,"name":"Akuzoheshin p\u00ebr thirrje q\u00eb t\u00eb bashkoheshin n\u00eb luft\u00ebn p\u00ebr xhihad, nj\u00ebri d\u00ebnohet me dy vjet burgim e tjetri me nj\u00eb"}]},{"@type":"WebSite","@id":"https:\/\/veritasinfo.org\/#website","url":"https:\/\/veritasinfo.org\/","name":"","description":"","potentialAction":[{"@type":"SearchAction","target":{"@type":"EntryPoint","urlTemplate":"https:\/\/veritasinfo.org\/?s={search_term_string}"},"query-input":{"@type":"PropertyValueSpecification","valueRequired":true,"valueName":"search_term_string"}}],"inLanguage":"en-US"},{"@type":"Person","@id":"https:\/\/veritasinfo.org\/#\/schema\/person\/bc442336e35414d04494ab8fb45db4c6","name":"US5","image":{"@type":"ImageObject","inLanguage":"en-US","@id":"https:\/\/veritasinfo.org\/#\/schema\/person\/image\/","url":"https:\/\/secure.gravatar.com\/avatar\/16a61e7272a0c5d001121ebb9e60e925d5816e4ac1e443ed3e640d9a6ae55d0c?s=96&d=mm&r=g","contentUrl":"https:\/\/secure.gravatar.com\/avatar\/16a61e7272a0c5d001121ebb9e60e925d5816e4ac1e443ed3e640d9a6ae55d0c?s=96&d=mm&r=g","caption":"US5"},"url":"https:\/\/veritasinfo.org\/?author=6"}]}},"featured_image_urls":{"full":["https:\/\/veritasinfo.org\/wp-content\/uploads\/2026\/03\/trupi-gjykues-1600x900-1-1536x864-1.jpg",1536,864,false],"thumbnail":["https:\/\/veritasinfo.org\/wp-content\/uploads\/2026\/03\/trupi-gjykues-1600x900-1-1536x864-1-150x150.jpg",150,150,true],"medium":["https:\/\/veritasinfo.org\/wp-content\/uploads\/2026\/03\/trupi-gjykues-1600x900-1-1536x864-1-300x169.jpg",300,169,true],"medium_large":["https:\/\/veritasinfo.org\/wp-content\/uploads\/2026\/03\/trupi-gjykues-1600x900-1-1536x864-1-768x432.jpg",640,360,true],"large":["https:\/\/veritasinfo.org\/wp-content\/uploads\/2026\/03\/trupi-gjykues-1600x900-1-1536x864-1-1024x576.jpg",640,360,true],"1536x1536":["https:\/\/veritasinfo.org\/wp-content\/uploads\/2026\/03\/trupi-gjykues-1600x900-1-1536x864-1.jpg",1536,864,false],"2048x2048":["https:\/\/veritasinfo.org\/wp-content\/uploads\/2026\/03\/trupi-gjykues-1600x900-1-1536x864-1.jpg",1536,864,false],"kreeti-slider-full":["https:\/\/veritasinfo.org\/wp-content\/uploads\/2026\/03\/trupi-gjykues-1600x900-1-1536x864-1.jpg",1280,720,false],"kreeti-featured":["https:\/\/veritasinfo.org\/wp-content\/uploads\/2026\/03\/trupi-gjykues-1600x900-1-1536x864-1.jpg",1024,576,false],"kreeti-medium":["https:\/\/veritasinfo.org\/wp-content\/uploads\/2026\/03\/trupi-gjykues-1600x900-1-1536x864-1.jpg",720,405,false],"kreeti-medium-square":["https:\/\/veritasinfo.org\/wp-content\/uploads\/2026\/03\/trupi-gjykues-1600x900-1-1536x864-1.jpg",350,197,false]},"author_info":{"info":["US5"]},"category_info":"<a href=\"https:\/\/veritasinfo.org\/?cat=60\" rel=\"category\">Shoq\u00ebrore<\/a>","tag_info":"Shoq\u00ebrore","comment_count":"0","_links":{"self":[{"href":"https:\/\/veritasinfo.org\/index.php?rest_route=\/wp\/v2\/posts\/35391","targetHints":{"allow":["GET"]}}],"collection":[{"href":"https:\/\/veritasinfo.org\/index.php?rest_route=\/wp\/v2\/posts"}],"about":[{"href":"https:\/\/veritasinfo.org\/index.php?rest_route=\/wp\/v2\/types\/post"}],"author":[{"embeddable":true,"href":"https:\/\/veritasinfo.org\/index.php?rest_route=\/wp\/v2\/users\/6"}],"replies":[{"embeddable":true,"href":"https:\/\/veritasinfo.org\/index.php?rest_route=%2Fwp%2Fv2%2Fcomments&post=35391"}],"version-history":[{"count":1,"href":"https:\/\/veritasinfo.org\/index.php?rest_route=\/wp\/v2\/posts\/35391\/revisions"}],"predecessor-version":[{"id":35393,"href":"https:\/\/veritasinfo.org\/index.php?rest_route=\/wp\/v2\/posts\/35391\/revisions\/35393"}],"wp:featuredmedia":[{"embeddable":true,"href":"https:\/\/veritasinfo.org\/index.php?rest_route=\/wp\/v2\/media\/35392"}],"wp:attachment":[{"href":"https:\/\/veritasinfo.org\/index.php?rest_route=%2Fwp%2Fv2%2Fmedia&parent=35391"}],"wp:term":[{"taxonomy":"category","embeddable":true,"href":"https:\/\/veritasinfo.org\/index.php?rest_route=%2Fwp%2Fv2%2Fcategories&post=35391"},{"taxonomy":"post_tag","embeddable":true,"href":"https:\/\/veritasinfo.org\/index.php?rest_route=%2Fwp%2Fv2%2Ftags&post=35391"}],"curies":[{"name":"wp","href":"https:\/\/api.w.org\/{rel}","templated":true}]}}