{"id":35364,"date":"2026-03-02T08:16:15","date_gmt":"2026-03-02T07:16:15","guid":{"rendered":"https:\/\/veritasinfo.org\/?p=35364"},"modified":"2026-03-02T08:16:15","modified_gmt":"2026-03-02T07:16:15","slug":"kurti-paralajmeron-pagen-e-13-te-ne-fund-te-marsit-sindikatat-kerkojne-zbatim-pa-vonesa","status":"publish","type":"post","link":"https:\/\/veritasinfo.org\/?p=35364","title":{"rendered":"Kurti paralajm\u00ebron pag\u00ebn e 13-t\u00eb n\u00eb fund t\u00eb marsit, sindikatat k\u00ebrkojn\u00eb zbatim pa vonesa"},"content":{"rendered":"<p>Prishtin\u00eb 2 Mars 2026 <\/p>\n<p>Kryeministri i Kosov\u00ebs, Albin Kurti gjat\u00eb mbledhjes s\u00eb K\u00ebshillit t\u00eb P\u00ebrgjithsh\u00ebm t\u00eb L\u00ebvizjes Vet\u00ebvendosje, m\u00eb 01.03.2026, paralajm\u00ebroi se paga e 13-t\u00eb p\u00ebr pun\u00ebtor\u00ebt e sektorit publik do t\u00eb shp\u00ebrndahet n\u00eb fund t\u00eb muajit mars.<\/p>\n<p>Ai tha se p\u00ebrmbushja e zotimeve t\u00eb fushat\u00ebs elektorale n\u00eb zgjedhjet e parakohshme ka nisur me miratimin e Buxhetit p\u00ebr vitin 2026, i cili \u00ebsht\u00eb n\u00eb vler\u00eb rreth 4 miliard\u00eb euro.<\/p>\n<p>M\u00eb 20 shkurt t\u00eb k\u00ebtij viti, Kuvendi i Kosov\u00ebs ka miratuar Buxhetin p\u00ebr vitin 2026, i cili parashikon edhe ekzekutimin e pag\u00ebs s\u00eb 13-t\u00eb p\u00ebr punonj\u00ebsit e sektorit publik.<\/p>\n<p>Derisa, Presidentja Vjosa Osmani e ka dekretuar t\u00eb premten Ligjin mbi ndarjet buxhetore p\u00ebr Buxhetin e Republik\u00ebs s\u00eb Kosov\u00ebs p\u00ebr vitin 2026.<\/p>\n<p>P\u00ebrfaq\u00ebsuesit e sindikatave shprehen se pagesa \u00ebsht\u00eb e parapar\u00eb n\u00eb ligj dhe nuk ka arsye p\u00ebr vonesa, duke k\u00ebrkuar nga institucionet q\u00eb zotimi i dh\u00ebn\u00eb t\u00eb zbatohet pa zvarritje dhe me transparenc\u00eb t\u00eb plot\u00eb.<\/p>\n<p>Kreu i SBASHK-ut: N\u00eb pritje t\u00eb pag\u00ebs s\u00eb 13-t\u00eb, ta shohim a do ta mbaj\u00eb fjal\u00ebn Kurti<\/p>\n<p>Kryetari i SBASHK, Rrahman Jasharaj ka deklaruar p\u00ebr \u201cFront Online\u201d se deri m\u00eb tani nuk ka pasur asnj\u00eb takim me ministrin e ri, Hekuran Murati, p\u00ebr t\u00eb biseduar lidhur me ekzekutimin e pag\u00ebs s\u00eb 13-ta.<\/p>\n<p>\u201cS\u2019kemi pas ndonj\u00eb takim se Ministri ende nuk ka formuar kabinetin. Jemi n\u00eb pritje q\u00eb t\u00eb kemi takimin e par\u00eb me t\u00eb\u201d, tha ai.<\/p>\n<p>Ai thot\u00eb se pun\u00ebtor\u00ebt e arsimit jan\u00eb n\u00eb pritje t\u00eb realizimit t\u00eb premtimit p\u00ebr pag\u00ebn e 13-t\u00eb, premtim q\u00eb \u00ebsht\u00eb dh\u00ebn\u00eb nga kryeministri Albin Kurti.<\/p>\n<p>\u201cPun\u00ebtor\u00ebt jan\u00eb n\u00eb pritje t\u00eb pag\u00ebs s\u00eb 13 te shohim a po e mbajn\u00eb fjal\u00ebt apo jo se kan\u00eb premtuar q\u00eb kur miratohet buxheti do t\u00eb dalin pagat\u201d, ka deklaruar Jasharaj.<\/p>\n<p>Ali Gashi: S\u2019ka logjik\u00eb t\u00eb vonohet paga e 13-t\u00eb, \u00ebsht\u00eb p\u00ebrfshir\u00eb n\u00eb buxhet<\/p>\n<p>Kryetari i Sindikat\u00ebs s\u00eb Pavarur t\u00eb Administrat\u00ebs s\u00eb Kosov\u00ebs, Ali Gashi, n\u00eb nj\u00eb prononcim p\u00ebr \u201cFront Online\u201d tha se paga e 13-t\u00eb p\u00ebr pun\u00ebtor\u00ebt e administrat\u00ebs publike duhet t\u00eb ekzekutohet gjat\u00eb muajve mars ose prill.<\/p>\n<p>Gashi shprehet se nuk ka asnj\u00eb arsye p\u00ebr vonesa t\u00eb m\u00ebtejshme.<\/p>\n<p>Ai b\u00ebri t\u00eb ditur se deri m\u00eb tani nuk ka pasur asnj\u00eb komunikim zyrtar nga ministria e financave.<\/p>\n<p>\u201cDo duhej t\u00eb dal\u00eb n\u00eb muajin mars ose n\u00eb prill sepse e kan\u00eb p\u00ebrfshir\u00eb edhe n\u00eb buxhet, s\u2019ka logjik\u00eb t\u00eb vonohet m\u00eb shum\u00eb. Nuk kemi pas komunikim nga Ministria apo dikush tjet\u00ebr. Kjo duhet t\u00eb jet\u00eb \u00e7\u00ebshtje e kryer pasi \u00ebsht\u00eb e p\u00ebrfshir\u00eb n\u00eb Ligjin p\u00ebr Buxhet\u201d, ka th\u00ebn\u00eb ai.<\/p>\n<p>Sindikata e Policis\u00eb: Presim mbajtjen e premtimit t\u00eb Kurtit p\u00ebr pag\u00ebn e 13-t\u00eb<\/p>\n<p>Avdi Hoti, kryetari i Sindikat\u00ebs s\u00eb Policis\u00eb s\u00eb Kosov\u00ebs, \u00ebsht\u00eb shprehur p\u00ebr \u201cFront Online\u201d se deri m\u00eb tani nuk kan\u00eb zhvilluar takime me p\u00ebrfaq\u00ebsues institucional\u00eb lidhur me ekzekutimin e pag\u00ebs s\u00eb 13-t\u00eb p\u00ebr zyrtar\u00ebt policor\u00eb.<\/p>\n<p>Ai tha se pagesa e 13-t\u00eb ka qen\u00eb pjes\u00eb e premtimeve elektorale dhe se tashm\u00eb \u00ebsht\u00eb e p\u00ebrfshir\u00eb n\u00eb buxhetin e miratuar.<\/p>\n<p>\u201cS\u2019kemi pasur takime. Po presim n\u00eb fund t\u00eb marsit t\u00eb dal paga e 13-t\u00eb, ashtu si\u00e7 \u00ebsht\u00eb premtuar. Premtim elektoral ka qen\u00eb dhe i ka fituar zgjedhjet, prandaj duhet t\u00eb realizohet pasi \u00ebsht\u00eb e planifikuar edhe n\u00eb buxhet dhe \u00ebsht\u00eb miratuar ku \u00ebsht\u00eb edhe paga e 13\u201d, tha Hoti p\u00ebr \u201cFront Online\u201d.<\/p>\n<p>Kreu i zjarrfik\u00ebsve: Mbetet t\u00eb shihet n\u00ebse do t\u00eb ekzekutohet paga e 13-t\u00eb<\/p>\n<p>Kryetari i Sindikat\u00ebs s\u00eb Zjarrfik\u00ebsve, Muharrem Beka tha p\u00ebr \u201cFront Online\u201d paga e 13-t\u00eb p\u00ebr zjarrfik\u00ebsit \u00ebsht\u00eb premtuar t\u00eb ekzekutohet bashk\u00eb me pag\u00ebn e muajit mars, por mbetet t\u00eb shihet n\u00ebse ky zotim do t\u00eb realizohet.<\/p>\n<p>Sipas tij, deri m\u00eb tani nuk ka pasur asnj\u00eb komunikim zyrtar nga Ministria e Financave lidhur me k\u00ebt\u00eb \u00e7\u00ebshtje.<\/p>\n<p>\u201cAi e ka premtuar, n\u00eb baz\u00eb t\u00eb deklaratave ka me qen\u00eb me pag\u00eb t\u00eb marsit, mbetet ta shohim a po i ekzekutojn\u00eb apo jo, pasi kan\u00eb premtuar vet\u00eb k\u00ebshtu. Komunikim s\u2019kemi pas me dik\u00eb nga Ministria. Po presim a ka qen\u00eb premtim elektoral apo jo\u201d, u shpreh Beka p\u00ebr \u201cFront Online\u201d.<\/p>\n<p>Ministri i Financave, Hekuran Murati, ka sqaruar se pag\u00ebn e 13-t\u00eb do t\u00eb mund ta marrin vet\u00ebm ata t\u00eb cil\u00ebt paraprakisht kan\u00eb 12 muaj pun\u00eb.<\/p>\n<p>Murati ka deklaruar se ata t\u00eb cil\u00ebt kan\u00eb m\u00eb pak se 12 muaj pun\u00eb, at\u00ebher\u00eb k\u00ebt\u00eb pag\u00eb do t\u00eb mund ta marrin n\u00eb vitin e ardhsh\u00ebm.<\/p>\n<p>\u201cKjo parashihet q\u00eb paga e 13-t\u00eb vjen p\u00ebr ata q\u00eb i kan\u00eb marr\u00eb 12 paga. Me fjal\u00eb t\u00eb tjera, n\u00ebse dikush ka filluar rishtazi do ta marr\u00eb pag\u00ebn e 12-t\u00eb n\u00eb vitin e ardhsh\u00ebm. K\u00ebshtu q\u00eb kjo \u00ebsht\u00eb e parapar\u00eb q\u00eb paga e 13-t\u00eb paguhet p\u00ebr pun\u00ebtor\u00ebt q\u00eb marrin pag\u00eb nga buxheti i shtetit, por q\u00eb kan\u00eb punuar s\u00eb paku 12 muaj, para se t\u00eb paguhet paga e 13-t\u00eb\u201d, tha ai n\u00eb nj\u00eb deklarim p\u00ebr media pas mbledhjes s\u00eb Qeveris\u00eb.<\/p>\n","protected":false},"excerpt":{"rendered":"<p>Prishtin\u00eb 2 Mars 2026 Kryeministri i Kosov\u00ebs, Albin Kurti gjat\u00eb mbledhjes s\u00eb K\u00ebshillit t\u00eb P\u00ebrgjithsh\u00ebm t\u00eb L\u00ebvizjes Vet\u00ebvendosje, m\u00eb 01.03.2026, paralajm\u00ebroi se paga e 13-t\u00eb<\/p>\n","protected":false},"author":6,"featured_media":35366,"comment_status":"open","ping_status":"open","sticky":false,"template":"","format":"standard","meta":{"footnotes":""},"categories":[60],"tags":[],"class_list":["post-35364","post","type-post","status-publish","format-standard","has-post-thumbnail","hentry","category-shoqerore-sq"],"yoast_head":"<!-- This site is optimized with the Yoast SEO plugin v25.3.1 - https:\/\/yoast.com\/wordpress\/plugins\/seo\/ -->\n<title>Kurti paralajm\u00ebron pag\u00ebn e 13-t\u00eb n\u00eb fund t\u00eb marsit, sindikatat k\u00ebrkojn\u00eb zbatim pa vonesa -<\/title>\n<meta name=\"robots\" content=\"index, follow, max-snippet:-1, max-image-preview:large, max-video-preview:-1\" \/>\n<link rel=\"canonical\" href=\"https:\/\/veritasinfo.org\/?p=35364\" \/>\n<meta property=\"og:locale\" content=\"en_US\" \/>\n<meta property=\"og:type\" content=\"article\" \/>\n<meta property=\"og:title\" content=\"Kurti paralajm\u00ebron pag\u00ebn e 13-t\u00eb n\u00eb fund t\u00eb marsit, sindikatat k\u00ebrkojn\u00eb zbatim pa vonesa -\" \/>\n<meta property=\"og:description\" content=\"Prishtin\u00eb 2 Mars 2026 Kryeministri i Kosov\u00ebs, Albin Kurti gjat\u00eb mbledhjes s\u00eb K\u00ebshillit t\u00eb P\u00ebrgjithsh\u00ebm t\u00eb L\u00ebvizjes Vet\u00ebvendosje, m\u00eb 01.03.2026, paralajm\u00ebroi se paga e 13-t\u00eb\" \/>\n<meta property=\"og:url\" content=\"https:\/\/veritasinfo.org\/?p=35364\" \/>\n<meta property=\"article:published_time\" content=\"2026-03-02T07:16:15+00:00\" \/>\n<meta property=\"og:image\" content=\"https:\/\/veritasinfo.org\/wp-content\/uploads\/2026\/03\/hq720.jpg\" \/>\n\t<meta property=\"og:image:width\" content=\"686\" \/>\n\t<meta property=\"og:image:height\" content=\"386\" \/>\n\t<meta property=\"og:image:type\" content=\"image\/jpeg\" \/>\n<meta name=\"author\" content=\"US5\" \/>\n<meta name=\"twitter:card\" content=\"summary_large_image\" \/>\n<meta name=\"twitter:label1\" content=\"Written by\" \/>\n\t<meta name=\"twitter:data1\" content=\"US5\" \/>\n<script type=\"application\/ld+json\" class=\"yoast-schema-graph\">{\"@context\":\"https:\/\/schema.org\",\"@graph\":[{\"@type\":\"WebPage\",\"@id\":\"https:\/\/veritasinfo.org\/?p=35364\",\"url\":\"https:\/\/veritasinfo.org\/?p=35364\",\"name\":\"Kurti paralajm\u00ebron pag\u00ebn e 13-t\u00eb n\u00eb fund t\u00eb marsit, sindikatat k\u00ebrkojn\u00eb zbatim pa vonesa -\",\"isPartOf\":{\"@id\":\"https:\/\/veritasinfo.org\/#website\"},\"primaryImageOfPage\":{\"@id\":\"https:\/\/veritasinfo.org\/?p=35364#primaryimage\"},\"image\":{\"@id\":\"https:\/\/veritasinfo.org\/?p=35364#primaryimage\"},\"thumbnailUrl\":\"https:\/\/veritasinfo.org\/wp-content\/uploads\/2026\/03\/hq720.jpg\",\"datePublished\":\"2026-03-02T07:16:15+00:00\",\"author\":{\"@id\":\"https:\/\/veritasinfo.org\/#\/schema\/person\/bc442336e35414d04494ab8fb45db4c6\"},\"breadcrumb\":{\"@id\":\"https:\/\/veritasinfo.org\/?p=35364#breadcrumb\"},\"inLanguage\":\"en-US\",\"potentialAction\":[{\"@type\":\"ReadAction\",\"target\":[\"https:\/\/veritasinfo.org\/?p=35364\"]}]},{\"@type\":\"ImageObject\",\"inLanguage\":\"en-US\",\"@id\":\"https:\/\/veritasinfo.org\/?p=35364#primaryimage\",\"url\":\"https:\/\/veritasinfo.org\/wp-content\/uploads\/2026\/03\/hq720.jpg\",\"contentUrl\":\"https:\/\/veritasinfo.org\/wp-content\/uploads\/2026\/03\/hq720.jpg\",\"width\":686,\"height\":386},{\"@type\":\"BreadcrumbList\",\"@id\":\"https:\/\/veritasinfo.org\/?p=35364#breadcrumb\",\"itemListElement\":[{\"@type\":\"ListItem\",\"position\":1,\"name\":\"Home\",\"item\":\"https:\/\/veritasinfo.org\/\"},{\"@type\":\"ListItem\",\"position\":2,\"name\":\"Kurti paralajm\u00ebron pag\u00ebn e 13-t\u00eb n\u00eb fund t\u00eb marsit, sindikatat k\u00ebrkojn\u00eb zbatim pa vonesa\"}]},{\"@type\":\"WebSite\",\"@id\":\"https:\/\/veritasinfo.org\/#website\",\"url\":\"https:\/\/veritasinfo.org\/\",\"name\":\"\",\"description\":\"\",\"potentialAction\":[{\"@type\":\"SearchAction\",\"target\":{\"@type\":\"EntryPoint\",\"urlTemplate\":\"https:\/\/veritasinfo.org\/?s={search_term_string}\"},\"query-input\":{\"@type\":\"PropertyValueSpecification\",\"valueRequired\":true,\"valueName\":\"search_term_string\"}}],\"inLanguage\":\"en-US\"},{\"@type\":\"Person\",\"@id\":\"https:\/\/veritasinfo.org\/#\/schema\/person\/bc442336e35414d04494ab8fb45db4c6\",\"name\":\"US5\",\"image\":{\"@type\":\"ImageObject\",\"inLanguage\":\"en-US\",\"@id\":\"https:\/\/veritasinfo.org\/#\/schema\/person\/image\/\",\"url\":\"https:\/\/secure.gravatar.com\/avatar\/16a61e7272a0c5d001121ebb9e60e925d5816e4ac1e443ed3e640d9a6ae55d0c?s=96&d=mm&r=g\",\"contentUrl\":\"https:\/\/secure.gravatar.com\/avatar\/16a61e7272a0c5d001121ebb9e60e925d5816e4ac1e443ed3e640d9a6ae55d0c?s=96&d=mm&r=g\",\"caption\":\"US5\"},\"url\":\"https:\/\/veritasinfo.org\/?author=6\"}]}<\/script>\n<!-- \/ Yoast SEO plugin. -->","yoast_head_json":{"title":"Kurti paralajm\u00ebron pag\u00ebn e 13-t\u00eb n\u00eb fund t\u00eb marsit, sindikatat k\u00ebrkojn\u00eb zbatim pa vonesa -","robots":{"index":"index","follow":"follow","max-snippet":"max-snippet:-1","max-image-preview":"max-image-preview:large","max-video-preview":"max-video-preview:-1"},"canonical":"https:\/\/veritasinfo.org\/?p=35364","og_locale":"en_US","og_type":"article","og_title":"Kurti paralajm\u00ebron pag\u00ebn e 13-t\u00eb n\u00eb fund t\u00eb marsit, sindikatat k\u00ebrkojn\u00eb zbatim pa vonesa -","og_description":"Prishtin\u00eb 2 Mars 2026 Kryeministri i Kosov\u00ebs, Albin Kurti gjat\u00eb mbledhjes s\u00eb K\u00ebshillit t\u00eb P\u00ebrgjithsh\u00ebm t\u00eb L\u00ebvizjes Vet\u00ebvendosje, m\u00eb 01.03.2026, paralajm\u00ebroi se paga e 13-t\u00eb","og_url":"https:\/\/veritasinfo.org\/?p=35364","article_published_time":"2026-03-02T07:16:15+00:00","og_image":[{"width":686,"height":386,"url":"https:\/\/veritasinfo.org\/wp-content\/uploads\/2026\/03\/hq720.jpg","type":"image\/jpeg"}],"author":"US5","twitter_card":"summary_large_image","twitter_misc":{"Written by":"US5"},"schema":{"@context":"https:\/\/schema.org","@graph":[{"@type":"WebPage","@id":"https:\/\/veritasinfo.org\/?p=35364","url":"https:\/\/veritasinfo.org\/?p=35364","name":"Kurti paralajm\u00ebron pag\u00ebn e 13-t\u00eb n\u00eb fund t\u00eb marsit, sindikatat k\u00ebrkojn\u00eb zbatim pa vonesa -","isPartOf":{"@id":"https:\/\/veritasinfo.org\/#website"},"primaryImageOfPage":{"@id":"https:\/\/veritasinfo.org\/?p=35364#primaryimage"},"image":{"@id":"https:\/\/veritasinfo.org\/?p=35364#primaryimage"},"thumbnailUrl":"https:\/\/veritasinfo.org\/wp-content\/uploads\/2026\/03\/hq720.jpg","datePublished":"2026-03-02T07:16:15+00:00","author":{"@id":"https:\/\/veritasinfo.org\/#\/schema\/person\/bc442336e35414d04494ab8fb45db4c6"},"breadcrumb":{"@id":"https:\/\/veritasinfo.org\/?p=35364#breadcrumb"},"inLanguage":"en-US","potentialAction":[{"@type":"ReadAction","target":["https:\/\/veritasinfo.org\/?p=35364"]}]},{"@type":"ImageObject","inLanguage":"en-US","@id":"https:\/\/veritasinfo.org\/?p=35364#primaryimage","url":"https:\/\/veritasinfo.org\/wp-content\/uploads\/2026\/03\/hq720.jpg","contentUrl":"https:\/\/veritasinfo.org\/wp-content\/uploads\/2026\/03\/hq720.jpg","width":686,"height":386},{"@type":"BreadcrumbList","@id":"https:\/\/veritasinfo.org\/?p=35364#breadcrumb","itemListElement":[{"@type":"ListItem","position":1,"name":"Home","item":"https:\/\/veritasinfo.org\/"},{"@type":"ListItem","position":2,"name":"Kurti paralajm\u00ebron pag\u00ebn e 13-t\u00eb n\u00eb fund t\u00eb marsit, sindikatat k\u00ebrkojn\u00eb zbatim pa vonesa"}]},{"@type":"WebSite","@id":"https:\/\/veritasinfo.org\/#website","url":"https:\/\/veritasinfo.org\/","name":"","description":"","potentialAction":[{"@type":"SearchAction","target":{"@type":"EntryPoint","urlTemplate":"https:\/\/veritasinfo.org\/?s={search_term_string}"},"query-input":{"@type":"PropertyValueSpecification","valueRequired":true,"valueName":"search_term_string"}}],"inLanguage":"en-US"},{"@type":"Person","@id":"https:\/\/veritasinfo.org\/#\/schema\/person\/bc442336e35414d04494ab8fb45db4c6","name":"US5","image":{"@type":"ImageObject","inLanguage":"en-US","@id":"https:\/\/veritasinfo.org\/#\/schema\/person\/image\/","url":"https:\/\/secure.gravatar.com\/avatar\/16a61e7272a0c5d001121ebb9e60e925d5816e4ac1e443ed3e640d9a6ae55d0c?s=96&d=mm&r=g","contentUrl":"https:\/\/secure.gravatar.com\/avatar\/16a61e7272a0c5d001121ebb9e60e925d5816e4ac1e443ed3e640d9a6ae55d0c?s=96&d=mm&r=g","caption":"US5"},"url":"https:\/\/veritasinfo.org\/?author=6"}]}},"featured_image_urls":{"full":["https:\/\/veritasinfo.org\/wp-content\/uploads\/2026\/03\/hq720.jpg",686,386,false],"thumbnail":["https:\/\/veritasinfo.org\/wp-content\/uploads\/2026\/03\/hq720-150x150.jpg",150,150,true],"medium":["https:\/\/veritasinfo.org\/wp-content\/uploads\/2026\/03\/hq720-300x169.jpg",300,169,true],"medium_large":["https:\/\/veritasinfo.org\/wp-content\/uploads\/2026\/03\/hq720.jpg",640,360,false],"large":["https:\/\/veritasinfo.org\/wp-content\/uploads\/2026\/03\/hq720.jpg",640,360,false],"1536x1536":["https:\/\/veritasinfo.org\/wp-content\/uploads\/2026\/03\/hq720.jpg",686,386,false],"2048x2048":["https:\/\/veritasinfo.org\/wp-content\/uploads\/2026\/03\/hq720.jpg",686,386,false],"kreeti-slider-full":["https:\/\/veritasinfo.org\/wp-content\/uploads\/2026\/03\/hq720.jpg",686,386,false],"kreeti-featured":["https:\/\/veritasinfo.org\/wp-content\/uploads\/2026\/03\/hq720.jpg",686,386,false],"kreeti-medium":["https:\/\/veritasinfo.org\/wp-content\/uploads\/2026\/03\/hq720.jpg",686,386,false],"kreeti-medium-square":["https:\/\/veritasinfo.org\/wp-content\/uploads\/2026\/03\/hq720.jpg",350,197,false]},"author_info":{"info":["US5"]},"category_info":"<a href=\"https:\/\/veritasinfo.org\/?cat=60\" rel=\"category\">Shoq\u00ebrore<\/a>","tag_info":"Shoq\u00ebrore","comment_count":"0","_links":{"self":[{"href":"https:\/\/veritasinfo.org\/index.php?rest_route=\/wp\/v2\/posts\/35364","targetHints":{"allow":["GET"]}}],"collection":[{"href":"https:\/\/veritasinfo.org\/index.php?rest_route=\/wp\/v2\/posts"}],"about":[{"href":"https:\/\/veritasinfo.org\/index.php?rest_route=\/wp\/v2\/types\/post"}],"author":[{"embeddable":true,"href":"https:\/\/veritasinfo.org\/index.php?rest_route=\/wp\/v2\/users\/6"}],"replies":[{"embeddable":true,"href":"https:\/\/veritasinfo.org\/index.php?rest_route=%2Fwp%2Fv2%2Fcomments&post=35364"}],"version-history":[{"count":1,"href":"https:\/\/veritasinfo.org\/index.php?rest_route=\/wp\/v2\/posts\/35364\/revisions"}],"predecessor-version":[{"id":35367,"href":"https:\/\/veritasinfo.org\/index.php?rest_route=\/wp\/v2\/posts\/35364\/revisions\/35367"}],"wp:featuredmedia":[{"embeddable":true,"href":"https:\/\/veritasinfo.org\/index.php?rest_route=\/wp\/v2\/media\/35366"}],"wp:attachment":[{"href":"https:\/\/veritasinfo.org\/index.php?rest_route=%2Fwp%2Fv2%2Fmedia&parent=35364"}],"wp:term":[{"taxonomy":"category","embeddable":true,"href":"https:\/\/veritasinfo.org\/index.php?rest_route=%2Fwp%2Fv2%2Fcategories&post=35364"},{"taxonomy":"post_tag","embeddable":true,"href":"https:\/\/veritasinfo.org\/index.php?rest_route=%2Fwp%2Fv2%2Ftags&post=35364"}],"curies":[{"name":"wp","href":"https:\/\/api.w.org\/{rel}","templated":true}]}}