{"id":35351,"date":"2026-03-02T08:09:16","date_gmt":"2026-03-02T07:09:16","guid":{"rendered":"https:\/\/veritasinfo.org\/?p=35351"},"modified":"2026-03-02T08:09:43","modified_gmt":"2026-03-02T07:09:43","slug":"https-indeksonline-net-shqiptaret-ne-mitrovice-te-veriut-po-behen-me-shkolla-e-cerdhe-27-vjet-pas-luftes","status":"publish","type":"post","link":"https:\/\/veritasinfo.org\/?p=35351","title":{"rendered":"Shqiptar\u00ebt n\u00eb Mitrovic\u00eb t\u00eb Veriut po b\u00ebhen me shkolla e \u00e7erdhe, 27 vjet pas luft\u00ebs"},"content":{"rendered":"<p>Prishtin\u00eb 2 Mars 2026 8:08<\/p>\n<p>Tani student n\u00eb drejtimin shkenca politike, Lorik Hysenaj, u kthye p\u00ebr vizit\u00eb n\u00eb shkoll\u00ebn kontejner n\u00eb lagjen e Kodra e Minator\u00ebve n\u00eb Mitrovic\u00eb t\u00eb Veriut.<\/p>\n<p>N\u00eb k\u00ebt\u00eb ambient t\u00eb improvizuar q\u00eb nga paslufta, si pasoj\u00eb e uzurpimit t\u00eb objektit t\u00eb shkoll\u00ebs \u201cAziz Sylejmani\u201d nga serb\u00ebt, Loriku ndoqi m\u00ebsimin aty deri m\u00eb 2017, kur diplomoi.<\/p>\n<p>Teksa tha se kushtet dhe rrethanat e v\u00ebshtira nuk i dekurajuan asnj\u00ebher\u00eb, ai shprehet i lumtur q\u00eb m\u00eb n\u00eb fund n\u00eb k\u00ebt\u00eb lagje ka nisur nd\u00ebrtimi i shkoll\u00ebs s\u00eb re.<\/p>\n<p>\u201c\u00cbsht\u00eb nj\u00eb lajm i jasht\u00ebzakonsh\u00ebm p\u00ebr nd\u00ebrtimin e objektit t\u00eb ri, gur-themeli i shkoll\u00ebs \u201cAziz Sylejmani\u201d, e cila ka qen\u00eb nj\u00eb k\u00ebrkes\u00eb e kamotshme si e banor\u00ebve ashtu edhe e m\u00ebsimdh\u00ebn\u00ebsve dhe nx\u00ebn\u00ebsve q\u00eb kan\u00eb qen\u00eb dhe atyre q\u00eb vijojn\u00eb m\u00ebsimin. Pra p\u00ebr kushte m\u00eb t\u00eb mira dhe objekt meritor si\u00e7 e kan\u00eb t\u00eb gjith\u00eb nx\u00ebn\u00ebsit an\u00eb e mban\u00eb Kosov\u00ebs\u201d, ka theksuar Lorik Hysenaj, banor i Mitrovic\u00ebs s\u00eb Veriut, ish-nx\u00ebn\u00ebs i shkoll\u00ebs \u201cAziz Sylejmani\u201d p\u00ebr Dukagjinin.<\/p>\n<p>Nj\u00ebkoh\u00ebsisht, sikur n\u00eb Kodr\u00ebn e Minator\u00ebve, po vijojn\u00eb pun\u00ebt p\u00ebr nd\u00ebrtimin e shkoll\u00ebs s\u00eb re bashk\u00eb me \u00e7erdhen, edhe n\u00eb at\u00eb q\u00eb njihet si Lagjja e Boshnjak\u00ebve.<\/p>\n<p>P\u00ebrfundimi i pun\u00ebve t\u00eb parapara t\u00eb zgjasin 18 muaj dhe funksionalizimi i k\u00ebtij institucioni do t\u2019u jepte nx\u00ebn\u00ebsve shqiptar\u00eb n\u00eb k\u00ebt\u00eb qytet, p\u00ebr her\u00eb t\u00eb par\u00eb nga viti 1999, mund\u00ebsin\u00eb e shkollimit n\u00eb k\u00ebt\u00eb lagje n\u00eb veri t\u00eb lumit Ib\u00ebr.<\/p>\n<p>Ish-drejtori i shkoll\u00ebs \u201cNonda Bulka\u201d Latif Hajrizi u shpreh jasht\u00ebzakonisht i lumtur q\u00eb lagjja po b\u00ebhet me shkoll\u00eb s\u00ebrish, teksa tregon edhe p\u00ebr v\u00ebshtir\u00ebsit\u00eb dhe dhun\u00ebn ndaj shqiptar\u00ebve n\u00eb koh\u00ebn e okupimit, si dhe pamund\u00ebsimin e kthimit n\u00eb objekt pasluft\u00ebs.<\/p>\n<p>\u201cMe padurim po e pres, jo vet\u00ebm un\u00eb, t\u00eb gjith\u00eb f\u00ebmij\u00ebt, t\u00eb gjith\u00eb nx\u00ebn\u00ebsit e lagjes. K\u00ebtu po apeloj, t\u00eb gjith\u00eb banor\u00ebt e k\u00ebsaj lagje, t\u00eb gjith\u00eb ata q\u00eb kan\u00eb f\u00ebmij\u00eb, pasardh\u00ebs, le ta ken\u00eb synimin t\u2019i sjellin k\u00ebtu. K\u00ebtu duhet me ardh\u00eb, sepse kjo p\u00ebr f\u00ebmij\u00ebt e k\u00ebsaj lagje po nd\u00ebrtohet. Edhe nacionalitet tjera kushdo, kjo shkoll\u00eb nuk mbyllet p\u00ebr t\u00eb tjer\u00ebt\u201d, ka deklaruar Latif Hajrizi, M\u00ebsimdh\u00ebn\u00ebs n\u00eb pension, ish-drejtor i shkoll\u00ebs \u201cNonda Bulka\u201d.<\/p>\n<p>Krahas ndjenj\u00ebs s\u00eb lumturis\u00eb, Fevzi Beqiri nga K\u00ebshilli i lagjes shprehu indinjat\u00eb ndaj qeverive t\u00eb kaluara dhe e lavd\u00ebroi at\u00eb aktuale.<\/p>\n<p>\u201cK\u00ebtu shqiptar\u00ebt nuk kan\u00eb pas t\u00eb drejt\u00eb t\u00eb futen derisa ka ardh\u00eb Qeveria Kurti dhe i ka marr\u00eb k\u00ebto objekte publike dhe i ka kthyer n\u00eb shtetin e Kosov\u00ebs, me ligje dhe Kushtetut\u00eb. Normal q\u00eb edhe f\u00ebmij\u00ebt jan\u00eb g\u00ebzuar q\u00eb po nd\u00ebrtohet shkolla e re, po nd\u00ebrtohet edhe \u00e7erdhja. Ka filluar gurthemeli edhe n\u00eb Kodr\u00ebn e Minator\u00ebve, q\u00eb ka qen\u00eb nj\u00eb kontejner\u00eb n\u00eb shekullin XXI, ka qen\u00eb turpi i bashk\u00ebsis\u00eb nd\u00ebrkomb\u00ebtare dhe turpi i partive opozitare\u201d, ka theksuar Fevzi Beqiri, kryetar i K\u00ebshillit t\u00eb Shqiptar\u00ebve  n\u00eb \u201cLagjen e Boshnjak\u00ebve\u201d, Mitrovic\u00eb e Veriut.<\/p>\n<p>Derisa objekti i vjet\u00ebr shkoll\u00ebs \u201cAziz Sylejmani\u201d vijon t\u00eb jet\u00eb u uzurpuar dhe p\u00ebr rrjedhoj\u00eb nx\u00ebn\u00ebsit shqiptar\u00eb m\u00ebsojn\u00eb n\u00eb kontejner\u00eb, objekti i vjet\u00ebr i shkoll\u00ebs \u201cNonda Bulka\u201d nuk ekziston m\u00eb dhe nx\u00ebn\u00ebsit e saj ndjekin m\u00ebsimin n\u00eb jug.<\/p>\n","protected":false},"excerpt":{"rendered":"<p>Prishtin\u00eb 2 Mars 2026 8:08 Tani student n\u00eb drejtimin shkenca politike, Lorik Hysenaj, u kthye p\u00ebr vizit\u00eb n\u00eb shkoll\u00ebn kontejner n\u00eb lagjen e Kodra e<\/p>\n","protected":false},"author":6,"featured_media":35354,"comment_status":"open","ping_status":"open","sticky":false,"template":"","format":"standard","meta":{"footnotes":""},"categories":[52,60],"tags":[],"class_list":["post-35351","post","type-post","status-publish","format-standard","has-post-thumbnail","hentry","category-komunat-sq","category-shoqerore-sq"],"yoast_head":"<!-- This site is optimized with the Yoast SEO plugin v25.3.1 - https:\/\/yoast.com\/wordpress\/plugins\/seo\/ -->\n<title>Shqiptar\u00ebt n\u00eb Mitrovic\u00eb t\u00eb Veriut po b\u00ebhen me shkolla e \u00e7erdhe, 27 vjet pas luft\u00ebs -<\/title>\n<meta name=\"robots\" content=\"index, follow, max-snippet:-1, max-image-preview:large, max-video-preview:-1\" \/>\n<link rel=\"canonical\" href=\"https:\/\/veritasinfo.org\/?p=35351\" \/>\n<meta property=\"og:locale\" content=\"en_US\" \/>\n<meta property=\"og:type\" content=\"article\" \/>\n<meta property=\"og:title\" content=\"Shqiptar\u00ebt n\u00eb Mitrovic\u00eb t\u00eb Veriut po b\u00ebhen me shkolla e \u00e7erdhe, 27 vjet pas luft\u00ebs -\" \/>\n<meta property=\"og:description\" content=\"Prishtin\u00eb 2 Mars 2026 8:08 Tani student n\u00eb drejtimin shkenca politike, Lorik Hysenaj, u kthye p\u00ebr vizit\u00eb n\u00eb shkoll\u00ebn kontejner n\u00eb lagjen e Kodra e\" \/>\n<meta property=\"og:url\" content=\"https:\/\/veritasinfo.org\/?p=35351\" \/>\n<meta property=\"article:published_time\" content=\"2026-03-02T07:09:16+00:00\" \/>\n<meta property=\"article:modified_time\" content=\"2026-03-02T07:09:43+00:00\" \/>\n<meta property=\"og:image\" content=\"https:\/\/veritasinfo.org\/wp-content\/uploads\/2026\/03\/77.png\" \/>\n\t<meta property=\"og:image:width\" content=\"876\" \/>\n\t<meta property=\"og:image:height\" content=\"533\" \/>\n\t<meta property=\"og:image:type\" content=\"image\/png\" \/>\n<meta name=\"author\" content=\"US5\" \/>\n<meta name=\"twitter:card\" content=\"summary_large_image\" \/>\n<meta name=\"twitter:label1\" content=\"Written by\" \/>\n\t<meta name=\"twitter:data1\" content=\"US5\" \/>\n\t<meta name=\"twitter:label2\" content=\"Est. reading time\" \/>\n\t<meta name=\"twitter:data2\" content=\"3 minutes\" \/>\n<script type=\"application\/ld+json\" class=\"yoast-schema-graph\">{\"@context\":\"https:\/\/schema.org\",\"@graph\":[{\"@type\":\"WebPage\",\"@id\":\"https:\/\/veritasinfo.org\/?p=35351\",\"url\":\"https:\/\/veritasinfo.org\/?p=35351\",\"name\":\"Shqiptar\u00ebt n\u00eb Mitrovic\u00eb t\u00eb Veriut po b\u00ebhen me shkolla e \u00e7erdhe, 27 vjet pas luft\u00ebs -\",\"isPartOf\":{\"@id\":\"https:\/\/veritasinfo.org\/#website\"},\"primaryImageOfPage\":{\"@id\":\"https:\/\/veritasinfo.org\/?p=35351#primaryimage\"},\"image\":{\"@id\":\"https:\/\/veritasinfo.org\/?p=35351#primaryimage\"},\"thumbnailUrl\":\"https:\/\/veritasinfo.org\/wp-content\/uploads\/2026\/03\/77.png\",\"datePublished\":\"2026-03-02T07:09:16+00:00\",\"dateModified\":\"2026-03-02T07:09:43+00:00\",\"author\":{\"@id\":\"https:\/\/veritasinfo.org\/#\/schema\/person\/bc442336e35414d04494ab8fb45db4c6\"},\"breadcrumb\":{\"@id\":\"https:\/\/veritasinfo.org\/?p=35351#breadcrumb\"},\"inLanguage\":\"en-US\",\"potentialAction\":[{\"@type\":\"ReadAction\",\"target\":[\"https:\/\/veritasinfo.org\/?p=35351\"]}]},{\"@type\":\"ImageObject\",\"inLanguage\":\"en-US\",\"@id\":\"https:\/\/veritasinfo.org\/?p=35351#primaryimage\",\"url\":\"https:\/\/veritasinfo.org\/wp-content\/uploads\/2026\/03\/77.png\",\"contentUrl\":\"https:\/\/veritasinfo.org\/wp-content\/uploads\/2026\/03\/77.png\",\"width\":876,\"height\":533},{\"@type\":\"BreadcrumbList\",\"@id\":\"https:\/\/veritasinfo.org\/?p=35351#breadcrumb\",\"itemListElement\":[{\"@type\":\"ListItem\",\"position\":1,\"name\":\"Home\",\"item\":\"https:\/\/veritasinfo.org\/\"},{\"@type\":\"ListItem\",\"position\":2,\"name\":\"Shqiptar\u00ebt n\u00eb Mitrovic\u00eb t\u00eb Veriut po b\u00ebhen me shkolla e \u00e7erdhe, 27 vjet pas luft\u00ebs\"}]},{\"@type\":\"WebSite\",\"@id\":\"https:\/\/veritasinfo.org\/#website\",\"url\":\"https:\/\/veritasinfo.org\/\",\"name\":\"\",\"description\":\"\",\"potentialAction\":[{\"@type\":\"SearchAction\",\"target\":{\"@type\":\"EntryPoint\",\"urlTemplate\":\"https:\/\/veritasinfo.org\/?s={search_term_string}\"},\"query-input\":{\"@type\":\"PropertyValueSpecification\",\"valueRequired\":true,\"valueName\":\"search_term_string\"}}],\"inLanguage\":\"en-US\"},{\"@type\":\"Person\",\"@id\":\"https:\/\/veritasinfo.org\/#\/schema\/person\/bc442336e35414d04494ab8fb45db4c6\",\"name\":\"US5\",\"image\":{\"@type\":\"ImageObject\",\"inLanguage\":\"en-US\",\"@id\":\"https:\/\/veritasinfo.org\/#\/schema\/person\/image\/\",\"url\":\"https:\/\/secure.gravatar.com\/avatar\/16a61e7272a0c5d001121ebb9e60e925d5816e4ac1e443ed3e640d9a6ae55d0c?s=96&d=mm&r=g\",\"contentUrl\":\"https:\/\/secure.gravatar.com\/avatar\/16a61e7272a0c5d001121ebb9e60e925d5816e4ac1e443ed3e640d9a6ae55d0c?s=96&d=mm&r=g\",\"caption\":\"US5\"},\"url\":\"https:\/\/veritasinfo.org\/?author=6\"}]}<\/script>\n<!-- \/ Yoast SEO plugin. -->","yoast_head_json":{"title":"Shqiptar\u00ebt n\u00eb Mitrovic\u00eb t\u00eb Veriut po b\u00ebhen me shkolla e \u00e7erdhe, 27 vjet pas luft\u00ebs -","robots":{"index":"index","follow":"follow","max-snippet":"max-snippet:-1","max-image-preview":"max-image-preview:large","max-video-preview":"max-video-preview:-1"},"canonical":"https:\/\/veritasinfo.org\/?p=35351","og_locale":"en_US","og_type":"article","og_title":"Shqiptar\u00ebt n\u00eb Mitrovic\u00eb t\u00eb Veriut po b\u00ebhen me shkolla e \u00e7erdhe, 27 vjet pas luft\u00ebs -","og_description":"Prishtin\u00eb 2 Mars 2026 8:08 Tani student n\u00eb drejtimin shkenca politike, Lorik Hysenaj, u kthye p\u00ebr vizit\u00eb n\u00eb shkoll\u00ebn kontejner n\u00eb lagjen e Kodra e","og_url":"https:\/\/veritasinfo.org\/?p=35351","article_published_time":"2026-03-02T07:09:16+00:00","article_modified_time":"2026-03-02T07:09:43+00:00","og_image":[{"width":876,"height":533,"url":"https:\/\/veritasinfo.org\/wp-content\/uploads\/2026\/03\/77.png","type":"image\/png"}],"author":"US5","twitter_card":"summary_large_image","twitter_misc":{"Written by":"US5","Est. reading time":"3 minutes"},"schema":{"@context":"https:\/\/schema.org","@graph":[{"@type":"WebPage","@id":"https:\/\/veritasinfo.org\/?p=35351","url":"https:\/\/veritasinfo.org\/?p=35351","name":"Shqiptar\u00ebt n\u00eb Mitrovic\u00eb t\u00eb Veriut po b\u00ebhen me shkolla e \u00e7erdhe, 27 vjet pas luft\u00ebs -","isPartOf":{"@id":"https:\/\/veritasinfo.org\/#website"},"primaryImageOfPage":{"@id":"https:\/\/veritasinfo.org\/?p=35351#primaryimage"},"image":{"@id":"https:\/\/veritasinfo.org\/?p=35351#primaryimage"},"thumbnailUrl":"https:\/\/veritasinfo.org\/wp-content\/uploads\/2026\/03\/77.png","datePublished":"2026-03-02T07:09:16+00:00","dateModified":"2026-03-02T07:09:43+00:00","author":{"@id":"https:\/\/veritasinfo.org\/#\/schema\/person\/bc442336e35414d04494ab8fb45db4c6"},"breadcrumb":{"@id":"https:\/\/veritasinfo.org\/?p=35351#breadcrumb"},"inLanguage":"en-US","potentialAction":[{"@type":"ReadAction","target":["https:\/\/veritasinfo.org\/?p=35351"]}]},{"@type":"ImageObject","inLanguage":"en-US","@id":"https:\/\/veritasinfo.org\/?p=35351#primaryimage","url":"https:\/\/veritasinfo.org\/wp-content\/uploads\/2026\/03\/77.png","contentUrl":"https:\/\/veritasinfo.org\/wp-content\/uploads\/2026\/03\/77.png","width":876,"height":533},{"@type":"BreadcrumbList","@id":"https:\/\/veritasinfo.org\/?p=35351#breadcrumb","itemListElement":[{"@type":"ListItem","position":1,"name":"Home","item":"https:\/\/veritasinfo.org\/"},{"@type":"ListItem","position":2,"name":"Shqiptar\u00ebt n\u00eb Mitrovic\u00eb t\u00eb Veriut po b\u00ebhen me shkolla e \u00e7erdhe, 27 vjet pas luft\u00ebs"}]},{"@type":"WebSite","@id":"https:\/\/veritasinfo.org\/#website","url":"https:\/\/veritasinfo.org\/","name":"","description":"","potentialAction":[{"@type":"SearchAction","target":{"@type":"EntryPoint","urlTemplate":"https:\/\/veritasinfo.org\/?s={search_term_string}"},"query-input":{"@type":"PropertyValueSpecification","valueRequired":true,"valueName":"search_term_string"}}],"inLanguage":"en-US"},{"@type":"Person","@id":"https:\/\/veritasinfo.org\/#\/schema\/person\/bc442336e35414d04494ab8fb45db4c6","name":"US5","image":{"@type":"ImageObject","inLanguage":"en-US","@id":"https:\/\/veritasinfo.org\/#\/schema\/person\/image\/","url":"https:\/\/secure.gravatar.com\/avatar\/16a61e7272a0c5d001121ebb9e60e925d5816e4ac1e443ed3e640d9a6ae55d0c?s=96&d=mm&r=g","contentUrl":"https:\/\/secure.gravatar.com\/avatar\/16a61e7272a0c5d001121ebb9e60e925d5816e4ac1e443ed3e640d9a6ae55d0c?s=96&d=mm&r=g","caption":"US5"},"url":"https:\/\/veritasinfo.org\/?author=6"}]}},"featured_image_urls":{"full":["https:\/\/veritasinfo.org\/wp-content\/uploads\/2026\/03\/77.png",876,533,false],"thumbnail":["https:\/\/veritasinfo.org\/wp-content\/uploads\/2026\/03\/77-150x150.png",150,150,true],"medium":["https:\/\/veritasinfo.org\/wp-content\/uploads\/2026\/03\/77-300x183.png",300,183,true],"medium_large":["https:\/\/veritasinfo.org\/wp-content\/uploads\/2026\/03\/77-768x467.png",640,389,true],"large":["https:\/\/veritasinfo.org\/wp-content\/uploads\/2026\/03\/77.png",640,389,false],"1536x1536":["https:\/\/veritasinfo.org\/wp-content\/uploads\/2026\/03\/77.png",876,533,false],"2048x2048":["https:\/\/veritasinfo.org\/wp-content\/uploads\/2026\/03\/77.png",876,533,false],"kreeti-slider-full":["https:\/\/veritasinfo.org\/wp-content\/uploads\/2026\/03\/77.png",876,533,false],"kreeti-featured":["https:\/\/veritasinfo.org\/wp-content\/uploads\/2026\/03\/77.png",876,533,false],"kreeti-medium":["https:\/\/veritasinfo.org\/wp-content\/uploads\/2026\/03\/77.png",720,438,false],"kreeti-medium-square":["https:\/\/veritasinfo.org\/wp-content\/uploads\/2026\/03\/77.png",350,213,false]},"author_info":{"info":["US5"]},"category_info":"<a href=\"https:\/\/veritasinfo.org\/?cat=52\" rel=\"category\">Komunat<\/a> <a href=\"https:\/\/veritasinfo.org\/?cat=60\" rel=\"category\">Shoq\u00ebrore<\/a>","tag_info":"Shoq\u00ebrore","comment_count":"0","_links":{"self":[{"href":"https:\/\/veritasinfo.org\/index.php?rest_route=\/wp\/v2\/posts\/35351","targetHints":{"allow":["GET"]}}],"collection":[{"href":"https:\/\/veritasinfo.org\/index.php?rest_route=\/wp\/v2\/posts"}],"about":[{"href":"https:\/\/veritasinfo.org\/index.php?rest_route=\/wp\/v2\/types\/post"}],"author":[{"embeddable":true,"href":"https:\/\/veritasinfo.org\/index.php?rest_route=\/wp\/v2\/users\/6"}],"replies":[{"embeddable":true,"href":"https:\/\/veritasinfo.org\/index.php?rest_route=%2Fwp%2Fv2%2Fcomments&post=35351"}],"version-history":[{"count":2,"href":"https:\/\/veritasinfo.org\/index.php?rest_route=\/wp\/v2\/posts\/35351\/revisions"}],"predecessor-version":[{"id":35357,"href":"https:\/\/veritasinfo.org\/index.php?rest_route=\/wp\/v2\/posts\/35351\/revisions\/35357"}],"wp:featuredmedia":[{"embeddable":true,"href":"https:\/\/veritasinfo.org\/index.php?rest_route=\/wp\/v2\/media\/35354"}],"wp:attachment":[{"href":"https:\/\/veritasinfo.org\/index.php?rest_route=%2Fwp%2Fv2%2Fmedia&parent=35351"}],"wp:term":[{"taxonomy":"category","embeddable":true,"href":"https:\/\/veritasinfo.org\/index.php?rest_route=%2Fwp%2Fv2%2Fcategories&post=35351"},{"taxonomy":"post_tag","embeddable":true,"href":"https:\/\/veritasinfo.org\/index.php?rest_route=%2Fwp%2Fv2%2Ftags&post=35351"}],"curies":[{"name":"wp","href":"https:\/\/api.w.org\/{rel}","templated":true}]}}