{"id":35336,"date":"2026-03-02T07:49:23","date_gmt":"2026-03-02T06:49:23","guid":{"rendered":"https:\/\/veritasinfo.org\/?p=35336"},"modified":"2026-03-02T07:49:23","modified_gmt":"2026-03-02T06:49:23","slug":"prishtina-planifikon-151-milione-euro-per-projekte-kapitale","status":"publish","type":"post","link":"https:\/\/veritasinfo.org\/?p=35336","title":{"rendered":"Prishtina planifikon 151 milion\u00eb euro p\u00ebr projekte kapitale"},"content":{"rendered":"<p>Prishtin\u00eb, 2 mars 2026 07:48<\/p>\n<p>Jav\u00eb m\u00eb par\u00eb, Kuvendi Komunal i Prishtin\u00ebs miratoi buxhetin p\u00ebr vitin 2026, n\u00eb vler\u00eb prej 151 milion\u00eb eurosh. Njoh\u00ebs t\u00eb qeverisjes lokale thon\u00eb se pavar\u00ebsisht ndarjes s\u00eb buxhetit, realizimi i projekteve varet nga shume faktor\u00eb.<\/p>\n<p>\u201cProcedurat e tejzgjatura, t\u00eb prokurimit, ankesa n\u00eb tender, probleme teknike rreth tenderit. C\u00ebshtjet e shpron\u00ebsimit\u201c, tha Valmir Ilazi, njoh\u00ebs i qeverisjes lokale.<\/p>\n<p>E nga Vet\u00ebvendosje n\u00eb Prishtin\u00eb thon\u00eb se qytetar\u00ebt nuk duhet t\u00eb ken\u00eb pritje t\u00eb m\u00ebdha, pasi sipas tyre, ka projekte jetike t\u00eb cilat ose jan\u00eb parapar\u00eb me shuma minimale ose nuk jan\u00eb parapar\u00eb fare.<\/p>\n<p>\u201cJan\u00eb ndar\u00eb buxhete t\u00eb m\u00ebdha, p\u00ebr projektet t\u00eb cilat kan\u00eb ndalesa gjyq\u00ebsore, v\u00ebrejtje nga ministrit\u00eb e ndryshme , me probleme t\u00eb natyr\u00ebs ligjore o procedurale. K\u00ebto tregojn\u00eb se edhe realizimi i k\u00ebtij buxheti do t\u00eb jet\u00eb negative\u201d, theksoi Feim Osmani nga LVV.<\/p>\n<p>Lidhja e Arb\u00ebris\u00eb me Pallatin e Rinis\u00eb, n\u00ebnkalimi Agim Ramadani e sheshi Xhorxh Bush po shihen nga ekzekutivi i Komun\u00ebs s\u00eb Prishtin\u00ebs, t\u00eb domosdoshme p\u00ebr t`u realizuar.<\/p>\n<p>\u201cT\u00eb gjitha k\u00ebto projekte gjend\u00ebn n\u00eb unaz\u00ebn e brendshme t\u00eb qytetit, dhe mund\u00ebsojn\u00eb gjithashtu k\u00ebt\u00eb tollovi n\u00eb trafik. \u201cE kemi edhe vazhdimin e rrug\u00ebs A e cila pritet q\u00eb deri n\u00eb maj apo qershor t\u00eb k\u00ebtij viti, Pastaj kemi edhe deportimin e Veternikut, q\u00eb e lidh rrug\u00ebn A me lagjen Emshir\u201d, theksoi G\u00ebzim Kastrati, drejtor i transformimit.<\/p>\n<p>Kuvendi i Kosov\u00ebs dit\u00eb m\u00eb par\u00eb ka miratuar rekomandimin q\u00eb buxheti p\u00ebr Prishtin\u00ebn t\u00eb p\u00ebrfshihet n\u00eb planifikimin buxhetor t\u00eb k\u00ebtij viti.<\/p>\n","protected":false},"excerpt":{"rendered":"<p>Prishtin\u00eb, 2 mars 2026 07:48 Jav\u00eb m\u00eb par\u00eb, Kuvendi Komunal i Prishtin\u00ebs miratoi buxhetin p\u00ebr vitin 2026, n\u00eb vler\u00eb prej 151 milion\u00eb eurosh. Njoh\u00ebs t\u00eb<\/p>\n","protected":false},"author":7,"featured_media":35337,"comment_status":"open","ping_status":"open","sticky":false,"template":"","format":"standard","meta":{"footnotes":""},"categories":[52],"tags":[],"class_list":["post-35336","post","type-post","status-publish","format-standard","has-post-thumbnail","hentry","category-komunat-sq"],"yoast_head":"<!-- This site is optimized with the Yoast SEO plugin v25.3.1 - https:\/\/yoast.com\/wordpress\/plugins\/seo\/ -->\n<title>Prishtina planifikon 151 milion\u00eb euro p\u00ebr projekte kapitale -<\/title>\n<meta name=\"robots\" content=\"index, follow, max-snippet:-1, max-image-preview:large, max-video-preview:-1\" \/>\n<link rel=\"canonical\" href=\"https:\/\/veritasinfo.org\/?p=35336\" \/>\n<meta property=\"og:locale\" content=\"en_US\" \/>\n<meta property=\"og:type\" content=\"article\" \/>\n<meta property=\"og:title\" content=\"Prishtina planifikon 151 milion\u00eb euro p\u00ebr projekte kapitale -\" \/>\n<meta property=\"og:description\" content=\"Prishtin\u00eb, 2 mars 2026 07:48 Jav\u00eb m\u00eb par\u00eb, Kuvendi Komunal i Prishtin\u00ebs miratoi buxhetin p\u00ebr vitin 2026, n\u00eb vler\u00eb prej 151 milion\u00eb eurosh. Njoh\u00ebs t\u00eb\" \/>\n<meta property=\"og:url\" content=\"https:\/\/veritasinfo.org\/?p=35336\" \/>\n<meta property=\"article:published_time\" content=\"2026-03-02T06:49:23+00:00\" \/>\n<meta property=\"og:image\" content=\"https:\/\/veritasinfo.org\/wp-content\/uploads\/2026\/03\/718628-86GBQ50XQU.jpg\" \/>\n\t<meta property=\"og:image:width\" content=\"780\" \/>\n\t<meta property=\"og:image:height\" content=\"500\" \/>\n\t<meta property=\"og:image:type\" content=\"image\/jpeg\" \/>\n<meta name=\"author\" content=\"US6\" \/>\n<meta name=\"twitter:card\" content=\"summary_large_image\" \/>\n<meta name=\"twitter:label1\" content=\"Written by\" \/>\n\t<meta name=\"twitter:data1\" content=\"US6\" \/>\n\t<meta name=\"twitter:label2\" content=\"Est. reading time\" \/>\n\t<meta name=\"twitter:data2\" content=\"2 minutes\" \/>\n<script type=\"application\/ld+json\" class=\"yoast-schema-graph\">{\"@context\":\"https:\/\/schema.org\",\"@graph\":[{\"@type\":\"WebPage\",\"@id\":\"https:\/\/veritasinfo.org\/?p=35336\",\"url\":\"https:\/\/veritasinfo.org\/?p=35336\",\"name\":\"Prishtina planifikon 151 milion\u00eb euro p\u00ebr projekte kapitale -\",\"isPartOf\":{\"@id\":\"https:\/\/veritasinfo.org\/#website\"},\"primaryImageOfPage\":{\"@id\":\"https:\/\/veritasinfo.org\/?p=35336#primaryimage\"},\"image\":{\"@id\":\"https:\/\/veritasinfo.org\/?p=35336#primaryimage\"},\"thumbnailUrl\":\"https:\/\/veritasinfo.org\/wp-content\/uploads\/2026\/03\/718628-86GBQ50XQU.jpg\",\"datePublished\":\"2026-03-02T06:49:23+00:00\",\"author\":{\"@id\":\"https:\/\/veritasinfo.org\/#\/schema\/person\/fe199eede04c3937362892b7444747cc\"},\"breadcrumb\":{\"@id\":\"https:\/\/veritasinfo.org\/?p=35336#breadcrumb\"},\"inLanguage\":\"en-US\",\"potentialAction\":[{\"@type\":\"ReadAction\",\"target\":[\"https:\/\/veritasinfo.org\/?p=35336\"]}]},{\"@type\":\"ImageObject\",\"inLanguage\":\"en-US\",\"@id\":\"https:\/\/veritasinfo.org\/?p=35336#primaryimage\",\"url\":\"https:\/\/veritasinfo.org\/wp-content\/uploads\/2026\/03\/718628-86GBQ50XQU.jpg\",\"contentUrl\":\"https:\/\/veritasinfo.org\/wp-content\/uploads\/2026\/03\/718628-86GBQ50XQU.jpg\",\"width\":780,\"height\":500},{\"@type\":\"BreadcrumbList\",\"@id\":\"https:\/\/veritasinfo.org\/?p=35336#breadcrumb\",\"itemListElement\":[{\"@type\":\"ListItem\",\"position\":1,\"name\":\"Home\",\"item\":\"https:\/\/veritasinfo.org\/\"},{\"@type\":\"ListItem\",\"position\":2,\"name\":\"Prishtina planifikon 151 milion\u00eb euro p\u00ebr projekte kapitale\"}]},{\"@type\":\"WebSite\",\"@id\":\"https:\/\/veritasinfo.org\/#website\",\"url\":\"https:\/\/veritasinfo.org\/\",\"name\":\"\",\"description\":\"\",\"potentialAction\":[{\"@type\":\"SearchAction\",\"target\":{\"@type\":\"EntryPoint\",\"urlTemplate\":\"https:\/\/veritasinfo.org\/?s={search_term_string}\"},\"query-input\":{\"@type\":\"PropertyValueSpecification\",\"valueRequired\":true,\"valueName\":\"search_term_string\"}}],\"inLanguage\":\"en-US\"},{\"@type\":\"Person\",\"@id\":\"https:\/\/veritasinfo.org\/#\/schema\/person\/fe199eede04c3937362892b7444747cc\",\"name\":\"US6\",\"image\":{\"@type\":\"ImageObject\",\"inLanguage\":\"en-US\",\"@id\":\"https:\/\/veritasinfo.org\/#\/schema\/person\/image\/\",\"url\":\"https:\/\/secure.gravatar.com\/avatar\/cb16c3c31c9d23b9b8c705964598220b3014e42ff51eb540ff23cefa3ae8c15f?s=96&d=mm&r=g\",\"contentUrl\":\"https:\/\/secure.gravatar.com\/avatar\/cb16c3c31c9d23b9b8c705964598220b3014e42ff51eb540ff23cefa3ae8c15f?s=96&d=mm&r=g\",\"caption\":\"US6\"},\"url\":\"https:\/\/veritasinfo.org\/?author=7\"}]}<\/script>\n<!-- \/ Yoast SEO plugin. -->","yoast_head_json":{"title":"Prishtina planifikon 151 milion\u00eb euro p\u00ebr projekte kapitale -","robots":{"index":"index","follow":"follow","max-snippet":"max-snippet:-1","max-image-preview":"max-image-preview:large","max-video-preview":"max-video-preview:-1"},"canonical":"https:\/\/veritasinfo.org\/?p=35336","og_locale":"en_US","og_type":"article","og_title":"Prishtina planifikon 151 milion\u00eb euro p\u00ebr projekte kapitale -","og_description":"Prishtin\u00eb, 2 mars 2026 07:48 Jav\u00eb m\u00eb par\u00eb, Kuvendi Komunal i Prishtin\u00ebs miratoi buxhetin p\u00ebr vitin 2026, n\u00eb vler\u00eb prej 151 milion\u00eb eurosh. Njoh\u00ebs t\u00eb","og_url":"https:\/\/veritasinfo.org\/?p=35336","article_published_time":"2026-03-02T06:49:23+00:00","og_image":[{"width":780,"height":500,"url":"https:\/\/veritasinfo.org\/wp-content\/uploads\/2026\/03\/718628-86GBQ50XQU.jpg","type":"image\/jpeg"}],"author":"US6","twitter_card":"summary_large_image","twitter_misc":{"Written by":"US6","Est. reading time":"2 minutes"},"schema":{"@context":"https:\/\/schema.org","@graph":[{"@type":"WebPage","@id":"https:\/\/veritasinfo.org\/?p=35336","url":"https:\/\/veritasinfo.org\/?p=35336","name":"Prishtina planifikon 151 milion\u00eb euro p\u00ebr projekte kapitale -","isPartOf":{"@id":"https:\/\/veritasinfo.org\/#website"},"primaryImageOfPage":{"@id":"https:\/\/veritasinfo.org\/?p=35336#primaryimage"},"image":{"@id":"https:\/\/veritasinfo.org\/?p=35336#primaryimage"},"thumbnailUrl":"https:\/\/veritasinfo.org\/wp-content\/uploads\/2026\/03\/718628-86GBQ50XQU.jpg","datePublished":"2026-03-02T06:49:23+00:00","author":{"@id":"https:\/\/veritasinfo.org\/#\/schema\/person\/fe199eede04c3937362892b7444747cc"},"breadcrumb":{"@id":"https:\/\/veritasinfo.org\/?p=35336#breadcrumb"},"inLanguage":"en-US","potentialAction":[{"@type":"ReadAction","target":["https:\/\/veritasinfo.org\/?p=35336"]}]},{"@type":"ImageObject","inLanguage":"en-US","@id":"https:\/\/veritasinfo.org\/?p=35336#primaryimage","url":"https:\/\/veritasinfo.org\/wp-content\/uploads\/2026\/03\/718628-86GBQ50XQU.jpg","contentUrl":"https:\/\/veritasinfo.org\/wp-content\/uploads\/2026\/03\/718628-86GBQ50XQU.jpg","width":780,"height":500},{"@type":"BreadcrumbList","@id":"https:\/\/veritasinfo.org\/?p=35336#breadcrumb","itemListElement":[{"@type":"ListItem","position":1,"name":"Home","item":"https:\/\/veritasinfo.org\/"},{"@type":"ListItem","position":2,"name":"Prishtina planifikon 151 milion\u00eb euro p\u00ebr projekte kapitale"}]},{"@type":"WebSite","@id":"https:\/\/veritasinfo.org\/#website","url":"https:\/\/veritasinfo.org\/","name":"","description":"","potentialAction":[{"@type":"SearchAction","target":{"@type":"EntryPoint","urlTemplate":"https:\/\/veritasinfo.org\/?s={search_term_string}"},"query-input":{"@type":"PropertyValueSpecification","valueRequired":true,"valueName":"search_term_string"}}],"inLanguage":"en-US"},{"@type":"Person","@id":"https:\/\/veritasinfo.org\/#\/schema\/person\/fe199eede04c3937362892b7444747cc","name":"US6","image":{"@type":"ImageObject","inLanguage":"en-US","@id":"https:\/\/veritasinfo.org\/#\/schema\/person\/image\/","url":"https:\/\/secure.gravatar.com\/avatar\/cb16c3c31c9d23b9b8c705964598220b3014e42ff51eb540ff23cefa3ae8c15f?s=96&d=mm&r=g","contentUrl":"https:\/\/secure.gravatar.com\/avatar\/cb16c3c31c9d23b9b8c705964598220b3014e42ff51eb540ff23cefa3ae8c15f?s=96&d=mm&r=g","caption":"US6"},"url":"https:\/\/veritasinfo.org\/?author=7"}]}},"featured_image_urls":{"full":["https:\/\/veritasinfo.org\/wp-content\/uploads\/2026\/03\/718628-86GBQ50XQU.jpg",780,500,false],"thumbnail":["https:\/\/veritasinfo.org\/wp-content\/uploads\/2026\/03\/718628-86GBQ50XQU-150x150.jpg",150,150,true],"medium":["https:\/\/veritasinfo.org\/wp-content\/uploads\/2026\/03\/718628-86GBQ50XQU-300x192.jpg",300,192,true],"medium_large":["https:\/\/veritasinfo.org\/wp-content\/uploads\/2026\/03\/718628-86GBQ50XQU-768x492.jpg",640,410,true],"large":["https:\/\/veritasinfo.org\/wp-content\/uploads\/2026\/03\/718628-86GBQ50XQU.jpg",640,410,false],"1536x1536":["https:\/\/veritasinfo.org\/wp-content\/uploads\/2026\/03\/718628-86GBQ50XQU.jpg",780,500,false],"2048x2048":["https:\/\/veritasinfo.org\/wp-content\/uploads\/2026\/03\/718628-86GBQ50XQU.jpg",780,500,false],"kreeti-slider-full":["https:\/\/veritasinfo.org\/wp-content\/uploads\/2026\/03\/718628-86GBQ50XQU.jpg",780,500,false],"kreeti-featured":["https:\/\/veritasinfo.org\/wp-content\/uploads\/2026\/03\/718628-86GBQ50XQU.jpg",780,500,false],"kreeti-medium":["https:\/\/veritasinfo.org\/wp-content\/uploads\/2026\/03\/718628-86GBQ50XQU.jpg",720,462,false],"kreeti-medium-square":["https:\/\/veritasinfo.org\/wp-content\/uploads\/2026\/03\/718628-86GBQ50XQU.jpg",350,224,false]},"author_info":{"info":["US6"]},"category_info":"<a href=\"https:\/\/veritasinfo.org\/?cat=52\" rel=\"category\">Komunat<\/a>","tag_info":"Komunat","comment_count":"0","_links":{"self":[{"href":"https:\/\/veritasinfo.org\/index.php?rest_route=\/wp\/v2\/posts\/35336","targetHints":{"allow":["GET"]}}],"collection":[{"href":"https:\/\/veritasinfo.org\/index.php?rest_route=\/wp\/v2\/posts"}],"about":[{"href":"https:\/\/veritasinfo.org\/index.php?rest_route=\/wp\/v2\/types\/post"}],"author":[{"embeddable":true,"href":"https:\/\/veritasinfo.org\/index.php?rest_route=\/wp\/v2\/users\/7"}],"replies":[{"embeddable":true,"href":"https:\/\/veritasinfo.org\/index.php?rest_route=%2Fwp%2Fv2%2Fcomments&post=35336"}],"version-history":[{"count":1,"href":"https:\/\/veritasinfo.org\/index.php?rest_route=\/wp\/v2\/posts\/35336\/revisions"}],"predecessor-version":[{"id":35338,"href":"https:\/\/veritasinfo.org\/index.php?rest_route=\/wp\/v2\/posts\/35336\/revisions\/35338"}],"wp:featuredmedia":[{"embeddable":true,"href":"https:\/\/veritasinfo.org\/index.php?rest_route=\/wp\/v2\/media\/35337"}],"wp:attachment":[{"href":"https:\/\/veritasinfo.org\/index.php?rest_route=%2Fwp%2Fv2%2Fmedia&parent=35336"}],"wp:term":[{"taxonomy":"category","embeddable":true,"href":"https:\/\/veritasinfo.org\/index.php?rest_route=%2Fwp%2Fv2%2Fcategories&post=35336"},{"taxonomy":"post_tag","embeddable":true,"href":"https:\/\/veritasinfo.org\/index.php?rest_route=%2Fwp%2Fv2%2Ftags&post=35336"}],"curies":[{"name":"wp","href":"https:\/\/api.w.org\/{rel}","templated":true}]}}