{"id":35318,"date":"2026-03-02T07:15:35","date_gmt":"2026-03-02T06:15:35","guid":{"rendered":"https:\/\/veritasinfo.org\/?p=35318"},"modified":"2026-03-02T07:15:35","modified_gmt":"2026-03-02T06:15:35","slug":"procesi-ndaj-ish-krereve-te-uck-se-drejt-fundit-avokatet-presin-epilog-pozitiv","status":"publish","type":"post","link":"https:\/\/veritasinfo.org\/?p=35318","title":{"rendered":"Procesi ndaj ish-krer\u00ebve t\u00eb U\u00c7K-s\u00eb drejt fundit, avokat\u00ebt presin epilog pozitiv"},"content":{"rendered":"<p>Prishtin\u00eb, 2 mars 2026 07:14<\/p>\n<p>Pas m\u00eb shum\u00eb se pes\u00eb vjet\u00ebsh, procesi gjyq\u00ebsor n\u00eb Hag\u00eb ndaj ish-krer\u00ebve t\u00eb U\u00c7K-s\u00eb po i afrohet p\u00ebrmbylljes, nd\u00ebrsa pal\u00ebt kan\u00eb paraqitur fjal\u00ebt p\u00ebrfundimtare dhe pritet vendimi i trupit gjykues.<\/p>\n<p>N\u00eb bank\u00ebn e t\u00eb akuzuarve jan\u00eb Hashim Tha\u00e7i, Kadri Veseli, Rexhep Selimi dhe Jakup Krasniqi, n\u00eb nj\u00eb proces q\u00eb ka zgjatur mbi pes\u00eb vjet dhe ka ngjallur reagime t\u00eb shumta brenda dhe jasht\u00eb vendit.<\/p>\n<p>Reagime pati edhe pas fjal\u00ebve p\u00ebrmbyll\u00ebse t\u00eb prokuroris\u00eb, mbrojtjes dhe vet\u00eb t\u00eb akuzuarve.<\/p>\n<p>Nd\u00ebr m\u00eb t\u00eb z\u00ebshmit ishte diplomati britanik John Stewart Duncan, i cili p\u00ebrmes postimeve t\u00eb tij theksoi se d\u00ebshmit\u00eb e d\u00ebshmitar\u00ebve nd\u00ebrkomb\u00ebtar\u00eb duhet t\u00eb ken\u00eb pesh\u00eb t\u00eb konsiderueshme n\u00eb vendimin final, duke shtuar se p\u00ebrshkrimi i situat\u00ebs n\u00eb terren nga Prokuroria nuk pasqyron plot\u00ebsisht realitetin.<\/p>\n<p>Avokat\u00ebt mbrojt\u00ebs e konsiderojn\u00eb vendimtare pik\u00ebrisht pesh\u00ebn e d\u00ebshmive nd\u00ebrkomb\u00ebtare.<\/p>\n<p>Avokati Ardian Bajraktari u shpreh se, n\u00ebse vendimi do t\u00eb bazohet n\u00eb provat dhe faktet e paraqitura gjat\u00eb procesit, at\u00ebher\u00eb pret pafaj\u00ebsi p\u00ebr t\u00eb kat\u00ebr t\u00eb akuzuarit.<\/p>\n<p>N\u00eb rast se vendimi do t\u00eb bazohet n\u00eb prova dhe fakte, epilogu real i k\u00ebtij procesi do t\u00eb jet\u00eb pafaj\u00ebsia e kat\u00ebrshes s\u00eb U\u00c7K-s\u00eb, sepse prokuroria nuk ka arritur t\u2019i argumentoj\u00eb tezat e saj\u201d, tha Bajraktari, duke shtuar se nj\u00eb vendim ndryshe, sipas tij, mund t\u00eb ket\u00eb pasoja politike dhe t\u00eb shfryt\u00ebzohet nga Serbia p\u00ebr t\u00eb delegjitimuar nd\u00ebrhyrjen e NATO-s dhe shpalljen e pavar\u00ebsis\u00eb s\u00eb Kosov\u00ebs.<\/p>\n<p>N\u00eb t\u00eb nj\u00ebjt\u00ebn linj\u00eb, avokati Skender Musa deklaroi p\u00ebr RTK se legjitimiteti i luft\u00ebs s\u00eb U\u00c7K-s\u00eb, sipas interpretimit t\u00eb tij, \u00ebsht\u00eb konfirmuar nga Gjykata Nd\u00ebrkomb\u00ebtare e Drejt\u00ebsis\u00eb, e cila ka vler\u00ebsuar se shpallja e pavar\u00ebsis\u00eb s\u00eb Kosov\u00ebs nuk ka shkelur t\u00eb drejt\u00ebn nd\u00ebrkomb\u00ebtare.<\/p>\n<p>Sipas Mus\u00ebs, asnj\u00eb gjykat\u00eb apo prokurori nuk mund t\u00eb kontestoj\u00eb ligjshm\u00ebrin\u00eb e nj\u00eb lufte \u00e7lirimtare t\u00eb nj\u00eb populli kund\u00ebr okupimit, duke theksuar se pavar\u00ebsia e Kosov\u00ebs erdhi si rezultat i asaj lufte.<\/p>\n<p>Nd\u00ebrkoh\u00eb, lidhur me protestat q\u00eb jan\u00eb mbajtur kund\u00ebr Gjykat\u00ebs Speciale, avokat\u00ebt vler\u00ebsojn\u00eb se ato jan\u00eb karakterizuar nga pjes\u00ebmarrje aktive e qytetar\u00ebve dhe i konsiderojn\u00eb k\u00ebrkesat p\u00ebr drejt\u00ebsi si legjitime, duke pasur parasysh pesh\u00ebn dhe koh\u00ebzgjatjen e k\u00ebtij procesi p\u00ebr vendin.<\/p>\n","protected":false},"excerpt":{"rendered":"<p>Prishtin\u00eb, 2 mars 2026 07:14 Pas m\u00eb shum\u00eb se pes\u00eb vjet\u00ebsh, procesi gjyq\u00ebsor n\u00eb Hag\u00eb ndaj ish-krer\u00ebve t\u00eb U\u00c7K-s\u00eb po i afrohet p\u00ebrmbylljes, nd\u00ebrsa pal\u00ebt<\/p>\n","protected":false},"author":7,"featured_media":35319,"comment_status":"open","ping_status":"open","sticky":false,"template":"","format":"standard","meta":{"footnotes":""},"categories":[60],"tags":[],"class_list":["post-35318","post","type-post","status-publish","format-standard","has-post-thumbnail","hentry","category-shoqerore-sq"],"yoast_head":"<!-- This site is optimized with the Yoast SEO plugin v25.3.1 - https:\/\/yoast.com\/wordpress\/plugins\/seo\/ -->\n<title>Procesi ndaj ish-krer\u00ebve t\u00eb U\u00c7K-s\u00eb drejt fundit, avokat\u00ebt presin epilog pozitiv -<\/title>\n<meta name=\"robots\" content=\"index, follow, max-snippet:-1, max-image-preview:large, max-video-preview:-1\" \/>\n<link rel=\"canonical\" href=\"https:\/\/veritasinfo.org\/?p=35318\" \/>\n<meta property=\"og:locale\" content=\"en_US\" \/>\n<meta property=\"og:type\" content=\"article\" \/>\n<meta property=\"og:title\" content=\"Procesi ndaj ish-krer\u00ebve t\u00eb U\u00c7K-s\u00eb drejt fundit, avokat\u00ebt presin epilog pozitiv -\" \/>\n<meta property=\"og:description\" content=\"Prishtin\u00eb, 2 mars 2026 07:14 Pas m\u00eb shum\u00eb se pes\u00eb vjet\u00ebsh, procesi gjyq\u00ebsor n\u00eb Hag\u00eb ndaj ish-krer\u00ebve t\u00eb U\u00c7K-s\u00eb po i afrohet p\u00ebrmbylljes, nd\u00ebrsa pal\u00ebt\" \/>\n<meta property=\"og:url\" content=\"https:\/\/veritasinfo.org\/?p=35318\" \/>\n<meta property=\"article:published_time\" content=\"2026-03-02T06:15:35+00:00\" \/>\n<meta property=\"og:image\" content=\"https:\/\/veritasinfo.org\/wp-content\/uploads\/2026\/03\/image.webp\" \/>\n\t<meta property=\"og:image:width\" content=\"1245\" \/>\n\t<meta property=\"og:image:height\" content=\"700\" \/>\n\t<meta property=\"og:image:type\" content=\"image\/webp\" \/>\n<meta name=\"author\" content=\"US6\" \/>\n<meta name=\"twitter:card\" content=\"summary_large_image\" \/>\n<meta name=\"twitter:label1\" content=\"Written by\" \/>\n\t<meta name=\"twitter:data1\" content=\"US6\" \/>\n\t<meta name=\"twitter:label2\" content=\"Est. reading time\" \/>\n\t<meta name=\"twitter:data2\" content=\"2 minutes\" \/>\n<script type=\"application\/ld+json\" class=\"yoast-schema-graph\">{\"@context\":\"https:\/\/schema.org\",\"@graph\":[{\"@type\":\"WebPage\",\"@id\":\"https:\/\/veritasinfo.org\/?p=35318\",\"url\":\"https:\/\/veritasinfo.org\/?p=35318\",\"name\":\"Procesi ndaj ish-krer\u00ebve t\u00eb U\u00c7K-s\u00eb drejt fundit, avokat\u00ebt presin epilog pozitiv -\",\"isPartOf\":{\"@id\":\"https:\/\/veritasinfo.org\/#website\"},\"primaryImageOfPage\":{\"@id\":\"https:\/\/veritasinfo.org\/?p=35318#primaryimage\"},\"image\":{\"@id\":\"https:\/\/veritasinfo.org\/?p=35318#primaryimage\"},\"thumbnailUrl\":\"https:\/\/veritasinfo.org\/wp-content\/uploads\/2026\/03\/image.webp\",\"datePublished\":\"2026-03-02T06:15:35+00:00\",\"author\":{\"@id\":\"https:\/\/veritasinfo.org\/#\/schema\/person\/fe199eede04c3937362892b7444747cc\"},\"breadcrumb\":{\"@id\":\"https:\/\/veritasinfo.org\/?p=35318#breadcrumb\"},\"inLanguage\":\"en-US\",\"potentialAction\":[{\"@type\":\"ReadAction\",\"target\":[\"https:\/\/veritasinfo.org\/?p=35318\"]}]},{\"@type\":\"ImageObject\",\"inLanguage\":\"en-US\",\"@id\":\"https:\/\/veritasinfo.org\/?p=35318#primaryimage\",\"url\":\"https:\/\/veritasinfo.org\/wp-content\/uploads\/2026\/03\/image.webp\",\"contentUrl\":\"https:\/\/veritasinfo.org\/wp-content\/uploads\/2026\/03\/image.webp\",\"width\":1245,\"height\":700},{\"@type\":\"BreadcrumbList\",\"@id\":\"https:\/\/veritasinfo.org\/?p=35318#breadcrumb\",\"itemListElement\":[{\"@type\":\"ListItem\",\"position\":1,\"name\":\"Home\",\"item\":\"https:\/\/veritasinfo.org\/\"},{\"@type\":\"ListItem\",\"position\":2,\"name\":\"Procesi ndaj ish-krer\u00ebve t\u00eb U\u00c7K-s\u00eb drejt fundit, avokat\u00ebt presin epilog pozitiv\"}]},{\"@type\":\"WebSite\",\"@id\":\"https:\/\/veritasinfo.org\/#website\",\"url\":\"https:\/\/veritasinfo.org\/\",\"name\":\"\",\"description\":\"\",\"potentialAction\":[{\"@type\":\"SearchAction\",\"target\":{\"@type\":\"EntryPoint\",\"urlTemplate\":\"https:\/\/veritasinfo.org\/?s={search_term_string}\"},\"query-input\":{\"@type\":\"PropertyValueSpecification\",\"valueRequired\":true,\"valueName\":\"search_term_string\"}}],\"inLanguage\":\"en-US\"},{\"@type\":\"Person\",\"@id\":\"https:\/\/veritasinfo.org\/#\/schema\/person\/fe199eede04c3937362892b7444747cc\",\"name\":\"US6\",\"image\":{\"@type\":\"ImageObject\",\"inLanguage\":\"en-US\",\"@id\":\"https:\/\/veritasinfo.org\/#\/schema\/person\/image\/\",\"url\":\"https:\/\/secure.gravatar.com\/avatar\/cb16c3c31c9d23b9b8c705964598220b3014e42ff51eb540ff23cefa3ae8c15f?s=96&d=mm&r=g\",\"contentUrl\":\"https:\/\/secure.gravatar.com\/avatar\/cb16c3c31c9d23b9b8c705964598220b3014e42ff51eb540ff23cefa3ae8c15f?s=96&d=mm&r=g\",\"caption\":\"US6\"},\"url\":\"https:\/\/veritasinfo.org\/?author=7\"}]}<\/script>\n<!-- \/ Yoast SEO plugin. -->","yoast_head_json":{"title":"Procesi ndaj ish-krer\u00ebve t\u00eb U\u00c7K-s\u00eb drejt fundit, avokat\u00ebt presin epilog pozitiv -","robots":{"index":"index","follow":"follow","max-snippet":"max-snippet:-1","max-image-preview":"max-image-preview:large","max-video-preview":"max-video-preview:-1"},"canonical":"https:\/\/veritasinfo.org\/?p=35318","og_locale":"en_US","og_type":"article","og_title":"Procesi ndaj ish-krer\u00ebve t\u00eb U\u00c7K-s\u00eb drejt fundit, avokat\u00ebt presin epilog pozitiv -","og_description":"Prishtin\u00eb, 2 mars 2026 07:14 Pas m\u00eb shum\u00eb se pes\u00eb vjet\u00ebsh, procesi gjyq\u00ebsor n\u00eb Hag\u00eb ndaj ish-krer\u00ebve t\u00eb U\u00c7K-s\u00eb po i afrohet p\u00ebrmbylljes, nd\u00ebrsa pal\u00ebt","og_url":"https:\/\/veritasinfo.org\/?p=35318","article_published_time":"2026-03-02T06:15:35+00:00","og_image":[{"width":1245,"height":700,"url":"https:\/\/veritasinfo.org\/wp-content\/uploads\/2026\/03\/image.webp","type":"image\/webp"}],"author":"US6","twitter_card":"summary_large_image","twitter_misc":{"Written by":"US6","Est. reading time":"2 minutes"},"schema":{"@context":"https:\/\/schema.org","@graph":[{"@type":"WebPage","@id":"https:\/\/veritasinfo.org\/?p=35318","url":"https:\/\/veritasinfo.org\/?p=35318","name":"Procesi ndaj ish-krer\u00ebve t\u00eb U\u00c7K-s\u00eb drejt fundit, avokat\u00ebt presin epilog pozitiv -","isPartOf":{"@id":"https:\/\/veritasinfo.org\/#website"},"primaryImageOfPage":{"@id":"https:\/\/veritasinfo.org\/?p=35318#primaryimage"},"image":{"@id":"https:\/\/veritasinfo.org\/?p=35318#primaryimage"},"thumbnailUrl":"https:\/\/veritasinfo.org\/wp-content\/uploads\/2026\/03\/image.webp","datePublished":"2026-03-02T06:15:35+00:00","author":{"@id":"https:\/\/veritasinfo.org\/#\/schema\/person\/fe199eede04c3937362892b7444747cc"},"breadcrumb":{"@id":"https:\/\/veritasinfo.org\/?p=35318#breadcrumb"},"inLanguage":"en-US","potentialAction":[{"@type":"ReadAction","target":["https:\/\/veritasinfo.org\/?p=35318"]}]},{"@type":"ImageObject","inLanguage":"en-US","@id":"https:\/\/veritasinfo.org\/?p=35318#primaryimage","url":"https:\/\/veritasinfo.org\/wp-content\/uploads\/2026\/03\/image.webp","contentUrl":"https:\/\/veritasinfo.org\/wp-content\/uploads\/2026\/03\/image.webp","width":1245,"height":700},{"@type":"BreadcrumbList","@id":"https:\/\/veritasinfo.org\/?p=35318#breadcrumb","itemListElement":[{"@type":"ListItem","position":1,"name":"Home","item":"https:\/\/veritasinfo.org\/"},{"@type":"ListItem","position":2,"name":"Procesi ndaj ish-krer\u00ebve t\u00eb U\u00c7K-s\u00eb drejt fundit, avokat\u00ebt presin epilog pozitiv"}]},{"@type":"WebSite","@id":"https:\/\/veritasinfo.org\/#website","url":"https:\/\/veritasinfo.org\/","name":"","description":"","potentialAction":[{"@type":"SearchAction","target":{"@type":"EntryPoint","urlTemplate":"https:\/\/veritasinfo.org\/?s={search_term_string}"},"query-input":{"@type":"PropertyValueSpecification","valueRequired":true,"valueName":"search_term_string"}}],"inLanguage":"en-US"},{"@type":"Person","@id":"https:\/\/veritasinfo.org\/#\/schema\/person\/fe199eede04c3937362892b7444747cc","name":"US6","image":{"@type":"ImageObject","inLanguage":"en-US","@id":"https:\/\/veritasinfo.org\/#\/schema\/person\/image\/","url":"https:\/\/secure.gravatar.com\/avatar\/cb16c3c31c9d23b9b8c705964598220b3014e42ff51eb540ff23cefa3ae8c15f?s=96&d=mm&r=g","contentUrl":"https:\/\/secure.gravatar.com\/avatar\/cb16c3c31c9d23b9b8c705964598220b3014e42ff51eb540ff23cefa3ae8c15f?s=96&d=mm&r=g","caption":"US6"},"url":"https:\/\/veritasinfo.org\/?author=7"}]}},"featured_image_urls":{"full":["https:\/\/veritasinfo.org\/wp-content\/uploads\/2026\/03\/image.webp",1245,700,false],"thumbnail":["https:\/\/veritasinfo.org\/wp-content\/uploads\/2026\/03\/image-150x150.webp",150,150,true],"medium":["https:\/\/veritasinfo.org\/wp-content\/uploads\/2026\/03\/image-300x169.webp",300,169,true],"medium_large":["https:\/\/veritasinfo.org\/wp-content\/uploads\/2026\/03\/image-768x432.webp",640,360,true],"large":["https:\/\/veritasinfo.org\/wp-content\/uploads\/2026\/03\/image-1024x576.webp",640,360,true],"1536x1536":["https:\/\/veritasinfo.org\/wp-content\/uploads\/2026\/03\/image.webp",1245,700,false],"2048x2048":["https:\/\/veritasinfo.org\/wp-content\/uploads\/2026\/03\/image.webp",1245,700,false],"kreeti-slider-full":["https:\/\/veritasinfo.org\/wp-content\/uploads\/2026\/03\/image.webp",1245,700,false],"kreeti-featured":["https:\/\/veritasinfo.org\/wp-content\/uploads\/2026\/03\/image.webp",1024,576,false],"kreeti-medium":["https:\/\/veritasinfo.org\/wp-content\/uploads\/2026\/03\/image.webp",720,405,false],"kreeti-medium-square":["https:\/\/veritasinfo.org\/wp-content\/uploads\/2026\/03\/image.webp",350,197,false]},"author_info":{"info":["US6"]},"category_info":"<a href=\"https:\/\/veritasinfo.org\/?cat=60\" rel=\"category\">Shoq\u00ebrore<\/a>","tag_info":"Shoq\u00ebrore","comment_count":"0","_links":{"self":[{"href":"https:\/\/veritasinfo.org\/index.php?rest_route=\/wp\/v2\/posts\/35318","targetHints":{"allow":["GET"]}}],"collection":[{"href":"https:\/\/veritasinfo.org\/index.php?rest_route=\/wp\/v2\/posts"}],"about":[{"href":"https:\/\/veritasinfo.org\/index.php?rest_route=\/wp\/v2\/types\/post"}],"author":[{"embeddable":true,"href":"https:\/\/veritasinfo.org\/index.php?rest_route=\/wp\/v2\/users\/7"}],"replies":[{"embeddable":true,"href":"https:\/\/veritasinfo.org\/index.php?rest_route=%2Fwp%2Fv2%2Fcomments&post=35318"}],"version-history":[{"count":1,"href":"https:\/\/veritasinfo.org\/index.php?rest_route=\/wp\/v2\/posts\/35318\/revisions"}],"predecessor-version":[{"id":35320,"href":"https:\/\/veritasinfo.org\/index.php?rest_route=\/wp\/v2\/posts\/35318\/revisions\/35320"}],"wp:featuredmedia":[{"embeddable":true,"href":"https:\/\/veritasinfo.org\/index.php?rest_route=\/wp\/v2\/media\/35319"}],"wp:attachment":[{"href":"https:\/\/veritasinfo.org\/index.php?rest_route=%2Fwp%2Fv2%2Fmedia&parent=35318"}],"wp:term":[{"taxonomy":"category","embeddable":true,"href":"https:\/\/veritasinfo.org\/index.php?rest_route=%2Fwp%2Fv2%2Fcategories&post=35318"},{"taxonomy":"post_tag","embeddable":true,"href":"https:\/\/veritasinfo.org\/index.php?rest_route=%2Fwp%2Fv2%2Ftags&post=35318"}],"curies":[{"name":"wp","href":"https:\/\/api.w.org\/{rel}","templated":true}]}}