{"id":35285,"date":"2026-03-01T17:04:40","date_gmt":"2026-03-01T16:04:40","guid":{"rendered":"https:\/\/veritasinfo.org\/?p=35285"},"modified":"2026-03-01T17:04:40","modified_gmt":"2026-03-01T16:04:40","slug":"shkarkohet-drejtori-i-pergjithshem-i-policise-ne-shqiperi-ilir-proda","status":"publish","type":"post","link":"https:\/\/veritasinfo.org\/?p=35285","title":{"rendered":"Shkarkohet drejtori i P\u00ebrgjithsh\u00ebm i Policis\u00eb n\u00eb Shqip\u00ebri, Ilir Proda"},"content":{"rendered":"<p>Prishtin\u00eb, 1 mars 2026 17:05<\/p>\n<p style=\"font-weight: 400;\">Drejtori i P\u00ebrgjithsh\u00ebm i Policis\u00eb s\u00eb Shteti n\u00eb Shqip\u00ebri, Ilir Proda \u00ebsht\u00eb shkarkuar. Mediat n\u00eb Shqip\u00ebri raportojn\u00eb se shkarkimi i tij erdhi pasi nuk u garantua siguria e qytetar\u00ebve gjat\u00eb t\u00eb shtun\u00ebs n\u00eb mbr\u00ebmje kur protestat e organizuara nga opozita u shoq\u00ebruan me shum\u00eb sulme e d\u00ebme.<\/p>\n<p style=\"font-weight: 400;\">Raportohet po ashtu se \u00ebsht\u00eb shkarkuar edhe drejtori i Policis\u00eb s\u00eb Tiran\u00ebs, Elton Alushi.<\/p>\n<p style=\"font-weight: 400;\">N\u00eb protest\u00ebn e mbr\u00ebmshme u dogj ish-residenca e diktatorit Enver Hoxha n\u00eb qend\u00ebr t\u00eb Tiran\u00ebs. Sulmi ndodhi gjat\u00eb protest\u00ebs s\u00eb mbr\u00ebmshme t\u00eb opozit\u00ebs, ku pati goditje me mjete ndez\u00ebse ndaj objektit, duke shkaktuar d\u00ebme materiale.<\/p>\n<p style=\"font-weight: 400;\">P\u00ebr ngjarjen e mbr\u00ebmshme kan\u00eb reaguar edhe Ambasada e Franc\u00ebs n\u00eb Tiran\u00eb dhe kryeministri i Shqip\u00ebris\u00eb Edi Rama, t\u00eb cil\u00ebt i d\u00ebnuan veprimet e protestuesve. Ish-residenca q\u00eb nga viti 2025 funksionon si rezidenc\u00eb p\u00ebr artist\u00eb nd\u00ebrkomb\u00ebtar\u00eb.<\/p>\n<p style=\"font-weight: 400;\">Sipas policis\u00eb atje, n\u00eb ambientet e vil\u00ebs ndodheshin t\u00eb pakt\u00ebn 12 artist\u00eb t\u00eb huaj, t\u00eb cil\u00ebt u rrezikuan nga aktet e dhun\u00ebs.<\/p>\n<p style=\"font-weight: 400;\">E djegia e fasad\u00ebs s\u00eb ish-residenc\u00ebs s\u00eb Enver Hoxh\u00ebs, duket se i ka kushtuar me karrier\u00eb Ilir Prod\u00ebs. Si\u00e7 raportojn\u00eb mediat n\u00eb Shqip\u00ebri, n\u00eb vend t\u00eb tij \u00ebsht\u00eb em\u00ebruar Sokol Bizhga.<\/p>\n","protected":false},"excerpt":{"rendered":"<p>Prishtin\u00eb, 1 mars 2026 17:05 Drejtori i P\u00ebrgjithsh\u00ebm i Policis\u00eb s\u00eb Shteti n\u00eb Shqip\u00ebri, Ilir Proda \u00ebsht\u00eb shkarkuar. Mediat n\u00eb Shqip\u00ebri raportojn\u00eb se shkarkimi i<\/p>\n","protected":false},"author":7,"featured_media":35286,"comment_status":"open","ping_status":"open","sticky":false,"template":"","format":"standard","meta":{"footnotes":""},"categories":[60],"tags":[],"class_list":["post-35285","post","type-post","status-publish","format-standard","has-post-thumbnail","hentry","category-shoqerore-sq"],"yoast_head":"<!-- This site is optimized with the Yoast SEO plugin v25.3.1 - https:\/\/yoast.com\/wordpress\/plugins\/seo\/ -->\n<title>Shkarkohet drejtori i P\u00ebrgjithsh\u00ebm i Policis\u00eb n\u00eb Shqip\u00ebri, Ilir Proda -<\/title>\n<meta name=\"robots\" content=\"index, follow, max-snippet:-1, max-image-preview:large, max-video-preview:-1\" \/>\n<link rel=\"canonical\" href=\"https:\/\/veritasinfo.org\/?p=35285\" \/>\n<meta property=\"og:locale\" content=\"en_US\" \/>\n<meta property=\"og:type\" content=\"article\" \/>\n<meta property=\"og:title\" content=\"Shkarkohet drejtori i P\u00ebrgjithsh\u00ebm i Policis\u00eb n\u00eb Shqip\u00ebri, Ilir Proda -\" \/>\n<meta property=\"og:description\" content=\"Prishtin\u00eb, 1 mars 2026 17:05 Drejtori i P\u00ebrgjithsh\u00ebm i Policis\u00eb s\u00eb Shteti n\u00eb Shqip\u00ebri, Ilir Proda \u00ebsht\u00eb shkarkuar. Mediat n\u00eb Shqip\u00ebri raportojn\u00eb se shkarkimi i\" \/>\n<meta property=\"og:url\" content=\"https:\/\/veritasinfo.org\/?p=35285\" \/>\n<meta property=\"article:published_time\" content=\"2026-03-01T16:04:40+00:00\" \/>\n<meta property=\"og:image\" content=\"https:\/\/veritasinfo.org\/wp-content\/uploads\/2026\/03\/1-4.jpg\" \/>\n\t<meta property=\"og:image:width\" content=\"646\" \/>\n\t<meta property=\"og:image:height\" content=\"481\" \/>\n\t<meta property=\"og:image:type\" content=\"image\/jpeg\" \/>\n<meta name=\"author\" content=\"US6\" \/>\n<meta name=\"twitter:card\" content=\"summary_large_image\" \/>\n<meta name=\"twitter:label1\" content=\"Written by\" \/>\n\t<meta name=\"twitter:data1\" content=\"US6\" \/>\n\t<meta name=\"twitter:label2\" content=\"Est. reading time\" \/>\n\t<meta name=\"twitter:data2\" content=\"2 minutes\" \/>\n<script type=\"application\/ld+json\" class=\"yoast-schema-graph\">{\"@context\":\"https:\/\/schema.org\",\"@graph\":[{\"@type\":\"WebPage\",\"@id\":\"https:\/\/veritasinfo.org\/?p=35285\",\"url\":\"https:\/\/veritasinfo.org\/?p=35285\",\"name\":\"Shkarkohet drejtori i P\u00ebrgjithsh\u00ebm i Policis\u00eb n\u00eb Shqip\u00ebri, Ilir Proda -\",\"isPartOf\":{\"@id\":\"https:\/\/veritasinfo.org\/#website\"},\"primaryImageOfPage\":{\"@id\":\"https:\/\/veritasinfo.org\/?p=35285#primaryimage\"},\"image\":{\"@id\":\"https:\/\/veritasinfo.org\/?p=35285#primaryimage\"},\"thumbnailUrl\":\"https:\/\/veritasinfo.org\/wp-content\/uploads\/2026\/03\/1-4.jpg\",\"datePublished\":\"2026-03-01T16:04:40+00:00\",\"author\":{\"@id\":\"https:\/\/veritasinfo.org\/#\/schema\/person\/fe199eede04c3937362892b7444747cc\"},\"breadcrumb\":{\"@id\":\"https:\/\/veritasinfo.org\/?p=35285#breadcrumb\"},\"inLanguage\":\"en-US\",\"potentialAction\":[{\"@type\":\"ReadAction\",\"target\":[\"https:\/\/veritasinfo.org\/?p=35285\"]}]},{\"@type\":\"ImageObject\",\"inLanguage\":\"en-US\",\"@id\":\"https:\/\/veritasinfo.org\/?p=35285#primaryimage\",\"url\":\"https:\/\/veritasinfo.org\/wp-content\/uploads\/2026\/03\/1-4.jpg\",\"contentUrl\":\"https:\/\/veritasinfo.org\/wp-content\/uploads\/2026\/03\/1-4.jpg\",\"width\":646,\"height\":481},{\"@type\":\"BreadcrumbList\",\"@id\":\"https:\/\/veritasinfo.org\/?p=35285#breadcrumb\",\"itemListElement\":[{\"@type\":\"ListItem\",\"position\":1,\"name\":\"Home\",\"item\":\"https:\/\/veritasinfo.org\/\"},{\"@type\":\"ListItem\",\"position\":2,\"name\":\"Shkarkohet drejtori i P\u00ebrgjithsh\u00ebm i Policis\u00eb n\u00eb Shqip\u00ebri, Ilir Proda\"}]},{\"@type\":\"WebSite\",\"@id\":\"https:\/\/veritasinfo.org\/#website\",\"url\":\"https:\/\/veritasinfo.org\/\",\"name\":\"\",\"description\":\"\",\"potentialAction\":[{\"@type\":\"SearchAction\",\"target\":{\"@type\":\"EntryPoint\",\"urlTemplate\":\"https:\/\/veritasinfo.org\/?s={search_term_string}\"},\"query-input\":{\"@type\":\"PropertyValueSpecification\",\"valueRequired\":true,\"valueName\":\"search_term_string\"}}],\"inLanguage\":\"en-US\"},{\"@type\":\"Person\",\"@id\":\"https:\/\/veritasinfo.org\/#\/schema\/person\/fe199eede04c3937362892b7444747cc\",\"name\":\"US6\",\"image\":{\"@type\":\"ImageObject\",\"inLanguage\":\"en-US\",\"@id\":\"https:\/\/veritasinfo.org\/#\/schema\/person\/image\/\",\"url\":\"https:\/\/secure.gravatar.com\/avatar\/cb16c3c31c9d23b9b8c705964598220b3014e42ff51eb540ff23cefa3ae8c15f?s=96&d=mm&r=g\",\"contentUrl\":\"https:\/\/secure.gravatar.com\/avatar\/cb16c3c31c9d23b9b8c705964598220b3014e42ff51eb540ff23cefa3ae8c15f?s=96&d=mm&r=g\",\"caption\":\"US6\"},\"url\":\"https:\/\/veritasinfo.org\/?author=7\"}]}<\/script>\n<!-- \/ Yoast SEO plugin. -->","yoast_head_json":{"title":"Shkarkohet drejtori i P\u00ebrgjithsh\u00ebm i Policis\u00eb n\u00eb Shqip\u00ebri, Ilir Proda -","robots":{"index":"index","follow":"follow","max-snippet":"max-snippet:-1","max-image-preview":"max-image-preview:large","max-video-preview":"max-video-preview:-1"},"canonical":"https:\/\/veritasinfo.org\/?p=35285","og_locale":"en_US","og_type":"article","og_title":"Shkarkohet drejtori i P\u00ebrgjithsh\u00ebm i Policis\u00eb n\u00eb Shqip\u00ebri, Ilir Proda -","og_description":"Prishtin\u00eb, 1 mars 2026 17:05 Drejtori i P\u00ebrgjithsh\u00ebm i Policis\u00eb s\u00eb Shteti n\u00eb Shqip\u00ebri, Ilir Proda \u00ebsht\u00eb shkarkuar. Mediat n\u00eb Shqip\u00ebri raportojn\u00eb se shkarkimi i","og_url":"https:\/\/veritasinfo.org\/?p=35285","article_published_time":"2026-03-01T16:04:40+00:00","og_image":[{"width":646,"height":481,"url":"https:\/\/veritasinfo.org\/wp-content\/uploads\/2026\/03\/1-4.jpg","type":"image\/jpeg"}],"author":"US6","twitter_card":"summary_large_image","twitter_misc":{"Written by":"US6","Est. reading time":"2 minutes"},"schema":{"@context":"https:\/\/schema.org","@graph":[{"@type":"WebPage","@id":"https:\/\/veritasinfo.org\/?p=35285","url":"https:\/\/veritasinfo.org\/?p=35285","name":"Shkarkohet drejtori i P\u00ebrgjithsh\u00ebm i Policis\u00eb n\u00eb Shqip\u00ebri, Ilir Proda -","isPartOf":{"@id":"https:\/\/veritasinfo.org\/#website"},"primaryImageOfPage":{"@id":"https:\/\/veritasinfo.org\/?p=35285#primaryimage"},"image":{"@id":"https:\/\/veritasinfo.org\/?p=35285#primaryimage"},"thumbnailUrl":"https:\/\/veritasinfo.org\/wp-content\/uploads\/2026\/03\/1-4.jpg","datePublished":"2026-03-01T16:04:40+00:00","author":{"@id":"https:\/\/veritasinfo.org\/#\/schema\/person\/fe199eede04c3937362892b7444747cc"},"breadcrumb":{"@id":"https:\/\/veritasinfo.org\/?p=35285#breadcrumb"},"inLanguage":"en-US","potentialAction":[{"@type":"ReadAction","target":["https:\/\/veritasinfo.org\/?p=35285"]}]},{"@type":"ImageObject","inLanguage":"en-US","@id":"https:\/\/veritasinfo.org\/?p=35285#primaryimage","url":"https:\/\/veritasinfo.org\/wp-content\/uploads\/2026\/03\/1-4.jpg","contentUrl":"https:\/\/veritasinfo.org\/wp-content\/uploads\/2026\/03\/1-4.jpg","width":646,"height":481},{"@type":"BreadcrumbList","@id":"https:\/\/veritasinfo.org\/?p=35285#breadcrumb","itemListElement":[{"@type":"ListItem","position":1,"name":"Home","item":"https:\/\/veritasinfo.org\/"},{"@type":"ListItem","position":2,"name":"Shkarkohet drejtori i P\u00ebrgjithsh\u00ebm i Policis\u00eb n\u00eb Shqip\u00ebri, Ilir Proda"}]},{"@type":"WebSite","@id":"https:\/\/veritasinfo.org\/#website","url":"https:\/\/veritasinfo.org\/","name":"","description":"","potentialAction":[{"@type":"SearchAction","target":{"@type":"EntryPoint","urlTemplate":"https:\/\/veritasinfo.org\/?s={search_term_string}"},"query-input":{"@type":"PropertyValueSpecification","valueRequired":true,"valueName":"search_term_string"}}],"inLanguage":"en-US"},{"@type":"Person","@id":"https:\/\/veritasinfo.org\/#\/schema\/person\/fe199eede04c3937362892b7444747cc","name":"US6","image":{"@type":"ImageObject","inLanguage":"en-US","@id":"https:\/\/veritasinfo.org\/#\/schema\/person\/image\/","url":"https:\/\/secure.gravatar.com\/avatar\/cb16c3c31c9d23b9b8c705964598220b3014e42ff51eb540ff23cefa3ae8c15f?s=96&d=mm&r=g","contentUrl":"https:\/\/secure.gravatar.com\/avatar\/cb16c3c31c9d23b9b8c705964598220b3014e42ff51eb540ff23cefa3ae8c15f?s=96&d=mm&r=g","caption":"US6"},"url":"https:\/\/veritasinfo.org\/?author=7"}]}},"featured_image_urls":{"full":["https:\/\/veritasinfo.org\/wp-content\/uploads\/2026\/03\/1-4.jpg",646,481,false],"thumbnail":["https:\/\/veritasinfo.org\/wp-content\/uploads\/2026\/03\/1-4-150x150.jpg",150,150,true],"medium":["https:\/\/veritasinfo.org\/wp-content\/uploads\/2026\/03\/1-4-300x223.jpg",300,223,true],"medium_large":["https:\/\/veritasinfo.org\/wp-content\/uploads\/2026\/03\/1-4.jpg",640,477,false],"large":["https:\/\/veritasinfo.org\/wp-content\/uploads\/2026\/03\/1-4.jpg",640,477,false],"1536x1536":["https:\/\/veritasinfo.org\/wp-content\/uploads\/2026\/03\/1-4.jpg",646,481,false],"2048x2048":["https:\/\/veritasinfo.org\/wp-content\/uploads\/2026\/03\/1-4.jpg",646,481,false],"kreeti-slider-full":["https:\/\/veritasinfo.org\/wp-content\/uploads\/2026\/03\/1-4.jpg",646,481,false],"kreeti-featured":["https:\/\/veritasinfo.org\/wp-content\/uploads\/2026\/03\/1-4.jpg",646,481,false],"kreeti-medium":["https:\/\/veritasinfo.org\/wp-content\/uploads\/2026\/03\/1-4.jpg",646,481,false],"kreeti-medium-square":["https:\/\/veritasinfo.org\/wp-content\/uploads\/2026\/03\/1-4.jpg",350,261,false]},"author_info":{"info":["US6"]},"category_info":"<a href=\"https:\/\/veritasinfo.org\/?cat=60\" rel=\"category\">Shoq\u00ebrore<\/a>","tag_info":"Shoq\u00ebrore","comment_count":"0","_links":{"self":[{"href":"https:\/\/veritasinfo.org\/index.php?rest_route=\/wp\/v2\/posts\/35285","targetHints":{"allow":["GET"]}}],"collection":[{"href":"https:\/\/veritasinfo.org\/index.php?rest_route=\/wp\/v2\/posts"}],"about":[{"href":"https:\/\/veritasinfo.org\/index.php?rest_route=\/wp\/v2\/types\/post"}],"author":[{"embeddable":true,"href":"https:\/\/veritasinfo.org\/index.php?rest_route=\/wp\/v2\/users\/7"}],"replies":[{"embeddable":true,"href":"https:\/\/veritasinfo.org\/index.php?rest_route=%2Fwp%2Fv2%2Fcomments&post=35285"}],"version-history":[{"count":1,"href":"https:\/\/veritasinfo.org\/index.php?rest_route=\/wp\/v2\/posts\/35285\/revisions"}],"predecessor-version":[{"id":35287,"href":"https:\/\/veritasinfo.org\/index.php?rest_route=\/wp\/v2\/posts\/35285\/revisions\/35287"}],"wp:featuredmedia":[{"embeddable":true,"href":"https:\/\/veritasinfo.org\/index.php?rest_route=\/wp\/v2\/media\/35286"}],"wp:attachment":[{"href":"https:\/\/veritasinfo.org\/index.php?rest_route=%2Fwp%2Fv2%2Fmedia&parent=35285"}],"wp:term":[{"taxonomy":"category","embeddable":true,"href":"https:\/\/veritasinfo.org\/index.php?rest_route=%2Fwp%2Fv2%2Fcategories&post=35285"},{"taxonomy":"post_tag","embeddable":true,"href":"https:\/\/veritasinfo.org\/index.php?rest_route=%2Fwp%2Fv2%2Ftags&post=35285"}],"curies":[{"name":"wp","href":"https:\/\/api.w.org\/{rel}","templated":true}]}}