{"id":35283,"date":"2026-03-01T16:06:55","date_gmt":"2026-03-01T15:06:55","guid":{"rendered":"https:\/\/veritasinfo.org\/?p=35283"},"modified":"2026-03-01T16:06:55","modified_gmt":"2026-03-01T15:06:55","slug":"kurti-murat-jasari-bi-bio-pravi-izbor-za-predsednika","status":"publish","type":"post","link":"https:\/\/veritasinfo.org\/?p=35283&lang=sr","title":{"rendered":"Kurti: Murat Ja\u0161ari bi bio pravi izbor za predsednika"},"content":{"rendered":"<p>Pri\u0161tina, 1. mart 2026. 15:57<\/p>\n<p>Premijer Aljbin Kurti, na sastanku Generalnog saveta, govorio je o pitanju predsednika, isti\u010duc\u0301i da bi li\u010dnost Murata Ja\u0161arija bila \u201epravo re\u0161enje u pravo vreme\u201c.<\/p>\n<p>Kurti je naglasio da bi takva li\u010dnost iz porodice Ja\u0161ari bila prihvatljiva za ceo politi\u010dki spektar zemlje.<\/p>\n<p>\u201eTakva li\u010dnost, nesumnjiva za sve, svakako bi bio kandidat iz amblemati\u010dne porodice Ja\u0161ari. Moje uverenje je bilo i nastavlja da bude da bi li\u010dnost, profesor i li\u010dnost poput Murata Ja\u0161arija u\u017eivala podr\u0161ku celog politi\u010dkog spektra. To bi bila \u010dast za Republiku, stabilnost za instituciju i bezbednost za naciju\u201c, izjavio je on.<\/p>\n<p>Kurti je dodao da trenutne geopoliti\u010dke okolnosti, uklju\u010dujuc\u0301i rat u Ukrajini, tenzije na Bliskom istoku i pretnje iz Srbije, zahtevaju trenutak razmi\u0161ljanja i li\u010dnost koja mo\u017ee da se suo\u010di sa izazovima zemlje.<\/p>\n<p>\u201eGeopoliti\u010dke okolnosti, od rata u Ukrajini, sukoba na Bliskom istoku, kao i uzastopnih napada iz Srbije, uklju\u010dujuc\u0301i teroristi\u010dku agresiju u Banjskoj, teroristi\u010dki napad na kanal Ibar-Lepenac i svakodnevne pretnje na\u0161eg severnog suseda, zahtevaju trenutak razmi\u0161ljanja i li\u010dnost koja mo\u017ee da izdr\u017ei oluje sa kojima se na\u0161a zemlja mo\u017ee suo\u010diti. U te\u0161kim vremenima, prona\u0161li smo podr\u0161ku i inspiraciju kod porodice Ja\u0161ari, ba\u0161 kao \u0161to smo je prona\u0161li kod vrhovnog komandanata Adema Ja\u0161arija, stoga bi danas izbor profesora Murata Ja\u0161arija bio pravi izbor u pravo vreme\u201c, dodao je.<\/p>\n<p>Kurti je tako\u0111e podvukao va\u017enost institucionalnog i odgovornog procesa u izboru predsednika.<\/p>\n<p>Pomenuo je posvec\u0301enost koju je Vlada pokrenula nakon svog formiranja, s obzirom na kratko vreme i va\u017enost postizanja politi\u010dkog konsenzusa.<\/p>\n<p>Kurti je tako\u0111e podvukao va\u017enost institucionalnog i odgovornog procesa u izboru predsednika.<\/p>\n<p>Pomenuo je posvec\u0301enost koju je Vlada pokrenula nakon svog formiranja, s obzirom na kratko vreme i va\u017enost postizanja politi\u010dkog konsenzusa.<\/p>\n<p>\u201eNakon formiranja vlade, zapo\u010deli smo intenzivno anga\u017eovanje u ovom procesu, uzimajuc\u0301i u obzir kratko vreme koje imamo na raspolaganju, ali uvek bez zaboravljanja su\u0161tinske \u010dinjenice da je za izbor predsednika potrebno 80 glasova u Skup\u0161tini. Bio sam svestan da Pokret Samoopredeljenje sam po sebi nema potreban broj glasova, nema 80 glasova. Iz tog razloga, odmah sam uspostavio kontakte sa liderima dve najvec\u0301e opozicione stranke, kako bismo razgovarali o na\u010dinima za prevazila\u017eenje ovog izazova na institucionalan i odgovoran na\u010din. Sastanci su bili konstruktivni i u po\u010detku je postojao dogovor da zemlji treba ujedinjujuc\u0301a figura\u201c, rekao je Kurti.<\/p>\n<p>Dalje je objavio da je na drugom sastanku sa liderom Demokratske partije Kosova (PDK), Bedrijem Hamzom, objavljeno da PDK vidi moguc\u0301nost da sledec\u0301i predsednik do\u0111e iz redova ove stranke.<\/p>\n<p>Prema njegovim re\u010dima, ako se ne mo\u017ee pronac\u0301i ujedinjujuc\u0301a figura koja pru\u017ea \u0161iroku podr\u0161ku, druga opcija je da svaki entitet predlo\u017ei svog kandidata i kandiduje se u Skup\u0161tini Kosova.<\/p>\n<p>Uz sve ovo, nakon drugog sastanka sa liderom PDK-a, Bedrijem Hamzom, obave\u0161ten sam stavom njihovog rukovodstva da smatraju da predsednik od sledec\u0301e nedelje treba da bude iz PDK-a. Na osnovu ovog stava, mislim da kandidat mo\u017ee biti iz bilo kog entiteta, ali na kraju krajeva, izbor za predsednika nije garantovan strana\u010dkom pripadno\u0161c\u0301u vec\u0301 glasovima u Skup\u0161tini. \u201eAko ne uspemo da prona\u0111emo ujedinjujuc\u0301u figuru koja obezbe\u0111uje podr\u0161ku najmanje 80 poslanika, onda je jedna od preostalih opcija da svaki entitet predlo\u017ei svog kandidata stranke i da svi podnesu zahtev za takmi\u010denje u parlamentu\u201c, rekao je Kurti.<\/p>\n<p>Tako\u0111e je najavio da c\u0301e se sutra sastati sa liderom DSK, Lumirom Abdid\u017eikuom, kako bi razgovarali o ovom pitanju i ovom procesu.<\/p>\n<p>Premijer Kurti je tako\u0111e izjavio da ako se entiteti dogovore o otvorenom takmi\u010denju, onda c\u0301e i Pokret Samoopredeljenje imati svog kandidata.<\/p>\n<p>Prema Kurtiju, va\u017eno je da se zemlja ne podvrgne jo\u0161 jednom izbornom procesu.<\/p>\n<p>Nasuprot tome, Murat Ja\u0161ari, sin Rifata Ja\u0161arija, brata Adema Ja\u0161arija, i drugi \u010dlanovi porodice, jasno su stavili do znanja ranije ove nedelje da nemaju ambicije za funkciju predsednika i da bi takvu poziciju razmatrali samo u slu\u010daju vanrednog ili ratnog stanja.<\/p>\n<p>U me\u0111uvremenu, aktuelna predsednica, Vjosa Osmani, rekla je da \u017eeli jo\u0161 jedan mandat, ali&#8230; Pokroviteljstvo veroispovesti, koje ju je nominovalo za prvi mandat, sada ne pominje njeno ime.<\/p>\n<p>\u010cak ni opozicione stranke izgleda nemaju glasove za nju, jer su je povremeno kritikovale zbog pristrasnosti u korist Kurtijeve stranke.<\/p>\n","protected":false},"excerpt":{"rendered":"<p>Pri\u0161tina, 1. mart 2026. 15:57 Premijer Aljbin Kurti, na sastanku Generalnog saveta, govorio je o pitanju predsednika, isti\u010duc\u0301i da bi li\u010dnost Murata Ja\u0161arija bila \u201epravo<\/p>\n","protected":false},"author":7,"featured_media":35281,"comment_status":"open","ping_status":"open","sticky":false,"template":"","format":"standard","meta":{"footnotes":""},"categories":[28],"tags":[],"class_list":["post-35283","post","type-post","status-publish","format-standard","has-post-thumbnail","hentry","category-politika"],"yoast_head":"<!-- This site is optimized with the Yoast SEO plugin v25.3.1 - https:\/\/yoast.com\/wordpress\/plugins\/seo\/ -->\n<title>Kurti: Murat Ja\u0161ari bi bio pravi izbor za predsednika -<\/title>\n<meta name=\"robots\" content=\"index, follow, max-snippet:-1, max-image-preview:large, max-video-preview:-1\" \/>\n<link rel=\"canonical\" href=\"https:\/\/veritasinfo.org\/?p=35283&lang=sr\" \/>\n<meta property=\"og:locale\" content=\"en_US\" \/>\n<meta property=\"og:type\" content=\"article\" \/>\n<meta property=\"og:title\" content=\"Kurti: Murat Ja\u0161ari bi bio pravi izbor za predsednika -\" \/>\n<meta property=\"og:description\" content=\"Pri\u0161tina, 1. mart 2026. 15:57 Premijer Aljbin Kurti, na sastanku Generalnog saveta, govorio je o pitanju predsednika, isti\u010duc\u0301i da bi li\u010dnost Murata Ja\u0161arija bila \u201epravo\" \/>\n<meta property=\"og:url\" content=\"https:\/\/veritasinfo.org\/?p=35283&amp;lang=sr\" \/>\n<meta property=\"article:published_time\" content=\"2026-03-01T15:06:55+00:00\" \/>\n<meta property=\"og:image\" content=\"https:\/\/veritasinfo.org\/wp-content\/uploads\/2026\/03\/kurtii.jpg\" \/>\n\t<meta property=\"og:image:width\" content=\"811\" \/>\n\t<meta property=\"og:image:height\" content=\"498\" \/>\n\t<meta property=\"og:image:type\" content=\"image\/jpeg\" \/>\n<meta name=\"author\" content=\"US6\" \/>\n<meta name=\"twitter:card\" content=\"summary_large_image\" \/>\n<meta name=\"twitter:label1\" content=\"Written by\" \/>\n\t<meta name=\"twitter:data1\" content=\"US6\" \/>\n\t<meta name=\"twitter:label2\" content=\"Est. reading time\" \/>\n\t<meta name=\"twitter:data2\" content=\"4 minutes\" \/>\n<script type=\"application\/ld+json\" class=\"yoast-schema-graph\">{\"@context\":\"https:\/\/schema.org\",\"@graph\":[{\"@type\":\"WebPage\",\"@id\":\"https:\/\/veritasinfo.org\/?p=35283&lang=sr\",\"url\":\"https:\/\/veritasinfo.org\/?p=35283&lang=sr\",\"name\":\"Kurti: Murat Ja\u0161ari bi bio pravi izbor za predsednika -\",\"isPartOf\":{\"@id\":\"https:\/\/veritasinfo.org\/#website\"},\"primaryImageOfPage\":{\"@id\":\"https:\/\/veritasinfo.org\/?p=35283&lang=sr#primaryimage\"},\"image\":{\"@id\":\"https:\/\/veritasinfo.org\/?p=35283&lang=sr#primaryimage\"},\"thumbnailUrl\":\"https:\/\/veritasinfo.org\/wp-content\/uploads\/2026\/03\/kurtii.jpg\",\"datePublished\":\"2026-03-01T15:06:55+00:00\",\"author\":{\"@id\":\"https:\/\/veritasinfo.org\/#\/schema\/person\/fe199eede04c3937362892b7444747cc\"},\"breadcrumb\":{\"@id\":\"https:\/\/veritasinfo.org\/?p=35283&lang=sr#breadcrumb\"},\"inLanguage\":\"en-US\",\"potentialAction\":[{\"@type\":\"ReadAction\",\"target\":[\"https:\/\/veritasinfo.org\/?p=35283&lang=sr\"]}]},{\"@type\":\"ImageObject\",\"inLanguage\":\"en-US\",\"@id\":\"https:\/\/veritasinfo.org\/?p=35283&lang=sr#primaryimage\",\"url\":\"https:\/\/veritasinfo.org\/wp-content\/uploads\/2026\/03\/kurtii.jpg\",\"contentUrl\":\"https:\/\/veritasinfo.org\/wp-content\/uploads\/2026\/03\/kurtii.jpg\",\"width\":811,\"height\":498},{\"@type\":\"BreadcrumbList\",\"@id\":\"https:\/\/veritasinfo.org\/?p=35283&lang=sr#breadcrumb\",\"itemListElement\":[{\"@type\":\"ListItem\",\"position\":1,\"name\":\"Home\",\"item\":\"https:\/\/veritasinfo.org\/\"},{\"@type\":\"ListItem\",\"position\":2,\"name\":\"Kurti: Murat Ja\u0161ari bi bio pravi izbor za predsednika\"}]},{\"@type\":\"WebSite\",\"@id\":\"https:\/\/veritasinfo.org\/#website\",\"url\":\"https:\/\/veritasinfo.org\/\",\"name\":\"\",\"description\":\"\",\"potentialAction\":[{\"@type\":\"SearchAction\",\"target\":{\"@type\":\"EntryPoint\",\"urlTemplate\":\"https:\/\/veritasinfo.org\/?s={search_term_string}\"},\"query-input\":{\"@type\":\"PropertyValueSpecification\",\"valueRequired\":true,\"valueName\":\"search_term_string\"}}],\"inLanguage\":\"en-US\"},{\"@type\":\"Person\",\"@id\":\"https:\/\/veritasinfo.org\/#\/schema\/person\/fe199eede04c3937362892b7444747cc\",\"name\":\"US6\",\"image\":{\"@type\":\"ImageObject\",\"inLanguage\":\"en-US\",\"@id\":\"https:\/\/veritasinfo.org\/#\/schema\/person\/image\/\",\"url\":\"https:\/\/secure.gravatar.com\/avatar\/cb16c3c31c9d23b9b8c705964598220b3014e42ff51eb540ff23cefa3ae8c15f?s=96&d=mm&r=g\",\"contentUrl\":\"https:\/\/secure.gravatar.com\/avatar\/cb16c3c31c9d23b9b8c705964598220b3014e42ff51eb540ff23cefa3ae8c15f?s=96&d=mm&r=g\",\"caption\":\"US6\"},\"url\":\"https:\/\/veritasinfo.org\/?author=7\"}]}<\/script>\n<!-- \/ Yoast SEO plugin. -->","yoast_head_json":{"title":"Kurti: Murat Ja\u0161ari bi bio pravi izbor za predsednika -","robots":{"index":"index","follow":"follow","max-snippet":"max-snippet:-1","max-image-preview":"max-image-preview:large","max-video-preview":"max-video-preview:-1"},"canonical":"https:\/\/veritasinfo.org\/?p=35283&lang=sr","og_locale":"en_US","og_type":"article","og_title":"Kurti: Murat Ja\u0161ari bi bio pravi izbor za predsednika -","og_description":"Pri\u0161tina, 1. mart 2026. 15:57 Premijer Aljbin Kurti, na sastanku Generalnog saveta, govorio je o pitanju predsednika, isti\u010duc\u0301i da bi li\u010dnost Murata Ja\u0161arija bila \u201epravo","og_url":"https:\/\/veritasinfo.org\/?p=35283&lang=sr","article_published_time":"2026-03-01T15:06:55+00:00","og_image":[{"width":811,"height":498,"url":"https:\/\/veritasinfo.org\/wp-content\/uploads\/2026\/03\/kurtii.jpg","type":"image\/jpeg"}],"author":"US6","twitter_card":"summary_large_image","twitter_misc":{"Written by":"US6","Est. reading time":"4 minutes"},"schema":{"@context":"https:\/\/schema.org","@graph":[{"@type":"WebPage","@id":"https:\/\/veritasinfo.org\/?p=35283&lang=sr","url":"https:\/\/veritasinfo.org\/?p=35283&lang=sr","name":"Kurti: Murat Ja\u0161ari bi bio pravi izbor za predsednika -","isPartOf":{"@id":"https:\/\/veritasinfo.org\/#website"},"primaryImageOfPage":{"@id":"https:\/\/veritasinfo.org\/?p=35283&lang=sr#primaryimage"},"image":{"@id":"https:\/\/veritasinfo.org\/?p=35283&lang=sr#primaryimage"},"thumbnailUrl":"https:\/\/veritasinfo.org\/wp-content\/uploads\/2026\/03\/kurtii.jpg","datePublished":"2026-03-01T15:06:55+00:00","author":{"@id":"https:\/\/veritasinfo.org\/#\/schema\/person\/fe199eede04c3937362892b7444747cc"},"breadcrumb":{"@id":"https:\/\/veritasinfo.org\/?p=35283&lang=sr#breadcrumb"},"inLanguage":"en-US","potentialAction":[{"@type":"ReadAction","target":["https:\/\/veritasinfo.org\/?p=35283&lang=sr"]}]},{"@type":"ImageObject","inLanguage":"en-US","@id":"https:\/\/veritasinfo.org\/?p=35283&lang=sr#primaryimage","url":"https:\/\/veritasinfo.org\/wp-content\/uploads\/2026\/03\/kurtii.jpg","contentUrl":"https:\/\/veritasinfo.org\/wp-content\/uploads\/2026\/03\/kurtii.jpg","width":811,"height":498},{"@type":"BreadcrumbList","@id":"https:\/\/veritasinfo.org\/?p=35283&lang=sr#breadcrumb","itemListElement":[{"@type":"ListItem","position":1,"name":"Home","item":"https:\/\/veritasinfo.org\/"},{"@type":"ListItem","position":2,"name":"Kurti: Murat Ja\u0161ari bi bio pravi izbor za predsednika"}]},{"@type":"WebSite","@id":"https:\/\/veritasinfo.org\/#website","url":"https:\/\/veritasinfo.org\/","name":"","description":"","potentialAction":[{"@type":"SearchAction","target":{"@type":"EntryPoint","urlTemplate":"https:\/\/veritasinfo.org\/?s={search_term_string}"},"query-input":{"@type":"PropertyValueSpecification","valueRequired":true,"valueName":"search_term_string"}}],"inLanguage":"en-US"},{"@type":"Person","@id":"https:\/\/veritasinfo.org\/#\/schema\/person\/fe199eede04c3937362892b7444747cc","name":"US6","image":{"@type":"ImageObject","inLanguage":"en-US","@id":"https:\/\/veritasinfo.org\/#\/schema\/person\/image\/","url":"https:\/\/secure.gravatar.com\/avatar\/cb16c3c31c9d23b9b8c705964598220b3014e42ff51eb540ff23cefa3ae8c15f?s=96&d=mm&r=g","contentUrl":"https:\/\/secure.gravatar.com\/avatar\/cb16c3c31c9d23b9b8c705964598220b3014e42ff51eb540ff23cefa3ae8c15f?s=96&d=mm&r=g","caption":"US6"},"url":"https:\/\/veritasinfo.org\/?author=7"}]}},"featured_image_urls":{"full":["https:\/\/veritasinfo.org\/wp-content\/uploads\/2026\/03\/kurtii.jpg",811,498,false],"thumbnail":["https:\/\/veritasinfo.org\/wp-content\/uploads\/2026\/03\/kurtii-150x150.jpg",150,150,true],"medium":["https:\/\/veritasinfo.org\/wp-content\/uploads\/2026\/03\/kurtii-300x184.jpg",300,184,true],"medium_large":["https:\/\/veritasinfo.org\/wp-content\/uploads\/2026\/03\/kurtii-768x472.jpg",640,393,true],"large":["https:\/\/veritasinfo.org\/wp-content\/uploads\/2026\/03\/kurtii.jpg",640,393,false],"1536x1536":["https:\/\/veritasinfo.org\/wp-content\/uploads\/2026\/03\/kurtii.jpg",811,498,false],"2048x2048":["https:\/\/veritasinfo.org\/wp-content\/uploads\/2026\/03\/kurtii.jpg",811,498,false],"kreeti-slider-full":["https:\/\/veritasinfo.org\/wp-content\/uploads\/2026\/03\/kurtii.jpg",811,498,false],"kreeti-featured":["https:\/\/veritasinfo.org\/wp-content\/uploads\/2026\/03\/kurtii.jpg",811,498,false],"kreeti-medium":["https:\/\/veritasinfo.org\/wp-content\/uploads\/2026\/03\/kurtii.jpg",720,442,false],"kreeti-medium-square":["https:\/\/veritasinfo.org\/wp-content\/uploads\/2026\/03\/kurtii.jpg",350,215,false]},"author_info":{"info":["US6"]},"category_info":"<a href=\"https:\/\/veritasinfo.org\/?cat=28&#038;lang=sr\" rel=\"category\">Politika<\/a>","tag_info":"Politika","comment_count":"0","_links":{"self":[{"href":"https:\/\/veritasinfo.org\/index.php?rest_route=\/wp\/v2\/posts\/35283","targetHints":{"allow":["GET"]}}],"collection":[{"href":"https:\/\/veritasinfo.org\/index.php?rest_route=\/wp\/v2\/posts"}],"about":[{"href":"https:\/\/veritasinfo.org\/index.php?rest_route=\/wp\/v2\/types\/post"}],"author":[{"embeddable":true,"href":"https:\/\/veritasinfo.org\/index.php?rest_route=\/wp\/v2\/users\/7"}],"replies":[{"embeddable":true,"href":"https:\/\/veritasinfo.org\/index.php?rest_route=%2Fwp%2Fv2%2Fcomments&post=35283"}],"version-history":[{"count":1,"href":"https:\/\/veritasinfo.org\/index.php?rest_route=\/wp\/v2\/posts\/35283\/revisions"}],"predecessor-version":[{"id":35284,"href":"https:\/\/veritasinfo.org\/index.php?rest_route=\/wp\/v2\/posts\/35283\/revisions\/35284"}],"wp:featuredmedia":[{"embeddable":true,"href":"https:\/\/veritasinfo.org\/index.php?rest_route=\/wp\/v2\/media\/35281"}],"wp:attachment":[{"href":"https:\/\/veritasinfo.org\/index.php?rest_route=%2Fwp%2Fv2%2Fmedia&parent=35283"}],"wp:term":[{"taxonomy":"category","embeddable":true,"href":"https:\/\/veritasinfo.org\/index.php?rest_route=%2Fwp%2Fv2%2Fcategories&post=35283"},{"taxonomy":"post_tag","embeddable":true,"href":"https:\/\/veritasinfo.org\/index.php?rest_route=%2Fwp%2Fv2%2Ftags&post=35283"}],"curies":[{"name":"wp","href":"https:\/\/api.w.org\/{rel}","templated":true}]}}