{"id":35265,"date":"2026-03-01T12:44:00","date_gmt":"2026-03-01T11:44:00","guid":{"rendered":"https:\/\/veritasinfo.org\/?p=35265"},"modified":"2026-03-01T12:44:00","modified_gmt":"2026-03-01T11:44:00","slug":"mbledhje-e-jashtezakonshme-e-keshillit-te-sigurise-pas-zhvillimeve-ne-iran","status":"publish","type":"post","link":"https:\/\/veritasinfo.org\/?p=35265","title":{"rendered":"Mbledhje e jasht\u00ebzakonshme e K\u00ebshillit t\u00eb Siguris\u00eb pas zhvillimeve n\u00eb Iran"},"content":{"rendered":"<p>Prishtin\u00eb, 1 mars 2026 12:43<\/p>\n<p>\u00cbsht\u00eb mbajtur mbr\u00ebm\u00eb von\u00eb mbledhja e jasht\u00ebzakonshme e K\u00ebshillit t\u00eb Siguris\u00eb s\u00eb Kosov\u00ebs, me k\u00ebrkes\u00eb t\u00eb kryeministrit Albin Kurti, p\u00ebr t\u00eb diskutuar zhvillimet e fundit t\u00eb siguris\u00eb n\u00eb Lindjen e Mesme.<\/p>\n<p>Sipas njoftimit t\u00eb Qeveris\u00eb, mbledhja u thirr p\u00ebr t\u00eb analizuar situat\u00ebn e krijuar pas operacionit ushtarak \u201cEpic Fury\u201d t\u00eb Shtetet e Bashkuara t\u00eb Amerik\u00ebs dhe forcave partnere kund\u00ebr Iran.<\/p>\n<p>Kryeministri Kurti ka ritheksuar q\u00ebndrimin e institucioneve t\u00eb Kosov\u00ebs p\u00ebr mb\u00ebshtetjen e aleat\u00ebve strategjik\u00eb, ve\u00e7an\u00ebrisht Shtetet e Bashkuara t\u00eb Amerik\u00ebs, n\u00eb p\u00ebrpjekjet p\u00ebr ruajtjen e paqes dhe siguris\u00eb nd\u00ebrkomb\u00ebtare.<\/p>\n<p>\u201cRepublika e Kosov\u00ebs, n\u00eb p\u00ebrputhje me orientimin e saj euroatlantik dhe partneritetin e ngusht\u00eb me SHBA-t\u00eb, mb\u00ebshtet veprimet e nd\u00ebrmarra ndaj objektivave t\u00eb regjimit t\u00eb Ajatollah\u00ebve n\u00eb Iran\u201d, thuhet n\u00eb njoftim, ku theksohet se masat synojn\u00eb parandalimin e p\u00ebrshkall\u00ebzimit dhe kufizimin e kapaciteteve destabilizuese n\u00eb rajon.<\/p>\n<p>N\u00eb t\u00eb nj\u00ebjt\u00ebn koh\u00eb, Kosova ka shprehur solidaritet me popullin iranian dhe aspiratat e tyre p\u00ebr \u201cliri, dinjitet dhe t\u00eb drejta themelore\u201d.<\/p>\n<p>Institucionet e siguris\u00eb b\u00ebjn\u00eb t\u00eb ditur se tashm\u00eb jan\u00eb nd\u00ebrmarr\u00eb t\u00eb gjitha masat e nevojshme p\u00ebr ruajtjen e rendit dhe siguris\u00eb n\u00eb vend dhe se situata n\u00eb Lindjen e Mesme po monitorohet nga af\u00ebr, p\u00ebrfshir\u00eb implikimet e mundshme p\u00ebr rajonin.<\/p>\n<p>&#8220;I b\u00ebjm\u00eb thirrje qytetar\u00ebve t\u00eb Republik\u00ebs s\u00eb Kosov\u00ebs q\u00eb t\u00eb q\u00ebndrojn\u00eb t\u00eb qet\u00eb dhe t\u00eb informohen vet\u00ebm p\u00ebrmes kanaleve zyrtare dhe burimeve kredibile t\u00eb informimit, dhe t\u00eb mos bien pre e dezinformatave dhe propagand\u00ebs q\u00eb kan\u00eb p\u00ebr synim destabilizimin e vendit dhe krijimin e pasiguris\u00eb, tensioneve apo p\u00ebrhapjen e narrativeve kund\u00ebr shtet\u00ebsis\u00eb dhe siguris\u00eb s\u00eb Republik\u00ebs s\u00eb Kosov\u00eb&#8221;, thuhet n\u00eb njoftimin e Qeveris\u00eb<\/p>\n<p>Mes tjerash theksohet se Republika e Kosov\u00ebs mbetet nj\u00eb partnere e besueshme dhe e p\u00ebrkushtuar e komunitetit euroatlantik dhe do t\u00eb vazhdoj\u00eb t\u00eb kontribuoj\u00eb n\u00eb p\u00ebrpjekjet e p\u00ebrbashk\u00ebta p\u00ebr paqe, siguri dhe stabilitet global.<\/p>\n","protected":false},"excerpt":{"rendered":"<p>Prishtin\u00eb, 1 mars 2026 12:43 \u00cbsht\u00eb mbajtur mbr\u00ebm\u00eb von\u00eb mbledhja e jasht\u00ebzakonshme e K\u00ebshillit t\u00eb Siguris\u00eb s\u00eb Kosov\u00ebs, me k\u00ebrkes\u00eb t\u00eb kryeministrit Albin Kurti, p\u00ebr<\/p>\n","protected":false},"author":7,"featured_media":35266,"comment_status":"open","ping_status":"open","sticky":false,"template":"","format":"standard","meta":{"footnotes":""},"categories":[109],"tags":[],"class_list":["post-35265","post","type-post","status-publish","format-standard","has-post-thumbnail","hentry","category-siguri"],"yoast_head":"<!-- This site is optimized with the Yoast SEO plugin v25.3.1 - https:\/\/yoast.com\/wordpress\/plugins\/seo\/ -->\n<title>Mbledhje e jasht\u00ebzakonshme e K\u00ebshillit t\u00eb Siguris\u00eb pas zhvillimeve n\u00eb Iran -<\/title>\n<meta name=\"robots\" content=\"index, follow, max-snippet:-1, max-image-preview:large, max-video-preview:-1\" \/>\n<link rel=\"canonical\" href=\"https:\/\/veritasinfo.org\/?p=35265\" \/>\n<meta property=\"og:locale\" content=\"en_US\" \/>\n<meta property=\"og:type\" content=\"article\" \/>\n<meta property=\"og:title\" content=\"Mbledhje e jasht\u00ebzakonshme e K\u00ebshillit t\u00eb Siguris\u00eb pas zhvillimeve n\u00eb Iran -\" \/>\n<meta property=\"og:description\" content=\"Prishtin\u00eb, 1 mars 2026 12:43 \u00cbsht\u00eb mbajtur mbr\u00ebm\u00eb von\u00eb mbledhja e jasht\u00ebzakonshme e K\u00ebshillit t\u00eb Siguris\u00eb s\u00eb Kosov\u00ebs, me k\u00ebrkes\u00eb t\u00eb kryeministrit Albin Kurti, p\u00ebr\" \/>\n<meta property=\"og:url\" content=\"https:\/\/veritasinfo.org\/?p=35265\" \/>\n<meta property=\"article:published_time\" content=\"2026-03-01T11:44:00+00:00\" \/>\n<meta property=\"og:image\" content=\"https:\/\/veritasinfo.org\/wp-content\/uploads\/2026\/03\/1-2.jpg\" \/>\n\t<meta property=\"og:image:width\" content=\"780\" \/>\n\t<meta property=\"og:image:height\" content=\"500\" \/>\n\t<meta property=\"og:image:type\" content=\"image\/jpeg\" \/>\n<meta name=\"author\" content=\"US6\" \/>\n<meta name=\"twitter:card\" content=\"summary_large_image\" \/>\n<meta name=\"twitter:label1\" content=\"Written by\" \/>\n\t<meta name=\"twitter:data1\" content=\"US6\" \/>\n\t<meta name=\"twitter:label2\" content=\"Est. reading time\" \/>\n\t<meta name=\"twitter:data2\" content=\"2 minutes\" \/>\n<script type=\"application\/ld+json\" class=\"yoast-schema-graph\">{\"@context\":\"https:\/\/schema.org\",\"@graph\":[{\"@type\":\"WebPage\",\"@id\":\"https:\/\/veritasinfo.org\/?p=35265\",\"url\":\"https:\/\/veritasinfo.org\/?p=35265\",\"name\":\"Mbledhje e jasht\u00ebzakonshme e K\u00ebshillit t\u00eb Siguris\u00eb pas zhvillimeve n\u00eb Iran -\",\"isPartOf\":{\"@id\":\"https:\/\/veritasinfo.org\/#website\"},\"primaryImageOfPage\":{\"@id\":\"https:\/\/veritasinfo.org\/?p=35265#primaryimage\"},\"image\":{\"@id\":\"https:\/\/veritasinfo.org\/?p=35265#primaryimage\"},\"thumbnailUrl\":\"https:\/\/veritasinfo.org\/wp-content\/uploads\/2026\/03\/1-2.jpg\",\"datePublished\":\"2026-03-01T11:44:00+00:00\",\"author\":{\"@id\":\"https:\/\/veritasinfo.org\/#\/schema\/person\/fe199eede04c3937362892b7444747cc\"},\"breadcrumb\":{\"@id\":\"https:\/\/veritasinfo.org\/?p=35265#breadcrumb\"},\"inLanguage\":\"en-US\",\"potentialAction\":[{\"@type\":\"ReadAction\",\"target\":[\"https:\/\/veritasinfo.org\/?p=35265\"]}]},{\"@type\":\"ImageObject\",\"inLanguage\":\"en-US\",\"@id\":\"https:\/\/veritasinfo.org\/?p=35265#primaryimage\",\"url\":\"https:\/\/veritasinfo.org\/wp-content\/uploads\/2026\/03\/1-2.jpg\",\"contentUrl\":\"https:\/\/veritasinfo.org\/wp-content\/uploads\/2026\/03\/1-2.jpg\",\"width\":780,\"height\":500},{\"@type\":\"BreadcrumbList\",\"@id\":\"https:\/\/veritasinfo.org\/?p=35265#breadcrumb\",\"itemListElement\":[{\"@type\":\"ListItem\",\"position\":1,\"name\":\"Home\",\"item\":\"https:\/\/veritasinfo.org\/\"},{\"@type\":\"ListItem\",\"position\":2,\"name\":\"Mbledhje e jasht\u00ebzakonshme e K\u00ebshillit t\u00eb Siguris\u00eb pas zhvillimeve n\u00eb Iran\"}]},{\"@type\":\"WebSite\",\"@id\":\"https:\/\/veritasinfo.org\/#website\",\"url\":\"https:\/\/veritasinfo.org\/\",\"name\":\"\",\"description\":\"\",\"potentialAction\":[{\"@type\":\"SearchAction\",\"target\":{\"@type\":\"EntryPoint\",\"urlTemplate\":\"https:\/\/veritasinfo.org\/?s={search_term_string}\"},\"query-input\":{\"@type\":\"PropertyValueSpecification\",\"valueRequired\":true,\"valueName\":\"search_term_string\"}}],\"inLanguage\":\"en-US\"},{\"@type\":\"Person\",\"@id\":\"https:\/\/veritasinfo.org\/#\/schema\/person\/fe199eede04c3937362892b7444747cc\",\"name\":\"US6\",\"image\":{\"@type\":\"ImageObject\",\"inLanguage\":\"en-US\",\"@id\":\"https:\/\/veritasinfo.org\/#\/schema\/person\/image\/\",\"url\":\"https:\/\/secure.gravatar.com\/avatar\/cb16c3c31c9d23b9b8c705964598220b3014e42ff51eb540ff23cefa3ae8c15f?s=96&d=mm&r=g\",\"contentUrl\":\"https:\/\/secure.gravatar.com\/avatar\/cb16c3c31c9d23b9b8c705964598220b3014e42ff51eb540ff23cefa3ae8c15f?s=96&d=mm&r=g\",\"caption\":\"US6\"},\"url\":\"https:\/\/veritasinfo.org\/?author=7\"}]}<\/script>\n<!-- \/ Yoast SEO plugin. -->","yoast_head_json":{"title":"Mbledhje e jasht\u00ebzakonshme e K\u00ebshillit t\u00eb Siguris\u00eb pas zhvillimeve n\u00eb Iran -","robots":{"index":"index","follow":"follow","max-snippet":"max-snippet:-1","max-image-preview":"max-image-preview:large","max-video-preview":"max-video-preview:-1"},"canonical":"https:\/\/veritasinfo.org\/?p=35265","og_locale":"en_US","og_type":"article","og_title":"Mbledhje e jasht\u00ebzakonshme e K\u00ebshillit t\u00eb Siguris\u00eb pas zhvillimeve n\u00eb Iran -","og_description":"Prishtin\u00eb, 1 mars 2026 12:43 \u00cbsht\u00eb mbajtur mbr\u00ebm\u00eb von\u00eb mbledhja e jasht\u00ebzakonshme e K\u00ebshillit t\u00eb Siguris\u00eb s\u00eb Kosov\u00ebs, me k\u00ebrkes\u00eb t\u00eb kryeministrit Albin Kurti, p\u00ebr","og_url":"https:\/\/veritasinfo.org\/?p=35265","article_published_time":"2026-03-01T11:44:00+00:00","og_image":[{"width":780,"height":500,"url":"https:\/\/veritasinfo.org\/wp-content\/uploads\/2026\/03\/1-2.jpg","type":"image\/jpeg"}],"author":"US6","twitter_card":"summary_large_image","twitter_misc":{"Written by":"US6","Est. reading time":"2 minutes"},"schema":{"@context":"https:\/\/schema.org","@graph":[{"@type":"WebPage","@id":"https:\/\/veritasinfo.org\/?p=35265","url":"https:\/\/veritasinfo.org\/?p=35265","name":"Mbledhje e jasht\u00ebzakonshme e K\u00ebshillit t\u00eb Siguris\u00eb pas zhvillimeve n\u00eb Iran -","isPartOf":{"@id":"https:\/\/veritasinfo.org\/#website"},"primaryImageOfPage":{"@id":"https:\/\/veritasinfo.org\/?p=35265#primaryimage"},"image":{"@id":"https:\/\/veritasinfo.org\/?p=35265#primaryimage"},"thumbnailUrl":"https:\/\/veritasinfo.org\/wp-content\/uploads\/2026\/03\/1-2.jpg","datePublished":"2026-03-01T11:44:00+00:00","author":{"@id":"https:\/\/veritasinfo.org\/#\/schema\/person\/fe199eede04c3937362892b7444747cc"},"breadcrumb":{"@id":"https:\/\/veritasinfo.org\/?p=35265#breadcrumb"},"inLanguage":"en-US","potentialAction":[{"@type":"ReadAction","target":["https:\/\/veritasinfo.org\/?p=35265"]}]},{"@type":"ImageObject","inLanguage":"en-US","@id":"https:\/\/veritasinfo.org\/?p=35265#primaryimage","url":"https:\/\/veritasinfo.org\/wp-content\/uploads\/2026\/03\/1-2.jpg","contentUrl":"https:\/\/veritasinfo.org\/wp-content\/uploads\/2026\/03\/1-2.jpg","width":780,"height":500},{"@type":"BreadcrumbList","@id":"https:\/\/veritasinfo.org\/?p=35265#breadcrumb","itemListElement":[{"@type":"ListItem","position":1,"name":"Home","item":"https:\/\/veritasinfo.org\/"},{"@type":"ListItem","position":2,"name":"Mbledhje e jasht\u00ebzakonshme e K\u00ebshillit t\u00eb Siguris\u00eb pas zhvillimeve n\u00eb Iran"}]},{"@type":"WebSite","@id":"https:\/\/veritasinfo.org\/#website","url":"https:\/\/veritasinfo.org\/","name":"","description":"","potentialAction":[{"@type":"SearchAction","target":{"@type":"EntryPoint","urlTemplate":"https:\/\/veritasinfo.org\/?s={search_term_string}"},"query-input":{"@type":"PropertyValueSpecification","valueRequired":true,"valueName":"search_term_string"}}],"inLanguage":"en-US"},{"@type":"Person","@id":"https:\/\/veritasinfo.org\/#\/schema\/person\/fe199eede04c3937362892b7444747cc","name":"US6","image":{"@type":"ImageObject","inLanguage":"en-US","@id":"https:\/\/veritasinfo.org\/#\/schema\/person\/image\/","url":"https:\/\/secure.gravatar.com\/avatar\/cb16c3c31c9d23b9b8c705964598220b3014e42ff51eb540ff23cefa3ae8c15f?s=96&d=mm&r=g","contentUrl":"https:\/\/secure.gravatar.com\/avatar\/cb16c3c31c9d23b9b8c705964598220b3014e42ff51eb540ff23cefa3ae8c15f?s=96&d=mm&r=g","caption":"US6"},"url":"https:\/\/veritasinfo.org\/?author=7"}]}},"featured_image_urls":{"full":["https:\/\/veritasinfo.org\/wp-content\/uploads\/2026\/03\/1-2.jpg",780,500,false],"thumbnail":["https:\/\/veritasinfo.org\/wp-content\/uploads\/2026\/03\/1-2-150x150.jpg",150,150,true],"medium":["https:\/\/veritasinfo.org\/wp-content\/uploads\/2026\/03\/1-2-300x192.jpg",300,192,true],"medium_large":["https:\/\/veritasinfo.org\/wp-content\/uploads\/2026\/03\/1-2-768x492.jpg",640,410,true],"large":["https:\/\/veritasinfo.org\/wp-content\/uploads\/2026\/03\/1-2.jpg",640,410,false],"1536x1536":["https:\/\/veritasinfo.org\/wp-content\/uploads\/2026\/03\/1-2.jpg",780,500,false],"2048x2048":["https:\/\/veritasinfo.org\/wp-content\/uploads\/2026\/03\/1-2.jpg",780,500,false],"kreeti-slider-full":["https:\/\/veritasinfo.org\/wp-content\/uploads\/2026\/03\/1-2.jpg",780,500,false],"kreeti-featured":["https:\/\/veritasinfo.org\/wp-content\/uploads\/2026\/03\/1-2.jpg",780,500,false],"kreeti-medium":["https:\/\/veritasinfo.org\/wp-content\/uploads\/2026\/03\/1-2.jpg",720,462,false],"kreeti-medium-square":["https:\/\/veritasinfo.org\/wp-content\/uploads\/2026\/03\/1-2.jpg",350,224,false]},"author_info":{"info":["US6"]},"category_info":"<a href=\"https:\/\/veritasinfo.org\/?cat=109\" rel=\"category\">Siguri<\/a>","tag_info":"Siguri","comment_count":"0","_links":{"self":[{"href":"https:\/\/veritasinfo.org\/index.php?rest_route=\/wp\/v2\/posts\/35265","targetHints":{"allow":["GET"]}}],"collection":[{"href":"https:\/\/veritasinfo.org\/index.php?rest_route=\/wp\/v2\/posts"}],"about":[{"href":"https:\/\/veritasinfo.org\/index.php?rest_route=\/wp\/v2\/types\/post"}],"author":[{"embeddable":true,"href":"https:\/\/veritasinfo.org\/index.php?rest_route=\/wp\/v2\/users\/7"}],"replies":[{"embeddable":true,"href":"https:\/\/veritasinfo.org\/index.php?rest_route=%2Fwp%2Fv2%2Fcomments&post=35265"}],"version-history":[{"count":1,"href":"https:\/\/veritasinfo.org\/index.php?rest_route=\/wp\/v2\/posts\/35265\/revisions"}],"predecessor-version":[{"id":35267,"href":"https:\/\/veritasinfo.org\/index.php?rest_route=\/wp\/v2\/posts\/35265\/revisions\/35267"}],"wp:featuredmedia":[{"embeddable":true,"href":"https:\/\/veritasinfo.org\/index.php?rest_route=\/wp\/v2\/media\/35266"}],"wp:attachment":[{"href":"https:\/\/veritasinfo.org\/index.php?rest_route=%2Fwp%2Fv2%2Fmedia&parent=35265"}],"wp:term":[{"taxonomy":"category","embeddable":true,"href":"https:\/\/veritasinfo.org\/index.php?rest_route=%2Fwp%2Fv2%2Fcategories&post=35265"},{"taxonomy":"post_tag","embeddable":true,"href":"https:\/\/veritasinfo.org\/index.php?rest_route=%2Fwp%2Fv2%2Ftags&post=35265"}],"curies":[{"name":"wp","href":"https:\/\/api.w.org\/{rel}","templated":true}]}}