{"id":3526,"date":"2025-07-12T08:04:47","date_gmt":"2025-07-12T06:04:47","guid":{"rendered":"https:\/\/veritasinfo.org\/?p=3526"},"modified":"2025-07-12T08:04:47","modified_gmt":"2025-07-12T06:04:47","slug":"popullsia-e-be-se-arrin-rritje-rekord","status":"publish","type":"post","link":"https:\/\/veritasinfo.org\/?p=3526","title":{"rendered":"Popullsia e BE-s\u00eb arrin rritje rekord"},"content":{"rendered":"<p>Bruksel, 12 Korrik 2025<\/p>\n<p>Migrimi drejt Bashkimit Evropian e ka ngritur popullsin\u00eb e saj n\u00eb nj\u00eb shif\u00ebr rekord prej 450.4 milion\u00eb banor\u00eb vitin e kaluar, duke kompensuar nj\u00eb r\u00ebnie natyrore p\u00ebr t\u00eb kat\u00ebrtin vit radhazi.<\/p>\n<p>T\u00eb dh\u00ebnat e publikuara sot tregojn\u00eb se q\u00eb nga viti 2012, BE-ja ka regjistruar m\u00eb shum\u00eb vdekje sesa lindje \u00e7do vit, k\u00ebshtu q\u00eb migrimi \u00ebsht\u00eb i vetmi faktor n\u00eb rritjen e popullsis\u00eb.<\/p>\n<p>Ky trend paralajm\u00ebron p\u00ebr sfida t\u00eb m\u00ebdha demografike, pasi nj\u00eb popullsi n\u00eb plakje dhe norma t\u00eb ul\u00ebta t\u00eb fertilitetit po e \u00e7ojn\u00eb shtetin e mir\u00ebqenies n\u00eb prag t\u00eb kolapsit dhe munges\u00ebs s\u00eb fuqis\u00eb pun\u00ebtore.<\/p>\n<p>Vitin e kaluar, popullsia e BE-s\u00eb u rrit me 1.07 milion, me nj\u00eb migrim neto pozitiv prej 2.3 milion banor\u00ebsh. Kjo kompensoi nj\u00eb r\u00ebnie natyrore t\u00eb popullsis\u00eb prej 1.3 milion, pasi vdekjet prej 4.82 milion tejkaluan lindjet prej 3.56 milion.<\/p>\n<p>Gjermania, Franca dhe Italia jan\u00eb ende vendet m\u00eb t\u00eb populluara t\u00eb BE-s\u00eb, duke p\u00ebrb\u00ebr\u00eb 47 p\u00ebrqind t\u00eb popullsis\u00eb totale t\u00eb bllokut. N\u00ebnt\u00ebmb\u00ebdhjet\u00eb shtete an\u00ebtare arrit\u00ebn rritje rekord n\u00eb vitin 2024, nd\u00ebrsa tet\u00eb regjistruan nj\u00eb r\u00ebnie t\u00eb popullsis\u00eb.<\/p>\n<p>Malta kishte shkall\u00ebn m\u00eb t\u00eb lart\u00eb t\u00eb rritjes prej 19 p\u00ebr 1,000 banor\u00eb, e ndjekur nga Irlanda (16.3) dhe Luksemburgu (14.7).<\/p>\n<p>Nd\u00ebr vendet me r\u00ebnie t\u00eb popullsis\u00eb, Letonia q\u00ebndron n\u00eb pozita m\u00eb t\u00eb k\u00ebqija (-9.9), e ndjekur nga Hungaria (-4.7) dhe Polonia e Estonia, t\u00eb dyja me -3.4.<\/p>\n<p>Popullsia e Unionit \u00ebsht\u00eb rritur nga 354.5 milion\u00eb n\u00eb vitin 1960, megjith\u00ebse normat e rritjes kan\u00eb r\u00ebn\u00eb ndjesh\u00ebm nga tre milion\u00eb n\u00eb vit gjat\u00eb viteve 1960 n\u00eb 0.9 milion\u00eb nga viti 2005-2024.<\/p>\n<p>\u201c<em>Rritja e v\u00ebzhguar e popullsis\u00eb mund t\u2019i atribuohet kryesisht rritjes s\u00eb l\u00ebvizjeve t\u00eb migracionit pas COVID-19<\/em>\u201d, tha Eurostat. T\u00eb 27 shtetet an\u00ebtare pan\u00eb tkurrjen e popullsive t\u00eb tyre gjat\u00eb pandemis\u00eb s\u00eb koronavirusit.<\/p>\n<p>P\u00ebrve\u00e7 k\u00ebsaj, disa qeveri evropiane shtr\u00ebnguan kontrollet kufitare p\u00ebr shkak t\u00eb frik\u00ebs s\u00eb publikut nga migracioni, megjith\u00ebse kalimet e paligjshme ran\u00eb me 38 p\u00ebrqind n\u00eb vitin 2024 dhe ishin m\u00eb t\u00eb ul\u00ebtat q\u00eb nga viti 2021.<\/p>\n<p>Belgjika, Polonia, Gjermania dhe Holanda vendos\u00ebn kontrolle t\u00eb p\u00ebrkohshme kufitare vitin e kaluar, dhe BE-ja gjithashtu ka shtr\u00ebnguar sistemin e saj t\u00eb migracionit p\u00ebr t\u00eb zvog\u00ebluar numrin e mb\u00ebrritjeve t\u00eb paligjshme dhe p\u00ebr t\u00eb p\u00ebrshpejtuar procesin e azilit.<\/p>\n<div class=\"mobile jashtshtetit\">\n<div id=\"div-gpt-ad-1638262085763-0\" data-google-query-id=\"COG2-sLSto4DFZryEQgd6JgUAg\"><\/div>\n<\/div>\n<p>&nbsp;<\/p>\n","protected":false},"excerpt":{"rendered":"<p>Bruksel, 12 Korrik 2025 Migrimi drejt Bashkimit Evropian e ka ngritur popullsin\u00eb e saj n\u00eb nj\u00eb shif\u00ebr rekord prej 450.4 milion\u00eb banor\u00eb vitin e kaluar,<\/p>\n","protected":false},"author":1,"featured_media":3529,"comment_status":"open","ping_status":"open","sticky":false,"template":"","format":"standard","meta":{"footnotes":""},"categories":[72],"tags":[],"class_list":["post-3526","post","type-post","status-publish","format-standard","has-post-thumbnail","hentry","category-bota"],"yoast_head":"<!-- This site is optimized with the Yoast SEO plugin v25.3.1 - https:\/\/yoast.com\/wordpress\/plugins\/seo\/ -->\n<title>Popullsia e BE-s\u00eb arrin rritje rekord -<\/title>\n<meta name=\"robots\" content=\"index, follow, max-snippet:-1, max-image-preview:large, max-video-preview:-1\" \/>\n<link rel=\"canonical\" href=\"https:\/\/veritasinfo.org\/?p=3526\" \/>\n<meta property=\"og:locale\" content=\"en_US\" \/>\n<meta property=\"og:type\" content=\"article\" \/>\n<meta property=\"og:title\" content=\"Popullsia e BE-s\u00eb arrin rritje rekord -\" \/>\n<meta property=\"og:description\" content=\"Bruksel, 12 Korrik 2025 Migrimi drejt Bashkimit Evropian e ka ngritur popullsin\u00eb e saj n\u00eb nj\u00eb shif\u00ebr rekord prej 450.4 milion\u00eb banor\u00eb vitin e kaluar,\" \/>\n<meta property=\"og:url\" content=\"https:\/\/veritasinfo.org\/?p=3526\" \/>\n<meta property=\"article:published_time\" content=\"2025-07-12T06:04:47+00:00\" \/>\n<meta property=\"og:image\" content=\"https:\/\/veritasinfo.org\/wp-content\/uploads\/2025\/07\/IMG_1940.jpeg\" \/>\n\t<meta property=\"og:image:width\" content=\"864\" \/>\n\t<meta property=\"og:image:height\" content=\"486\" \/>\n\t<meta property=\"og:image:type\" content=\"image\/jpeg\" \/>\n<meta name=\"author\" content=\"admin\" \/>\n<meta name=\"twitter:card\" content=\"summary_large_image\" \/>\n<meta name=\"twitter:label1\" content=\"Written by\" \/>\n\t<meta name=\"twitter:data1\" content=\"admin\" \/>\n\t<meta name=\"twitter:label2\" content=\"Est. reading time\" \/>\n\t<meta name=\"twitter:data2\" content=\"2 minutes\" \/>\n<script type=\"application\/ld+json\" class=\"yoast-schema-graph\">{\"@context\":\"https:\/\/schema.org\",\"@graph\":[{\"@type\":\"WebPage\",\"@id\":\"https:\/\/veritasinfo.org\/?p=3526\",\"url\":\"https:\/\/veritasinfo.org\/?p=3526\",\"name\":\"Popullsia e BE-s\u00eb arrin rritje rekord -\",\"isPartOf\":{\"@id\":\"https:\/\/veritasinfo.org\/#website\"},\"primaryImageOfPage\":{\"@id\":\"https:\/\/veritasinfo.org\/?p=3526#primaryimage\"},\"image\":{\"@id\":\"https:\/\/veritasinfo.org\/?p=3526#primaryimage\"},\"thumbnailUrl\":\"https:\/\/veritasinfo.org\/wp-content\/uploads\/2025\/07\/IMG_1940.jpeg\",\"datePublished\":\"2025-07-12T06:04:47+00:00\",\"author\":{\"@id\":\"https:\/\/veritasinfo.org\/#\/schema\/person\/7701f8c088bece422266b100a712374f\"},\"breadcrumb\":{\"@id\":\"https:\/\/veritasinfo.org\/?p=3526#breadcrumb\"},\"inLanguage\":\"en-US\",\"potentialAction\":[{\"@type\":\"ReadAction\",\"target\":[\"https:\/\/veritasinfo.org\/?p=3526\"]}]},{\"@type\":\"ImageObject\",\"inLanguage\":\"en-US\",\"@id\":\"https:\/\/veritasinfo.org\/?p=3526#primaryimage\",\"url\":\"https:\/\/veritasinfo.org\/wp-content\/uploads\/2025\/07\/IMG_1940.jpeg\",\"contentUrl\":\"https:\/\/veritasinfo.org\/wp-content\/uploads\/2025\/07\/IMG_1940.jpeg\",\"width\":864,\"height\":486},{\"@type\":\"BreadcrumbList\",\"@id\":\"https:\/\/veritasinfo.org\/?p=3526#breadcrumb\",\"itemListElement\":[{\"@type\":\"ListItem\",\"position\":1,\"name\":\"Home\",\"item\":\"https:\/\/veritasinfo.org\/\"},{\"@type\":\"ListItem\",\"position\":2,\"name\":\"Popullsia e BE-s\u00eb arrin rritje rekord\"}]},{\"@type\":\"WebSite\",\"@id\":\"https:\/\/veritasinfo.org\/#website\",\"url\":\"https:\/\/veritasinfo.org\/\",\"name\":\"\",\"description\":\"\",\"potentialAction\":[{\"@type\":\"SearchAction\",\"target\":{\"@type\":\"EntryPoint\",\"urlTemplate\":\"https:\/\/veritasinfo.org\/?s={search_term_string}\"},\"query-input\":{\"@type\":\"PropertyValueSpecification\",\"valueRequired\":true,\"valueName\":\"search_term_string\"}}],\"inLanguage\":\"en-US\"},{\"@type\":\"Person\",\"@id\":\"https:\/\/veritasinfo.org\/#\/schema\/person\/7701f8c088bece422266b100a712374f\",\"name\":\"admin\",\"image\":{\"@type\":\"ImageObject\",\"inLanguage\":\"en-US\",\"@id\":\"https:\/\/veritasinfo.org\/#\/schema\/person\/image\/\",\"url\":\"https:\/\/secure.gravatar.com\/avatar\/ea53aa3bf6c9a12d5fde8ce4deff43fef3885ae33cf60184161a50d6987cfd2f?s=96&d=mm&r=g\",\"contentUrl\":\"https:\/\/secure.gravatar.com\/avatar\/ea53aa3bf6c9a12d5fde8ce4deff43fef3885ae33cf60184161a50d6987cfd2f?s=96&d=mm&r=g\",\"caption\":\"admin\"},\"sameAs\":[\"https:\/\/veritasinfo.org\"],\"url\":\"https:\/\/veritasinfo.org\/?author=1\"}]}<\/script>\n<!-- \/ Yoast SEO plugin. -->","yoast_head_json":{"title":"Popullsia e BE-s\u00eb arrin rritje rekord -","robots":{"index":"index","follow":"follow","max-snippet":"max-snippet:-1","max-image-preview":"max-image-preview:large","max-video-preview":"max-video-preview:-1"},"canonical":"https:\/\/veritasinfo.org\/?p=3526","og_locale":"en_US","og_type":"article","og_title":"Popullsia e BE-s\u00eb arrin rritje rekord -","og_description":"Bruksel, 12 Korrik 2025 Migrimi drejt Bashkimit Evropian e ka ngritur popullsin\u00eb e saj n\u00eb nj\u00eb shif\u00ebr rekord prej 450.4 milion\u00eb banor\u00eb vitin e kaluar,","og_url":"https:\/\/veritasinfo.org\/?p=3526","article_published_time":"2025-07-12T06:04:47+00:00","og_image":[{"width":864,"height":486,"url":"https:\/\/veritasinfo.org\/wp-content\/uploads\/2025\/07\/IMG_1940.jpeg","type":"image\/jpeg"}],"author":"admin","twitter_card":"summary_large_image","twitter_misc":{"Written by":"admin","Est. reading time":"2 minutes"},"schema":{"@context":"https:\/\/schema.org","@graph":[{"@type":"WebPage","@id":"https:\/\/veritasinfo.org\/?p=3526","url":"https:\/\/veritasinfo.org\/?p=3526","name":"Popullsia e BE-s\u00eb arrin rritje rekord -","isPartOf":{"@id":"https:\/\/veritasinfo.org\/#website"},"primaryImageOfPage":{"@id":"https:\/\/veritasinfo.org\/?p=3526#primaryimage"},"image":{"@id":"https:\/\/veritasinfo.org\/?p=3526#primaryimage"},"thumbnailUrl":"https:\/\/veritasinfo.org\/wp-content\/uploads\/2025\/07\/IMG_1940.jpeg","datePublished":"2025-07-12T06:04:47+00:00","author":{"@id":"https:\/\/veritasinfo.org\/#\/schema\/person\/7701f8c088bece422266b100a712374f"},"breadcrumb":{"@id":"https:\/\/veritasinfo.org\/?p=3526#breadcrumb"},"inLanguage":"en-US","potentialAction":[{"@type":"ReadAction","target":["https:\/\/veritasinfo.org\/?p=3526"]}]},{"@type":"ImageObject","inLanguage":"en-US","@id":"https:\/\/veritasinfo.org\/?p=3526#primaryimage","url":"https:\/\/veritasinfo.org\/wp-content\/uploads\/2025\/07\/IMG_1940.jpeg","contentUrl":"https:\/\/veritasinfo.org\/wp-content\/uploads\/2025\/07\/IMG_1940.jpeg","width":864,"height":486},{"@type":"BreadcrumbList","@id":"https:\/\/veritasinfo.org\/?p=3526#breadcrumb","itemListElement":[{"@type":"ListItem","position":1,"name":"Home","item":"https:\/\/veritasinfo.org\/"},{"@type":"ListItem","position":2,"name":"Popullsia e BE-s\u00eb arrin rritje rekord"}]},{"@type":"WebSite","@id":"https:\/\/veritasinfo.org\/#website","url":"https:\/\/veritasinfo.org\/","name":"","description":"","potentialAction":[{"@type":"SearchAction","target":{"@type":"EntryPoint","urlTemplate":"https:\/\/veritasinfo.org\/?s={search_term_string}"},"query-input":{"@type":"PropertyValueSpecification","valueRequired":true,"valueName":"search_term_string"}}],"inLanguage":"en-US"},{"@type":"Person","@id":"https:\/\/veritasinfo.org\/#\/schema\/person\/7701f8c088bece422266b100a712374f","name":"admin","image":{"@type":"ImageObject","inLanguage":"en-US","@id":"https:\/\/veritasinfo.org\/#\/schema\/person\/image\/","url":"https:\/\/secure.gravatar.com\/avatar\/ea53aa3bf6c9a12d5fde8ce4deff43fef3885ae33cf60184161a50d6987cfd2f?s=96&d=mm&r=g","contentUrl":"https:\/\/secure.gravatar.com\/avatar\/ea53aa3bf6c9a12d5fde8ce4deff43fef3885ae33cf60184161a50d6987cfd2f?s=96&d=mm&r=g","caption":"admin"},"sameAs":["https:\/\/veritasinfo.org"],"url":"https:\/\/veritasinfo.org\/?author=1"}]}},"featured_image_urls":{"full":["https:\/\/veritasinfo.org\/wp-content\/uploads\/2025\/07\/IMG_1940.jpeg",864,486,false],"thumbnail":["https:\/\/veritasinfo.org\/wp-content\/uploads\/2025\/07\/IMG_1940-150x150.jpeg",150,150,true],"medium":["https:\/\/veritasinfo.org\/wp-content\/uploads\/2025\/07\/IMG_1940-300x169.jpeg",300,169,true],"medium_large":["https:\/\/veritasinfo.org\/wp-content\/uploads\/2025\/07\/IMG_1940-768x432.jpeg",640,360,true],"large":["https:\/\/veritasinfo.org\/wp-content\/uploads\/2025\/07\/IMG_1940.jpeg",640,360,false],"1536x1536":["https:\/\/veritasinfo.org\/wp-content\/uploads\/2025\/07\/IMG_1940.jpeg",864,486,false],"2048x2048":["https:\/\/veritasinfo.org\/wp-content\/uploads\/2025\/07\/IMG_1940.jpeg",864,486,false],"kreeti-slider-full":["https:\/\/veritasinfo.org\/wp-content\/uploads\/2025\/07\/IMG_1940.jpeg",864,486,false],"kreeti-featured":["https:\/\/veritasinfo.org\/wp-content\/uploads\/2025\/07\/IMG_1940.jpeg",864,486,false],"kreeti-medium":["https:\/\/veritasinfo.org\/wp-content\/uploads\/2025\/07\/IMG_1940.jpeg",720,405,false],"kreeti-medium-square":["https:\/\/veritasinfo.org\/wp-content\/uploads\/2025\/07\/IMG_1940.jpeg",350,197,false]},"author_info":{"info":["admin"]},"category_info":"<a href=\"https:\/\/veritasinfo.org\/?cat=72\" rel=\"category\">Bota<\/a>","tag_info":"Bota","comment_count":"0","_links":{"self":[{"href":"https:\/\/veritasinfo.org\/index.php?rest_route=\/wp\/v2\/posts\/3526","targetHints":{"allow":["GET"]}}],"collection":[{"href":"https:\/\/veritasinfo.org\/index.php?rest_route=\/wp\/v2\/posts"}],"about":[{"href":"https:\/\/veritasinfo.org\/index.php?rest_route=\/wp\/v2\/types\/post"}],"author":[{"embeddable":true,"href":"https:\/\/veritasinfo.org\/index.php?rest_route=\/wp\/v2\/users\/1"}],"replies":[{"embeddable":true,"href":"https:\/\/veritasinfo.org\/index.php?rest_route=%2Fwp%2Fv2%2Fcomments&post=3526"}],"version-history":[{"count":1,"href":"https:\/\/veritasinfo.org\/index.php?rest_route=\/wp\/v2\/posts\/3526\/revisions"}],"predecessor-version":[{"id":3530,"href":"https:\/\/veritasinfo.org\/index.php?rest_route=\/wp\/v2\/posts\/3526\/revisions\/3530"}],"wp:featuredmedia":[{"embeddable":true,"href":"https:\/\/veritasinfo.org\/index.php?rest_route=\/wp\/v2\/media\/3529"}],"wp:attachment":[{"href":"https:\/\/veritasinfo.org\/index.php?rest_route=%2Fwp%2Fv2%2Fmedia&parent=3526"}],"wp:term":[{"taxonomy":"category","embeddable":true,"href":"https:\/\/veritasinfo.org\/index.php?rest_route=%2Fwp%2Fv2%2Fcategories&post=3526"},{"taxonomy":"post_tag","embeddable":true,"href":"https:\/\/veritasinfo.org\/index.php?rest_route=%2Fwp%2Fv2%2Ftags&post=3526"}],"curies":[{"name":"wp","href":"https:\/\/api.w.org\/{rel}","templated":true}]}}