{"id":35251,"date":"2026-03-01T10:17:27","date_gmt":"2026-03-01T09:17:27","guid":{"rendered":"https:\/\/veritasinfo.org\/?p=35251"},"modified":"2026-03-01T10:21:52","modified_gmt":"2026-03-01T09:21:52","slug":"vuciqi-shperfill-rubion-me-retorike-sfiduese-per-njohjen-e-kosoves-as-me-rubion-as-me-shen-pjetrin","status":"publish","type":"post","link":"https:\/\/veritasinfo.org\/?p=35251","title":{"rendered":"Vu\u00e7iqi shp\u00ebrfill Rubion me retorik\u00eb sfiduese p\u00ebr njohjen e Kosov\u00ebs &#8211; \u201cAs me Rubion as me Sh\u00ebn Pjetrin\u201d"},"content":{"rendered":"<p>Prishtin\u00eb, 1 mars 2026 10:16<\/p>\n<p>Presidenti i Serbis\u00eb, Aleksandar Vu\u00e7iq, ka p\u00ebrs\u00ebritur q\u00ebndrimin e tij kund\u00ebr njohjes s\u00eb pavar\u00ebsis\u00eb s\u00eb Kosov\u00ebs, duke p\u00ebrdorur nj\u00eb gjuh\u00eb t\u00eb ashp\u00ebr dhe simbolike n\u00eb deklarimet e fundit publike.<\/p>\n<p>\u201cNuk m\u00eb shkon nd\u00ebrmend t\u00eb pranoj \u00e7far\u00ebdo lloj njohjeje t\u00eb Kosov\u00ebs. Jo vet\u00ebm me Marko Rubion, por edhe po t\u00eb bisedoja me Sh\u00ebn Pjetrin p\u00ebr Kosov\u00ebn, nuk do ta pranoja nj\u00eb gj\u00eb t\u00eb till\u00eb sepse Kosova ka qen\u00eb dhe do t\u00eb jet\u00eb e Serbis\u00eb\u201d, ka th\u00ebn\u00eb ai n\u00eb nj\u00eb video t\u00eb shp\u00ebrndar\u00eb n\u00eb facebook.<\/p>\n<p>Me k\u00ebt\u00eb deklarat\u00eb, Vu\u00e7iq jo vet\u00ebm q\u00eb p\u00ebrjashton \u00e7do mund\u00ebsi kompromisi p\u00ebr njohje formale, por edhe e vendos \u00e7\u00ebshtjen e Kosov\u00ebs n\u00eb nj\u00eb korniz\u00eb retorike absolutiste, duke e paraqitur si t\u00eb panegociueshme n\u00eb \u00e7do rrethan\u00eb, qoft\u00eb edhe n\u00eb biseda hipotetike me figura simbolike apo p\u00ebrfaq\u00ebsues t\u00eb lart\u00eb nd\u00ebrkomb\u00ebtar\u00eb.<\/p>\n<p>K\u00ebto deklarime ai i b\u00ebri duke folur p\u00ebr pretendimet e ish-diplomatit serb, Nebojsha Vujoviq, se kreu i diplomacis\u00eb serbe n\u00eb Uashington, Marko Gjuriq, ishte n\u00eb dijeni t\u00eb marr\u00ebveshjes sekrete p\u00ebr njohjen e Kosov\u00ebs. Dje, Vujoviqi b\u00ebri pretendime se Ministri i Jasht\u00ebm serb, Marko Gjuriq, gjat\u00eb vizit\u00ebs s\u00eb tij n\u00eb Uashington, mori informacion nga Sekretari i Shtetit i SHBA-s\u00eb, Marco Rubio, n\u00eb lidhje me marr\u00ebveshjen e supozuar sekrete dhe detyruese p\u00ebr njohjen e pavar\u00ebsis\u00eb s\u00eb Kosov\u00ebs,<\/p>\n<p>Deklarata e tij vjen n\u00eb nj\u00eb koh\u00eb kur dialogu nd\u00ebrmjet Kosov\u00ebs dhe Serbis\u00eb vazhdon n\u00ebn nd\u00ebrmjet\u00ebsimin e Bashkimit Evropian, nd\u00ebrsa presioni nd\u00ebrkomb\u00ebtar p\u00ebr normalizim t\u00eb marr\u00ebdh\u00ebnieve mbetet i lart\u00eb. Retorika e till\u00eb pritet t\u00eb ndikoj\u00eb n\u00eb klim\u00ebn politike dhe n\u00eb perspektiv\u00ebn e arritjes s\u00eb nj\u00eb marr\u00ebveshjeje gjith\u00ebp\u00ebrfshir\u00ebse nd\u00ebrmjet dy vendeve.<\/p>\n<p>N\u00eb t\u00eb nj\u00ebjt\u00ebn linj\u00eb kund\u00ebrshtuese ndaj q\u00ebndrimeve t\u00eb vendeve per\u00ebndimore, Vu\u00e7iqi s\u00eb fundmi ka d\u00ebnuar edhe sulmet ajrore t\u00eb Shtetet e Bashkuara t\u00eb Amerik\u00ebs ndaj Iranit, duke u pozicionuar ndryshe nga shumica e shteteve demokratike q\u00eb u rreshtuan krah Uashingtonit.<\/p>\n","protected":false},"excerpt":{"rendered":"<p>Prishtin\u00eb, 1 mars 2026 10:16 Presidenti i Serbis\u00eb, Aleksandar Vu\u00e7iq, ka p\u00ebrs\u00ebritur q\u00ebndrimin e tij kund\u00ebr njohjes s\u00eb pavar\u00ebsis\u00eb s\u00eb Kosov\u00ebs, duke p\u00ebrdorur nj\u00eb gjuh\u00eb<\/p>\n","protected":false},"author":7,"featured_media":35252,"comment_status":"open","ping_status":"open","sticky":false,"template":"","format":"standard","meta":{"footnotes":""},"categories":[58],"tags":[],"class_list":["post-35251","post","type-post","status-publish","format-standard","has-post-thumbnail","hentry","category-politike-sq"],"yoast_head":"<!-- This site is optimized with the Yoast SEO plugin v25.3.1 - https:\/\/yoast.com\/wordpress\/plugins\/seo\/ -->\n<title>Vu\u00e7iqi shp\u00ebrfill Rubion me retorik\u00eb sfiduese p\u00ebr njohjen e Kosov\u00ebs - \u201cAs me Rubion as me Sh\u00ebn Pjetrin\u201d -<\/title>\n<meta name=\"robots\" content=\"index, follow, max-snippet:-1, max-image-preview:large, max-video-preview:-1\" \/>\n<link rel=\"canonical\" href=\"https:\/\/veritasinfo.org\/?p=35251\" \/>\n<meta property=\"og:locale\" content=\"en_US\" \/>\n<meta property=\"og:type\" content=\"article\" \/>\n<meta property=\"og:title\" content=\"Vu\u00e7iqi shp\u00ebrfill Rubion me retorik\u00eb sfiduese p\u00ebr njohjen e Kosov\u00ebs - \u201cAs me Rubion as me Sh\u00ebn Pjetrin\u201d -\" \/>\n<meta property=\"og:description\" content=\"Prishtin\u00eb, 1 mars 2026 10:16 Presidenti i Serbis\u00eb, Aleksandar Vu\u00e7iq, ka p\u00ebrs\u00ebritur q\u00ebndrimin e tij kund\u00ebr njohjes s\u00eb pavar\u00ebsis\u00eb s\u00eb Kosov\u00ebs, duke p\u00ebrdorur nj\u00eb gjuh\u00eb\" \/>\n<meta property=\"og:url\" content=\"https:\/\/veritasinfo.org\/?p=35251\" \/>\n<meta property=\"article:published_time\" content=\"2026-03-01T09:17:27+00:00\" \/>\n<meta property=\"article:modified_time\" content=\"2026-03-01T09:21:52+00:00\" \/>\n<meta property=\"og:image\" content=\"https:\/\/veritasinfo.org\/wp-content\/uploads\/2026\/03\/vuqiq.jpg.jpeg\" \/>\n\t<meta property=\"og:image:width\" content=\"1575\" \/>\n\t<meta property=\"og:image:height\" content=\"887\" \/>\n\t<meta property=\"og:image:type\" content=\"image\/jpeg\" \/>\n<meta name=\"author\" content=\"US6\" \/>\n<meta name=\"twitter:card\" content=\"summary_large_image\" \/>\n<meta name=\"twitter:label1\" content=\"Written by\" \/>\n\t<meta name=\"twitter:data1\" content=\"US6\" \/>\n\t<meta name=\"twitter:label2\" content=\"Est. reading time\" \/>\n\t<meta name=\"twitter:data2\" content=\"2 minutes\" \/>\n<script type=\"application\/ld+json\" class=\"yoast-schema-graph\">{\"@context\":\"https:\/\/schema.org\",\"@graph\":[{\"@type\":\"WebPage\",\"@id\":\"https:\/\/veritasinfo.org\/?p=35251\",\"url\":\"https:\/\/veritasinfo.org\/?p=35251\",\"name\":\"Vu\u00e7iqi shp\u00ebrfill Rubion me retorik\u00eb sfiduese p\u00ebr njohjen e Kosov\u00ebs - \u201cAs me Rubion as me Sh\u00ebn Pjetrin\u201d -\",\"isPartOf\":{\"@id\":\"https:\/\/veritasinfo.org\/#website\"},\"primaryImageOfPage\":{\"@id\":\"https:\/\/veritasinfo.org\/?p=35251#primaryimage\"},\"image\":{\"@id\":\"https:\/\/veritasinfo.org\/?p=35251#primaryimage\"},\"thumbnailUrl\":\"https:\/\/veritasinfo.org\/wp-content\/uploads\/2026\/03\/vuqiq.jpg.jpeg\",\"datePublished\":\"2026-03-01T09:17:27+00:00\",\"dateModified\":\"2026-03-01T09:21:52+00:00\",\"author\":{\"@id\":\"https:\/\/veritasinfo.org\/#\/schema\/person\/fe199eede04c3937362892b7444747cc\"},\"breadcrumb\":{\"@id\":\"https:\/\/veritasinfo.org\/?p=35251#breadcrumb\"},\"inLanguage\":\"en-US\",\"potentialAction\":[{\"@type\":\"ReadAction\",\"target\":[\"https:\/\/veritasinfo.org\/?p=35251\"]}]},{\"@type\":\"ImageObject\",\"inLanguage\":\"en-US\",\"@id\":\"https:\/\/veritasinfo.org\/?p=35251#primaryimage\",\"url\":\"https:\/\/veritasinfo.org\/wp-content\/uploads\/2026\/03\/vuqiq.jpg.jpeg\",\"contentUrl\":\"https:\/\/veritasinfo.org\/wp-content\/uploads\/2026\/03\/vuqiq.jpg.jpeg\",\"width\":1575,\"height\":887},{\"@type\":\"BreadcrumbList\",\"@id\":\"https:\/\/veritasinfo.org\/?p=35251#breadcrumb\",\"itemListElement\":[{\"@type\":\"ListItem\",\"position\":1,\"name\":\"Home\",\"item\":\"https:\/\/veritasinfo.org\/\"},{\"@type\":\"ListItem\",\"position\":2,\"name\":\"Vu\u00e7iqi shp\u00ebrfill Rubion me retorik\u00eb sfiduese p\u00ebr njohjen e Kosov\u00ebs &#8211; \u201cAs me Rubion as me Sh\u00ebn Pjetrin\u201d\"}]},{\"@type\":\"WebSite\",\"@id\":\"https:\/\/veritasinfo.org\/#website\",\"url\":\"https:\/\/veritasinfo.org\/\",\"name\":\"\",\"description\":\"\",\"potentialAction\":[{\"@type\":\"SearchAction\",\"target\":{\"@type\":\"EntryPoint\",\"urlTemplate\":\"https:\/\/veritasinfo.org\/?s={search_term_string}\"},\"query-input\":{\"@type\":\"PropertyValueSpecification\",\"valueRequired\":true,\"valueName\":\"search_term_string\"}}],\"inLanguage\":\"en-US\"},{\"@type\":\"Person\",\"@id\":\"https:\/\/veritasinfo.org\/#\/schema\/person\/fe199eede04c3937362892b7444747cc\",\"name\":\"US6\",\"image\":{\"@type\":\"ImageObject\",\"inLanguage\":\"en-US\",\"@id\":\"https:\/\/veritasinfo.org\/#\/schema\/person\/image\/\",\"url\":\"https:\/\/secure.gravatar.com\/avatar\/cb16c3c31c9d23b9b8c705964598220b3014e42ff51eb540ff23cefa3ae8c15f?s=96&d=mm&r=g\",\"contentUrl\":\"https:\/\/secure.gravatar.com\/avatar\/cb16c3c31c9d23b9b8c705964598220b3014e42ff51eb540ff23cefa3ae8c15f?s=96&d=mm&r=g\",\"caption\":\"US6\"},\"url\":\"https:\/\/veritasinfo.org\/?author=7\"}]}<\/script>\n<!-- \/ Yoast SEO plugin. -->","yoast_head_json":{"title":"Vu\u00e7iqi shp\u00ebrfill Rubion me retorik\u00eb sfiduese p\u00ebr njohjen e Kosov\u00ebs - \u201cAs me Rubion as me Sh\u00ebn Pjetrin\u201d -","robots":{"index":"index","follow":"follow","max-snippet":"max-snippet:-1","max-image-preview":"max-image-preview:large","max-video-preview":"max-video-preview:-1"},"canonical":"https:\/\/veritasinfo.org\/?p=35251","og_locale":"en_US","og_type":"article","og_title":"Vu\u00e7iqi shp\u00ebrfill Rubion me retorik\u00eb sfiduese p\u00ebr njohjen e Kosov\u00ebs - \u201cAs me Rubion as me Sh\u00ebn Pjetrin\u201d -","og_description":"Prishtin\u00eb, 1 mars 2026 10:16 Presidenti i Serbis\u00eb, Aleksandar Vu\u00e7iq, ka p\u00ebrs\u00ebritur q\u00ebndrimin e tij kund\u00ebr njohjes s\u00eb pavar\u00ebsis\u00eb s\u00eb Kosov\u00ebs, duke p\u00ebrdorur nj\u00eb gjuh\u00eb","og_url":"https:\/\/veritasinfo.org\/?p=35251","article_published_time":"2026-03-01T09:17:27+00:00","article_modified_time":"2026-03-01T09:21:52+00:00","og_image":[{"width":1575,"height":887,"url":"https:\/\/veritasinfo.org\/wp-content\/uploads\/2026\/03\/vuqiq.jpg.jpeg","type":"image\/jpeg"}],"author":"US6","twitter_card":"summary_large_image","twitter_misc":{"Written by":"US6","Est. reading time":"2 minutes"},"schema":{"@context":"https:\/\/schema.org","@graph":[{"@type":"WebPage","@id":"https:\/\/veritasinfo.org\/?p=35251","url":"https:\/\/veritasinfo.org\/?p=35251","name":"Vu\u00e7iqi shp\u00ebrfill Rubion me retorik\u00eb sfiduese p\u00ebr njohjen e Kosov\u00ebs - \u201cAs me Rubion as me Sh\u00ebn Pjetrin\u201d -","isPartOf":{"@id":"https:\/\/veritasinfo.org\/#website"},"primaryImageOfPage":{"@id":"https:\/\/veritasinfo.org\/?p=35251#primaryimage"},"image":{"@id":"https:\/\/veritasinfo.org\/?p=35251#primaryimage"},"thumbnailUrl":"https:\/\/veritasinfo.org\/wp-content\/uploads\/2026\/03\/vuqiq.jpg.jpeg","datePublished":"2026-03-01T09:17:27+00:00","dateModified":"2026-03-01T09:21:52+00:00","author":{"@id":"https:\/\/veritasinfo.org\/#\/schema\/person\/fe199eede04c3937362892b7444747cc"},"breadcrumb":{"@id":"https:\/\/veritasinfo.org\/?p=35251#breadcrumb"},"inLanguage":"en-US","potentialAction":[{"@type":"ReadAction","target":["https:\/\/veritasinfo.org\/?p=35251"]}]},{"@type":"ImageObject","inLanguage":"en-US","@id":"https:\/\/veritasinfo.org\/?p=35251#primaryimage","url":"https:\/\/veritasinfo.org\/wp-content\/uploads\/2026\/03\/vuqiq.jpg.jpeg","contentUrl":"https:\/\/veritasinfo.org\/wp-content\/uploads\/2026\/03\/vuqiq.jpg.jpeg","width":1575,"height":887},{"@type":"BreadcrumbList","@id":"https:\/\/veritasinfo.org\/?p=35251#breadcrumb","itemListElement":[{"@type":"ListItem","position":1,"name":"Home","item":"https:\/\/veritasinfo.org\/"},{"@type":"ListItem","position":2,"name":"Vu\u00e7iqi shp\u00ebrfill Rubion me retorik\u00eb sfiduese p\u00ebr njohjen e Kosov\u00ebs &#8211; \u201cAs me Rubion as me Sh\u00ebn Pjetrin\u201d"}]},{"@type":"WebSite","@id":"https:\/\/veritasinfo.org\/#website","url":"https:\/\/veritasinfo.org\/","name":"","description":"","potentialAction":[{"@type":"SearchAction","target":{"@type":"EntryPoint","urlTemplate":"https:\/\/veritasinfo.org\/?s={search_term_string}"},"query-input":{"@type":"PropertyValueSpecification","valueRequired":true,"valueName":"search_term_string"}}],"inLanguage":"en-US"},{"@type":"Person","@id":"https:\/\/veritasinfo.org\/#\/schema\/person\/fe199eede04c3937362892b7444747cc","name":"US6","image":{"@type":"ImageObject","inLanguage":"en-US","@id":"https:\/\/veritasinfo.org\/#\/schema\/person\/image\/","url":"https:\/\/secure.gravatar.com\/avatar\/cb16c3c31c9d23b9b8c705964598220b3014e42ff51eb540ff23cefa3ae8c15f?s=96&d=mm&r=g","contentUrl":"https:\/\/secure.gravatar.com\/avatar\/cb16c3c31c9d23b9b8c705964598220b3014e42ff51eb540ff23cefa3ae8c15f?s=96&d=mm&r=g","caption":"US6"},"url":"https:\/\/veritasinfo.org\/?author=7"}]}},"featured_image_urls":{"full":["https:\/\/veritasinfo.org\/wp-content\/uploads\/2026\/03\/vuqiq.jpg.jpeg",1575,887,false],"thumbnail":["https:\/\/veritasinfo.org\/wp-content\/uploads\/2026\/03\/vuqiq.jpg-150x150.jpeg",150,150,true],"medium":["https:\/\/veritasinfo.org\/wp-content\/uploads\/2026\/03\/vuqiq.jpg-300x169.jpeg",300,169,true],"medium_large":["https:\/\/veritasinfo.org\/wp-content\/uploads\/2026\/03\/vuqiq.jpg-768x433.jpeg",640,361,true],"large":["https:\/\/veritasinfo.org\/wp-content\/uploads\/2026\/03\/vuqiq.jpg-1024x577.jpeg",640,361,true],"1536x1536":["https:\/\/veritasinfo.org\/wp-content\/uploads\/2026\/03\/vuqiq.jpg-1536x865.jpeg",1536,865,true],"2048x2048":["https:\/\/veritasinfo.org\/wp-content\/uploads\/2026\/03\/vuqiq.jpg.jpeg",1575,887,false],"kreeti-slider-full":["https:\/\/veritasinfo.org\/wp-content\/uploads\/2026\/03\/vuqiq.jpg.jpeg",1278,720,false],"kreeti-featured":["https:\/\/veritasinfo.org\/wp-content\/uploads\/2026\/03\/vuqiq.jpg.jpeg",1024,577,false],"kreeti-medium":["https:\/\/veritasinfo.org\/wp-content\/uploads\/2026\/03\/vuqiq.jpg.jpeg",720,405,false],"kreeti-medium-square":["https:\/\/veritasinfo.org\/wp-content\/uploads\/2026\/03\/vuqiq.jpg.jpeg",350,197,false]},"author_info":{"info":["US6"]},"category_info":"<a href=\"https:\/\/veritasinfo.org\/?cat=58\" rel=\"category\">Politik\u00eb<\/a>","tag_info":"Politik\u00eb","comment_count":"0","_links":{"self":[{"href":"https:\/\/veritasinfo.org\/index.php?rest_route=\/wp\/v2\/posts\/35251","targetHints":{"allow":["GET"]}}],"collection":[{"href":"https:\/\/veritasinfo.org\/index.php?rest_route=\/wp\/v2\/posts"}],"about":[{"href":"https:\/\/veritasinfo.org\/index.php?rest_route=\/wp\/v2\/types\/post"}],"author":[{"embeddable":true,"href":"https:\/\/veritasinfo.org\/index.php?rest_route=\/wp\/v2\/users\/7"}],"replies":[{"embeddable":true,"href":"https:\/\/veritasinfo.org\/index.php?rest_route=%2Fwp%2Fv2%2Fcomments&post=35251"}],"version-history":[{"count":2,"href":"https:\/\/veritasinfo.org\/index.php?rest_route=\/wp\/v2\/posts\/35251\/revisions"}],"predecessor-version":[{"id":35257,"href":"https:\/\/veritasinfo.org\/index.php?rest_route=\/wp\/v2\/posts\/35251\/revisions\/35257"}],"wp:featuredmedia":[{"embeddable":true,"href":"https:\/\/veritasinfo.org\/index.php?rest_route=\/wp\/v2\/media\/35252"}],"wp:attachment":[{"href":"https:\/\/veritasinfo.org\/index.php?rest_route=%2Fwp%2Fv2%2Fmedia&parent=35251"}],"wp:term":[{"taxonomy":"category","embeddable":true,"href":"https:\/\/veritasinfo.org\/index.php?rest_route=%2Fwp%2Fv2%2Fcategories&post=35251"},{"taxonomy":"post_tag","embeddable":true,"href":"https:\/\/veritasinfo.org\/index.php?rest_route=%2Fwp%2Fv2%2Ftags&post=35251"}],"curies":[{"name":"wp","href":"https:\/\/api.w.org\/{rel}","templated":true}]}}